{"id":328336,"date":"2024-05-09T00:10:54","date_gmt":"2024-05-09T03:10:54","guid":{"rendered":"https:\/\/www.notibras.com\/site\/?p=328336"},"modified":"2024-05-09T07:14:31","modified_gmt":"2024-05-09T10:14:31","slug":"aprovado-projeto-que-obriga-aereas-a-rastrear-transporte-de-pets","status":"publish","type":"post","link":"https:\/\/www.notibras.com\/site\/aprovado-projeto-que-obriga-aereas-a-rastrear-transporte-de-pets\/","title":{"rendered":"Aprovado projeto que obriga a\u00e9reas a rastrear transporte de pets"},"content":{"rendered":"<p>A C\u00e2mara dos Deputados aprovou nesta quarta-feira (8) um projeto de lei que obriga as companhias a\u00e9reas a ofertar servi\u00e7o de transporte c\u00e3es e gatos na cabine das aeronaves. Pelo projeto, os animais de estima\u00e7\u00e3o poder\u00e3o viajar junto com os passageiros em voos dom\u00e9sticos.<\/p>\n<p>Para entrar em vigor, a mat\u00e9ria ainda precisa ser aprovada pelo Senado e ser sancionada pela Presid\u00eancia da Rep\u00fablica.<\/p>\n<p>O projeto ainda prev\u00ea que as empresas dever\u00e3o oferecer servi\u00e7o de rastreamento dos animais transportados. Aeroportos com circula\u00e7\u00e3o superior a 600 mil passageiros por ano dever\u00e3o contar com veterin\u00e1rios para acompanhar o procedimento de embarque, desembarque e acomoda\u00e7\u00e3o dos pets.<\/p>\n<p><strong>Caso Joca<\/strong><br \/>\nNa semana passada, diversos aeroportos do pa\u00eds registram manifesta\u00e7\u00f5es a favor da regulamenta\u00e7\u00e3o do transporte a\u00e9reo de animais.<\/p>\n<p>A mobiliza\u00e7\u00e3o ocorreu ap\u00f3s a morte de Joca, um golden retriever de quatro anos que morreu durante um voo operado pela Gol.<\/p>\n<p>No m\u00eas passado, Joca foi despachado pelo tutor em S\u00e3o Paulo com destino a Sinop (MT). No entanto, a caixa de transporte foi colocada em um voo para Fortaleza. Em seguida, o c\u00e3o foi mandado de volta para S\u00e3o Paulo. No trajeto de volta, Joca n\u00e3o suportou o total de oito horas de viagem e morreu.<\/p>\n<p>Ap\u00f3s o epis\u00f3dio, a Ag\u00eancia Nacional de Avia\u00e7\u00e3o Civil (Anac) e a Pol\u00edcia Civil de S\u00e3o Paulo passaram a investigar o caso.<\/p>\n<p>Em nota divulgada ap\u00f3s o epis\u00f3dio, a Gol se solidarizou e lamentou a perda do animal. A empresa tamb\u00e9m anunciou a suspens\u00e3o, por 30 dias, do transporte a\u00e9reo de animais.<\/p>\n","protected":false},"excerpt":{"rendered":"<p>A C\u00e2mara dos Deputados aprovou nesta quarta-feira (8) um projeto de lei que obriga as companhias a\u00e9reas a ofertar servi\u00e7o de transporte c\u00e3es e gatos na cabine das aeronaves. Pelo projeto, os animais de estima\u00e7\u00e3o poder\u00e3o viajar junto com os passageiros em voos dom\u00e9sticos. Para entrar em vigor, a mat\u00e9ria ainda precisa ser aprovada pelo [&hellip;]<\/p>\n","protected":false},"author":2,"featured_media":328337,"comment_status":"closed","ping_status":"closed","sticky":false,"template":"","format":"standard","meta":{"_acf_changed":false,"footnotes":""},"categories":[161],"tags":[],"class_list":["post-328336","post","type-post","status-publish","format-standard","has-post-thumbnail","hentry","category-quadradinho-em-foco"],"acf":[],"yoast_head":"<!-- This site is optimized with the Yoast SEO plugin v27.5 - https:\/\/yoast.com\/product\/yoast-seo-wordpress\/ -->\n<title>Aprovado projeto que obriga a\u00e9reas a rastrear transporte de pets - Notibras<\/title>\n<meta name=\"robots\" content=\"index, follow, max-snippet:-1, max-image-preview:large, max-video-preview:-1\" \/>\n<link rel=\"canonical\" href=\"https:\/\/www.notibras.com\/site\/aprovado-projeto-que-obriga-aereas-a-rastrear-transporte-de-pets\/\" \/>\n<meta property=\"og:locale\" content=\"pt_BR\" \/>\n<meta property=\"og:type\" content=\"article\" \/>\n<meta property=\"og:title\" content=\"Aprovado projeto que obriga a\u00e9reas a rastrear transporte de pets - Notibras\" \/>\n<meta property=\"og:description\" content=\"A C\u00e2mara dos Deputados aprovou nesta quarta-feira (8) um projeto de lei que obriga as companhias a\u00e9reas a ofertar servi\u00e7o de transporte c\u00e3es e gatos na cabine das aeronaves. Pelo projeto, os animais de estima\u00e7\u00e3o poder\u00e3o viajar junto com os passageiros em voos dom\u00e9sticos. Para entrar em vigor, a mat\u00e9ria ainda precisa ser aprovada pelo [&hellip;]\" \/>\n<meta property=\"og:url\" content=\"https:\/\/www.notibras.com\/site\/aprovado-projeto-que-obriga-aereas-a-rastrear-transporte-de-pets\/\" \/>\n<meta property=\"og:site_name\" content=\"Notibras\" \/>\n<meta property=\"article:publisher\" content=\"https:\/\/www.facebook.com\/notibras\/\" \/>\n<meta property=\"article:published_time\" content=\"2024-05-09T03:10:54+00:00\" \/>\n<meta property=\"article:modified_time\" content=\"2024-05-09T10:14:31+00:00\" \/>\n<meta property=\"og:image\" content=\"https:\/\/www.notibras.com\/site\/wp-content\/uploads\/2024\/05\/caesaviao.webp\" \/>\n\t<meta property=\"og:image:width\" content=\"1170\" \/>\n\t<meta property=\"og:image:height\" content=\"700\" \/>\n\t<meta property=\"og:image:type\" content=\"image\/webp\" \/>\n<meta name=\"author\" content=\"Reda\u00e7\u00e3o\" \/>\n<meta name=\"twitter:card\" content=\"summary_large_image\" \/>\n<meta name=\"twitter:creator\" content=\"@Notibras\" \/>\n<meta name=\"twitter:site\" content=\"@Notibras\" \/>\n<meta name=\"twitter:label1\" content=\"Escrito por\" \/>\n\t<meta name=\"twitter:data1\" content=\"Reda\u00e7\u00e3o\" \/>\n\t<meta name=\"twitter:label2\" content=\"Est. tempo de leitura\" \/>\n\t<meta name=\"twitter:data2\" content=\"2 minutos\" \/>\n<script type=\"application\/ld+json\" class=\"yoast-schema-graph\">{\"@context\":\"https:\\\/\\\/schema.org\",\"@graph\":[{\"@type\":\"Article\",\"@id\":\"https:\\\/\\\/www.notibras.com\\\/site\\\/aprovado-projeto-que-obriga-aereas-a-rastrear-transporte-de-pets\\\/#article\",\"isPartOf\":{\"@id\":\"https:\\\/\\\/www.notibras.com\\\/site\\\/aprovado-projeto-que-obriga-aereas-a-rastrear-transporte-de-pets\\\/\"},\"author\":{\"name\":\"Reda\u00e7\u00e3o\",\"@id\":\"https:\\\/\\\/www.notibras.com\\\/site\\\/#\\\/schema\\\/person\\\/36ab0979449956132d3e5b517ea76ac8\"},\"headline\":\"Aprovado projeto que obriga a\u00e9reas a rastrear transporte de pets\",\"datePublished\":\"2024-05-09T03:10:54+00:00\",\"dateModified\":\"2024-05-09T10:14:31+00:00\",\"mainEntityOfPage\":{\"@id\":\"https:\\\/\\\/www.notibras.com\\\/site\\\/aprovado-projeto-que-obriga-aereas-a-rastrear-transporte-de-pets\\\/\"},\"wordCount\":299,\"publisher\":{\"@id\":\"https:\\\/\\\/www.notibras.com\\\/site\\\/#organization\"},\"image\":{\"@id\":\"https:\\\/\\\/www.notibras.com\\\/site\\\/aprovado-projeto-que-obriga-aereas-a-rastrear-transporte-de-pets\\\/#primaryimage\"},\"thumbnailUrl\":\"https:\\\/\\\/www.notibras.com\\\/site\\\/wp-content\\\/uploads\\\/2024\\\/05\\\/caesaviao.webp\",\"articleSection\":[\"Quadradinho em Foco\"],\"inLanguage\":\"pt-BR\"},{\"@type\":\"WebPage\",\"@id\":\"https:\\\/\\\/www.notibras.com\\\/site\\\/aprovado-projeto-que-obriga-aereas-a-rastrear-transporte-de-pets\\\/\",\"url\":\"https:\\\/\\\/www.notibras.com\\\/site\\\/aprovado-projeto-que-obriga-aereas-a-rastrear-transporte-de-pets\\\/\",\"name\":\"Aprovado projeto que obriga a\u00e9reas a rastrear transporte de pets - Notibras\",\"isPartOf\":{\"@id\":\"https:\\\/\\\/www.notibras.com\\\/site\\\/#website\"},\"primaryImageOfPage\":{\"@id\":\"https:\\\/\\\/www.notibras.com\\\/site\\\/aprovado-projeto-que-obriga-aereas-a-rastrear-transporte-de-pets\\\/#primaryimage\"},\"image\":{\"@id\":\"https:\\\/\\\/www.notibras.com\\\/site\\\/aprovado-projeto-que-obriga-aereas-a-rastrear-transporte-de-pets\\\/#primaryimage\"},\"thumbnailUrl\":\"https:\\\/\\\/www.notibras.com\\\/site\\\/wp-content\\\/uploads\\\/2024\\\/05\\\/caesaviao.webp\",\"datePublished\":\"2024-05-09T03:10:54+00:00\",\"dateModified\":\"2024-05-09T10:14:31+00:00\",\"breadcrumb\":{\"@id\":\"https:\\\/\\\/www.notibras.com\\\/site\\\/aprovado-projeto-que-obriga-aereas-a-rastrear-transporte-de-pets\\\/#breadcrumb\"},\"inLanguage\":\"pt-BR\",\"potentialAction\":[{\"@type\":\"ReadAction\",\"target\":[\"https:\\\/\\\/www.notibras.com\\\/site\\\/aprovado-projeto-que-obriga-aereas-a-rastrear-transporte-de-pets\\\/\"]}]},{\"@type\":\"ImageObject\",\"inLanguage\":\"pt-BR\",\"@id\":\"https:\\\/\\\/www.notibras.com\\\/site\\\/aprovado-projeto-que-obriga-aereas-a-rastrear-transporte-de-pets\\\/#primaryimage\",\"url\":\"https:\\\/\\\/www.notibras.com\\\/site\\\/wp-content\\\/uploads\\\/2024\\\/05\\\/caesaviao.webp\",\"contentUrl\":\"https:\\\/\\\/www.notibras.com\\\/site\\\/wp-content\\\/uploads\\\/2024\\\/05\\\/caesaviao.webp\",\"width\":1170,\"height\":700},{\"@type\":\"BreadcrumbList\",\"@id\":\"https:\\\/\\\/www.notibras.com\\\/site\\\/aprovado-projeto-que-obriga-aereas-a-rastrear-transporte-de-pets\\\/#breadcrumb\",\"itemListElement\":[{\"@type\":\"ListItem\",\"position\":1,\"name\":\"In\u00edcio\",\"item\":\"https:\\\/\\\/www.notibras.com\\\/site\\\/\"},{\"@type\":\"ListItem\",\"position\":2,\"name\":\"Aprovado projeto que obriga a\u00e9reas a rastrear transporte de pets\"}]},{\"@type\":\"WebSite\",\"@id\":\"https:\\\/\\\/www.notibras.com\\\/site\\\/#website\",\"url\":\"https:\\\/\\\/www.notibras.com\\\/site\\\/\",\"name\":\"Notibras\",\"description\":\"Not\u00edcias de Bras\u00edlia, do Brasil e do Mundo\",\"publisher\":{\"@id\":\"https:\\\/\\\/www.notibras.com\\\/site\\\/#organization\"},\"potentialAction\":[{\"@type\":\"SearchAction\",\"target\":{\"@type\":\"EntryPoint\",\"urlTemplate\":\"https:\\\/\\\/www.notibras.com\\\/site\\\/?s={search_term_string}\"},\"query-input\":{\"@type\":\"PropertyValueSpecification\",\"valueRequired\":true,\"valueName\":\"search_term_string\"}}],\"inLanguage\":\"pt-BR\"},{\"@type\":\"Organization\",\"@id\":\"https:\\\/\\\/www.notibras.com\\\/site\\\/#organization\",\"name\":\"Grupo Notibras de Comunica\u00e7\u00e3o\",\"url\":\"https:\\\/\\\/www.notibras.com\\\/site\\\/\",\"logo\":{\"@type\":\"ImageObject\",\"inLanguage\":\"pt-BR\",\"@id\":\"https:\\\/\\\/www.notibras.com\\\/site\\\/#\\\/schema\\\/logo\\\/image\\\/\",\"url\":\"https:\\\/\\\/www.notibras.com\\\/site\\\/wp-content\\\/uploads\\\/2023\\\/01\\\/notibras23.png\",\"contentUrl\":\"https:\\\/\\\/www.notibras.com\\\/site\\\/wp-content\\\/uploads\\\/2023\\\/01\\\/notibras23.png\",\"width\":350,\"height\":87,\"caption\":\"Grupo Notibras de Comunica\u00e7\u00e3o\"},\"image\":{\"@id\":\"https:\\\/\\\/www.notibras.com\\\/site\\\/#\\\/schema\\\/logo\\\/image\\\/\"},\"sameAs\":[\"https:\\\/\\\/www.facebook.com\\\/notibras\\\/\",\"https:\\\/\\\/x.com\\\/Notibras\",\"https:\\\/\\\/www.instagram.com\\\/notibras\\\/\"]},{\"@type\":\"Person\",\"@id\":\"https:\\\/\\\/www.notibras.com\\\/site\\\/#\\\/schema\\\/person\\\/36ab0979449956132d3e5b517ea76ac8\",\"name\":\"Reda\u00e7\u00e3o\",\"image\":{\"@type\":\"ImageObject\",\"inLanguage\":\"pt-BR\",\"@id\":\"https:\\\/\\\/secure.gravatar.com\\\/avatar\\\/e0a867bdedb85fd243eadf09663511f96fc81e0720a4a42581f334ad4303aa6b?s=96&d=mm&r=g\",\"url\":\"https:\\\/\\\/secure.gravatar.com\\\/avatar\\\/e0a867bdedb85fd243eadf09663511f96fc81e0720a4a42581f334ad4303aa6b?s=96&d=mm&r=g\",\"contentUrl\":\"https:\\\/\\\/secure.gravatar.com\\\/avatar\\\/e0a867bdedb85fd243eadf09663511f96fc81e0720a4a42581f334ad4303aa6b?s=96&d=mm&r=g\",\"caption\":\"Reda\u00e7\u00e3o\"}}]}<\/script>\n<!-- \/ Yoast SEO plugin. -->","yoast_head_json":{"title":"Aprovado projeto que obriga a\u00e9reas a rastrear transporte de pets - Notibras","robots":{"index":"index","follow":"follow","max-snippet":"max-snippet:-1","max-image-preview":"max-image-preview:large","max-video-preview":"max-video-preview:-1"},"canonical":"https:\/\/www.notibras.com\/site\/aprovado-projeto-que-obriga-aereas-a-rastrear-transporte-de-pets\/","og_locale":"pt_BR","og_type":"article","og_title":"Aprovado projeto que obriga a\u00e9reas a rastrear transporte de pets - Notibras","og_description":"A C\u00e2mara dos Deputados aprovou nesta quarta-feira (8) um projeto de lei que obriga as companhias a\u00e9reas a ofertar servi\u00e7o de transporte c\u00e3es e gatos na cabine das aeronaves. Pelo projeto, os animais de estima\u00e7\u00e3o poder\u00e3o viajar junto com os passageiros em voos dom\u00e9sticos. Para entrar em vigor, a mat\u00e9ria ainda precisa ser aprovada pelo [&hellip;]","og_url":"https:\/\/www.notibras.com\/site\/aprovado-projeto-que-obriga-aereas-a-rastrear-transporte-de-pets\/","og_site_name":"Notibras","article_publisher":"https:\/\/www.facebook.com\/notibras\/","article_published_time":"2024-05-09T03:10:54+00:00","article_modified_time":"2024-05-09T10:14:31+00:00","og_image":[{"width":1170,"height":700,"url":"https:\/\/www.notibras.com\/site\/wp-content\/uploads\/2024\/05\/caesaviao.webp","type":"image\/webp"}],"author":"Reda\u00e7\u00e3o","twitter_card":"summary_large_image","twitter_creator":"@Notibras","twitter_site":"@Notibras","twitter_misc":{"Escrito por":"Reda\u00e7\u00e3o","Est. tempo de leitura":"2 minutos"},"schema":{"@context":"https:\/\/schema.org","@graph":[{"@type":"Article","@id":"https:\/\/www.notibras.com\/site\/aprovado-projeto-que-obriga-aereas-a-rastrear-transporte-de-pets\/#article","isPartOf":{"@id":"https:\/\/www.notibras.com\/site\/aprovado-projeto-que-obriga-aereas-a-rastrear-transporte-de-pets\/"},"author":{"name":"Reda\u00e7\u00e3o","@id":"https:\/\/www.notibras.com\/site\/#\/schema\/person\/36ab0979449956132d3e5b517ea76ac8"},"headline":"Aprovado projeto que obriga a\u00e9reas a rastrear transporte de pets","datePublished":"2024-05-09T03:10:54+00:00","dateModified":"2024-05-09T10:14:31+00:00","mainEntityOfPage":{"@id":"https:\/\/www.notibras.com\/site\/aprovado-projeto-que-obriga-aereas-a-rastrear-transporte-de-pets\/"},"wordCount":299,"publisher":{"@id":"https:\/\/www.notibras.com\/site\/#organization"},"image":{"@id":"https:\/\/www.notibras.com\/site\/aprovado-projeto-que-obriga-aereas-a-rastrear-transporte-de-pets\/#primaryimage"},"thumbnailUrl":"https:\/\/www.notibras.com\/site\/wp-content\/uploads\/2024\/05\/caesaviao.webp","articleSection":["Quadradinho em Foco"],"inLanguage":"pt-BR"},{"@type":"WebPage","@id":"https:\/\/www.notibras.com\/site\/aprovado-projeto-que-obriga-aereas-a-rastrear-transporte-de-pets\/","url":"https:\/\/www.notibras.com\/site\/aprovado-projeto-que-obriga-aereas-a-rastrear-transporte-de-pets\/","name":"Aprovado projeto que obriga a\u00e9reas a rastrear transporte de pets - Notibras","isPartOf":{"@id":"https:\/\/www.notibras.com\/site\/#website"},"primaryImageOfPage":{"@id":"https:\/\/www.notibras.com\/site\/aprovado-projeto-que-obriga-aereas-a-rastrear-transporte-de-pets\/#primaryimage"},"image":{"@id":"https:\/\/www.notibras.com\/site\/aprovado-projeto-que-obriga-aereas-a-rastrear-transporte-de-pets\/#primaryimage"},"thumbnailUrl":"https:\/\/www.notibras.com\/site\/wp-content\/uploads\/2024\/05\/caesaviao.webp","datePublished":"2024-05-09T03:10:54+00:00","dateModified":"2024-05-09T10:14:31+00:00","breadcrumb":{"@id":"https:\/\/www.notibras.com\/site\/aprovado-projeto-que-obriga-aereas-a-rastrear-transporte-de-pets\/#breadcrumb"},"inLanguage":"pt-BR","potentialAction":[{"@type":"ReadAction","target":["https:\/\/www.notibras.com\/site\/aprovado-projeto-que-obriga-aereas-a-rastrear-transporte-de-pets\/"]}]},{"@type":"ImageObject","inLanguage":"pt-BR","@id":"https:\/\/www.notibras.com\/site\/aprovado-projeto-que-obriga-aereas-a-rastrear-transporte-de-pets\/#primaryimage","url":"https:\/\/www.notibras.com\/site\/wp-content\/uploads\/2024\/05\/caesaviao.webp","contentUrl":"https:\/\/www.notibras.com\/site\/wp-content\/uploads\/2024\/05\/caesaviao.webp","width":1170,"height":700},{"@type":"BreadcrumbList","@id":"https:\/\/www.notibras.com\/site\/aprovado-projeto-que-obriga-aereas-a-rastrear-transporte-de-pets\/#breadcrumb","itemListElement":[{"@type":"ListItem","position":1,"name":"In\u00edcio","item":"https:\/\/www.notibras.com\/site\/"},{"@type":"ListItem","position":2,"name":"Aprovado projeto que obriga a\u00e9reas a rastrear transporte de pets"}]},{"@type":"WebSite","@id":"https:\/\/www.notibras.com\/site\/#website","url":"https:\/\/www.notibras.com\/site\/","name":"Notibras","description":"Not\u00edcias de Bras\u00edlia, do Brasil e do Mundo","publisher":{"@id":"https:\/\/www.notibras.com\/site\/#organization"},"potentialAction":[{"@type":"SearchAction","target":{"@type":"EntryPoint","urlTemplate":"https:\/\/www.notibras.com\/site\/?s={search_term_string}"},"query-input":{"@type":"PropertyValueSpecification","valueRequired":true,"valueName":"search_term_string"}}],"inLanguage":"pt-BR"},{"@type":"Organization","@id":"https:\/\/www.notibras.com\/site\/#organization","name":"Grupo Notibras de Comunica\u00e7\u00e3o","url":"https:\/\/www.notibras.com\/site\/","logo":{"@type":"ImageObject","inLanguage":"pt-BR","@id":"https:\/\/www.notibras.com\/site\/#\/schema\/logo\/image\/","url":"https:\/\/www.notibras.com\/site\/wp-content\/uploads\/2023\/01\/notibras23.png","contentUrl":"https:\/\/www.notibras.com\/site\/wp-content\/uploads\/2023\/01\/notibras23.png","width":350,"height":87,"caption":"Grupo Notibras de Comunica\u00e7\u00e3o"},"image":{"@id":"https:\/\/www.notibras.com\/site\/#\/schema\/logo\/image\/"},"sameAs":["https:\/\/www.facebook.com\/notibras\/","https:\/\/x.com\/Notibras","https:\/\/www.instagram.com\/notibras\/"]},{"@type":"Person","@id":"https:\/\/www.notibras.com\/site\/#\/schema\/person\/36ab0979449956132d3e5b517ea76ac8","name":"Reda\u00e7\u00e3o","image":{"@type":"ImageObject","inLanguage":"pt-BR","@id":"https:\/\/secure.gravatar.com\/avatar\/e0a867bdedb85fd243eadf09663511f96fc81e0720a4a42581f334ad4303aa6b?s=96&d=mm&r=g","url":"https:\/\/secure.gravatar.com\/avatar\/e0a867bdedb85fd243eadf09663511f96fc81e0720a4a42581f334ad4303aa6b?s=96&d=mm&r=g","contentUrl":"https:\/\/secure.gravatar.com\/avatar\/e0a867bdedb85fd243eadf09663511f96fc81e0720a4a42581f334ad4303aa6b?s=96&d=mm&r=g","caption":"Reda\u00e7\u00e3o"}}]}},"amp_enabled":true,"_links":{"self":[{"href":"https:\/\/www.notibras.com\/site\/wp-json\/wp\/v2\/posts\/328336","targetHints":{"allow":["GET"]}}],"collection":[{"href":"https:\/\/www.notibras.com\/site\/wp-json\/wp\/v2\/posts"}],"about":[{"href":"https:\/\/www.notibras.com\/site\/wp-json\/wp\/v2\/types\/post"}],"author":[{"embeddable":true,"href":"https:\/\/www.notibras.com\/site\/wp-json\/wp\/v2\/users\/2"}],"replies":[{"embeddable":true,"href":"https:\/\/www.notibras.com\/site\/wp-json\/wp\/v2\/comments?post=328336"}],"version-history":[{"count":1,"href":"https:\/\/www.notibras.com\/site\/wp-json\/wp\/v2\/posts\/328336\/revisions"}],"predecessor-version":[{"id":328338,"href":"https:\/\/www.notibras.com\/site\/wp-json\/wp\/v2\/posts\/328336\/revisions\/328338"}],"wp:featuredmedia":[{"embeddable":true,"href":"https:\/\/www.notibras.com\/site\/wp-json\/wp\/v2\/media\/328337"}],"wp:attachment":[{"href":"https:\/\/www.notibras.com\/site\/wp-json\/wp\/v2\/media?parent=328336"}],"wp:term":[{"taxonomy":"category","embeddable":true,"href":"https:\/\/www.notibras.com\/site\/wp-json\/wp\/v2\/categories?post=328336"},{"taxonomy":"post_tag","embeddable":true,"href":"https:\/\/www.notibras.com\/site\/wp-json\/wp\/v2\/tags?post=328336"}],"curies":[{"name":"wp","href":"https:\/\/api.w.org\/{rel}","templated":true}]}}