{"id":328339,"date":"2024-05-09T00:19:02","date_gmt":"2024-05-09T03:19:02","guid":{"rendered":"https:\/\/www.notibras.com\/site\/?p=328339"},"modified":"2024-05-09T07:21:05","modified_gmt":"2024-05-09T10:21:05","slug":"brasiliense-faz-fila-para-doacoes-a-gauchos-vitimas-das-chuvas","status":"publish","type":"post","link":"https:\/\/www.notibras.com\/site\/brasiliense-faz-fila-para-doacoes-a-gauchos-vitimas-das-chuvas\/","title":{"rendered":"Brasiliense faz fila para doa\u00e7\u00f5es a ga\u00fachos v\u00edtimas das chuvas"},"content":{"rendered":"<p>Moradores e empresas do Distrito Federal atenderam ao chamado da campanha Todos Unidos pela Sul, criada pela For\u00e7a A\u00e9rea Brasileira (FAB) para coleta de donativos para v\u00edtimas de enchentes no Rio Grande do Sul.<\/p>\n<p>Desde o fim de semana, as doa\u00e7\u00f5es n\u00e3o param de chegar \u00e0 Base A\u00e9rea de Bras\u00edlia e j\u00e1 lotam tr\u00eas hangares da \u00e1rea militar. Ve\u00edculos de diferentes portes \u2014 de motocicletas, carros de passeio com reboque, at\u00e9 caminh\u00f5es do tipo ca\u00e7amba \u2014 formam uma longa fila desde a entrada da Base A\u00e9rea de Bras\u00edlia at\u00e9 o galp\u00e3o onde descarregam as doa\u00e7\u00f5es.<\/p>\n<p>Nesta quarta-feira (8), o personal trainer Diogo Leite de Morais esperou 45 minutos para ter sua vez de retirar itens para os pets resgatados das \u00e1guas, como sacos de 50 kg de ra\u00e7\u00e3o para cachorros e rem\u00e9dios veterin\u00e1rios. \u201cN\u00e3o podemos deix\u00e1-los para tr\u00e1s\u201d. Apesar de se dizer bastante preocupado, Diogo admite estar feliz por contribuir.<\/p>\n<p>\u201cEstou feliz por poder fazer algo e n\u00e3o s\u00f3 ficar reclamando ou sentindo pena dentro de casa, sem fazer alguma coisa. Ent\u00e3o, mesmo pegando um tr\u00e2nsito, valeu a pena demais.\u201d<\/p>\n<p>Outra volunt\u00e1ria que chegou com o porta-malas cheio de mantimentos e brinquedos arrecadados junto aos familiares foi a dona Gra\u00e7a Rosa. Ela se considera emp\u00e1tica, ao se colocar no lugar de quem tem passado pela experi\u00eancia de ver a cidade onde mora embaixo d\u2019\u00e1gua. \u201cEu me sinto bem e leve e, ao mesmo tempo, muito dolorida, muito sofrida com essa situa\u00e7\u00e3o toda, porque n\u00e3o \u00e9 f\u00e1cil para ningu\u00e9m. Eu n\u00e3o sei se eu resistiria \u00e0quela situa\u00e7\u00e3o.\u201d<\/p>\n<p>\u00c1gua mineral, produtos de limpeza, materiais de higiene pessoal, colch\u00f5es e colchonetes, cestas b\u00e1sicas, ra\u00e7\u00e3o para c\u00e3es e gatos, roupas de cama e travesseiros em bom estado de conserva\u00e7\u00e3o, roupas e brinquedos. Cada um contribui com o que puder e quiser.<\/p>\n<p>A gestante Luciana Torres abriu um espa\u00e7o na agenda de empreendedora para ajudar os ga\u00fachos. Parou o carro e, em menos de um minuto, os militares descarregaram suas contribui\u00e7\u00f5es. \u201cEu acho que, na verdade, a gente tem sempre que estar ajudando o pr\u00f3ximo. Agora, acho que essa mobiliza\u00e7\u00e3o \u00e9 essencial para que o estado consiga se recuperar o quanto antes.\u201d<\/p>\n<p>Muitas das doa\u00e7\u00f5es que est\u00e3o chegando \u00e0 Base A\u00e9rea de Bras\u00edlia s\u00e3o fruto de campanhas de arrecada\u00e7\u00e3o organizadas por redes sociais e aplicativos de mensagens de celular. Uma funda\u00e7\u00e3o sem fins lucrativos do Distrito Federal conseguiu, em quatro dias, arrecadar dinheiro suficiente para comprar 1.400 cobertores, 5 mil rolos de papel higi\u00eanico e 9 mil litros de \u00e1gua mineral.<\/p>\n<p>A entrega aos militares foi organizada pelo diretor administrativo da institui\u00e7\u00e3o, Rafael Badra. \u201cDe imediato, as pessoas come\u00e7aram a fazer doa\u00e7\u00f5es. Pedimos em dinheiro, e tudo foi transformado em material para ser transportado. Acho que \u00e9 fundamental esse tipo de ajuda, em um momento t\u00e3o crucial, que mais parece uma guerra. Ent\u00e3o, n\u00e3o poder\u00edamos ficar sem participar desse movimento.\u201d<\/p>\n<p>A corrente de solidariedade abarcou os pacientes da ginecologista Evelyn Carvalho. \u201cPostei uma campanha no stories do meu Instagram. Em 24 horas, arrecadei R$ 3.880. Meus amigos me ajudaram a comprar \u00e1gua pot\u00e1vel em um [mercado] atacad\u00e3o.\u201d Em 24 horas, \u00e9 a segunda vez que a m\u00e9dica volta ao local de coleta de donativos. Na primeira ida, usou o carro pr\u00f3prio. Agora, al\u00e9m dele, precisou de uma caminhonete emprestada para conseguir transportar o carregamento. Evelyn se admirou com a velocidade da resposta \u00e0 convoca\u00e7\u00e3o, mesmo de quem n\u00e3o tem rela\u00e7\u00e3o direta com o estado afetado pelas fortes chuvas. \u201cN\u00e3o tenho parentes no Sul, apenas uma amiga. Mas, me d\u00e1 uma alegria ver que muita gente contribuiu de forma t\u00e3o r\u00e1pida.\u201d<\/p>\n<p><strong>Entrega e distribui\u00e7\u00e3o<\/strong><br \/>\nAp\u00f3s percorrer todo o trajeto, os carros, enfileirados, s\u00e3o recepcionados por dezenas de militares da FAB, respons\u00e1veis por retirar as doa\u00e7\u00f5es dos ve\u00edculos e fazer a fila andar com agilidade. Em seguida, eles se perfilam para levar, de bra\u00e7o em bra\u00e7o, os itens que j\u00e1 s\u00e3o triados e ficam agrupados por setores. Em 1h30, a reportagem da Ag\u00eancia Brasil pode conferir o crescimento dos fardos de \u00e1gua pot\u00e1vel e das pilhas de roupas novas e usadas, alimentos n\u00e3o perec\u00edveis, ra\u00e7\u00e3o para animais, entre outros, em um dos tr\u00eas hangares da FAB destinados \u00e0s doa\u00e7\u00f5es.<\/p>\n<p>Da Base A\u00e9rea de Bras\u00edlia, na segunda-feira (6) j\u00e1 partiram 18 toneladas de mantimentos doados pela popula\u00e7\u00e3o, por meio da campanha Todos Unidos pelo Sul. O destino da aeronave KC-30 da FAB foi a Base A\u00e9rea de Canoas, na regi\u00e3o metropolitana de Porto Alegre (RS).<\/p>\n<p>As milhares de doa\u00e7\u00f5es recebidas depois de segunda-feira, em Bras\u00edlia, lotam tr\u00eas hangares da base militar de Bras\u00edlia. A previs\u00e3o \u00e9 que todo o material seja transportado nesta quinta-feira (9) novamente a Canoas.<\/p>\n<p>O piloto militar da FAB, Breno Souza, explica que o envio de novos carregamentos de doa\u00e7\u00f5es depende da libera\u00e7\u00e3o de espa\u00e7o no destino final. \u201cO pessoal do comando conjunto ativado do Rio Grande do Sul nos passa as necessidades e n\u00f3s conseguimos mandar o material para l\u00e1. Nos limitamos ao pessoal deste comando ter condi\u00e7\u00f5es de receber e escoar este material. A partir da demanda vinda, com a ativa\u00e7\u00e3o e envio de aeronaves para Bras\u00edlia, n\u00f3s faremos o carregamento e essas aeronaves desembarcar\u00e3o em Canoas.\u201d<\/p>\n<p><strong>Como doar<\/strong><br \/>\nA popula\u00e7\u00e3o pode doar ao Rio Grande do Sul, inicialmente colchonetes, \u00e1gua pot\u00e1vel, material de limpeza, g\u00eaneros aliment\u00edcios n\u00e3o-perec\u00edveis, ra\u00e7\u00e3o, roupas e cal\u00e7ados. Para facilitar a triagem pelos militares, os volunt\u00e1rios que fazem campanhas de arrecada\u00e7\u00e3o orientam que as pessoas interessadas em colaborar entreguem:<\/p>\n<p>\u00b7 cestas b\u00e1sicas j\u00e1 fechadas ou que os alimentos sejam reunidos em sacos transparentes para facilitar o transporte e para que a equipe de triagem n\u00e3o tenha que montar as cestas para doa\u00e7\u00e3o \u00e0s fam\u00edlias necessitadas;<\/p>\n<p>\u00b7 evitar sacolas de papel, pois rasgam facilmente;<\/p>\n<p>\u00b7 itens devem estar em sacos pl\u00e1sticos resistentes e preferencialmente, transparentes;<\/p>\n<p>\u00b7 as roupas doadas devem estar limpas e em bom estado para serem aproveitadas pelos atingidos pelas chuvas;<\/p>\n<p>\u00b7 os pares de sapatos doados devem ter os cadar\u00e7os amarrados ou devem estar unidos por uma fita adesiva para que n\u00e3o se percam;<\/p>\n<p>\u00b7 roupas devem estar em sacos com p\u00fablico identificado. Por exemplo: roupas infantis, femininas, homem adulto, etc.<\/p>\n","protected":false},"excerpt":{"rendered":"<p>Moradores e empresas do Distrito Federal atenderam ao chamado da campanha Todos Unidos pela Sul, criada pela For\u00e7a A\u00e9rea Brasileira (FAB) para coleta de donativos para v\u00edtimas de enchentes no Rio Grande do Sul. Desde o fim de semana, as doa\u00e7\u00f5es n\u00e3o param de chegar \u00e0 Base A\u00e9rea de Bras\u00edlia e j\u00e1 lotam tr\u00eas hangares [&hellip;]<\/p>\n","protected":false},"author":2,"featured_media":328340,"comment_status":"closed","ping_status":"closed","sticky":false,"template":"","format":"standard","meta":{"_acf_changed":false,"footnotes":""},"categories":[161],"tags":[],"class_list":["post-328339","post","type-post","status-publish","format-standard","has-post-thumbnail","hentry","category-quadradinho-em-foco"],"acf":[],"yoast_head":"<!-- This site is optimized with the Yoast SEO plugin v27.5 - https:\/\/yoast.com\/product\/yoast-seo-wordpress\/ -->\n<title>Brasiliense faz fila para doa\u00e7\u00f5es a ga\u00fachos v\u00edtimas das chuvas - Notibras<\/title>\n<meta name=\"robots\" content=\"index, follow, max-snippet:-1, max-image-preview:large, max-video-preview:-1\" \/>\n<link rel=\"canonical\" href=\"https:\/\/www.notibras.com\/site\/brasiliense-faz-fila-para-doacoes-a-gauchos-vitimas-das-chuvas\/\" \/>\n<meta property=\"og:locale\" content=\"pt_BR\" \/>\n<meta property=\"og:type\" content=\"article\" \/>\n<meta property=\"og:title\" content=\"Brasiliense faz fila para doa\u00e7\u00f5es a ga\u00fachos v\u00edtimas das chuvas - Notibras\" \/>\n<meta property=\"og:description\" content=\"Moradores e empresas do Distrito Federal atenderam ao chamado da campanha Todos Unidos pela Sul, criada pela For\u00e7a A\u00e9rea Brasileira (FAB) para coleta de donativos para v\u00edtimas de enchentes no Rio Grande do Sul. Desde o fim de semana, as doa\u00e7\u00f5es n\u00e3o param de chegar \u00e0 Base A\u00e9rea de Bras\u00edlia e j\u00e1 lotam tr\u00eas hangares [&hellip;]\" \/>\n<meta property=\"og:url\" content=\"https:\/\/www.notibras.com\/site\/brasiliense-faz-fila-para-doacoes-a-gauchos-vitimas-das-chuvas\/\" \/>\n<meta property=\"og:site_name\" content=\"Notibras\" \/>\n<meta property=\"article:publisher\" content=\"https:\/\/www.facebook.com\/notibras\/\" \/>\n<meta property=\"article:published_time\" content=\"2024-05-09T03:19:02+00:00\" \/>\n<meta property=\"article:modified_time\" content=\"2024-05-09T10:21:05+00:00\" \/>\n<meta property=\"og:image\" content=\"https:\/\/www.notibras.com\/site\/wp-content\/uploads\/2024\/05\/sosrs.webp\" \/>\n\t<meta property=\"og:image:width\" content=\"1170\" \/>\n\t<meta property=\"og:image:height\" content=\"700\" \/>\n\t<meta property=\"og:image:type\" content=\"image\/webp\" \/>\n<meta name=\"author\" content=\"Reda\u00e7\u00e3o\" \/>\n<meta name=\"twitter:card\" content=\"summary_large_image\" \/>\n<meta name=\"twitter:creator\" content=\"@Notibras\" \/>\n<meta name=\"twitter:site\" content=\"@Notibras\" \/>\n<meta name=\"twitter:label1\" content=\"Escrito por\" \/>\n\t<meta name=\"twitter:data1\" content=\"Reda\u00e7\u00e3o\" \/>\n\t<meta name=\"twitter:label2\" content=\"Est. tempo de leitura\" \/>\n\t<meta name=\"twitter:data2\" content=\"6 minutos\" \/>\n<script type=\"application\/ld+json\" class=\"yoast-schema-graph\">{\"@context\":\"https:\\\/\\\/schema.org\",\"@graph\":[{\"@type\":\"Article\",\"@id\":\"https:\\\/\\\/www.notibras.com\\\/site\\\/brasiliense-faz-fila-para-doacoes-a-gauchos-vitimas-das-chuvas\\\/#article\",\"isPartOf\":{\"@id\":\"https:\\\/\\\/www.notibras.com\\\/site\\\/brasiliense-faz-fila-para-doacoes-a-gauchos-vitimas-das-chuvas\\\/\"},\"author\":{\"name\":\"Reda\u00e7\u00e3o\",\"@id\":\"https:\\\/\\\/www.notibras.com\\\/site\\\/#\\\/schema\\\/person\\\/36ab0979449956132d3e5b517ea76ac8\"},\"headline\":\"Brasiliense faz fila para doa\u00e7\u00f5es a ga\u00fachos v\u00edtimas das chuvas\",\"datePublished\":\"2024-05-09T03:19:02+00:00\",\"dateModified\":\"2024-05-09T10:21:05+00:00\",\"mainEntityOfPage\":{\"@id\":\"https:\\\/\\\/www.notibras.com\\\/site\\\/brasiliense-faz-fila-para-doacoes-a-gauchos-vitimas-das-chuvas\\\/\"},\"wordCount\":1124,\"publisher\":{\"@id\":\"https:\\\/\\\/www.notibras.com\\\/site\\\/#organization\"},\"image\":{\"@id\":\"https:\\\/\\\/www.notibras.com\\\/site\\\/brasiliense-faz-fila-para-doacoes-a-gauchos-vitimas-das-chuvas\\\/#primaryimage\"},\"thumbnailUrl\":\"https:\\\/\\\/www.notibras.com\\\/site\\\/wp-content\\\/uploads\\\/2024\\\/05\\\/sosrs.webp\",\"articleSection\":[\"Quadradinho em Foco\"],\"inLanguage\":\"pt-BR\"},{\"@type\":\"WebPage\",\"@id\":\"https:\\\/\\\/www.notibras.com\\\/site\\\/brasiliense-faz-fila-para-doacoes-a-gauchos-vitimas-das-chuvas\\\/\",\"url\":\"https:\\\/\\\/www.notibras.com\\\/site\\\/brasiliense-faz-fila-para-doacoes-a-gauchos-vitimas-das-chuvas\\\/\",\"name\":\"Brasiliense faz fila para doa\u00e7\u00f5es a ga\u00fachos v\u00edtimas das chuvas - Notibras\",\"isPartOf\":{\"@id\":\"https:\\\/\\\/www.notibras.com\\\/site\\\/#website\"},\"primaryImageOfPage\":{\"@id\":\"https:\\\/\\\/www.notibras.com\\\/site\\\/brasiliense-faz-fila-para-doacoes-a-gauchos-vitimas-das-chuvas\\\/#primaryimage\"},\"image\":{\"@id\":\"https:\\\/\\\/www.notibras.com\\\/site\\\/brasiliense-faz-fila-para-doacoes-a-gauchos-vitimas-das-chuvas\\\/#primaryimage\"},\"thumbnailUrl\":\"https:\\\/\\\/www.notibras.com\\\/site\\\/wp-content\\\/uploads\\\/2024\\\/05\\\/sosrs.webp\",\"datePublished\":\"2024-05-09T03:19:02+00:00\",\"dateModified\":\"2024-05-09T10:21:05+00:00\",\"breadcrumb\":{\"@id\":\"https:\\\/\\\/www.notibras.com\\\/site\\\/brasiliense-faz-fila-para-doacoes-a-gauchos-vitimas-das-chuvas\\\/#breadcrumb\"},\"inLanguage\":\"pt-BR\",\"potentialAction\":[{\"@type\":\"ReadAction\",\"target\":[\"https:\\\/\\\/www.notibras.com\\\/site\\\/brasiliense-faz-fila-para-doacoes-a-gauchos-vitimas-das-chuvas\\\/\"]}]},{\"@type\":\"ImageObject\",\"inLanguage\":\"pt-BR\",\"@id\":\"https:\\\/\\\/www.notibras.com\\\/site\\\/brasiliense-faz-fila-para-doacoes-a-gauchos-vitimas-das-chuvas\\\/#primaryimage\",\"url\":\"https:\\\/\\\/www.notibras.com\\\/site\\\/wp-content\\\/uploads\\\/2024\\\/05\\\/sosrs.webp\",\"contentUrl\":\"https:\\\/\\\/www.notibras.com\\\/site\\\/wp-content\\\/uploads\\\/2024\\\/05\\\/sosrs.webp\",\"width\":1170,\"height\":700},{\"@type\":\"BreadcrumbList\",\"@id\":\"https:\\\/\\\/www.notibras.com\\\/site\\\/brasiliense-faz-fila-para-doacoes-a-gauchos-vitimas-das-chuvas\\\/#breadcrumb\",\"itemListElement\":[{\"@type\":\"ListItem\",\"position\":1,\"name\":\"In\u00edcio\",\"item\":\"https:\\\/\\\/www.notibras.com\\\/site\\\/\"},{\"@type\":\"ListItem\",\"position\":2,\"name\":\"Brasiliense faz fila para doa\u00e7\u00f5es a ga\u00fachos v\u00edtimas das chuvas\"}]},{\"@type\":\"WebSite\",\"@id\":\"https:\\\/\\\/www.notibras.com\\\/site\\\/#website\",\"url\":\"https:\\\/\\\/www.notibras.com\\\/site\\\/\",\"name\":\"Notibras\",\"description\":\"Not\u00edcias de Bras\u00edlia, do Brasil e do Mundo\",\"publisher\":{\"@id\":\"https:\\\/\\\/www.notibras.com\\\/site\\\/#organization\"},\"potentialAction\":[{\"@type\":\"SearchAction\",\"target\":{\"@type\":\"EntryPoint\",\"urlTemplate\":\"https:\\\/\\\/www.notibras.com\\\/site\\\/?s={search_term_string}\"},\"query-input\":{\"@type\":\"PropertyValueSpecification\",\"valueRequired\":true,\"valueName\":\"search_term_string\"}}],\"inLanguage\":\"pt-BR\"},{\"@type\":\"Organization\",\"@id\":\"https:\\\/\\\/www.notibras.com\\\/site\\\/#organization\",\"name\":\"Grupo Notibras de Comunica\u00e7\u00e3o\",\"url\":\"https:\\\/\\\/www.notibras.com\\\/site\\\/\",\"logo\":{\"@type\":\"ImageObject\",\"inLanguage\":\"pt-BR\",\"@id\":\"https:\\\/\\\/www.notibras.com\\\/site\\\/#\\\/schema\\\/logo\\\/image\\\/\",\"url\":\"https:\\\/\\\/www.notibras.com\\\/site\\\/wp-content\\\/uploads\\\/2023\\\/01\\\/notibras23.png\",\"contentUrl\":\"https:\\\/\\\/www.notibras.com\\\/site\\\/wp-content\\\/uploads\\\/2023\\\/01\\\/notibras23.png\",\"width\":350,\"height\":87,\"caption\":\"Grupo Notibras de Comunica\u00e7\u00e3o\"},\"image\":{\"@id\":\"https:\\\/\\\/www.notibras.com\\\/site\\\/#\\\/schema\\\/logo\\\/image\\\/\"},\"sameAs\":[\"https:\\\/\\\/www.facebook.com\\\/notibras\\\/\",\"https:\\\/\\\/x.com\\\/Notibras\",\"https:\\\/\\\/www.instagram.com\\\/notibras\\\/\"]},{\"@type\":\"Person\",\"@id\":\"https:\\\/\\\/www.notibras.com\\\/site\\\/#\\\/schema\\\/person\\\/36ab0979449956132d3e5b517ea76ac8\",\"name\":\"Reda\u00e7\u00e3o\",\"image\":{\"@type\":\"ImageObject\",\"inLanguage\":\"pt-BR\",\"@id\":\"https:\\\/\\\/secure.gravatar.com\\\/avatar\\\/e0a867bdedb85fd243eadf09663511f96fc81e0720a4a42581f334ad4303aa6b?s=96&d=mm&r=g\",\"url\":\"https:\\\/\\\/secure.gravatar.com\\\/avatar\\\/e0a867bdedb85fd243eadf09663511f96fc81e0720a4a42581f334ad4303aa6b?s=96&d=mm&r=g\",\"contentUrl\":\"https:\\\/\\\/secure.gravatar.com\\\/avatar\\\/e0a867bdedb85fd243eadf09663511f96fc81e0720a4a42581f334ad4303aa6b?s=96&d=mm&r=g\",\"caption\":\"Reda\u00e7\u00e3o\"}}]}<\/script>\n<!-- \/ Yoast SEO plugin. -->","yoast_head_json":{"title":"Brasiliense faz fila para doa\u00e7\u00f5es a ga\u00fachos v\u00edtimas das chuvas - Notibras","robots":{"index":"index","follow":"follow","max-snippet":"max-snippet:-1","max-image-preview":"max-image-preview:large","max-video-preview":"max-video-preview:-1"},"canonical":"https:\/\/www.notibras.com\/site\/brasiliense-faz-fila-para-doacoes-a-gauchos-vitimas-das-chuvas\/","og_locale":"pt_BR","og_type":"article","og_title":"Brasiliense faz fila para doa\u00e7\u00f5es a ga\u00fachos v\u00edtimas das chuvas - Notibras","og_description":"Moradores e empresas do Distrito Federal atenderam ao chamado da campanha Todos Unidos pela Sul, criada pela For\u00e7a A\u00e9rea Brasileira (FAB) para coleta de donativos para v\u00edtimas de enchentes no Rio Grande do Sul. Desde o fim de semana, as doa\u00e7\u00f5es n\u00e3o param de chegar \u00e0 Base A\u00e9rea de Bras\u00edlia e j\u00e1 lotam tr\u00eas hangares [&hellip;]","og_url":"https:\/\/www.notibras.com\/site\/brasiliense-faz-fila-para-doacoes-a-gauchos-vitimas-das-chuvas\/","og_site_name":"Notibras","article_publisher":"https:\/\/www.facebook.com\/notibras\/","article_published_time":"2024-05-09T03:19:02+00:00","article_modified_time":"2024-05-09T10:21:05+00:00","og_image":[{"width":1170,"height":700,"url":"https:\/\/www.notibras.com\/site\/wp-content\/uploads\/2024\/05\/sosrs.webp","type":"image\/webp"}],"author":"Reda\u00e7\u00e3o","twitter_card":"summary_large_image","twitter_creator":"@Notibras","twitter_site":"@Notibras","twitter_misc":{"Escrito por":"Reda\u00e7\u00e3o","Est. tempo de leitura":"6 minutos"},"schema":{"@context":"https:\/\/schema.org","@graph":[{"@type":"Article","@id":"https:\/\/www.notibras.com\/site\/brasiliense-faz-fila-para-doacoes-a-gauchos-vitimas-das-chuvas\/#article","isPartOf":{"@id":"https:\/\/www.notibras.com\/site\/brasiliense-faz-fila-para-doacoes-a-gauchos-vitimas-das-chuvas\/"},"author":{"name":"Reda\u00e7\u00e3o","@id":"https:\/\/www.notibras.com\/site\/#\/schema\/person\/36ab0979449956132d3e5b517ea76ac8"},"headline":"Brasiliense faz fila para doa\u00e7\u00f5es a ga\u00fachos v\u00edtimas das chuvas","datePublished":"2024-05-09T03:19:02+00:00","dateModified":"2024-05-09T10:21:05+00:00","mainEntityOfPage":{"@id":"https:\/\/www.notibras.com\/site\/brasiliense-faz-fila-para-doacoes-a-gauchos-vitimas-das-chuvas\/"},"wordCount":1124,"publisher":{"@id":"https:\/\/www.notibras.com\/site\/#organization"},"image":{"@id":"https:\/\/www.notibras.com\/site\/brasiliense-faz-fila-para-doacoes-a-gauchos-vitimas-das-chuvas\/#primaryimage"},"thumbnailUrl":"https:\/\/www.notibras.com\/site\/wp-content\/uploads\/2024\/05\/sosrs.webp","articleSection":["Quadradinho em Foco"],"inLanguage":"pt-BR"},{"@type":"WebPage","@id":"https:\/\/www.notibras.com\/site\/brasiliense-faz-fila-para-doacoes-a-gauchos-vitimas-das-chuvas\/","url":"https:\/\/www.notibras.com\/site\/brasiliense-faz-fila-para-doacoes-a-gauchos-vitimas-das-chuvas\/","name":"Brasiliense faz fila para doa\u00e7\u00f5es a ga\u00fachos v\u00edtimas das chuvas - Notibras","isPartOf":{"@id":"https:\/\/www.notibras.com\/site\/#website"},"primaryImageOfPage":{"@id":"https:\/\/www.notibras.com\/site\/brasiliense-faz-fila-para-doacoes-a-gauchos-vitimas-das-chuvas\/#primaryimage"},"image":{"@id":"https:\/\/www.notibras.com\/site\/brasiliense-faz-fila-para-doacoes-a-gauchos-vitimas-das-chuvas\/#primaryimage"},"thumbnailUrl":"https:\/\/www.notibras.com\/site\/wp-content\/uploads\/2024\/05\/sosrs.webp","datePublished":"2024-05-09T03:19:02+00:00","dateModified":"2024-05-09T10:21:05+00:00","breadcrumb":{"@id":"https:\/\/www.notibras.com\/site\/brasiliense-faz-fila-para-doacoes-a-gauchos-vitimas-das-chuvas\/#breadcrumb"},"inLanguage":"pt-BR","potentialAction":[{"@type":"ReadAction","target":["https:\/\/www.notibras.com\/site\/brasiliense-faz-fila-para-doacoes-a-gauchos-vitimas-das-chuvas\/"]}]},{"@type":"ImageObject","inLanguage":"pt-BR","@id":"https:\/\/www.notibras.com\/site\/brasiliense-faz-fila-para-doacoes-a-gauchos-vitimas-das-chuvas\/#primaryimage","url":"https:\/\/www.notibras.com\/site\/wp-content\/uploads\/2024\/05\/sosrs.webp","contentUrl":"https:\/\/www.notibras.com\/site\/wp-content\/uploads\/2024\/05\/sosrs.webp","width":1170,"height":700},{"@type":"BreadcrumbList","@id":"https:\/\/www.notibras.com\/site\/brasiliense-faz-fila-para-doacoes-a-gauchos-vitimas-das-chuvas\/#breadcrumb","itemListElement":[{"@type":"ListItem","position":1,"name":"In\u00edcio","item":"https:\/\/www.notibras.com\/site\/"},{"@type":"ListItem","position":2,"name":"Brasiliense faz fila para doa\u00e7\u00f5es a ga\u00fachos v\u00edtimas das chuvas"}]},{"@type":"WebSite","@id":"https:\/\/www.notibras.com\/site\/#website","url":"https:\/\/www.notibras.com\/site\/","name":"Notibras","description":"Not\u00edcias de Bras\u00edlia, do Brasil e do Mundo","publisher":{"@id":"https:\/\/www.notibras.com\/site\/#organization"},"potentialAction":[{"@type":"SearchAction","target":{"@type":"EntryPoint","urlTemplate":"https:\/\/www.notibras.com\/site\/?s={search_term_string}"},"query-input":{"@type":"PropertyValueSpecification","valueRequired":true,"valueName":"search_term_string"}}],"inLanguage":"pt-BR"},{"@type":"Organization","@id":"https:\/\/www.notibras.com\/site\/#organization","name":"Grupo Notibras de Comunica\u00e7\u00e3o","url":"https:\/\/www.notibras.com\/site\/","logo":{"@type":"ImageObject","inLanguage":"pt-BR","@id":"https:\/\/www.notibras.com\/site\/#\/schema\/logo\/image\/","url":"https:\/\/www.notibras.com\/site\/wp-content\/uploads\/2023\/01\/notibras23.png","contentUrl":"https:\/\/www.notibras.com\/site\/wp-content\/uploads\/2023\/01\/notibras23.png","width":350,"height":87,"caption":"Grupo Notibras de Comunica\u00e7\u00e3o"},"image":{"@id":"https:\/\/www.notibras.com\/site\/#\/schema\/logo\/image\/"},"sameAs":["https:\/\/www.facebook.com\/notibras\/","https:\/\/x.com\/Notibras","https:\/\/www.instagram.com\/notibras\/"]},{"@type":"Person","@id":"https:\/\/www.notibras.com\/site\/#\/schema\/person\/36ab0979449956132d3e5b517ea76ac8","name":"Reda\u00e7\u00e3o","image":{"@type":"ImageObject","inLanguage":"pt-BR","@id":"https:\/\/secure.gravatar.com\/avatar\/e0a867bdedb85fd243eadf09663511f96fc81e0720a4a42581f334ad4303aa6b?s=96&d=mm&r=g","url":"https:\/\/secure.gravatar.com\/avatar\/e0a867bdedb85fd243eadf09663511f96fc81e0720a4a42581f334ad4303aa6b?s=96&d=mm&r=g","contentUrl":"https:\/\/secure.gravatar.com\/avatar\/e0a867bdedb85fd243eadf09663511f96fc81e0720a4a42581f334ad4303aa6b?s=96&d=mm&r=g","caption":"Reda\u00e7\u00e3o"}}]}},"amp_enabled":true,"_links":{"self":[{"href":"https:\/\/www.notibras.com\/site\/wp-json\/wp\/v2\/posts\/328339","targetHints":{"allow":["GET"]}}],"collection":[{"href":"https:\/\/www.notibras.com\/site\/wp-json\/wp\/v2\/posts"}],"about":[{"href":"https:\/\/www.notibras.com\/site\/wp-json\/wp\/v2\/types\/post"}],"author":[{"embeddable":true,"href":"https:\/\/www.notibras.com\/site\/wp-json\/wp\/v2\/users\/2"}],"replies":[{"embeddable":true,"href":"https:\/\/www.notibras.com\/site\/wp-json\/wp\/v2\/comments?post=328339"}],"version-history":[{"count":1,"href":"https:\/\/www.notibras.com\/site\/wp-json\/wp\/v2\/posts\/328339\/revisions"}],"predecessor-version":[{"id":328341,"href":"https:\/\/www.notibras.com\/site\/wp-json\/wp\/v2\/posts\/328339\/revisions\/328341"}],"wp:featuredmedia":[{"embeddable":true,"href":"https:\/\/www.notibras.com\/site\/wp-json\/wp\/v2\/media\/328340"}],"wp:attachment":[{"href":"https:\/\/www.notibras.com\/site\/wp-json\/wp\/v2\/media?parent=328339"}],"wp:term":[{"taxonomy":"category","embeddable":true,"href":"https:\/\/www.notibras.com\/site\/wp-json\/wp\/v2\/categories?post=328339"},{"taxonomy":"post_tag","embeddable":true,"href":"https:\/\/www.notibras.com\/site\/wp-json\/wp\/v2\/tags?post=328339"}],"curies":[{"name":"wp","href":"https:\/\/api.w.org\/{rel}","templated":true}]}}