{"id":328345,"date":"2024-05-09T00:00:11","date_gmt":"2024-05-09T03:00:11","guid":{"rendered":"https:\/\/www.notibras.com\/site\/?p=328345"},"modified":"2024-05-09T07:41:00","modified_gmt":"2024-05-09T10:41:00","slug":"ebc-abre-inscricoes-em-processo-seletivo-de-estagio","status":"publish","type":"post","link":"https:\/\/www.notibras.com\/site\/ebc-abre-inscricoes-em-processo-seletivo-de-estagio\/","title":{"rendered":"EBC abre inscri\u00e7\u00f5es em processo seletivo de est\u00e1gio"},"content":{"rendered":"<p>A Empresa Brasil de Comunica\u00e7\u00e3o (EBC) abriu inscri\u00e7\u00e3o para o novo programa de est\u00e1gio. As vagas ser\u00e3o para Bras\u00edlia, Rio de Janeiro e S\u00e3o Paulo. Os interessados podem se inscrever at\u00e9 14 de maio.<\/p>\n<p>A sele\u00e7\u00e3o, que ser\u00e1 feita por meio da empresa Capacita\u00e7\u00e3o, Inser\u00e7\u00e3o e Desenvolvimento (Cide), oferece 60 vagas para estudantes de n\u00edvel m\u00e9dio, t\u00e9cnico e superior em diversas \u00e1reas de forma\u00e7\u00e3o, com possibilidade de convoca\u00e7\u00e3o durante o per\u00edodo de um ano, validade do certame.<\/p>\n<p>Estudantes interessados em participar devem acessar o site da Cide, fazer o cadastro e se inscrever para concorrer \u00e0s vagas de est\u00e1gio, de forma gratuita. O candidato deve ter disponibilidade para estagiar durante quatro horas di\u00e1rias, desde que n\u00e3o seja concorrente ao hor\u00e1rio de estudo.<\/p>\n<p><strong>Programa<\/strong><br \/>\nO programa tem o objetivo de preparar o estudante para aplicar os conhecimentos adquiridos na institui\u00e7\u00e3o de Ensino, em contexto profissional, e enfrentar os desafios da carreira profissional, assimilando teoria e a pr\u00e1tica. A nova Norma de Est\u00e1gio e Jovem Aprendiz da EBC (NOR 319) atualizou os valores das bolsas de est\u00e1gio e manteve o pagamento de aux\u00edlio-transporte e a concess\u00e3o de aux\u00edlio-alimenta\u00e7\u00e3o.<\/p>\n","protected":false},"excerpt":{"rendered":"<p>A Empresa Brasil de Comunica\u00e7\u00e3o (EBC) abriu inscri\u00e7\u00e3o para o novo programa de est\u00e1gio. As vagas ser\u00e3o para Bras\u00edlia, Rio de Janeiro e S\u00e3o Paulo. Os interessados podem se inscrever at\u00e9 14 de maio. A sele\u00e7\u00e3o, que ser\u00e1 feita por meio da empresa Capacita\u00e7\u00e3o, Inser\u00e7\u00e3o e Desenvolvimento (Cide), oferece 60 vagas para estudantes de n\u00edvel [&hellip;]<\/p>\n","protected":false},"author":2,"featured_media":328346,"comment_status":"closed","ping_status":"closed","sticky":false,"template":"","format":"standard","meta":{"_acf_changed":false,"footnotes":""},"categories":[161],"tags":[],"class_list":["post-328345","post","type-post","status-publish","format-standard","has-post-thumbnail","hentry","category-quadradinho-em-foco"],"acf":[],"yoast_head":"<!-- This site is optimized with the Yoast SEO plugin v27.5 - https:\/\/yoast.com\/product\/yoast-seo-wordpress\/ -->\n<title>EBC abre inscri\u00e7\u00f5es em processo seletivo de est\u00e1gio - Notibras<\/title>\n<meta name=\"robots\" content=\"index, follow, max-snippet:-1, max-image-preview:large, max-video-preview:-1\" \/>\n<link rel=\"canonical\" href=\"https:\/\/www.notibras.com\/site\/ebc-abre-inscricoes-em-processo-seletivo-de-estagio\/\" \/>\n<meta property=\"og:locale\" content=\"pt_BR\" \/>\n<meta property=\"og:type\" content=\"article\" \/>\n<meta property=\"og:title\" content=\"EBC abre inscri\u00e7\u00f5es em processo seletivo de est\u00e1gio - Notibras\" \/>\n<meta property=\"og:description\" content=\"A Empresa Brasil de Comunica\u00e7\u00e3o (EBC) abriu inscri\u00e7\u00e3o para o novo programa de est\u00e1gio. As vagas ser\u00e3o para Bras\u00edlia, Rio de Janeiro e S\u00e3o Paulo. Os interessados podem se inscrever at\u00e9 14 de maio. A sele\u00e7\u00e3o, que ser\u00e1 feita por meio da empresa Capacita\u00e7\u00e3o, Inser\u00e7\u00e3o e Desenvolvimento (Cide), oferece 60 vagas para estudantes de n\u00edvel [&hellip;]\" \/>\n<meta property=\"og:url\" content=\"https:\/\/www.notibras.com\/site\/ebc-abre-inscricoes-em-processo-seletivo-de-estagio\/\" \/>\n<meta property=\"og:site_name\" content=\"Notibras\" \/>\n<meta property=\"article:publisher\" content=\"https:\/\/www.facebook.com\/notibras\/\" \/>\n<meta property=\"article:published_time\" content=\"2024-05-09T03:00:11+00:00\" \/>\n<meta property=\"article:modified_time\" content=\"2024-05-09T10:41:00+00:00\" \/>\n<meta property=\"og:image\" content=\"https:\/\/www.notibras.com\/site\/wp-content\/uploads\/2024\/05\/imagem_do_whatsapp_de_2024-04-26_as_18.18.58_275d5766.jpg\" \/>\n\t<meta property=\"og:image:width\" content=\"1170\" \/>\n\t<meta property=\"og:image:height\" content=\"700\" \/>\n\t<meta property=\"og:image:type\" content=\"image\/jpeg\" \/>\n<meta name=\"author\" content=\"Reda\u00e7\u00e3o\" \/>\n<meta name=\"twitter:card\" content=\"summary_large_image\" \/>\n<meta name=\"twitter:creator\" content=\"@Notibras\" \/>\n<meta name=\"twitter:site\" content=\"@Notibras\" \/>\n<meta name=\"twitter:label1\" content=\"Escrito por\" \/>\n\t<meta name=\"twitter:data1\" content=\"Reda\u00e7\u00e3o\" \/>\n\t<meta name=\"twitter:label2\" content=\"Est. tempo de leitura\" \/>\n\t<meta name=\"twitter:data2\" content=\"2 minutos\" \/>\n<script type=\"application\/ld+json\" class=\"yoast-schema-graph\">{\"@context\":\"https:\\\/\\\/schema.org\",\"@graph\":[{\"@type\":\"Article\",\"@id\":\"https:\\\/\\\/www.notibras.com\\\/site\\\/ebc-abre-inscricoes-em-processo-seletivo-de-estagio\\\/#article\",\"isPartOf\":{\"@id\":\"https:\\\/\\\/www.notibras.com\\\/site\\\/ebc-abre-inscricoes-em-processo-seletivo-de-estagio\\\/\"},\"author\":{\"name\":\"Reda\u00e7\u00e3o\",\"@id\":\"https:\\\/\\\/www.notibras.com\\\/site\\\/#\\\/schema\\\/person\\\/36ab0979449956132d3e5b517ea76ac8\"},\"headline\":\"EBC abre inscri\u00e7\u00f5es em processo seletivo de est\u00e1gio\",\"datePublished\":\"2024-05-09T03:00:11+00:00\",\"dateModified\":\"2024-05-09T10:41:00+00:00\",\"mainEntityOfPage\":{\"@id\":\"https:\\\/\\\/www.notibras.com\\\/site\\\/ebc-abre-inscricoes-em-processo-seletivo-de-estagio\\\/\"},\"wordCount\":220,\"publisher\":{\"@id\":\"https:\\\/\\\/www.notibras.com\\\/site\\\/#organization\"},\"image\":{\"@id\":\"https:\\\/\\\/www.notibras.com\\\/site\\\/ebc-abre-inscricoes-em-processo-seletivo-de-estagio\\\/#primaryimage\"},\"thumbnailUrl\":\"https:\\\/\\\/www.notibras.com\\\/site\\\/wp-content\\\/uploads\\\/2024\\\/05\\\/imagem_do_whatsapp_de_2024-04-26_as_18.18.58_275d5766.jpg\",\"articleSection\":[\"Quadradinho em Foco\"],\"inLanguage\":\"pt-BR\"},{\"@type\":\"WebPage\",\"@id\":\"https:\\\/\\\/www.notibras.com\\\/site\\\/ebc-abre-inscricoes-em-processo-seletivo-de-estagio\\\/\",\"url\":\"https:\\\/\\\/www.notibras.com\\\/site\\\/ebc-abre-inscricoes-em-processo-seletivo-de-estagio\\\/\",\"name\":\"EBC abre inscri\u00e7\u00f5es em processo seletivo de est\u00e1gio - Notibras\",\"isPartOf\":{\"@id\":\"https:\\\/\\\/www.notibras.com\\\/site\\\/#website\"},\"primaryImageOfPage\":{\"@id\":\"https:\\\/\\\/www.notibras.com\\\/site\\\/ebc-abre-inscricoes-em-processo-seletivo-de-estagio\\\/#primaryimage\"},\"image\":{\"@id\":\"https:\\\/\\\/www.notibras.com\\\/site\\\/ebc-abre-inscricoes-em-processo-seletivo-de-estagio\\\/#primaryimage\"},\"thumbnailUrl\":\"https:\\\/\\\/www.notibras.com\\\/site\\\/wp-content\\\/uploads\\\/2024\\\/05\\\/imagem_do_whatsapp_de_2024-04-26_as_18.18.58_275d5766.jpg\",\"datePublished\":\"2024-05-09T03:00:11+00:00\",\"dateModified\":\"2024-05-09T10:41:00+00:00\",\"breadcrumb\":{\"@id\":\"https:\\\/\\\/www.notibras.com\\\/site\\\/ebc-abre-inscricoes-em-processo-seletivo-de-estagio\\\/#breadcrumb\"},\"inLanguage\":\"pt-BR\",\"potentialAction\":[{\"@type\":\"ReadAction\",\"target\":[\"https:\\\/\\\/www.notibras.com\\\/site\\\/ebc-abre-inscricoes-em-processo-seletivo-de-estagio\\\/\"]}]},{\"@type\":\"ImageObject\",\"inLanguage\":\"pt-BR\",\"@id\":\"https:\\\/\\\/www.notibras.com\\\/site\\\/ebc-abre-inscricoes-em-processo-seletivo-de-estagio\\\/#primaryimage\",\"url\":\"https:\\\/\\\/www.notibras.com\\\/site\\\/wp-content\\\/uploads\\\/2024\\\/05\\\/imagem_do_whatsapp_de_2024-04-26_as_18.18.58_275d5766.jpg\",\"contentUrl\":\"https:\\\/\\\/www.notibras.com\\\/site\\\/wp-content\\\/uploads\\\/2024\\\/05\\\/imagem_do_whatsapp_de_2024-04-26_as_18.18.58_275d5766.jpg\",\"width\":1170,\"height\":700},{\"@type\":\"BreadcrumbList\",\"@id\":\"https:\\\/\\\/www.notibras.com\\\/site\\\/ebc-abre-inscricoes-em-processo-seletivo-de-estagio\\\/#breadcrumb\",\"itemListElement\":[{\"@type\":\"ListItem\",\"position\":1,\"name\":\"In\u00edcio\",\"item\":\"https:\\\/\\\/www.notibras.com\\\/site\\\/\"},{\"@type\":\"ListItem\",\"position\":2,\"name\":\"EBC abre inscri\u00e7\u00f5es em processo seletivo de est\u00e1gio\"}]},{\"@type\":\"WebSite\",\"@id\":\"https:\\\/\\\/www.notibras.com\\\/site\\\/#website\",\"url\":\"https:\\\/\\\/www.notibras.com\\\/site\\\/\",\"name\":\"Notibras\",\"description\":\"Not\u00edcias de Bras\u00edlia, do Brasil e do Mundo\",\"publisher\":{\"@id\":\"https:\\\/\\\/www.notibras.com\\\/site\\\/#organization\"},\"potentialAction\":[{\"@type\":\"SearchAction\",\"target\":{\"@type\":\"EntryPoint\",\"urlTemplate\":\"https:\\\/\\\/www.notibras.com\\\/site\\\/?s={search_term_string}\"},\"query-input\":{\"@type\":\"PropertyValueSpecification\",\"valueRequired\":true,\"valueName\":\"search_term_string\"}}],\"inLanguage\":\"pt-BR\"},{\"@type\":\"Organization\",\"@id\":\"https:\\\/\\\/www.notibras.com\\\/site\\\/#organization\",\"name\":\"Grupo Notibras de Comunica\u00e7\u00e3o\",\"url\":\"https:\\\/\\\/www.notibras.com\\\/site\\\/\",\"logo\":{\"@type\":\"ImageObject\",\"inLanguage\":\"pt-BR\",\"@id\":\"https:\\\/\\\/www.notibras.com\\\/site\\\/#\\\/schema\\\/logo\\\/image\\\/\",\"url\":\"https:\\\/\\\/www.notibras.com\\\/site\\\/wp-content\\\/uploads\\\/2023\\\/01\\\/notibras23.png\",\"contentUrl\":\"https:\\\/\\\/www.notibras.com\\\/site\\\/wp-content\\\/uploads\\\/2023\\\/01\\\/notibras23.png\",\"width\":350,\"height\":87,\"caption\":\"Grupo Notibras de Comunica\u00e7\u00e3o\"},\"image\":{\"@id\":\"https:\\\/\\\/www.notibras.com\\\/site\\\/#\\\/schema\\\/logo\\\/image\\\/\"},\"sameAs\":[\"https:\\\/\\\/www.facebook.com\\\/notibras\\\/\",\"https:\\\/\\\/x.com\\\/Notibras\",\"https:\\\/\\\/www.instagram.com\\\/notibras\\\/\"]},{\"@type\":\"Person\",\"@id\":\"https:\\\/\\\/www.notibras.com\\\/site\\\/#\\\/schema\\\/person\\\/36ab0979449956132d3e5b517ea76ac8\",\"name\":\"Reda\u00e7\u00e3o\",\"image\":{\"@type\":\"ImageObject\",\"inLanguage\":\"pt-BR\",\"@id\":\"https:\\\/\\\/secure.gravatar.com\\\/avatar\\\/e0a867bdedb85fd243eadf09663511f96fc81e0720a4a42581f334ad4303aa6b?s=96&d=mm&r=g\",\"url\":\"https:\\\/\\\/secure.gravatar.com\\\/avatar\\\/e0a867bdedb85fd243eadf09663511f96fc81e0720a4a42581f334ad4303aa6b?s=96&d=mm&r=g\",\"contentUrl\":\"https:\\\/\\\/secure.gravatar.com\\\/avatar\\\/e0a867bdedb85fd243eadf09663511f96fc81e0720a4a42581f334ad4303aa6b?s=96&d=mm&r=g\",\"caption\":\"Reda\u00e7\u00e3o\"}}]}<\/script>\n<!-- \/ Yoast SEO plugin. -->","yoast_head_json":{"title":"EBC abre inscri\u00e7\u00f5es em processo seletivo de est\u00e1gio - Notibras","robots":{"index":"index","follow":"follow","max-snippet":"max-snippet:-1","max-image-preview":"max-image-preview:large","max-video-preview":"max-video-preview:-1"},"canonical":"https:\/\/www.notibras.com\/site\/ebc-abre-inscricoes-em-processo-seletivo-de-estagio\/","og_locale":"pt_BR","og_type":"article","og_title":"EBC abre inscri\u00e7\u00f5es em processo seletivo de est\u00e1gio - Notibras","og_description":"A Empresa Brasil de Comunica\u00e7\u00e3o (EBC) abriu inscri\u00e7\u00e3o para o novo programa de est\u00e1gio. As vagas ser\u00e3o para Bras\u00edlia, Rio de Janeiro e S\u00e3o Paulo. Os interessados podem se inscrever at\u00e9 14 de maio. A sele\u00e7\u00e3o, que ser\u00e1 feita por meio da empresa Capacita\u00e7\u00e3o, Inser\u00e7\u00e3o e Desenvolvimento (Cide), oferece 60 vagas para estudantes de n\u00edvel [&hellip;]","og_url":"https:\/\/www.notibras.com\/site\/ebc-abre-inscricoes-em-processo-seletivo-de-estagio\/","og_site_name":"Notibras","article_publisher":"https:\/\/www.facebook.com\/notibras\/","article_published_time":"2024-05-09T03:00:11+00:00","article_modified_time":"2024-05-09T10:41:00+00:00","og_image":[{"width":1170,"height":700,"url":"https:\/\/www.notibras.com\/site\/wp-content\/uploads\/2024\/05\/imagem_do_whatsapp_de_2024-04-26_as_18.18.58_275d5766.jpg","type":"image\/jpeg"}],"author":"Reda\u00e7\u00e3o","twitter_card":"summary_large_image","twitter_creator":"@Notibras","twitter_site":"@Notibras","twitter_misc":{"Escrito por":"Reda\u00e7\u00e3o","Est. tempo de leitura":"2 minutos"},"schema":{"@context":"https:\/\/schema.org","@graph":[{"@type":"Article","@id":"https:\/\/www.notibras.com\/site\/ebc-abre-inscricoes-em-processo-seletivo-de-estagio\/#article","isPartOf":{"@id":"https:\/\/www.notibras.com\/site\/ebc-abre-inscricoes-em-processo-seletivo-de-estagio\/"},"author":{"name":"Reda\u00e7\u00e3o","@id":"https:\/\/www.notibras.com\/site\/#\/schema\/person\/36ab0979449956132d3e5b517ea76ac8"},"headline":"EBC abre inscri\u00e7\u00f5es em processo seletivo de est\u00e1gio","datePublished":"2024-05-09T03:00:11+00:00","dateModified":"2024-05-09T10:41:00+00:00","mainEntityOfPage":{"@id":"https:\/\/www.notibras.com\/site\/ebc-abre-inscricoes-em-processo-seletivo-de-estagio\/"},"wordCount":220,"publisher":{"@id":"https:\/\/www.notibras.com\/site\/#organization"},"image":{"@id":"https:\/\/www.notibras.com\/site\/ebc-abre-inscricoes-em-processo-seletivo-de-estagio\/#primaryimage"},"thumbnailUrl":"https:\/\/www.notibras.com\/site\/wp-content\/uploads\/2024\/05\/imagem_do_whatsapp_de_2024-04-26_as_18.18.58_275d5766.jpg","articleSection":["Quadradinho em Foco"],"inLanguage":"pt-BR"},{"@type":"WebPage","@id":"https:\/\/www.notibras.com\/site\/ebc-abre-inscricoes-em-processo-seletivo-de-estagio\/","url":"https:\/\/www.notibras.com\/site\/ebc-abre-inscricoes-em-processo-seletivo-de-estagio\/","name":"EBC abre inscri\u00e7\u00f5es em processo seletivo de est\u00e1gio - Notibras","isPartOf":{"@id":"https:\/\/www.notibras.com\/site\/#website"},"primaryImageOfPage":{"@id":"https:\/\/www.notibras.com\/site\/ebc-abre-inscricoes-em-processo-seletivo-de-estagio\/#primaryimage"},"image":{"@id":"https:\/\/www.notibras.com\/site\/ebc-abre-inscricoes-em-processo-seletivo-de-estagio\/#primaryimage"},"thumbnailUrl":"https:\/\/www.notibras.com\/site\/wp-content\/uploads\/2024\/05\/imagem_do_whatsapp_de_2024-04-26_as_18.18.58_275d5766.jpg","datePublished":"2024-05-09T03:00:11+00:00","dateModified":"2024-05-09T10:41:00+00:00","breadcrumb":{"@id":"https:\/\/www.notibras.com\/site\/ebc-abre-inscricoes-em-processo-seletivo-de-estagio\/#breadcrumb"},"inLanguage":"pt-BR","potentialAction":[{"@type":"ReadAction","target":["https:\/\/www.notibras.com\/site\/ebc-abre-inscricoes-em-processo-seletivo-de-estagio\/"]}]},{"@type":"ImageObject","inLanguage":"pt-BR","@id":"https:\/\/www.notibras.com\/site\/ebc-abre-inscricoes-em-processo-seletivo-de-estagio\/#primaryimage","url":"https:\/\/www.notibras.com\/site\/wp-content\/uploads\/2024\/05\/imagem_do_whatsapp_de_2024-04-26_as_18.18.58_275d5766.jpg","contentUrl":"https:\/\/www.notibras.com\/site\/wp-content\/uploads\/2024\/05\/imagem_do_whatsapp_de_2024-04-26_as_18.18.58_275d5766.jpg","width":1170,"height":700},{"@type":"BreadcrumbList","@id":"https:\/\/www.notibras.com\/site\/ebc-abre-inscricoes-em-processo-seletivo-de-estagio\/#breadcrumb","itemListElement":[{"@type":"ListItem","position":1,"name":"In\u00edcio","item":"https:\/\/www.notibras.com\/site\/"},{"@type":"ListItem","position":2,"name":"EBC abre inscri\u00e7\u00f5es em processo seletivo de est\u00e1gio"}]},{"@type":"WebSite","@id":"https:\/\/www.notibras.com\/site\/#website","url":"https:\/\/www.notibras.com\/site\/","name":"Notibras","description":"Not\u00edcias de Bras\u00edlia, do Brasil e do Mundo","publisher":{"@id":"https:\/\/www.notibras.com\/site\/#organization"},"potentialAction":[{"@type":"SearchAction","target":{"@type":"EntryPoint","urlTemplate":"https:\/\/www.notibras.com\/site\/?s={search_term_string}"},"query-input":{"@type":"PropertyValueSpecification","valueRequired":true,"valueName":"search_term_string"}}],"inLanguage":"pt-BR"},{"@type":"Organization","@id":"https:\/\/www.notibras.com\/site\/#organization","name":"Grupo Notibras de Comunica\u00e7\u00e3o","url":"https:\/\/www.notibras.com\/site\/","logo":{"@type":"ImageObject","inLanguage":"pt-BR","@id":"https:\/\/www.notibras.com\/site\/#\/schema\/logo\/image\/","url":"https:\/\/www.notibras.com\/site\/wp-content\/uploads\/2023\/01\/notibras23.png","contentUrl":"https:\/\/www.notibras.com\/site\/wp-content\/uploads\/2023\/01\/notibras23.png","width":350,"height":87,"caption":"Grupo Notibras de Comunica\u00e7\u00e3o"},"image":{"@id":"https:\/\/www.notibras.com\/site\/#\/schema\/logo\/image\/"},"sameAs":["https:\/\/www.facebook.com\/notibras\/","https:\/\/x.com\/Notibras","https:\/\/www.instagram.com\/notibras\/"]},{"@type":"Person","@id":"https:\/\/www.notibras.com\/site\/#\/schema\/person\/36ab0979449956132d3e5b517ea76ac8","name":"Reda\u00e7\u00e3o","image":{"@type":"ImageObject","inLanguage":"pt-BR","@id":"https:\/\/secure.gravatar.com\/avatar\/e0a867bdedb85fd243eadf09663511f96fc81e0720a4a42581f334ad4303aa6b?s=96&d=mm&r=g","url":"https:\/\/secure.gravatar.com\/avatar\/e0a867bdedb85fd243eadf09663511f96fc81e0720a4a42581f334ad4303aa6b?s=96&d=mm&r=g","contentUrl":"https:\/\/secure.gravatar.com\/avatar\/e0a867bdedb85fd243eadf09663511f96fc81e0720a4a42581f334ad4303aa6b?s=96&d=mm&r=g","caption":"Reda\u00e7\u00e3o"}}]}},"amp_enabled":true,"_links":{"self":[{"href":"https:\/\/www.notibras.com\/site\/wp-json\/wp\/v2\/posts\/328345","targetHints":{"allow":["GET"]}}],"collection":[{"href":"https:\/\/www.notibras.com\/site\/wp-json\/wp\/v2\/posts"}],"about":[{"href":"https:\/\/www.notibras.com\/site\/wp-json\/wp\/v2\/types\/post"}],"author":[{"embeddable":true,"href":"https:\/\/www.notibras.com\/site\/wp-json\/wp\/v2\/users\/2"}],"replies":[{"embeddable":true,"href":"https:\/\/www.notibras.com\/site\/wp-json\/wp\/v2\/comments?post=328345"}],"version-history":[{"count":1,"href":"https:\/\/www.notibras.com\/site\/wp-json\/wp\/v2\/posts\/328345\/revisions"}],"predecessor-version":[{"id":328347,"href":"https:\/\/www.notibras.com\/site\/wp-json\/wp\/v2\/posts\/328345\/revisions\/328347"}],"wp:featuredmedia":[{"embeddable":true,"href":"https:\/\/www.notibras.com\/site\/wp-json\/wp\/v2\/media\/328346"}],"wp:attachment":[{"href":"https:\/\/www.notibras.com\/site\/wp-json\/wp\/v2\/media?parent=328345"}],"wp:term":[{"taxonomy":"category","embeddable":true,"href":"https:\/\/www.notibras.com\/site\/wp-json\/wp\/v2\/categories?post=328345"},{"taxonomy":"post_tag","embeddable":true,"href":"https:\/\/www.notibras.com\/site\/wp-json\/wp\/v2\/tags?post=328345"}],"curies":[{"name":"wp","href":"https:\/\/api.w.org\/{rel}","templated":true}]}}