{"id":328348,"date":"2024-05-09T07:50:24","date_gmt":"2024-05-09T10:50:24","guid":{"rendered":"https:\/\/www.notibras.com\/site\/?p=328348"},"modified":"2024-05-09T07:50:36","modified_gmt":"2024-05-09T10:50:36","slug":"aloisio-enfim-garcom-sonha-com-aposentadoria","status":"publish","type":"post","link":"https:\/\/www.notibras.com\/site\/aloisio-enfim-garcom-sonha-com-aposentadoria\/","title":{"rendered":"Alo\u00edsio, enfim gar\u00e7om, sonha com aposentadoria"},"content":{"rendered":"<p>Alo\u00edsio, bem antes de ter a carteira de trabalho assinada, j\u00e1 havia ralado muito em troca de cascalho para sobreviver. N\u00e3o que quisesse acordar de madrugada para correr atr\u00e1s do p\u00e3o de cada dia, mas era o \u00fanico jeito de continuar vivo diante de tanta pen\u00faria.<\/p>\n<p>Quando adolescente, conseguiu emprego de office boy. Foi um al\u00edvio, pois, apesar da correria na rua, sentia-se confort\u00e1vel quando se via diante daquelas filas quilom\u00e9tricas nos bancos. Enquanto aquela gente reclamava da demora, o garoto curtia o geladinho do momento.<\/p>\n<p>De volta \u00e0 cal\u00e7ada, os p\u00e9s voltavam a sentir por conta dos sapatos apertados. Precisava pisar firme, pois a sola gasta poderia faz\u00ea-lo perder o equil\u00edbrio se pisasse num ch\u00e3o mais liso ou escorregasse numa casca de banana. De tantos tombos na vida sofrida, Alo\u00edsio j\u00e1 estava mais que calejado. Se ca\u00edsse, n\u00e3o lhe restava nada al\u00e9m de se levantar.<\/p>\n<p>Homem quase feito e sem maiores perspectivas de futuro, foi despedido pela inadi\u00e1vel conten\u00e7\u00e3o de despesas. N\u00e3o se sabe se ficou desesperado, mesmo porque o tormento era perene no seu cotidiano. Todavia, gra\u00e7as aos contatos que ainda mantinha com antigos miser\u00e1veis, conseguiu bico de chapa num dep\u00f3sito de bebidas.<\/p>\n<p>Ombros calejados, carregava e descarregava centenas de engradados e, ao final do dia, recebia o suficiente para n\u00e3o passar fome. Ficou nessa labuta por quase cinco anos, quando, durante a entrega de cervejas e refrigerantes em um restaurante, foi testemunha de contenda envolvendo o dono e um gar\u00e7om. Por pouco n\u00e3o saiu morte, apesar de ningu\u00e9m sair lesionado. De amea\u00e7as, s\u00f3 restou a demiss\u00e3o do tal gar\u00e7om.<\/p>\n<p>Rubens, o dono do restaurante, que conhecia Alo\u00edsio de longa data, o convidou para trabalhar ali. O homem aceitou de pronto, mas n\u00e3o porque possu\u00eda alguma experi\u00eancia no of\u00edcio. Entretanto, entre engradados e bandejas, percebeu que as \u00faltimas eram muito mais leves.<\/p>\n<p>Ap\u00f3s alguns copos e pratos quebrados, Alo\u00edsio at\u00e9 que se saiu bem. O sal\u00e1rio, que n\u00e3o era dos melhores, era acrescido de gorjetas, algumas polpudas. N\u00e3o que fosse ficar rico, mas j\u00e1 dava para colocar uma ou outra fatia de queijo no p\u00e3o de sal.<\/p>\n<p>O homem, agora perto dos 70 anos, continua no mesmo restaurante. O antigo patr\u00e3o faleceu h\u00e1 quase dez anos, mas o herdeiro fez quest\u00e3o de manter o velho gar\u00e7om, que j\u00e1 faz parte da tradi\u00e7\u00e3o do local. Tanto \u00e9 que os fregueses sempre puxam papo com o Alo\u00edsio, como aconteceu na semana passada.<\/p>\n<p>\u2014 Alo\u00edsio, h\u00e1 quanto tempo voc\u00ea trabalha aqui?<\/p>\n<p>\u2014 H\u00e1 43 anos.<\/p>\n<p>\u2014 Muito tempo, hein!<\/p>\n<p>O velho gar\u00e7om sorriu o que dava para sorrir e, j\u00e1 saindo, foi instigado a responder novo questionamento.<\/p>\n<p>\u2014 Mora perto daqui?<\/p>\n<p>\u2014 N\u00e3o.<\/p>\n<p>\u2014 N\u00e3o tem vontade de morar perto?<\/p>\n<p>\u2014 N\u00e3o.<\/p>\n<p>\u2014 Gosta de morar onde mora, n\u00e9?<\/p>\n<p>\u2014 N\u00e3o.<\/p>\n<p>\u2014 Ent\u00e3o, onde voc\u00ea gostaria de morar?<\/p>\n<p>\u2014 Na aposentadoria.<\/p>\n","protected":false},"excerpt":{"rendered":"<p>Alo\u00edsio, bem antes de ter a carteira de trabalho assinada, j\u00e1 havia ralado muito em troca de cascalho para sobreviver. N\u00e3o que quisesse acordar de madrugada para correr atr\u00e1s do p\u00e3o de cada dia, mas era o \u00fanico jeito de continuar vivo diante de tanta pen\u00faria. Quando adolescente, conseguiu emprego de office boy. Foi um [&hellip;]<\/p>\n","protected":false},"author":2,"featured_media":328349,"comment_status":"closed","ping_status":"closed","sticky":false,"template":"","format":"standard","meta":{"_acf_changed":false,"footnotes":""},"categories":[161],"tags":[],"class_list":["post-328348","post","type-post","status-publish","format-standard","has-post-thumbnail","hentry","category-quadradinho-em-foco"],"acf":[],"yoast_head":"<!-- This site is optimized with the Yoast SEO plugin v27.5 - https:\/\/yoast.com\/product\/yoast-seo-wordpress\/ -->\n<title>Alo\u00edsio, enfim gar\u00e7om, sonha com aposentadoria - Notibras<\/title>\n<meta name=\"robots\" content=\"index, follow, max-snippet:-1, max-image-preview:large, max-video-preview:-1\" \/>\n<link rel=\"canonical\" href=\"https:\/\/www.notibras.com\/site\/aloisio-enfim-garcom-sonha-com-aposentadoria\/\" \/>\n<meta property=\"og:locale\" content=\"pt_BR\" \/>\n<meta property=\"og:type\" content=\"article\" \/>\n<meta property=\"og:title\" content=\"Alo\u00edsio, enfim gar\u00e7om, sonha com aposentadoria - Notibras\" \/>\n<meta property=\"og:description\" content=\"Alo\u00edsio, bem antes de ter a carteira de trabalho assinada, j\u00e1 havia ralado muito em troca de cascalho para sobreviver. N\u00e3o que quisesse acordar de madrugada para correr atr\u00e1s do p\u00e3o de cada dia, mas era o \u00fanico jeito de continuar vivo diante de tanta pen\u00faria. Quando adolescente, conseguiu emprego de office boy. Foi um [&hellip;]\" \/>\n<meta property=\"og:url\" content=\"https:\/\/www.notibras.com\/site\/aloisio-enfim-garcom-sonha-com-aposentadoria\/\" \/>\n<meta property=\"og:site_name\" content=\"Notibras\" \/>\n<meta property=\"article:publisher\" content=\"https:\/\/www.facebook.com\/notibras\/\" \/>\n<meta property=\"article:published_time\" content=\"2024-05-09T10:50:24+00:00\" \/>\n<meta property=\"article:modified_time\" content=\"2024-05-09T10:50:36+00:00\" \/>\n<meta property=\"og:image\" content=\"https:\/\/www.notibras.com\/site\/wp-content\/uploads\/2024\/05\/3321d94d-f2e3-4428-ac7d-690a290fe405.jpeg\" \/>\n\t<meta property=\"og:image:width\" content=\"1024\" \/>\n\t<meta property=\"og:image:height\" content=\"1024\" \/>\n\t<meta property=\"og:image:type\" content=\"image\/jpeg\" \/>\n<meta name=\"author\" content=\"Reda\u00e7\u00e3o\" \/>\n<meta name=\"twitter:card\" content=\"summary_large_image\" \/>\n<meta name=\"twitter:creator\" content=\"@Notibras\" \/>\n<meta name=\"twitter:site\" content=\"@Notibras\" \/>\n<meta name=\"twitter:label1\" content=\"Escrito por\" \/>\n\t<meta name=\"twitter:data1\" content=\"Reda\u00e7\u00e3o\" \/>\n\t<meta name=\"twitter:label2\" content=\"Est. tempo de leitura\" \/>\n\t<meta name=\"twitter:data2\" content=\"3 minutos\" \/>\n<script type=\"application\/ld+json\" class=\"yoast-schema-graph\">{\"@context\":\"https:\\\/\\\/schema.org\",\"@graph\":[{\"@type\":\"Article\",\"@id\":\"https:\\\/\\\/www.notibras.com\\\/site\\\/aloisio-enfim-garcom-sonha-com-aposentadoria\\\/#article\",\"isPartOf\":{\"@id\":\"https:\\\/\\\/www.notibras.com\\\/site\\\/aloisio-enfim-garcom-sonha-com-aposentadoria\\\/\"},\"author\":{\"name\":\"Reda\u00e7\u00e3o\",\"@id\":\"https:\\\/\\\/www.notibras.com\\\/site\\\/#\\\/schema\\\/person\\\/36ab0979449956132d3e5b517ea76ac8\"},\"headline\":\"Alo\u00edsio, enfim gar\u00e7om, sonha com aposentadoria\",\"datePublished\":\"2024-05-09T10:50:24+00:00\",\"dateModified\":\"2024-05-09T10:50:36+00:00\",\"mainEntityOfPage\":{\"@id\":\"https:\\\/\\\/www.notibras.com\\\/site\\\/aloisio-enfim-garcom-sonha-com-aposentadoria\\\/\"},\"wordCount\":516,\"publisher\":{\"@id\":\"https:\\\/\\\/www.notibras.com\\\/site\\\/#organization\"},\"image\":{\"@id\":\"https:\\\/\\\/www.notibras.com\\\/site\\\/aloisio-enfim-garcom-sonha-com-aposentadoria\\\/#primaryimage\"},\"thumbnailUrl\":\"https:\\\/\\\/www.notibras.com\\\/site\\\/wp-content\\\/uploads\\\/2024\\\/05\\\/3321d94d-f2e3-4428-ac7d-690a290fe405.jpeg\",\"articleSection\":[\"Quadradinho em Foco\"],\"inLanguage\":\"pt-BR\"},{\"@type\":\"WebPage\",\"@id\":\"https:\\\/\\\/www.notibras.com\\\/site\\\/aloisio-enfim-garcom-sonha-com-aposentadoria\\\/\",\"url\":\"https:\\\/\\\/www.notibras.com\\\/site\\\/aloisio-enfim-garcom-sonha-com-aposentadoria\\\/\",\"name\":\"Alo\u00edsio, enfim gar\u00e7om, sonha com aposentadoria - Notibras\",\"isPartOf\":{\"@id\":\"https:\\\/\\\/www.notibras.com\\\/site\\\/#website\"},\"primaryImageOfPage\":{\"@id\":\"https:\\\/\\\/www.notibras.com\\\/site\\\/aloisio-enfim-garcom-sonha-com-aposentadoria\\\/#primaryimage\"},\"image\":{\"@id\":\"https:\\\/\\\/www.notibras.com\\\/site\\\/aloisio-enfim-garcom-sonha-com-aposentadoria\\\/#primaryimage\"},\"thumbnailUrl\":\"https:\\\/\\\/www.notibras.com\\\/site\\\/wp-content\\\/uploads\\\/2024\\\/05\\\/3321d94d-f2e3-4428-ac7d-690a290fe405.jpeg\",\"datePublished\":\"2024-05-09T10:50:24+00:00\",\"dateModified\":\"2024-05-09T10:50:36+00:00\",\"breadcrumb\":{\"@id\":\"https:\\\/\\\/www.notibras.com\\\/site\\\/aloisio-enfim-garcom-sonha-com-aposentadoria\\\/#breadcrumb\"},\"inLanguage\":\"pt-BR\",\"potentialAction\":[{\"@type\":\"ReadAction\",\"target\":[\"https:\\\/\\\/www.notibras.com\\\/site\\\/aloisio-enfim-garcom-sonha-com-aposentadoria\\\/\"]}]},{\"@type\":\"ImageObject\",\"inLanguage\":\"pt-BR\",\"@id\":\"https:\\\/\\\/www.notibras.com\\\/site\\\/aloisio-enfim-garcom-sonha-com-aposentadoria\\\/#primaryimage\",\"url\":\"https:\\\/\\\/www.notibras.com\\\/site\\\/wp-content\\\/uploads\\\/2024\\\/05\\\/3321d94d-f2e3-4428-ac7d-690a290fe405.jpeg\",\"contentUrl\":\"https:\\\/\\\/www.notibras.com\\\/site\\\/wp-content\\\/uploads\\\/2024\\\/05\\\/3321d94d-f2e3-4428-ac7d-690a290fe405.jpeg\",\"width\":1024,\"height\":1024},{\"@type\":\"BreadcrumbList\",\"@id\":\"https:\\\/\\\/www.notibras.com\\\/site\\\/aloisio-enfim-garcom-sonha-com-aposentadoria\\\/#breadcrumb\",\"itemListElement\":[{\"@type\":\"ListItem\",\"position\":1,\"name\":\"In\u00edcio\",\"item\":\"https:\\\/\\\/www.notibras.com\\\/site\\\/\"},{\"@type\":\"ListItem\",\"position\":2,\"name\":\"Alo\u00edsio, enfim gar\u00e7om, sonha com aposentadoria\"}]},{\"@type\":\"WebSite\",\"@id\":\"https:\\\/\\\/www.notibras.com\\\/site\\\/#website\",\"url\":\"https:\\\/\\\/www.notibras.com\\\/site\\\/\",\"name\":\"Notibras\",\"description\":\"Not\u00edcias de Bras\u00edlia, do Brasil e do Mundo\",\"publisher\":{\"@id\":\"https:\\\/\\\/www.notibras.com\\\/site\\\/#organization\"},\"potentialAction\":[{\"@type\":\"SearchAction\",\"target\":{\"@type\":\"EntryPoint\",\"urlTemplate\":\"https:\\\/\\\/www.notibras.com\\\/site\\\/?s={search_term_string}\"},\"query-input\":{\"@type\":\"PropertyValueSpecification\",\"valueRequired\":true,\"valueName\":\"search_term_string\"}}],\"inLanguage\":\"pt-BR\"},{\"@type\":\"Organization\",\"@id\":\"https:\\\/\\\/www.notibras.com\\\/site\\\/#organization\",\"name\":\"Grupo Notibras de Comunica\u00e7\u00e3o\",\"url\":\"https:\\\/\\\/www.notibras.com\\\/site\\\/\",\"logo\":{\"@type\":\"ImageObject\",\"inLanguage\":\"pt-BR\",\"@id\":\"https:\\\/\\\/www.notibras.com\\\/site\\\/#\\\/schema\\\/logo\\\/image\\\/\",\"url\":\"https:\\\/\\\/www.notibras.com\\\/site\\\/wp-content\\\/uploads\\\/2023\\\/01\\\/notibras23.png\",\"contentUrl\":\"https:\\\/\\\/www.notibras.com\\\/site\\\/wp-content\\\/uploads\\\/2023\\\/01\\\/notibras23.png\",\"width\":350,\"height\":87,\"caption\":\"Grupo Notibras de Comunica\u00e7\u00e3o\"},\"image\":{\"@id\":\"https:\\\/\\\/www.notibras.com\\\/site\\\/#\\\/schema\\\/logo\\\/image\\\/\"},\"sameAs\":[\"https:\\\/\\\/www.facebook.com\\\/notibras\\\/\",\"https:\\\/\\\/x.com\\\/Notibras\",\"https:\\\/\\\/www.instagram.com\\\/notibras\\\/\"]},{\"@type\":\"Person\",\"@id\":\"https:\\\/\\\/www.notibras.com\\\/site\\\/#\\\/schema\\\/person\\\/36ab0979449956132d3e5b517ea76ac8\",\"name\":\"Reda\u00e7\u00e3o\",\"image\":{\"@type\":\"ImageObject\",\"inLanguage\":\"pt-BR\",\"@id\":\"https:\\\/\\\/secure.gravatar.com\\\/avatar\\\/e0a867bdedb85fd243eadf09663511f96fc81e0720a4a42581f334ad4303aa6b?s=96&d=mm&r=g\",\"url\":\"https:\\\/\\\/secure.gravatar.com\\\/avatar\\\/e0a867bdedb85fd243eadf09663511f96fc81e0720a4a42581f334ad4303aa6b?s=96&d=mm&r=g\",\"contentUrl\":\"https:\\\/\\\/secure.gravatar.com\\\/avatar\\\/e0a867bdedb85fd243eadf09663511f96fc81e0720a4a42581f334ad4303aa6b?s=96&d=mm&r=g\",\"caption\":\"Reda\u00e7\u00e3o\"}}]}<\/script>\n<!-- \/ Yoast SEO plugin. -->","yoast_head_json":{"title":"Alo\u00edsio, enfim gar\u00e7om, sonha com aposentadoria - Notibras","robots":{"index":"index","follow":"follow","max-snippet":"max-snippet:-1","max-image-preview":"max-image-preview:large","max-video-preview":"max-video-preview:-1"},"canonical":"https:\/\/www.notibras.com\/site\/aloisio-enfim-garcom-sonha-com-aposentadoria\/","og_locale":"pt_BR","og_type":"article","og_title":"Alo\u00edsio, enfim gar\u00e7om, sonha com aposentadoria - Notibras","og_description":"Alo\u00edsio, bem antes de ter a carteira de trabalho assinada, j\u00e1 havia ralado muito em troca de cascalho para sobreviver. N\u00e3o que quisesse acordar de madrugada para correr atr\u00e1s do p\u00e3o de cada dia, mas era o \u00fanico jeito de continuar vivo diante de tanta pen\u00faria. Quando adolescente, conseguiu emprego de office boy. Foi um [&hellip;]","og_url":"https:\/\/www.notibras.com\/site\/aloisio-enfim-garcom-sonha-com-aposentadoria\/","og_site_name":"Notibras","article_publisher":"https:\/\/www.facebook.com\/notibras\/","article_published_time":"2024-05-09T10:50:24+00:00","article_modified_time":"2024-05-09T10:50:36+00:00","og_image":[{"width":1024,"height":1024,"url":"https:\/\/www.notibras.com\/site\/wp-content\/uploads\/2024\/05\/3321d94d-f2e3-4428-ac7d-690a290fe405.jpeg","type":"image\/jpeg"}],"author":"Reda\u00e7\u00e3o","twitter_card":"summary_large_image","twitter_creator":"@Notibras","twitter_site":"@Notibras","twitter_misc":{"Escrito por":"Reda\u00e7\u00e3o","Est. tempo de leitura":"3 minutos"},"schema":{"@context":"https:\/\/schema.org","@graph":[{"@type":"Article","@id":"https:\/\/www.notibras.com\/site\/aloisio-enfim-garcom-sonha-com-aposentadoria\/#article","isPartOf":{"@id":"https:\/\/www.notibras.com\/site\/aloisio-enfim-garcom-sonha-com-aposentadoria\/"},"author":{"name":"Reda\u00e7\u00e3o","@id":"https:\/\/www.notibras.com\/site\/#\/schema\/person\/36ab0979449956132d3e5b517ea76ac8"},"headline":"Alo\u00edsio, enfim gar\u00e7om, sonha com aposentadoria","datePublished":"2024-05-09T10:50:24+00:00","dateModified":"2024-05-09T10:50:36+00:00","mainEntityOfPage":{"@id":"https:\/\/www.notibras.com\/site\/aloisio-enfim-garcom-sonha-com-aposentadoria\/"},"wordCount":516,"publisher":{"@id":"https:\/\/www.notibras.com\/site\/#organization"},"image":{"@id":"https:\/\/www.notibras.com\/site\/aloisio-enfim-garcom-sonha-com-aposentadoria\/#primaryimage"},"thumbnailUrl":"https:\/\/www.notibras.com\/site\/wp-content\/uploads\/2024\/05\/3321d94d-f2e3-4428-ac7d-690a290fe405.jpeg","articleSection":["Quadradinho em Foco"],"inLanguage":"pt-BR"},{"@type":"WebPage","@id":"https:\/\/www.notibras.com\/site\/aloisio-enfim-garcom-sonha-com-aposentadoria\/","url":"https:\/\/www.notibras.com\/site\/aloisio-enfim-garcom-sonha-com-aposentadoria\/","name":"Alo\u00edsio, enfim gar\u00e7om, sonha com aposentadoria - Notibras","isPartOf":{"@id":"https:\/\/www.notibras.com\/site\/#website"},"primaryImageOfPage":{"@id":"https:\/\/www.notibras.com\/site\/aloisio-enfim-garcom-sonha-com-aposentadoria\/#primaryimage"},"image":{"@id":"https:\/\/www.notibras.com\/site\/aloisio-enfim-garcom-sonha-com-aposentadoria\/#primaryimage"},"thumbnailUrl":"https:\/\/www.notibras.com\/site\/wp-content\/uploads\/2024\/05\/3321d94d-f2e3-4428-ac7d-690a290fe405.jpeg","datePublished":"2024-05-09T10:50:24+00:00","dateModified":"2024-05-09T10:50:36+00:00","breadcrumb":{"@id":"https:\/\/www.notibras.com\/site\/aloisio-enfim-garcom-sonha-com-aposentadoria\/#breadcrumb"},"inLanguage":"pt-BR","potentialAction":[{"@type":"ReadAction","target":["https:\/\/www.notibras.com\/site\/aloisio-enfim-garcom-sonha-com-aposentadoria\/"]}]},{"@type":"ImageObject","inLanguage":"pt-BR","@id":"https:\/\/www.notibras.com\/site\/aloisio-enfim-garcom-sonha-com-aposentadoria\/#primaryimage","url":"https:\/\/www.notibras.com\/site\/wp-content\/uploads\/2024\/05\/3321d94d-f2e3-4428-ac7d-690a290fe405.jpeg","contentUrl":"https:\/\/www.notibras.com\/site\/wp-content\/uploads\/2024\/05\/3321d94d-f2e3-4428-ac7d-690a290fe405.jpeg","width":1024,"height":1024},{"@type":"BreadcrumbList","@id":"https:\/\/www.notibras.com\/site\/aloisio-enfim-garcom-sonha-com-aposentadoria\/#breadcrumb","itemListElement":[{"@type":"ListItem","position":1,"name":"In\u00edcio","item":"https:\/\/www.notibras.com\/site\/"},{"@type":"ListItem","position":2,"name":"Alo\u00edsio, enfim gar\u00e7om, sonha com aposentadoria"}]},{"@type":"WebSite","@id":"https:\/\/www.notibras.com\/site\/#website","url":"https:\/\/www.notibras.com\/site\/","name":"Notibras","description":"Not\u00edcias de Bras\u00edlia, do Brasil e do Mundo","publisher":{"@id":"https:\/\/www.notibras.com\/site\/#organization"},"potentialAction":[{"@type":"SearchAction","target":{"@type":"EntryPoint","urlTemplate":"https:\/\/www.notibras.com\/site\/?s={search_term_string}"},"query-input":{"@type":"PropertyValueSpecification","valueRequired":true,"valueName":"search_term_string"}}],"inLanguage":"pt-BR"},{"@type":"Organization","@id":"https:\/\/www.notibras.com\/site\/#organization","name":"Grupo Notibras de Comunica\u00e7\u00e3o","url":"https:\/\/www.notibras.com\/site\/","logo":{"@type":"ImageObject","inLanguage":"pt-BR","@id":"https:\/\/www.notibras.com\/site\/#\/schema\/logo\/image\/","url":"https:\/\/www.notibras.com\/site\/wp-content\/uploads\/2023\/01\/notibras23.png","contentUrl":"https:\/\/www.notibras.com\/site\/wp-content\/uploads\/2023\/01\/notibras23.png","width":350,"height":87,"caption":"Grupo Notibras de Comunica\u00e7\u00e3o"},"image":{"@id":"https:\/\/www.notibras.com\/site\/#\/schema\/logo\/image\/"},"sameAs":["https:\/\/www.facebook.com\/notibras\/","https:\/\/x.com\/Notibras","https:\/\/www.instagram.com\/notibras\/"]},{"@type":"Person","@id":"https:\/\/www.notibras.com\/site\/#\/schema\/person\/36ab0979449956132d3e5b517ea76ac8","name":"Reda\u00e7\u00e3o","image":{"@type":"ImageObject","inLanguage":"pt-BR","@id":"https:\/\/secure.gravatar.com\/avatar\/e0a867bdedb85fd243eadf09663511f96fc81e0720a4a42581f334ad4303aa6b?s=96&d=mm&r=g","url":"https:\/\/secure.gravatar.com\/avatar\/e0a867bdedb85fd243eadf09663511f96fc81e0720a4a42581f334ad4303aa6b?s=96&d=mm&r=g","contentUrl":"https:\/\/secure.gravatar.com\/avatar\/e0a867bdedb85fd243eadf09663511f96fc81e0720a4a42581f334ad4303aa6b?s=96&d=mm&r=g","caption":"Reda\u00e7\u00e3o"}}]}},"amp_enabled":true,"_links":{"self":[{"href":"https:\/\/www.notibras.com\/site\/wp-json\/wp\/v2\/posts\/328348","targetHints":{"allow":["GET"]}}],"collection":[{"href":"https:\/\/www.notibras.com\/site\/wp-json\/wp\/v2\/posts"}],"about":[{"href":"https:\/\/www.notibras.com\/site\/wp-json\/wp\/v2\/types\/post"}],"author":[{"embeddable":true,"href":"https:\/\/www.notibras.com\/site\/wp-json\/wp\/v2\/users\/2"}],"replies":[{"embeddable":true,"href":"https:\/\/www.notibras.com\/site\/wp-json\/wp\/v2\/comments?post=328348"}],"version-history":[{"count":1,"href":"https:\/\/www.notibras.com\/site\/wp-json\/wp\/v2\/posts\/328348\/revisions"}],"predecessor-version":[{"id":328350,"href":"https:\/\/www.notibras.com\/site\/wp-json\/wp\/v2\/posts\/328348\/revisions\/328350"}],"wp:featuredmedia":[{"embeddable":true,"href":"https:\/\/www.notibras.com\/site\/wp-json\/wp\/v2\/media\/328349"}],"wp:attachment":[{"href":"https:\/\/www.notibras.com\/site\/wp-json\/wp\/v2\/media?parent=328348"}],"wp:term":[{"taxonomy":"category","embeddable":true,"href":"https:\/\/www.notibras.com\/site\/wp-json\/wp\/v2\/categories?post=328348"},{"taxonomy":"post_tag","embeddable":true,"href":"https:\/\/www.notibras.com\/site\/wp-json\/wp\/v2\/tags?post=328348"}],"curies":[{"name":"wp","href":"https:\/\/api.w.org\/{rel}","templated":true}]}}