{"id":328372,"date":"2024-05-09T16:18:18","date_gmt":"2024-05-09T19:18:18","guid":{"rendered":"https:\/\/www.notibras.com\/site\/?p=328372"},"modified":"2024-05-09T18:23:51","modified_gmt":"2024-05-09T21:23:51","slug":"chuvas-deixam-30-cidades-do-maranhao-em-situacao-de-emergencia","status":"publish","type":"post","link":"https:\/\/www.notibras.com\/site\/chuvas-deixam-30-cidades-do-maranhao-em-situacao-de-emergencia\/","title":{"rendered":"Chuvas deixam 30 cidades do Maranh\u00e3o em emerg\u00eancia"},"content":{"rendered":"<p>A Defesa Civil do Maranh\u00e3o informou nesta quinta-feira (9) que chega a 30 o n\u00famero de munic\u00edpios no estado em situa\u00e7\u00e3o de emerg\u00eancia em raz\u00e3o das chuvas. Ao todo, 1.031 fam\u00edlias est\u00e3o desabrigadas e 2.909, desalojadas. Uma pessoa morreu. Segundo a Defesa Civil, o munic\u00edpio de Santa In\u00eas \u00e9 o \u00fanico em estado de calamidade p\u00fablica.<\/p>\n<p>As fortes chuvas que atingem todo o Maranh\u00e3o desde o m\u00eas de abril t\u00eam provocado cheia em rios do estado. Segundo a Defesa Civil, as fam\u00edlias atingidas est\u00e3o recebendo apoio das defesas civis nos munic\u00edpios.<\/p>\n<p>O \u00f3rg\u00e3o disse ainda que est\u00e1 trabalhando para a retirada das pessoas que est\u00e3o em \u00e1reas de risco e que o governo do Maranh\u00e3o tem fornecido refei\u00e7\u00f5es, por meio da rede de restaurantes populares.<\/p>\n<p><strong>Munic\u00edpios em situa\u00e7\u00e3o de emerg\u00eancia<\/strong>:<br \/>\nFormosa da Serra Negra<br \/>\nS\u00e3o Roberto<br \/>\nS\u00e3o Jo\u00e3o do S\u00f3ter<br \/>\nTuntum<br \/>\nMon\u00e7\u00e3o<br \/>\nPindar\u00e9-Mirim<br \/>\nConcei\u00e7\u00e3o do Lago A\u00e7u<br \/>\nLago da Pedra<br \/>\nLagoa Grande do Maranh\u00e3o<br \/>\nCarutapera<br \/>\nGovernador Nunes Freire<br \/>\nBoa Vista do Gurupi<br \/>\nTrizidela do Vale<br \/>\nCantanhede<br \/>\nPalmeir\u00e2ndia<br \/>\nBacabal<br \/>\nJenipapo dos Vieiras<br \/>\nCachoeira Grande<br \/>\nBuriticupu<br \/>\nArari<br \/>\nSatubinha<br \/>\nAnapurus<br \/>\nGraja\u00fa<br \/>\nColinas<br \/>\nMat\u00f5es do Norte<br \/>\nPedro do Ros\u00e1rio<br \/>\nPeri Mirim<br \/>\nTufil\u00e2ndia<br \/>\nBarra do Corda<br \/>\nBarreirinhas<\/p>\n","protected":false},"excerpt":{"rendered":"<p>A Defesa Civil do Maranh\u00e3o informou nesta quinta-feira (9) que chega a 30 o n\u00famero de munic\u00edpios no estado em situa\u00e7\u00e3o de emerg\u00eancia em raz\u00e3o das chuvas. Ao todo, 1.031 fam\u00edlias est\u00e3o desabrigadas e 2.909, desalojadas. Uma pessoa morreu. Segundo a Defesa Civil, o munic\u00edpio de Santa In\u00eas \u00e9 o \u00fanico em estado de calamidade [&hellip;]<\/p>\n","protected":false},"author":2,"featured_media":328373,"comment_status":"closed","ping_status":"closed","sticky":false,"template":"","format":"standard","meta":{"_acf_changed":false,"footnotes":""},"categories":[169,165],"tags":[],"class_list":["post-328372","post","type-post","status-publish","format-standard","has-post-thumbnail","hentry","category-maranhao","category-nordeste"],"acf":[],"_links":{"self":[{"href":"https:\/\/www.notibras.com\/site\/wp-json\/wp\/v2\/posts\/328372","targetHints":{"allow":["GET"]}}],"collection":[{"href":"https:\/\/www.notibras.com\/site\/wp-json\/wp\/v2\/posts"}],"about":[{"href":"https:\/\/www.notibras.com\/site\/wp-json\/wp\/v2\/types\/post"}],"author":[{"embeddable":true,"href":"https:\/\/www.notibras.com\/site\/wp-json\/wp\/v2\/users\/2"}],"replies":[{"embeddable":true,"href":"https:\/\/www.notibras.com\/site\/wp-json\/wp\/v2\/comments?post=328372"}],"version-history":[{"count":2,"href":"https:\/\/www.notibras.com\/site\/wp-json\/wp\/v2\/posts\/328372\/revisions"}],"predecessor-version":[{"id":328375,"href":"https:\/\/www.notibras.com\/site\/wp-json\/wp\/v2\/posts\/328372\/revisions\/328375"}],"wp:featuredmedia":[{"embeddable":true,"href":"https:\/\/www.notibras.com\/site\/wp-json\/wp\/v2\/media\/328373"}],"wp:attachment":[{"href":"https:\/\/www.notibras.com\/site\/wp-json\/wp\/v2\/media?parent=328372"}],"wp:term":[{"taxonomy":"category","embeddable":true,"href":"https:\/\/www.notibras.com\/site\/wp-json\/wp\/v2\/categories?post=328372"},{"taxonomy":"post_tag","embeddable":true,"href":"https:\/\/www.notibras.com\/site\/wp-json\/wp\/v2\/tags?post=328372"}],"curies":[{"name":"wp","href":"https:\/\/api.w.org\/{rel}","templated":true}]}}