{"id":328408,"date":"2024-05-10T07:49:14","date_gmt":"2024-05-10T10:49:14","guid":{"rendered":"https:\/\/www.notibras.com\/site\/?p=328408"},"modified":"2024-05-10T07:49:14","modified_gmt":"2024-05-10T10:49:14","slug":"quando-a-coisa-ta-feia-nem-o-tinhoso-aparece","status":"publish","type":"post","link":"https:\/\/www.notibras.com\/site\/quando-a-coisa-ta-feia-nem-o-tinhoso-aparece\/","title":{"rendered":"Quando a coisa t\u00e1 feia, nem o &#8216;tinhoso&#8217; aparece"},"content":{"rendered":"<p>N\u00e3o era religiosa, mas tinha l\u00e1 suas supersti\u00e7\u00f5es, ainda mais porque nascera na terra de todos os santos, apesar de, menina ainda, ter se mudado para Lauro de Freitas, bem ali grudadinho. Tanto \u00e9 que nunca abandonara a cidade natal, pois gostava de caminhar at\u00e9 a praia do Flamengo, onde passava longas manh\u00e3s e um tiquinho das tardes com os amigos.<\/p>\n<p>Elis, nome de cantora, sempre foi ciente das limita\u00e7\u00f5es para o canto, mas conseguiu coxas torneadas que nem Tina Turner. Imagine se soubesse que um d\u00f3 \u00e9 um d\u00f3, um r\u00e9 \u00e9 um r\u00e9 e at\u00e9 que um l\u00e1 \u00e9 um l\u00e1. Que nada, pensava Elis debaixo daquele sol em frente \u00e0 praia: &#8220;Com o que tenho, j\u00e1 d\u00e1 pra saracotear o mundo!&#8221;<\/p>\n<p>A mo\u00e7a, longe de estar equivocada, era pura felicidade, como provou os anos de gl\u00f3ria que se seguiram. Isto \u00e9, at\u00e9 que chegou n\u00e3o aos 30, mas aos 33. Que ano foi aquele para Elis! Tudo parecia dar errado. De t\u00e3o errado, tinha at\u00e9 medo de se queimar ao abrir a geladeira. Conselhos pululavam de toda parte.<\/p>\n<p>\u2014 Amiga, vou te levar num babalorix\u00e1.<\/p>\n<p>\u2014 J\u00e1 conversou com o padre?<\/p>\n<p>\u2014 Isso a\u00ed \u00e9 mandinga!<\/p>\n<p>\u2014 T\u00e1 parecendo bruxaria.<\/p>\n<p>\u2014 Olho gordo na certa!<\/p>\n<p>\u2014 Isso \u00e9 inveja, amiga!<\/p>\n<p>E foi justamente quando a azarada estava ouvindo tanto palpite, que chegou um pastor, que tamb\u00e9m quis dar pitaco onde n\u00e3o tinha sido chamado. Elis olhou aquele homem de terno preto naquele calor infernal e n\u00e3o teve d\u00favida.<\/p>\n<p>\u2014 Ih, quando o Tinhoso n\u00e3o vem, manda o secret\u00e1rio.<\/p>\n","protected":false},"excerpt":{"rendered":"<p>N\u00e3o era religiosa, mas tinha l\u00e1 suas supersti\u00e7\u00f5es, ainda mais porque nascera na terra de todos os santos, apesar de, menina ainda, ter se mudado para Lauro de Freitas, bem ali grudadinho. Tanto \u00e9 que nunca abandonara a cidade natal, pois gostava de caminhar at\u00e9 a praia do Flamengo, onde passava longas manh\u00e3s e um [&hellip;]<\/p>\n","protected":false},"author":2,"featured_media":328409,"comment_status":"closed","ping_status":"closed","sticky":false,"template":"","format":"standard","meta":{"_acf_changed":false,"footnotes":""},"categories":[167,165],"tags":[],"class_list":["post-328408","post","type-post","status-publish","format-standard","has-post-thumbnail","hentry","category-bahia","category-nordeste"],"acf":[],"_links":{"self":[{"href":"https:\/\/www.notibras.com\/site\/wp-json\/wp\/v2\/posts\/328408","targetHints":{"allow":["GET"]}}],"collection":[{"href":"https:\/\/www.notibras.com\/site\/wp-json\/wp\/v2\/posts"}],"about":[{"href":"https:\/\/www.notibras.com\/site\/wp-json\/wp\/v2\/types\/post"}],"author":[{"embeddable":true,"href":"https:\/\/www.notibras.com\/site\/wp-json\/wp\/v2\/users\/2"}],"replies":[{"embeddable":true,"href":"https:\/\/www.notibras.com\/site\/wp-json\/wp\/v2\/comments?post=328408"}],"version-history":[{"count":1,"href":"https:\/\/www.notibras.com\/site\/wp-json\/wp\/v2\/posts\/328408\/revisions"}],"predecessor-version":[{"id":328410,"href":"https:\/\/www.notibras.com\/site\/wp-json\/wp\/v2\/posts\/328408\/revisions\/328410"}],"wp:featuredmedia":[{"embeddable":true,"href":"https:\/\/www.notibras.com\/site\/wp-json\/wp\/v2\/media\/328409"}],"wp:attachment":[{"href":"https:\/\/www.notibras.com\/site\/wp-json\/wp\/v2\/media?parent=328408"}],"wp:term":[{"taxonomy":"category","embeddable":true,"href":"https:\/\/www.notibras.com\/site\/wp-json\/wp\/v2\/categories?post=328408"},{"taxonomy":"post_tag","embeddable":true,"href":"https:\/\/www.notibras.com\/site\/wp-json\/wp\/v2\/tags?post=328408"}],"curies":[{"name":"wp","href":"https:\/\/api.w.org\/{rel}","templated":true}]}}