{"id":328411,"date":"2024-05-10T08:00:46","date_gmt":"2024-05-10T11:00:46","guid":{"rendered":"https:\/\/www.notibras.com\/site\/?p=328411"},"modified":"2024-05-10T08:41:49","modified_gmt":"2024-05-10T11:41:49","slug":"mariana-ouve-da-vo-que-terao-dia-maravilhoso","status":"publish","type":"post","link":"https:\/\/www.notibras.com\/site\/mariana-ouve-da-vo-que-terao-dia-maravilhoso\/","title":{"rendered":"Mariana ouve da v\u00f3 que ter\u00e3o dia maravilhoso"},"content":{"rendered":"<p>Isolda, assim que acordava, abria a janela do quarto e soltava os ouvidos para buscar os cantos dos p\u00e1ssaros. Sabia de cor as melodias do sabi\u00e1, que sempre pousava no parapeito da varanda. Peito estufado, o bicho bem sabia que era sucesso garantido aos olhos da mulher, que lhe lan\u00e7ava um beijo de f\u00e3 apaixonada.<\/p>\n<p>Colocava a \u00e1gua na chaleira, enquanto, atenta que era, abria aquele sorriso com o canoro som produzido pelo lindo can\u00e1rio-da-terra, que, n\u00e3o tardava, cobrava o seu quinh\u00e3o de p\u00e3o ali sobre a mesa da cozinha. Quem trabalha de gra\u00e7a \u00e9 rel\u00f3gio. Tinha fam\u00edlia para sustentar. E l\u00e1 voava alegremente o amarelinho com o sal\u00e1rio no bico.<\/p>\n<p>A mulher, curiosa que nem sagui, logo percebia o curi\u00f3 devorando o alpiste no potinho especialmente preparado para ele. V\u00e1 com calma, meu amiguinho! Do contr\u00e1rio, vai acabar que nem cantor de \u00f3pera. O p\u00e1ssaro olhava para Isolda e, de pronto, dava dois giros no ar, como resposta para tamanha provoca\u00e7\u00e3o. Em seguida, dava mais algumas bicadas no alpiste e sa\u00eda cantarolando que nem Caruso.<\/p>\n<p>Hora de sair com a Fifi, que j\u00e1 aparecia com a coleira na boca. O rabinho abanando que nem espanador. Isolda bebe o \u00faltimo gole de caf\u00e9. J\u00e1 na cal\u00e7ada, a mulher percebe que um velho amigo pousa em seu ombro. \u00c9 o coleirinha, que veio lhe contar um segredo ao p\u00e9 do ouvido. Pode deixar, meu amigo, que n\u00e3o conto pra ningu\u00e9m!<\/p>\n<p>Aquela senhora, sentada naquela cadeira de balan\u00e7o na varanda da casa da esquina, \u00e9 a Isolda. O tempo voa. Voa mesmo! Tanto \u00e9 que, perto de completar 90 anos, a velha recebeu a visita da Mariana, sua bisneta mais nova.<\/p>\n<p>\u2014 Bisa, \u00e9 verdade que a senhora conversa com os passarinhos?<\/p>\n<p>\u2014 Sim, \u00e9 verdade.<\/p>\n<p>\u2014 E o que eles falam pra senhora?<\/p>\n<p>\u2014 Mariana, hoje acordei com um bando de periquitos confabulando naquele cajueiro. Pelo que entendi da conversa, parece que o dia ser\u00e1 maravilhoso.<\/p>\n<p>Isolda, com a ajuda da menina, se levantou. As duas sorriram e, m\u00e3os dadas, foram dar uma volta pelo jardim.<\/p>\n","protected":false},"excerpt":{"rendered":"<p>Isolda, assim que acordava, abria a janela do quarto e soltava os ouvidos para buscar os cantos dos p\u00e1ssaros. Sabia de cor as melodias do sabi\u00e1, que sempre pousava no parapeito da varanda. Peito estufado, o bicho bem sabia que era sucesso garantido aos olhos da mulher, que lhe lan\u00e7ava um beijo de f\u00e3 apaixonada. [&hellip;]<\/p>\n","protected":false},"author":2,"featured_media":328412,"comment_status":"closed","ping_status":"closed","sticky":false,"template":"","format":"standard","meta":{"_acf_changed":false,"footnotes":""},"categories":[161],"tags":[],"class_list":["post-328411","post","type-post","status-publish","format-standard","has-post-thumbnail","hentry","category-quadradinho-em-foco"],"acf":[],"yoast_head":"<!-- This site is optimized with the Yoast SEO plugin v27.5 - https:\/\/yoast.com\/product\/yoast-seo-wordpress\/ -->\n<title>Mariana ouve da v\u00f3 que ter\u00e3o dia maravilhoso - Notibras<\/title>\n<meta name=\"robots\" content=\"index, follow, max-snippet:-1, max-image-preview:large, max-video-preview:-1\" \/>\n<link rel=\"canonical\" href=\"https:\/\/www.notibras.com\/site\/mariana-ouve-da-vo-que-terao-dia-maravilhoso\/\" \/>\n<meta property=\"og:locale\" content=\"pt_BR\" \/>\n<meta property=\"og:type\" content=\"article\" \/>\n<meta property=\"og:title\" content=\"Mariana ouve da v\u00f3 que ter\u00e3o dia maravilhoso - Notibras\" \/>\n<meta property=\"og:description\" content=\"Isolda, assim que acordava, abria a janela do quarto e soltava os ouvidos para buscar os cantos dos p\u00e1ssaros. Sabia de cor as melodias do sabi\u00e1, que sempre pousava no parapeito da varanda. Peito estufado, o bicho bem sabia que era sucesso garantido aos olhos da mulher, que lhe lan\u00e7ava um beijo de f\u00e3 apaixonada. [&hellip;]\" \/>\n<meta property=\"og:url\" content=\"https:\/\/www.notibras.com\/site\/mariana-ouve-da-vo-que-terao-dia-maravilhoso\/\" \/>\n<meta property=\"og:site_name\" content=\"Notibras\" \/>\n<meta property=\"article:publisher\" content=\"https:\/\/www.facebook.com\/notibras\/\" \/>\n<meta property=\"article:published_time\" content=\"2024-05-10T11:00:46+00:00\" \/>\n<meta property=\"article:modified_time\" content=\"2024-05-10T11:41:49+00:00\" \/>\n<meta property=\"og:image\" content=\"https:\/\/www.notibras.com\/site\/wp-content\/uploads\/2024\/05\/09c77f8a-f4f9-4200-824a-08c14ac9a8cf.jpeg\" \/>\n\t<meta property=\"og:image:width\" content=\"512\" \/>\n\t<meta property=\"og:image:height\" content=\"471\" \/>\n\t<meta property=\"og:image:type\" content=\"image\/jpeg\" \/>\n<meta name=\"author\" content=\"Reda\u00e7\u00e3o\" \/>\n<meta name=\"twitter:card\" content=\"summary_large_image\" \/>\n<meta name=\"twitter:creator\" content=\"@Notibras\" \/>\n<meta name=\"twitter:site\" content=\"@Notibras\" \/>\n<meta name=\"twitter:label1\" content=\"Escrito por\" \/>\n\t<meta name=\"twitter:data1\" content=\"Reda\u00e7\u00e3o\" \/>\n\t<meta name=\"twitter:label2\" content=\"Est. tempo de leitura\" \/>\n\t<meta name=\"twitter:data2\" content=\"3 minutos\" \/>\n<script type=\"application\/ld+json\" class=\"yoast-schema-graph\">{\"@context\":\"https:\\\/\\\/schema.org\",\"@graph\":[{\"@type\":\"Article\",\"@id\":\"https:\\\/\\\/www.notibras.com\\\/site\\\/mariana-ouve-da-vo-que-terao-dia-maravilhoso\\\/#article\",\"isPartOf\":{\"@id\":\"https:\\\/\\\/www.notibras.com\\\/site\\\/mariana-ouve-da-vo-que-terao-dia-maravilhoso\\\/\"},\"author\":{\"name\":\"Reda\u00e7\u00e3o\",\"@id\":\"https:\\\/\\\/www.notibras.com\\\/site\\\/#\\\/schema\\\/person\\\/36ab0979449956132d3e5b517ea76ac8\"},\"headline\":\"Mariana ouve da v\u00f3 que ter\u00e3o dia maravilhoso\",\"datePublished\":\"2024-05-10T11:00:46+00:00\",\"dateModified\":\"2024-05-10T11:41:49+00:00\",\"mainEntityOfPage\":{\"@id\":\"https:\\\/\\\/www.notibras.com\\\/site\\\/mariana-ouve-da-vo-que-terao-dia-maravilhoso\\\/\"},\"wordCount\":362,\"publisher\":{\"@id\":\"https:\\\/\\\/www.notibras.com\\\/site\\\/#organization\"},\"image\":{\"@id\":\"https:\\\/\\\/www.notibras.com\\\/site\\\/mariana-ouve-da-vo-que-terao-dia-maravilhoso\\\/#primaryimage\"},\"thumbnailUrl\":\"https:\\\/\\\/www.notibras.com\\\/site\\\/wp-content\\\/uploads\\\/2024\\\/05\\\/09c77f8a-f4f9-4200-824a-08c14ac9a8cf.jpeg\",\"articleSection\":[\"Quadradinho em Foco\"],\"inLanguage\":\"pt-BR\"},{\"@type\":\"WebPage\",\"@id\":\"https:\\\/\\\/www.notibras.com\\\/site\\\/mariana-ouve-da-vo-que-terao-dia-maravilhoso\\\/\",\"url\":\"https:\\\/\\\/www.notibras.com\\\/site\\\/mariana-ouve-da-vo-que-terao-dia-maravilhoso\\\/\",\"name\":\"Mariana ouve da v\u00f3 que ter\u00e3o dia maravilhoso - Notibras\",\"isPartOf\":{\"@id\":\"https:\\\/\\\/www.notibras.com\\\/site\\\/#website\"},\"primaryImageOfPage\":{\"@id\":\"https:\\\/\\\/www.notibras.com\\\/site\\\/mariana-ouve-da-vo-que-terao-dia-maravilhoso\\\/#primaryimage\"},\"image\":{\"@id\":\"https:\\\/\\\/www.notibras.com\\\/site\\\/mariana-ouve-da-vo-que-terao-dia-maravilhoso\\\/#primaryimage\"},\"thumbnailUrl\":\"https:\\\/\\\/www.notibras.com\\\/site\\\/wp-content\\\/uploads\\\/2024\\\/05\\\/09c77f8a-f4f9-4200-824a-08c14ac9a8cf.jpeg\",\"datePublished\":\"2024-05-10T11:00:46+00:00\",\"dateModified\":\"2024-05-10T11:41:49+00:00\",\"breadcrumb\":{\"@id\":\"https:\\\/\\\/www.notibras.com\\\/site\\\/mariana-ouve-da-vo-que-terao-dia-maravilhoso\\\/#breadcrumb\"},\"inLanguage\":\"pt-BR\",\"potentialAction\":[{\"@type\":\"ReadAction\",\"target\":[\"https:\\\/\\\/www.notibras.com\\\/site\\\/mariana-ouve-da-vo-que-terao-dia-maravilhoso\\\/\"]}]},{\"@type\":\"ImageObject\",\"inLanguage\":\"pt-BR\",\"@id\":\"https:\\\/\\\/www.notibras.com\\\/site\\\/mariana-ouve-da-vo-que-terao-dia-maravilhoso\\\/#primaryimage\",\"url\":\"https:\\\/\\\/www.notibras.com\\\/site\\\/wp-content\\\/uploads\\\/2024\\\/05\\\/09c77f8a-f4f9-4200-824a-08c14ac9a8cf.jpeg\",\"contentUrl\":\"https:\\\/\\\/www.notibras.com\\\/site\\\/wp-content\\\/uploads\\\/2024\\\/05\\\/09c77f8a-f4f9-4200-824a-08c14ac9a8cf.jpeg\",\"width\":512,\"height\":471},{\"@type\":\"BreadcrumbList\",\"@id\":\"https:\\\/\\\/www.notibras.com\\\/site\\\/mariana-ouve-da-vo-que-terao-dia-maravilhoso\\\/#breadcrumb\",\"itemListElement\":[{\"@type\":\"ListItem\",\"position\":1,\"name\":\"In\u00edcio\",\"item\":\"https:\\\/\\\/www.notibras.com\\\/site\\\/\"},{\"@type\":\"ListItem\",\"position\":2,\"name\":\"Mariana ouve da v\u00f3 que ter\u00e3o dia maravilhoso\"}]},{\"@type\":\"WebSite\",\"@id\":\"https:\\\/\\\/www.notibras.com\\\/site\\\/#website\",\"url\":\"https:\\\/\\\/www.notibras.com\\\/site\\\/\",\"name\":\"Notibras\",\"description\":\"Not\u00edcias de Bras\u00edlia, do Brasil e do Mundo\",\"publisher\":{\"@id\":\"https:\\\/\\\/www.notibras.com\\\/site\\\/#organization\"},\"potentialAction\":[{\"@type\":\"SearchAction\",\"target\":{\"@type\":\"EntryPoint\",\"urlTemplate\":\"https:\\\/\\\/www.notibras.com\\\/site\\\/?s={search_term_string}\"},\"query-input\":{\"@type\":\"PropertyValueSpecification\",\"valueRequired\":true,\"valueName\":\"search_term_string\"}}],\"inLanguage\":\"pt-BR\"},{\"@type\":\"Organization\",\"@id\":\"https:\\\/\\\/www.notibras.com\\\/site\\\/#organization\",\"name\":\"Grupo Notibras de Comunica\u00e7\u00e3o\",\"url\":\"https:\\\/\\\/www.notibras.com\\\/site\\\/\",\"logo\":{\"@type\":\"ImageObject\",\"inLanguage\":\"pt-BR\",\"@id\":\"https:\\\/\\\/www.notibras.com\\\/site\\\/#\\\/schema\\\/logo\\\/image\\\/\",\"url\":\"https:\\\/\\\/www.notibras.com\\\/site\\\/wp-content\\\/uploads\\\/2023\\\/01\\\/notibras23.png\",\"contentUrl\":\"https:\\\/\\\/www.notibras.com\\\/site\\\/wp-content\\\/uploads\\\/2023\\\/01\\\/notibras23.png\",\"width\":350,\"height\":87,\"caption\":\"Grupo Notibras de Comunica\u00e7\u00e3o\"},\"image\":{\"@id\":\"https:\\\/\\\/www.notibras.com\\\/site\\\/#\\\/schema\\\/logo\\\/image\\\/\"},\"sameAs\":[\"https:\\\/\\\/www.facebook.com\\\/notibras\\\/\",\"https:\\\/\\\/x.com\\\/Notibras\",\"https:\\\/\\\/www.instagram.com\\\/notibras\\\/\"]},{\"@type\":\"Person\",\"@id\":\"https:\\\/\\\/www.notibras.com\\\/site\\\/#\\\/schema\\\/person\\\/36ab0979449956132d3e5b517ea76ac8\",\"name\":\"Reda\u00e7\u00e3o\",\"image\":{\"@type\":\"ImageObject\",\"inLanguage\":\"pt-BR\",\"@id\":\"https:\\\/\\\/secure.gravatar.com\\\/avatar\\\/e0a867bdedb85fd243eadf09663511f96fc81e0720a4a42581f334ad4303aa6b?s=96&d=mm&r=g\",\"url\":\"https:\\\/\\\/secure.gravatar.com\\\/avatar\\\/e0a867bdedb85fd243eadf09663511f96fc81e0720a4a42581f334ad4303aa6b?s=96&d=mm&r=g\",\"contentUrl\":\"https:\\\/\\\/secure.gravatar.com\\\/avatar\\\/e0a867bdedb85fd243eadf09663511f96fc81e0720a4a42581f334ad4303aa6b?s=96&d=mm&r=g\",\"caption\":\"Reda\u00e7\u00e3o\"}}]}<\/script>\n<!-- \/ Yoast SEO plugin. -->","yoast_head_json":{"title":"Mariana ouve da v\u00f3 que ter\u00e3o dia maravilhoso - Notibras","robots":{"index":"index","follow":"follow","max-snippet":"max-snippet:-1","max-image-preview":"max-image-preview:large","max-video-preview":"max-video-preview:-1"},"canonical":"https:\/\/www.notibras.com\/site\/mariana-ouve-da-vo-que-terao-dia-maravilhoso\/","og_locale":"pt_BR","og_type":"article","og_title":"Mariana ouve da v\u00f3 que ter\u00e3o dia maravilhoso - Notibras","og_description":"Isolda, assim que acordava, abria a janela do quarto e soltava os ouvidos para buscar os cantos dos p\u00e1ssaros. Sabia de cor as melodias do sabi\u00e1, que sempre pousava no parapeito da varanda. Peito estufado, o bicho bem sabia que era sucesso garantido aos olhos da mulher, que lhe lan\u00e7ava um beijo de f\u00e3 apaixonada. [&hellip;]","og_url":"https:\/\/www.notibras.com\/site\/mariana-ouve-da-vo-que-terao-dia-maravilhoso\/","og_site_name":"Notibras","article_publisher":"https:\/\/www.facebook.com\/notibras\/","article_published_time":"2024-05-10T11:00:46+00:00","article_modified_time":"2024-05-10T11:41:49+00:00","og_image":[{"width":512,"height":471,"url":"https:\/\/www.notibras.com\/site\/wp-content\/uploads\/2024\/05\/09c77f8a-f4f9-4200-824a-08c14ac9a8cf.jpeg","type":"image\/jpeg"}],"author":"Reda\u00e7\u00e3o","twitter_card":"summary_large_image","twitter_creator":"@Notibras","twitter_site":"@Notibras","twitter_misc":{"Escrito por":"Reda\u00e7\u00e3o","Est. tempo de leitura":"3 minutos"},"schema":{"@context":"https:\/\/schema.org","@graph":[{"@type":"Article","@id":"https:\/\/www.notibras.com\/site\/mariana-ouve-da-vo-que-terao-dia-maravilhoso\/#article","isPartOf":{"@id":"https:\/\/www.notibras.com\/site\/mariana-ouve-da-vo-que-terao-dia-maravilhoso\/"},"author":{"name":"Reda\u00e7\u00e3o","@id":"https:\/\/www.notibras.com\/site\/#\/schema\/person\/36ab0979449956132d3e5b517ea76ac8"},"headline":"Mariana ouve da v\u00f3 que ter\u00e3o dia maravilhoso","datePublished":"2024-05-10T11:00:46+00:00","dateModified":"2024-05-10T11:41:49+00:00","mainEntityOfPage":{"@id":"https:\/\/www.notibras.com\/site\/mariana-ouve-da-vo-que-terao-dia-maravilhoso\/"},"wordCount":362,"publisher":{"@id":"https:\/\/www.notibras.com\/site\/#organization"},"image":{"@id":"https:\/\/www.notibras.com\/site\/mariana-ouve-da-vo-que-terao-dia-maravilhoso\/#primaryimage"},"thumbnailUrl":"https:\/\/www.notibras.com\/site\/wp-content\/uploads\/2024\/05\/09c77f8a-f4f9-4200-824a-08c14ac9a8cf.jpeg","articleSection":["Quadradinho em Foco"],"inLanguage":"pt-BR"},{"@type":"WebPage","@id":"https:\/\/www.notibras.com\/site\/mariana-ouve-da-vo-que-terao-dia-maravilhoso\/","url":"https:\/\/www.notibras.com\/site\/mariana-ouve-da-vo-que-terao-dia-maravilhoso\/","name":"Mariana ouve da v\u00f3 que ter\u00e3o dia maravilhoso - Notibras","isPartOf":{"@id":"https:\/\/www.notibras.com\/site\/#website"},"primaryImageOfPage":{"@id":"https:\/\/www.notibras.com\/site\/mariana-ouve-da-vo-que-terao-dia-maravilhoso\/#primaryimage"},"image":{"@id":"https:\/\/www.notibras.com\/site\/mariana-ouve-da-vo-que-terao-dia-maravilhoso\/#primaryimage"},"thumbnailUrl":"https:\/\/www.notibras.com\/site\/wp-content\/uploads\/2024\/05\/09c77f8a-f4f9-4200-824a-08c14ac9a8cf.jpeg","datePublished":"2024-05-10T11:00:46+00:00","dateModified":"2024-05-10T11:41:49+00:00","breadcrumb":{"@id":"https:\/\/www.notibras.com\/site\/mariana-ouve-da-vo-que-terao-dia-maravilhoso\/#breadcrumb"},"inLanguage":"pt-BR","potentialAction":[{"@type":"ReadAction","target":["https:\/\/www.notibras.com\/site\/mariana-ouve-da-vo-que-terao-dia-maravilhoso\/"]}]},{"@type":"ImageObject","inLanguage":"pt-BR","@id":"https:\/\/www.notibras.com\/site\/mariana-ouve-da-vo-que-terao-dia-maravilhoso\/#primaryimage","url":"https:\/\/www.notibras.com\/site\/wp-content\/uploads\/2024\/05\/09c77f8a-f4f9-4200-824a-08c14ac9a8cf.jpeg","contentUrl":"https:\/\/www.notibras.com\/site\/wp-content\/uploads\/2024\/05\/09c77f8a-f4f9-4200-824a-08c14ac9a8cf.jpeg","width":512,"height":471},{"@type":"BreadcrumbList","@id":"https:\/\/www.notibras.com\/site\/mariana-ouve-da-vo-que-terao-dia-maravilhoso\/#breadcrumb","itemListElement":[{"@type":"ListItem","position":1,"name":"In\u00edcio","item":"https:\/\/www.notibras.com\/site\/"},{"@type":"ListItem","position":2,"name":"Mariana ouve da v\u00f3 que ter\u00e3o dia maravilhoso"}]},{"@type":"WebSite","@id":"https:\/\/www.notibras.com\/site\/#website","url":"https:\/\/www.notibras.com\/site\/","name":"Notibras","description":"Not\u00edcias de Bras\u00edlia, do Brasil e do Mundo","publisher":{"@id":"https:\/\/www.notibras.com\/site\/#organization"},"potentialAction":[{"@type":"SearchAction","target":{"@type":"EntryPoint","urlTemplate":"https:\/\/www.notibras.com\/site\/?s={search_term_string}"},"query-input":{"@type":"PropertyValueSpecification","valueRequired":true,"valueName":"search_term_string"}}],"inLanguage":"pt-BR"},{"@type":"Organization","@id":"https:\/\/www.notibras.com\/site\/#organization","name":"Grupo Notibras de Comunica\u00e7\u00e3o","url":"https:\/\/www.notibras.com\/site\/","logo":{"@type":"ImageObject","inLanguage":"pt-BR","@id":"https:\/\/www.notibras.com\/site\/#\/schema\/logo\/image\/","url":"https:\/\/www.notibras.com\/site\/wp-content\/uploads\/2023\/01\/notibras23.png","contentUrl":"https:\/\/www.notibras.com\/site\/wp-content\/uploads\/2023\/01\/notibras23.png","width":350,"height":87,"caption":"Grupo Notibras de Comunica\u00e7\u00e3o"},"image":{"@id":"https:\/\/www.notibras.com\/site\/#\/schema\/logo\/image\/"},"sameAs":["https:\/\/www.facebook.com\/notibras\/","https:\/\/x.com\/Notibras","https:\/\/www.instagram.com\/notibras\/"]},{"@type":"Person","@id":"https:\/\/www.notibras.com\/site\/#\/schema\/person\/36ab0979449956132d3e5b517ea76ac8","name":"Reda\u00e7\u00e3o","image":{"@type":"ImageObject","inLanguage":"pt-BR","@id":"https:\/\/secure.gravatar.com\/avatar\/e0a867bdedb85fd243eadf09663511f96fc81e0720a4a42581f334ad4303aa6b?s=96&d=mm&r=g","url":"https:\/\/secure.gravatar.com\/avatar\/e0a867bdedb85fd243eadf09663511f96fc81e0720a4a42581f334ad4303aa6b?s=96&d=mm&r=g","contentUrl":"https:\/\/secure.gravatar.com\/avatar\/e0a867bdedb85fd243eadf09663511f96fc81e0720a4a42581f334ad4303aa6b?s=96&d=mm&r=g","caption":"Reda\u00e7\u00e3o"}}]}},"amp_enabled":true,"_links":{"self":[{"href":"https:\/\/www.notibras.com\/site\/wp-json\/wp\/v2\/posts\/328411","targetHints":{"allow":["GET"]}}],"collection":[{"href":"https:\/\/www.notibras.com\/site\/wp-json\/wp\/v2\/posts"}],"about":[{"href":"https:\/\/www.notibras.com\/site\/wp-json\/wp\/v2\/types\/post"}],"author":[{"embeddable":true,"href":"https:\/\/www.notibras.com\/site\/wp-json\/wp\/v2\/users\/2"}],"replies":[{"embeddable":true,"href":"https:\/\/www.notibras.com\/site\/wp-json\/wp\/v2\/comments?post=328411"}],"version-history":[{"count":2,"href":"https:\/\/www.notibras.com\/site\/wp-json\/wp\/v2\/posts\/328411\/revisions"}],"predecessor-version":[{"id":328431,"href":"https:\/\/www.notibras.com\/site\/wp-json\/wp\/v2\/posts\/328411\/revisions\/328431"}],"wp:featuredmedia":[{"embeddable":true,"href":"https:\/\/www.notibras.com\/site\/wp-json\/wp\/v2\/media\/328412"}],"wp:attachment":[{"href":"https:\/\/www.notibras.com\/site\/wp-json\/wp\/v2\/media?parent=328411"}],"wp:term":[{"taxonomy":"category","embeddable":true,"href":"https:\/\/www.notibras.com\/site\/wp-json\/wp\/v2\/categories?post=328411"},{"taxonomy":"post_tag","embeddable":true,"href":"https:\/\/www.notibras.com\/site\/wp-json\/wp\/v2\/tags?post=328411"}],"curies":[{"name":"wp","href":"https:\/\/api.w.org\/{rel}","templated":true}]}}