{"id":328420,"date":"2024-05-10T00:00:57","date_gmt":"2024-05-10T03:00:57","guid":{"rendered":"https:\/\/www.notibras.com\/site\/?p=328420"},"modified":"2024-05-10T08:20:00","modified_gmt":"2024-05-10T11:20:00","slug":"prazo-para-inscricao-no-encceja-2024-entra-na-reta-final","status":"publish","type":"post","link":"https:\/\/www.notibras.com\/site\/prazo-para-inscricao-no-encceja-2024-entra-na-reta-final\/","title":{"rendered":"Prazo para inscri\u00e7\u00e3o no Encceja 2024 entra na reta final"},"content":{"rendered":"<p>O prazo para inscri\u00e7\u00f5es no Exame Nacional para Certifica\u00e7\u00e3o de Compet\u00eancias de Jovens e Adultos (Encceja) 2024 termina nesta sexta-feira (10). As provas ser\u00e3o aplicadas no dia 25 de agosto, em todos estados e no Distrito Federal.<\/p>\n<p>O Encceja \u00e9 voltado para a certifica\u00e7\u00e3o do ensino fundamental e m\u00e9dio. Nele s\u00e3o avaliados \u201ccompet\u00eancias, habilidades e saberes\u201d de jovens e adultos que n\u00e3o conclu\u00edram essa etapa de estudos na idade adequada. As inscri\u00e7\u00f5es devem ser feitas no Sistema Encceja.<\/p>\n<p>Termina tamb\u00e9m nesta sexta o prazo para solicita\u00e7\u00f5es de atendimento especializado e tratamento por nome social.<\/p>\n<p>Segundo o Instituto Nacional de Estudos e Pesquisas Educacionais An\u00edsio Teixeira (Inep), entidade respons\u00e1vel pela aplica\u00e7\u00e3o do exame, o atendimento especializado ser\u00e1 oferecido a participantes com baixa vis\u00e3o, cegueira, vis\u00e3o monocular, defici\u00eancia f\u00edsica, defici\u00eancia auditiva, surdez, defici\u00eancia intelectual (mental), surdocegueira, dislexia, d\u00e9ficit de aten\u00e7\u00e3o, transtorno do espectro autista e discalculia. Tamb\u00e9m podem ser contemplados gestantes, lactantes, idosos e pessoas com outras condi\u00e7\u00f5es espec\u00edficas.<\/p>\n<p>Quem n\u00e3o justificou a falta no Encceja 2023 ou teve a justificativa reprovada, dever\u00e1 ressarcir, at\u00e9 o dia 15 de maio, o valor de R$ 40 ao Inep para confirmar a inscri\u00e7\u00e3o no Encceja 2024.<\/p>\n<p>O exame conta com colabora\u00e7\u00e3o das secretarias estaduais e municipais de Educa\u00e7\u00e3o. J\u00e1 a emiss\u00e3o do certificado e da declara\u00e7\u00e3o de profici\u00eancia \u00e9 responsabilidade das secretarias de Educa\u00e7\u00e3o.<\/p>\n","protected":false},"excerpt":{"rendered":"<p>O prazo para inscri\u00e7\u00f5es no Exame Nacional para Certifica\u00e7\u00e3o de Compet\u00eancias de Jovens e Adultos (Encceja) 2024 termina nesta sexta-feira (10). As provas ser\u00e3o aplicadas no dia 25 de agosto, em todos estados e no Distrito Federal. O Encceja \u00e9 voltado para a certifica\u00e7\u00e3o do ensino fundamental e m\u00e9dio. Nele s\u00e3o avaliados \u201ccompet\u00eancias, habilidades e [&hellip;]<\/p>\n","protected":false},"author":2,"featured_media":328421,"comment_status":"closed","ping_status":"closed","sticky":false,"template":"","format":"standard","meta":{"_acf_changed":false,"footnotes":""},"categories":[161],"tags":[],"class_list":["post-328420","post","type-post","status-publish","format-standard","has-post-thumbnail","hentry","category-quadradinho-em-foco"],"acf":[],"yoast_head":"<!-- This site is optimized with the Yoast SEO plugin v27.5 - https:\/\/yoast.com\/product\/yoast-seo-wordpress\/ -->\n<title>Prazo para inscri\u00e7\u00e3o no Encceja 2024 entra na reta final - Notibras<\/title>\n<meta name=\"robots\" content=\"index, follow, max-snippet:-1, max-image-preview:large, max-video-preview:-1\" \/>\n<link rel=\"canonical\" href=\"https:\/\/www.notibras.com\/site\/prazo-para-inscricao-no-encceja-2024-entra-na-reta-final\/\" \/>\n<meta property=\"og:locale\" content=\"pt_BR\" \/>\n<meta property=\"og:type\" content=\"article\" \/>\n<meta property=\"og:title\" content=\"Prazo para inscri\u00e7\u00e3o no Encceja 2024 entra na reta final - Notibras\" \/>\n<meta property=\"og:description\" content=\"O prazo para inscri\u00e7\u00f5es no Exame Nacional para Certifica\u00e7\u00e3o de Compet\u00eancias de Jovens e Adultos (Encceja) 2024 termina nesta sexta-feira (10). As provas ser\u00e3o aplicadas no dia 25 de agosto, em todos estados e no Distrito Federal. O Encceja \u00e9 voltado para a certifica\u00e7\u00e3o do ensino fundamental e m\u00e9dio. Nele s\u00e3o avaliados \u201ccompet\u00eancias, habilidades e [&hellip;]\" \/>\n<meta property=\"og:url\" content=\"https:\/\/www.notibras.com\/site\/prazo-para-inscricao-no-encceja-2024-entra-na-reta-final\/\" \/>\n<meta property=\"og:site_name\" content=\"Notibras\" \/>\n<meta property=\"article:publisher\" content=\"https:\/\/www.facebook.com\/notibras\/\" \/>\n<meta property=\"article:published_time\" content=\"2024-05-10T03:00:57+00:00\" \/>\n<meta property=\"article:modified_time\" content=\"2024-05-10T11:20:00+00:00\" \/>\n<meta property=\"og:image\" content=\"https:\/\/www.notibras.com\/site\/wp-content\/uploads\/2024\/05\/enceja.mec_.webp\" \/>\n\t<meta property=\"og:image:width\" content=\"1170\" \/>\n\t<meta property=\"og:image:height\" content=\"700\" \/>\n\t<meta property=\"og:image:type\" content=\"image\/webp\" \/>\n<meta name=\"author\" content=\"Reda\u00e7\u00e3o\" \/>\n<meta name=\"twitter:card\" content=\"summary_large_image\" \/>\n<meta name=\"twitter:creator\" content=\"@Notibras\" \/>\n<meta name=\"twitter:site\" content=\"@Notibras\" \/>\n<meta name=\"twitter:label1\" content=\"Escrito por\" \/>\n\t<meta name=\"twitter:data1\" content=\"Reda\u00e7\u00e3o\" \/>\n\t<meta name=\"twitter:label2\" content=\"Est. tempo de leitura\" \/>\n\t<meta name=\"twitter:data2\" content=\"2 minutos\" \/>\n<script type=\"application\/ld+json\" class=\"yoast-schema-graph\">{\"@context\":\"https:\\\/\\\/schema.org\",\"@graph\":[{\"@type\":\"Article\",\"@id\":\"https:\\\/\\\/www.notibras.com\\\/site\\\/prazo-para-inscricao-no-encceja-2024-entra-na-reta-final\\\/#article\",\"isPartOf\":{\"@id\":\"https:\\\/\\\/www.notibras.com\\\/site\\\/prazo-para-inscricao-no-encceja-2024-entra-na-reta-final\\\/\"},\"author\":{\"name\":\"Reda\u00e7\u00e3o\",\"@id\":\"https:\\\/\\\/www.notibras.com\\\/site\\\/#\\\/schema\\\/person\\\/36ab0979449956132d3e5b517ea76ac8\"},\"headline\":\"Prazo para inscri\u00e7\u00e3o no Encceja 2024 entra na reta final\",\"datePublished\":\"2024-05-10T03:00:57+00:00\",\"dateModified\":\"2024-05-10T11:20:00+00:00\",\"mainEntityOfPage\":{\"@id\":\"https:\\\/\\\/www.notibras.com\\\/site\\\/prazo-para-inscricao-no-encceja-2024-entra-na-reta-final\\\/\"},\"wordCount\":256,\"publisher\":{\"@id\":\"https:\\\/\\\/www.notibras.com\\\/site\\\/#organization\"},\"image\":{\"@id\":\"https:\\\/\\\/www.notibras.com\\\/site\\\/prazo-para-inscricao-no-encceja-2024-entra-na-reta-final\\\/#primaryimage\"},\"thumbnailUrl\":\"https:\\\/\\\/www.notibras.com\\\/site\\\/wp-content\\\/uploads\\\/2024\\\/05\\\/enceja.mec_.webp\",\"articleSection\":[\"Quadradinho em Foco\"],\"inLanguage\":\"pt-BR\"},{\"@type\":\"WebPage\",\"@id\":\"https:\\\/\\\/www.notibras.com\\\/site\\\/prazo-para-inscricao-no-encceja-2024-entra-na-reta-final\\\/\",\"url\":\"https:\\\/\\\/www.notibras.com\\\/site\\\/prazo-para-inscricao-no-encceja-2024-entra-na-reta-final\\\/\",\"name\":\"Prazo para inscri\u00e7\u00e3o no Encceja 2024 entra na reta final - Notibras\",\"isPartOf\":{\"@id\":\"https:\\\/\\\/www.notibras.com\\\/site\\\/#website\"},\"primaryImageOfPage\":{\"@id\":\"https:\\\/\\\/www.notibras.com\\\/site\\\/prazo-para-inscricao-no-encceja-2024-entra-na-reta-final\\\/#primaryimage\"},\"image\":{\"@id\":\"https:\\\/\\\/www.notibras.com\\\/site\\\/prazo-para-inscricao-no-encceja-2024-entra-na-reta-final\\\/#primaryimage\"},\"thumbnailUrl\":\"https:\\\/\\\/www.notibras.com\\\/site\\\/wp-content\\\/uploads\\\/2024\\\/05\\\/enceja.mec_.webp\",\"datePublished\":\"2024-05-10T03:00:57+00:00\",\"dateModified\":\"2024-05-10T11:20:00+00:00\",\"breadcrumb\":{\"@id\":\"https:\\\/\\\/www.notibras.com\\\/site\\\/prazo-para-inscricao-no-encceja-2024-entra-na-reta-final\\\/#breadcrumb\"},\"inLanguage\":\"pt-BR\",\"potentialAction\":[{\"@type\":\"ReadAction\",\"target\":[\"https:\\\/\\\/www.notibras.com\\\/site\\\/prazo-para-inscricao-no-encceja-2024-entra-na-reta-final\\\/\"]}]},{\"@type\":\"ImageObject\",\"inLanguage\":\"pt-BR\",\"@id\":\"https:\\\/\\\/www.notibras.com\\\/site\\\/prazo-para-inscricao-no-encceja-2024-entra-na-reta-final\\\/#primaryimage\",\"url\":\"https:\\\/\\\/www.notibras.com\\\/site\\\/wp-content\\\/uploads\\\/2024\\\/05\\\/enceja.mec_.webp\",\"contentUrl\":\"https:\\\/\\\/www.notibras.com\\\/site\\\/wp-content\\\/uploads\\\/2024\\\/05\\\/enceja.mec_.webp\",\"width\":1170,\"height\":700},{\"@type\":\"BreadcrumbList\",\"@id\":\"https:\\\/\\\/www.notibras.com\\\/site\\\/prazo-para-inscricao-no-encceja-2024-entra-na-reta-final\\\/#breadcrumb\",\"itemListElement\":[{\"@type\":\"ListItem\",\"position\":1,\"name\":\"In\u00edcio\",\"item\":\"https:\\\/\\\/www.notibras.com\\\/site\\\/\"},{\"@type\":\"ListItem\",\"position\":2,\"name\":\"Prazo para inscri\u00e7\u00e3o no Encceja 2024 entra na reta final\"}]},{\"@type\":\"WebSite\",\"@id\":\"https:\\\/\\\/www.notibras.com\\\/site\\\/#website\",\"url\":\"https:\\\/\\\/www.notibras.com\\\/site\\\/\",\"name\":\"Notibras\",\"description\":\"Not\u00edcias de Bras\u00edlia, do Brasil e do Mundo\",\"publisher\":{\"@id\":\"https:\\\/\\\/www.notibras.com\\\/site\\\/#organization\"},\"potentialAction\":[{\"@type\":\"SearchAction\",\"target\":{\"@type\":\"EntryPoint\",\"urlTemplate\":\"https:\\\/\\\/www.notibras.com\\\/site\\\/?s={search_term_string}\"},\"query-input\":{\"@type\":\"PropertyValueSpecification\",\"valueRequired\":true,\"valueName\":\"search_term_string\"}}],\"inLanguage\":\"pt-BR\"},{\"@type\":\"Organization\",\"@id\":\"https:\\\/\\\/www.notibras.com\\\/site\\\/#organization\",\"name\":\"Grupo Notibras de Comunica\u00e7\u00e3o\",\"url\":\"https:\\\/\\\/www.notibras.com\\\/site\\\/\",\"logo\":{\"@type\":\"ImageObject\",\"inLanguage\":\"pt-BR\",\"@id\":\"https:\\\/\\\/www.notibras.com\\\/site\\\/#\\\/schema\\\/logo\\\/image\\\/\",\"url\":\"https:\\\/\\\/www.notibras.com\\\/site\\\/wp-content\\\/uploads\\\/2023\\\/01\\\/notibras23.png\",\"contentUrl\":\"https:\\\/\\\/www.notibras.com\\\/site\\\/wp-content\\\/uploads\\\/2023\\\/01\\\/notibras23.png\",\"width\":350,\"height\":87,\"caption\":\"Grupo Notibras de Comunica\u00e7\u00e3o\"},\"image\":{\"@id\":\"https:\\\/\\\/www.notibras.com\\\/site\\\/#\\\/schema\\\/logo\\\/image\\\/\"},\"sameAs\":[\"https:\\\/\\\/www.facebook.com\\\/notibras\\\/\",\"https:\\\/\\\/x.com\\\/Notibras\",\"https:\\\/\\\/www.instagram.com\\\/notibras\\\/\"]},{\"@type\":\"Person\",\"@id\":\"https:\\\/\\\/www.notibras.com\\\/site\\\/#\\\/schema\\\/person\\\/36ab0979449956132d3e5b517ea76ac8\",\"name\":\"Reda\u00e7\u00e3o\",\"image\":{\"@type\":\"ImageObject\",\"inLanguage\":\"pt-BR\",\"@id\":\"https:\\\/\\\/secure.gravatar.com\\\/avatar\\\/e0a867bdedb85fd243eadf09663511f96fc81e0720a4a42581f334ad4303aa6b?s=96&d=mm&r=g\",\"url\":\"https:\\\/\\\/secure.gravatar.com\\\/avatar\\\/e0a867bdedb85fd243eadf09663511f96fc81e0720a4a42581f334ad4303aa6b?s=96&d=mm&r=g\",\"contentUrl\":\"https:\\\/\\\/secure.gravatar.com\\\/avatar\\\/e0a867bdedb85fd243eadf09663511f96fc81e0720a4a42581f334ad4303aa6b?s=96&d=mm&r=g\",\"caption\":\"Reda\u00e7\u00e3o\"}}]}<\/script>\n<!-- \/ Yoast SEO plugin. -->","yoast_head_json":{"title":"Prazo para inscri\u00e7\u00e3o no Encceja 2024 entra na reta final - Notibras","robots":{"index":"index","follow":"follow","max-snippet":"max-snippet:-1","max-image-preview":"max-image-preview:large","max-video-preview":"max-video-preview:-1"},"canonical":"https:\/\/www.notibras.com\/site\/prazo-para-inscricao-no-encceja-2024-entra-na-reta-final\/","og_locale":"pt_BR","og_type":"article","og_title":"Prazo para inscri\u00e7\u00e3o no Encceja 2024 entra na reta final - Notibras","og_description":"O prazo para inscri\u00e7\u00f5es no Exame Nacional para Certifica\u00e7\u00e3o de Compet\u00eancias de Jovens e Adultos (Encceja) 2024 termina nesta sexta-feira (10). As provas ser\u00e3o aplicadas no dia 25 de agosto, em todos estados e no Distrito Federal. O Encceja \u00e9 voltado para a certifica\u00e7\u00e3o do ensino fundamental e m\u00e9dio. Nele s\u00e3o avaliados \u201ccompet\u00eancias, habilidades e [&hellip;]","og_url":"https:\/\/www.notibras.com\/site\/prazo-para-inscricao-no-encceja-2024-entra-na-reta-final\/","og_site_name":"Notibras","article_publisher":"https:\/\/www.facebook.com\/notibras\/","article_published_time":"2024-05-10T03:00:57+00:00","article_modified_time":"2024-05-10T11:20:00+00:00","og_image":[{"width":1170,"height":700,"url":"https:\/\/www.notibras.com\/site\/wp-content\/uploads\/2024\/05\/enceja.mec_.webp","type":"image\/webp"}],"author":"Reda\u00e7\u00e3o","twitter_card":"summary_large_image","twitter_creator":"@Notibras","twitter_site":"@Notibras","twitter_misc":{"Escrito por":"Reda\u00e7\u00e3o","Est. tempo de leitura":"2 minutos"},"schema":{"@context":"https:\/\/schema.org","@graph":[{"@type":"Article","@id":"https:\/\/www.notibras.com\/site\/prazo-para-inscricao-no-encceja-2024-entra-na-reta-final\/#article","isPartOf":{"@id":"https:\/\/www.notibras.com\/site\/prazo-para-inscricao-no-encceja-2024-entra-na-reta-final\/"},"author":{"name":"Reda\u00e7\u00e3o","@id":"https:\/\/www.notibras.com\/site\/#\/schema\/person\/36ab0979449956132d3e5b517ea76ac8"},"headline":"Prazo para inscri\u00e7\u00e3o no Encceja 2024 entra na reta final","datePublished":"2024-05-10T03:00:57+00:00","dateModified":"2024-05-10T11:20:00+00:00","mainEntityOfPage":{"@id":"https:\/\/www.notibras.com\/site\/prazo-para-inscricao-no-encceja-2024-entra-na-reta-final\/"},"wordCount":256,"publisher":{"@id":"https:\/\/www.notibras.com\/site\/#organization"},"image":{"@id":"https:\/\/www.notibras.com\/site\/prazo-para-inscricao-no-encceja-2024-entra-na-reta-final\/#primaryimage"},"thumbnailUrl":"https:\/\/www.notibras.com\/site\/wp-content\/uploads\/2024\/05\/enceja.mec_.webp","articleSection":["Quadradinho em Foco"],"inLanguage":"pt-BR"},{"@type":"WebPage","@id":"https:\/\/www.notibras.com\/site\/prazo-para-inscricao-no-encceja-2024-entra-na-reta-final\/","url":"https:\/\/www.notibras.com\/site\/prazo-para-inscricao-no-encceja-2024-entra-na-reta-final\/","name":"Prazo para inscri\u00e7\u00e3o no Encceja 2024 entra na reta final - Notibras","isPartOf":{"@id":"https:\/\/www.notibras.com\/site\/#website"},"primaryImageOfPage":{"@id":"https:\/\/www.notibras.com\/site\/prazo-para-inscricao-no-encceja-2024-entra-na-reta-final\/#primaryimage"},"image":{"@id":"https:\/\/www.notibras.com\/site\/prazo-para-inscricao-no-encceja-2024-entra-na-reta-final\/#primaryimage"},"thumbnailUrl":"https:\/\/www.notibras.com\/site\/wp-content\/uploads\/2024\/05\/enceja.mec_.webp","datePublished":"2024-05-10T03:00:57+00:00","dateModified":"2024-05-10T11:20:00+00:00","breadcrumb":{"@id":"https:\/\/www.notibras.com\/site\/prazo-para-inscricao-no-encceja-2024-entra-na-reta-final\/#breadcrumb"},"inLanguage":"pt-BR","potentialAction":[{"@type":"ReadAction","target":["https:\/\/www.notibras.com\/site\/prazo-para-inscricao-no-encceja-2024-entra-na-reta-final\/"]}]},{"@type":"ImageObject","inLanguage":"pt-BR","@id":"https:\/\/www.notibras.com\/site\/prazo-para-inscricao-no-encceja-2024-entra-na-reta-final\/#primaryimage","url":"https:\/\/www.notibras.com\/site\/wp-content\/uploads\/2024\/05\/enceja.mec_.webp","contentUrl":"https:\/\/www.notibras.com\/site\/wp-content\/uploads\/2024\/05\/enceja.mec_.webp","width":1170,"height":700},{"@type":"BreadcrumbList","@id":"https:\/\/www.notibras.com\/site\/prazo-para-inscricao-no-encceja-2024-entra-na-reta-final\/#breadcrumb","itemListElement":[{"@type":"ListItem","position":1,"name":"In\u00edcio","item":"https:\/\/www.notibras.com\/site\/"},{"@type":"ListItem","position":2,"name":"Prazo para inscri\u00e7\u00e3o no Encceja 2024 entra na reta final"}]},{"@type":"WebSite","@id":"https:\/\/www.notibras.com\/site\/#website","url":"https:\/\/www.notibras.com\/site\/","name":"Notibras","description":"Not\u00edcias de Bras\u00edlia, do Brasil e do Mundo","publisher":{"@id":"https:\/\/www.notibras.com\/site\/#organization"},"potentialAction":[{"@type":"SearchAction","target":{"@type":"EntryPoint","urlTemplate":"https:\/\/www.notibras.com\/site\/?s={search_term_string}"},"query-input":{"@type":"PropertyValueSpecification","valueRequired":true,"valueName":"search_term_string"}}],"inLanguage":"pt-BR"},{"@type":"Organization","@id":"https:\/\/www.notibras.com\/site\/#organization","name":"Grupo Notibras de Comunica\u00e7\u00e3o","url":"https:\/\/www.notibras.com\/site\/","logo":{"@type":"ImageObject","inLanguage":"pt-BR","@id":"https:\/\/www.notibras.com\/site\/#\/schema\/logo\/image\/","url":"https:\/\/www.notibras.com\/site\/wp-content\/uploads\/2023\/01\/notibras23.png","contentUrl":"https:\/\/www.notibras.com\/site\/wp-content\/uploads\/2023\/01\/notibras23.png","width":350,"height":87,"caption":"Grupo Notibras de Comunica\u00e7\u00e3o"},"image":{"@id":"https:\/\/www.notibras.com\/site\/#\/schema\/logo\/image\/"},"sameAs":["https:\/\/www.facebook.com\/notibras\/","https:\/\/x.com\/Notibras","https:\/\/www.instagram.com\/notibras\/"]},{"@type":"Person","@id":"https:\/\/www.notibras.com\/site\/#\/schema\/person\/36ab0979449956132d3e5b517ea76ac8","name":"Reda\u00e7\u00e3o","image":{"@type":"ImageObject","inLanguage":"pt-BR","@id":"https:\/\/secure.gravatar.com\/avatar\/e0a867bdedb85fd243eadf09663511f96fc81e0720a4a42581f334ad4303aa6b?s=96&d=mm&r=g","url":"https:\/\/secure.gravatar.com\/avatar\/e0a867bdedb85fd243eadf09663511f96fc81e0720a4a42581f334ad4303aa6b?s=96&d=mm&r=g","contentUrl":"https:\/\/secure.gravatar.com\/avatar\/e0a867bdedb85fd243eadf09663511f96fc81e0720a4a42581f334ad4303aa6b?s=96&d=mm&r=g","caption":"Reda\u00e7\u00e3o"}}]}},"amp_enabled":true,"_links":{"self":[{"href":"https:\/\/www.notibras.com\/site\/wp-json\/wp\/v2\/posts\/328420","targetHints":{"allow":["GET"]}}],"collection":[{"href":"https:\/\/www.notibras.com\/site\/wp-json\/wp\/v2\/posts"}],"about":[{"href":"https:\/\/www.notibras.com\/site\/wp-json\/wp\/v2\/types\/post"}],"author":[{"embeddable":true,"href":"https:\/\/www.notibras.com\/site\/wp-json\/wp\/v2\/users\/2"}],"replies":[{"embeddable":true,"href":"https:\/\/www.notibras.com\/site\/wp-json\/wp\/v2\/comments?post=328420"}],"version-history":[{"count":1,"href":"https:\/\/www.notibras.com\/site\/wp-json\/wp\/v2\/posts\/328420\/revisions"}],"predecessor-version":[{"id":328422,"href":"https:\/\/www.notibras.com\/site\/wp-json\/wp\/v2\/posts\/328420\/revisions\/328422"}],"wp:featuredmedia":[{"embeddable":true,"href":"https:\/\/www.notibras.com\/site\/wp-json\/wp\/v2\/media\/328421"}],"wp:attachment":[{"href":"https:\/\/www.notibras.com\/site\/wp-json\/wp\/v2\/media?parent=328420"}],"wp:term":[{"taxonomy":"category","embeddable":true,"href":"https:\/\/www.notibras.com\/site\/wp-json\/wp\/v2\/categories?post=328420"},{"taxonomy":"post_tag","embeddable":true,"href":"https:\/\/www.notibras.com\/site\/wp-json\/wp\/v2\/tags?post=328420"}],"curies":[{"name":"wp","href":"https:\/\/api.w.org\/{rel}","templated":true}]}}