{"id":328423,"date":"2024-05-10T00:26:22","date_gmt":"2024-05-10T03:26:22","guid":{"rendered":"https:\/\/www.notibras.com\/site\/?p=328423"},"modified":"2024-05-10T08:27:59","modified_gmt":"2024-05-10T11:27:59","slug":"feiras-oferecem-boas-opcoes-em-flores-gastronomia-e-moda","status":"publish","type":"post","link":"https:\/\/www.notibras.com\/site\/feiras-oferecem-boas-opcoes-em-flores-gastronomia-e-moda\/","title":{"rendered":"Feiras oferecem boas op\u00e7\u00f5es em flores, gastronomia e moda"},"content":{"rendered":"<p>Com 38 feiras permanentes, o Distrito Federal conta com um leque de possibilidades para quem busca o presente ideal para o Dia das M\u00e3es. E n\u00e3o apenas presentes que agradam a todos os p\u00fablicos, mas tamb\u00e9m ingredientes fresquinhos para fazer aquele almo\u00e7o em fam\u00edlia nessa data especial.<\/p>\n<p>\u201cS\u00e3o mais de 80 feiras, somando as permanentes com as eventuais, que est\u00e3o sempre lotadas de pessoas que encontram o que procuram em um ambiente gostoso e com um bom pre\u00e7o\u201d, destaca o secret\u00e1rio de Governo, Jos\u00e9 Humberto Ara\u00fajo. Desde 2019, o GDF j\u00e1 destinou mais de R$ 23 milh\u00f5es para reformas e manuten\u00e7\u00f5es de feiras no DF.<\/p>\n<p>\u201c\u00c9 um mercado que se renova a cada dia e, \u00e0 medida que a gente est\u00e1 fortalecendo as feiras, mais haver\u00e1 vendas, ganhos e condi\u00e7\u00e3o das pessoas tocarem a vida por meio dessa atividade, seja ela empregando ou para o seu pr\u00f3prio sustento\u201d, observa o secret\u00e1rio.<\/p>\n<p>E, no que depender da popula\u00e7\u00e3o, n\u00e3o vai faltar movimento. Segundo a pesquisa realizada pelo Instituto Fecom\u00e9rcio-DF (IFDF) em 2023 (Com\u00e9rcio de Dia das M\u00e3es pode injetar cerca de 334 milh\u00f5es na economia do Distrito Federal ), dos 739 consumidores entrevistados, 79% disseram estar dispostos a presentear as m\u00e3es em 2024, um aumento em rela\u00e7\u00e3o aos 73,8% marcados em 2023.<\/p>\n<p>Os lojistas, por sua vez, esperam um crescimento m\u00e9dio de 19,4% nas vendas e o Dia das M\u00e3es pode movimentar R$ 334,5 milh\u00f5es na economia do DF. Os dias preferidos para compra dos presentes mantiveram um comportamento similar ao de 2023, sendo aos finais de semana \u2013 com destaque para o s\u00e1bado durante o per\u00edodo da tarde, que possui 34,1% das prefer\u00eancias.<\/p>\n<p><strong>Para todos os gostos<\/strong><br \/>\nAs feiras aparecem na pesquisa com quase 10% de procura pelo p\u00fablico que, como principais aquisi\u00e7\u00f5es, visam roupas (23,5%), cosm\u00e9ticos (20,7%) e cal\u00e7ados (17,7%), que juntos totalizam 61,9% das escolhas.<\/p>\n<p>A alta procura \u00e9 confirmada pela feirante La\u00e9rcia Holanda, 50, dona de uma loja na Feira do Guar\u00e1. \u201cA demanda mais alta aqui \u00e9 de perfumes, hidratantes e tamb\u00e9m de maquiagens. Mesmo antes de abrir a loja, sempre vinha aqui com minha m\u00e3e. Nessa data, especialmente no s\u00e1bado que antecede o dia das m\u00e3es, \u00e9 bem cheio\u201d, refor\u00e7a.<\/p>\n<p>O ge\u00f3grafo Bruno C\u00e9sar dos Santos, 23, foi um dos que se adiantou para garantir o presente para a m\u00e3e. Na procura de uma sand\u00e1lia, ele diz ter escolhido a Feira do Guar\u00e1 pela variedade de op\u00e7\u00f5es que o lugar apresenta na \u00e1rea de roupas e outros itens. \u201cTem muitas op\u00e7\u00f5es, \u00e9 perto de casa e tamb\u00e9m um lugar tradicional, principalmente quem mora na regi\u00e3o. Acho que aqui eu posso encontrar algo legal para minha m\u00e3e\u201d, ressalta.<\/p>\n<p>Para quem procura presentear com flores, a Feira da Torre de TV e a Feira dos Importados s\u00e3o escolhas frequentes. J\u00e1 para roupas, as de destaque s\u00e3o a Feira do Guar\u00e1, a Feira de S\u00e3o Sebasti\u00e3o e a Feira de Sobradinho. Confira abaixo os hor\u00e1rios de funcionamento e endere\u00e7os de cada feira.<\/p>\n<p>\u201cEu sou um grande adepto das feiras, acho que elas t\u00eam particularidades espec\u00edficas. A do Guar\u00e1, por exemplo, eu acho que tem um arranjo cultural e regional que apela mais para o lado da culin\u00e1ria e moda. Mais que outras feiras, tipo a do SIA (Feira dos Importados), que tem uma \u00eanfase maior em aspectos eletr\u00f4nicos e de tecnologia\u201d, acrescenta Bruno.<\/p>\n<p>Os eletr\u00f4nicos s\u00e3o mais procurados na Feira dos Importados e na Feira dos Importados de Taguatinga. J\u00e1 na parte de gastronomia, as feiras mais procuradas s\u00e3o a Feira Central de Ceil\u00e2ndia, a Feira Permanente do N\u00facleo Bandeirante e a Feira Azul do Gama.<\/p>\n<p>E essa parte gastron\u00f4mica \u00e9 a preferida da aposentada Aurora Porto Fernandes, 75. \u201cEu gosto de comprar queijos, doces, roscas e bolo. A Feira \u00e9 um lugar completinho, tem de tudo\u201d, declara. Com tr\u00eas filhos, Aurora ainda n\u00e3o sabe o que vai ganhar, mas afirma que j\u00e1 tem o melhor presente: \u201cTem uns que me d\u00e3o flores, outros que me d\u00e3o roupa, o que ganhar eu acho bom. At\u00e9 porque o melhor presente s\u00e3o meus filhos.\u201d<\/p>\n","protected":false},"excerpt":{"rendered":"<p>Com 38 feiras permanentes, o Distrito Federal conta com um leque de possibilidades para quem busca o presente ideal para o Dia das M\u00e3es. E n\u00e3o apenas presentes que agradam a todos os p\u00fablicos, mas tamb\u00e9m ingredientes fresquinhos para fazer aquele almo\u00e7o em fam\u00edlia nessa data especial. \u201cS\u00e3o mais de 80 feiras, somando as permanentes [&hellip;]<\/p>\n","protected":false},"author":2,"featured_media":328424,"comment_status":"closed","ping_status":"closed","sticky":false,"template":"","format":"standard","meta":{"_acf_changed":false,"footnotes":""},"categories":[161],"tags":[],"class_list":["post-328423","post","type-post","status-publish","format-standard","has-post-thumbnail","hentry","category-quadradinho-em-foco"],"acf":[],"yoast_head":"<!-- This site is optimized with the Yoast SEO plugin v27.5 - https:\/\/yoast.com\/product\/yoast-seo-wordpress\/ -->\n<title>Feiras oferecem boas op\u00e7\u00f5es em flores, gastronomia e moda - Notibras<\/title>\n<meta name=\"robots\" content=\"index, follow, max-snippet:-1, max-image-preview:large, max-video-preview:-1\" \/>\n<link rel=\"canonical\" href=\"https:\/\/www.notibras.com\/site\/feiras-oferecem-boas-opcoes-em-flores-gastronomia-e-moda\/\" \/>\n<meta property=\"og:locale\" content=\"pt_BR\" \/>\n<meta property=\"og:type\" content=\"article\" \/>\n<meta property=\"og:title\" content=\"Feiras oferecem boas op\u00e7\u00f5es em flores, gastronomia e moda - Notibras\" \/>\n<meta property=\"og:description\" content=\"Com 38 feiras permanentes, o Distrito Federal conta com um leque de possibilidades para quem busca o presente ideal para o Dia das M\u00e3es. E n\u00e3o apenas presentes que agradam a todos os p\u00fablicos, mas tamb\u00e9m ingredientes fresquinhos para fazer aquele almo\u00e7o em fam\u00edlia nessa data especial. \u201cS\u00e3o mais de 80 feiras, somando as permanentes [&hellip;]\" \/>\n<meta property=\"og:url\" content=\"https:\/\/www.notibras.com\/site\/feiras-oferecem-boas-opcoes-em-flores-gastronomia-e-moda\/\" \/>\n<meta property=\"og:site_name\" content=\"Notibras\" \/>\n<meta property=\"article:publisher\" content=\"https:\/\/www.facebook.com\/notibras\/\" \/>\n<meta property=\"article:published_time\" content=\"2024-05-10T03:26:22+00:00\" \/>\n<meta property=\"article:modified_time\" content=\"2024-05-10T11:27:59+00:00\" \/>\n<meta property=\"og:image\" content=\"https:\/\/www.notibras.com\/site\/wp-content\/uploads\/2024\/05\/dentro-5-1536x1058-1.jpg\" \/>\n\t<meta property=\"og:image:width\" content=\"1536\" \/>\n\t<meta property=\"og:image:height\" content=\"1058\" \/>\n\t<meta property=\"og:image:type\" content=\"image\/jpeg\" \/>\n<meta name=\"author\" content=\"Reda\u00e7\u00e3o\" \/>\n<meta name=\"twitter:card\" content=\"summary_large_image\" \/>\n<meta name=\"twitter:creator\" content=\"@Notibras\" \/>\n<meta name=\"twitter:site\" content=\"@Notibras\" \/>\n<meta name=\"twitter:label1\" content=\"Escrito por\" \/>\n\t<meta name=\"twitter:data1\" content=\"Reda\u00e7\u00e3o\" \/>\n\t<meta name=\"twitter:label2\" content=\"Est. tempo de leitura\" \/>\n\t<meta name=\"twitter:data2\" content=\"4 minutos\" \/>\n<script type=\"application\/ld+json\" class=\"yoast-schema-graph\">{\"@context\":\"https:\\\/\\\/schema.org\",\"@graph\":[{\"@type\":\"Article\",\"@id\":\"https:\\\/\\\/www.notibras.com\\\/site\\\/feiras-oferecem-boas-opcoes-em-flores-gastronomia-e-moda\\\/#article\",\"isPartOf\":{\"@id\":\"https:\\\/\\\/www.notibras.com\\\/site\\\/feiras-oferecem-boas-opcoes-em-flores-gastronomia-e-moda\\\/\"},\"author\":{\"name\":\"Reda\u00e7\u00e3o\",\"@id\":\"https:\\\/\\\/www.notibras.com\\\/site\\\/#\\\/schema\\\/person\\\/36ab0979449956132d3e5b517ea76ac8\"},\"headline\":\"Feiras oferecem boas op\u00e7\u00f5es em flores, gastronomia e moda\",\"datePublished\":\"2024-05-10T03:26:22+00:00\",\"dateModified\":\"2024-05-10T11:27:59+00:00\",\"mainEntityOfPage\":{\"@id\":\"https:\\\/\\\/www.notibras.com\\\/site\\\/feiras-oferecem-boas-opcoes-em-flores-gastronomia-e-moda\\\/\"},\"wordCount\":721,\"publisher\":{\"@id\":\"https:\\\/\\\/www.notibras.com\\\/site\\\/#organization\"},\"image\":{\"@id\":\"https:\\\/\\\/www.notibras.com\\\/site\\\/feiras-oferecem-boas-opcoes-em-flores-gastronomia-e-moda\\\/#primaryimage\"},\"thumbnailUrl\":\"https:\\\/\\\/www.notibras.com\\\/site\\\/wp-content\\\/uploads\\\/2024\\\/05\\\/dentro-5-1536x1058-1.jpg\",\"articleSection\":[\"Quadradinho em Foco\"],\"inLanguage\":\"pt-BR\"},{\"@type\":\"WebPage\",\"@id\":\"https:\\\/\\\/www.notibras.com\\\/site\\\/feiras-oferecem-boas-opcoes-em-flores-gastronomia-e-moda\\\/\",\"url\":\"https:\\\/\\\/www.notibras.com\\\/site\\\/feiras-oferecem-boas-opcoes-em-flores-gastronomia-e-moda\\\/\",\"name\":\"Feiras oferecem boas op\u00e7\u00f5es em flores, gastronomia e moda - Notibras\",\"isPartOf\":{\"@id\":\"https:\\\/\\\/www.notibras.com\\\/site\\\/#website\"},\"primaryImageOfPage\":{\"@id\":\"https:\\\/\\\/www.notibras.com\\\/site\\\/feiras-oferecem-boas-opcoes-em-flores-gastronomia-e-moda\\\/#primaryimage\"},\"image\":{\"@id\":\"https:\\\/\\\/www.notibras.com\\\/site\\\/feiras-oferecem-boas-opcoes-em-flores-gastronomia-e-moda\\\/#primaryimage\"},\"thumbnailUrl\":\"https:\\\/\\\/www.notibras.com\\\/site\\\/wp-content\\\/uploads\\\/2024\\\/05\\\/dentro-5-1536x1058-1.jpg\",\"datePublished\":\"2024-05-10T03:26:22+00:00\",\"dateModified\":\"2024-05-10T11:27:59+00:00\",\"breadcrumb\":{\"@id\":\"https:\\\/\\\/www.notibras.com\\\/site\\\/feiras-oferecem-boas-opcoes-em-flores-gastronomia-e-moda\\\/#breadcrumb\"},\"inLanguage\":\"pt-BR\",\"potentialAction\":[{\"@type\":\"ReadAction\",\"target\":[\"https:\\\/\\\/www.notibras.com\\\/site\\\/feiras-oferecem-boas-opcoes-em-flores-gastronomia-e-moda\\\/\"]}]},{\"@type\":\"ImageObject\",\"inLanguage\":\"pt-BR\",\"@id\":\"https:\\\/\\\/www.notibras.com\\\/site\\\/feiras-oferecem-boas-opcoes-em-flores-gastronomia-e-moda\\\/#primaryimage\",\"url\":\"https:\\\/\\\/www.notibras.com\\\/site\\\/wp-content\\\/uploads\\\/2024\\\/05\\\/dentro-5-1536x1058-1.jpg\",\"contentUrl\":\"https:\\\/\\\/www.notibras.com\\\/site\\\/wp-content\\\/uploads\\\/2024\\\/05\\\/dentro-5-1536x1058-1.jpg\",\"width\":1536,\"height\":1058},{\"@type\":\"BreadcrumbList\",\"@id\":\"https:\\\/\\\/www.notibras.com\\\/site\\\/feiras-oferecem-boas-opcoes-em-flores-gastronomia-e-moda\\\/#breadcrumb\",\"itemListElement\":[{\"@type\":\"ListItem\",\"position\":1,\"name\":\"In\u00edcio\",\"item\":\"https:\\\/\\\/www.notibras.com\\\/site\\\/\"},{\"@type\":\"ListItem\",\"position\":2,\"name\":\"Feiras oferecem boas op\u00e7\u00f5es em flores, gastronomia e moda\"}]},{\"@type\":\"WebSite\",\"@id\":\"https:\\\/\\\/www.notibras.com\\\/site\\\/#website\",\"url\":\"https:\\\/\\\/www.notibras.com\\\/site\\\/\",\"name\":\"Notibras\",\"description\":\"Not\u00edcias de Bras\u00edlia, do Brasil e do Mundo\",\"publisher\":{\"@id\":\"https:\\\/\\\/www.notibras.com\\\/site\\\/#organization\"},\"potentialAction\":[{\"@type\":\"SearchAction\",\"target\":{\"@type\":\"EntryPoint\",\"urlTemplate\":\"https:\\\/\\\/www.notibras.com\\\/site\\\/?s={search_term_string}\"},\"query-input\":{\"@type\":\"PropertyValueSpecification\",\"valueRequired\":true,\"valueName\":\"search_term_string\"}}],\"inLanguage\":\"pt-BR\"},{\"@type\":\"Organization\",\"@id\":\"https:\\\/\\\/www.notibras.com\\\/site\\\/#organization\",\"name\":\"Grupo Notibras de Comunica\u00e7\u00e3o\",\"url\":\"https:\\\/\\\/www.notibras.com\\\/site\\\/\",\"logo\":{\"@type\":\"ImageObject\",\"inLanguage\":\"pt-BR\",\"@id\":\"https:\\\/\\\/www.notibras.com\\\/site\\\/#\\\/schema\\\/logo\\\/image\\\/\",\"url\":\"https:\\\/\\\/www.notibras.com\\\/site\\\/wp-content\\\/uploads\\\/2023\\\/01\\\/notibras23.png\",\"contentUrl\":\"https:\\\/\\\/www.notibras.com\\\/site\\\/wp-content\\\/uploads\\\/2023\\\/01\\\/notibras23.png\",\"width\":350,\"height\":87,\"caption\":\"Grupo Notibras de Comunica\u00e7\u00e3o\"},\"image\":{\"@id\":\"https:\\\/\\\/www.notibras.com\\\/site\\\/#\\\/schema\\\/logo\\\/image\\\/\"},\"sameAs\":[\"https:\\\/\\\/www.facebook.com\\\/notibras\\\/\",\"https:\\\/\\\/x.com\\\/Notibras\",\"https:\\\/\\\/www.instagram.com\\\/notibras\\\/\"]},{\"@type\":\"Person\",\"@id\":\"https:\\\/\\\/www.notibras.com\\\/site\\\/#\\\/schema\\\/person\\\/36ab0979449956132d3e5b517ea76ac8\",\"name\":\"Reda\u00e7\u00e3o\",\"image\":{\"@type\":\"ImageObject\",\"inLanguage\":\"pt-BR\",\"@id\":\"https:\\\/\\\/secure.gravatar.com\\\/avatar\\\/e0a867bdedb85fd243eadf09663511f96fc81e0720a4a42581f334ad4303aa6b?s=96&d=mm&r=g\",\"url\":\"https:\\\/\\\/secure.gravatar.com\\\/avatar\\\/e0a867bdedb85fd243eadf09663511f96fc81e0720a4a42581f334ad4303aa6b?s=96&d=mm&r=g\",\"contentUrl\":\"https:\\\/\\\/secure.gravatar.com\\\/avatar\\\/e0a867bdedb85fd243eadf09663511f96fc81e0720a4a42581f334ad4303aa6b?s=96&d=mm&r=g\",\"caption\":\"Reda\u00e7\u00e3o\"}}]}<\/script>\n<!-- \/ Yoast SEO plugin. -->","yoast_head_json":{"title":"Feiras oferecem boas op\u00e7\u00f5es em flores, gastronomia e moda - Notibras","robots":{"index":"index","follow":"follow","max-snippet":"max-snippet:-1","max-image-preview":"max-image-preview:large","max-video-preview":"max-video-preview:-1"},"canonical":"https:\/\/www.notibras.com\/site\/feiras-oferecem-boas-opcoes-em-flores-gastronomia-e-moda\/","og_locale":"pt_BR","og_type":"article","og_title":"Feiras oferecem boas op\u00e7\u00f5es em flores, gastronomia e moda - Notibras","og_description":"Com 38 feiras permanentes, o Distrito Federal conta com um leque de possibilidades para quem busca o presente ideal para o Dia das M\u00e3es. E n\u00e3o apenas presentes que agradam a todos os p\u00fablicos, mas tamb\u00e9m ingredientes fresquinhos para fazer aquele almo\u00e7o em fam\u00edlia nessa data especial. \u201cS\u00e3o mais de 80 feiras, somando as permanentes [&hellip;]","og_url":"https:\/\/www.notibras.com\/site\/feiras-oferecem-boas-opcoes-em-flores-gastronomia-e-moda\/","og_site_name":"Notibras","article_publisher":"https:\/\/www.facebook.com\/notibras\/","article_published_time":"2024-05-10T03:26:22+00:00","article_modified_time":"2024-05-10T11:27:59+00:00","og_image":[{"width":1536,"height":1058,"url":"https:\/\/www.notibras.com\/site\/wp-content\/uploads\/2024\/05\/dentro-5-1536x1058-1.jpg","type":"image\/jpeg"}],"author":"Reda\u00e7\u00e3o","twitter_card":"summary_large_image","twitter_creator":"@Notibras","twitter_site":"@Notibras","twitter_misc":{"Escrito por":"Reda\u00e7\u00e3o","Est. tempo de leitura":"4 minutos"},"schema":{"@context":"https:\/\/schema.org","@graph":[{"@type":"Article","@id":"https:\/\/www.notibras.com\/site\/feiras-oferecem-boas-opcoes-em-flores-gastronomia-e-moda\/#article","isPartOf":{"@id":"https:\/\/www.notibras.com\/site\/feiras-oferecem-boas-opcoes-em-flores-gastronomia-e-moda\/"},"author":{"name":"Reda\u00e7\u00e3o","@id":"https:\/\/www.notibras.com\/site\/#\/schema\/person\/36ab0979449956132d3e5b517ea76ac8"},"headline":"Feiras oferecem boas op\u00e7\u00f5es em flores, gastronomia e moda","datePublished":"2024-05-10T03:26:22+00:00","dateModified":"2024-05-10T11:27:59+00:00","mainEntityOfPage":{"@id":"https:\/\/www.notibras.com\/site\/feiras-oferecem-boas-opcoes-em-flores-gastronomia-e-moda\/"},"wordCount":721,"publisher":{"@id":"https:\/\/www.notibras.com\/site\/#organization"},"image":{"@id":"https:\/\/www.notibras.com\/site\/feiras-oferecem-boas-opcoes-em-flores-gastronomia-e-moda\/#primaryimage"},"thumbnailUrl":"https:\/\/www.notibras.com\/site\/wp-content\/uploads\/2024\/05\/dentro-5-1536x1058-1.jpg","articleSection":["Quadradinho em Foco"],"inLanguage":"pt-BR"},{"@type":"WebPage","@id":"https:\/\/www.notibras.com\/site\/feiras-oferecem-boas-opcoes-em-flores-gastronomia-e-moda\/","url":"https:\/\/www.notibras.com\/site\/feiras-oferecem-boas-opcoes-em-flores-gastronomia-e-moda\/","name":"Feiras oferecem boas op\u00e7\u00f5es em flores, gastronomia e moda - Notibras","isPartOf":{"@id":"https:\/\/www.notibras.com\/site\/#website"},"primaryImageOfPage":{"@id":"https:\/\/www.notibras.com\/site\/feiras-oferecem-boas-opcoes-em-flores-gastronomia-e-moda\/#primaryimage"},"image":{"@id":"https:\/\/www.notibras.com\/site\/feiras-oferecem-boas-opcoes-em-flores-gastronomia-e-moda\/#primaryimage"},"thumbnailUrl":"https:\/\/www.notibras.com\/site\/wp-content\/uploads\/2024\/05\/dentro-5-1536x1058-1.jpg","datePublished":"2024-05-10T03:26:22+00:00","dateModified":"2024-05-10T11:27:59+00:00","breadcrumb":{"@id":"https:\/\/www.notibras.com\/site\/feiras-oferecem-boas-opcoes-em-flores-gastronomia-e-moda\/#breadcrumb"},"inLanguage":"pt-BR","potentialAction":[{"@type":"ReadAction","target":["https:\/\/www.notibras.com\/site\/feiras-oferecem-boas-opcoes-em-flores-gastronomia-e-moda\/"]}]},{"@type":"ImageObject","inLanguage":"pt-BR","@id":"https:\/\/www.notibras.com\/site\/feiras-oferecem-boas-opcoes-em-flores-gastronomia-e-moda\/#primaryimage","url":"https:\/\/www.notibras.com\/site\/wp-content\/uploads\/2024\/05\/dentro-5-1536x1058-1.jpg","contentUrl":"https:\/\/www.notibras.com\/site\/wp-content\/uploads\/2024\/05\/dentro-5-1536x1058-1.jpg","width":1536,"height":1058},{"@type":"BreadcrumbList","@id":"https:\/\/www.notibras.com\/site\/feiras-oferecem-boas-opcoes-em-flores-gastronomia-e-moda\/#breadcrumb","itemListElement":[{"@type":"ListItem","position":1,"name":"In\u00edcio","item":"https:\/\/www.notibras.com\/site\/"},{"@type":"ListItem","position":2,"name":"Feiras oferecem boas op\u00e7\u00f5es em flores, gastronomia e moda"}]},{"@type":"WebSite","@id":"https:\/\/www.notibras.com\/site\/#website","url":"https:\/\/www.notibras.com\/site\/","name":"Notibras","description":"Not\u00edcias de Bras\u00edlia, do Brasil e do Mundo","publisher":{"@id":"https:\/\/www.notibras.com\/site\/#organization"},"potentialAction":[{"@type":"SearchAction","target":{"@type":"EntryPoint","urlTemplate":"https:\/\/www.notibras.com\/site\/?s={search_term_string}"},"query-input":{"@type":"PropertyValueSpecification","valueRequired":true,"valueName":"search_term_string"}}],"inLanguage":"pt-BR"},{"@type":"Organization","@id":"https:\/\/www.notibras.com\/site\/#organization","name":"Grupo Notibras de Comunica\u00e7\u00e3o","url":"https:\/\/www.notibras.com\/site\/","logo":{"@type":"ImageObject","inLanguage":"pt-BR","@id":"https:\/\/www.notibras.com\/site\/#\/schema\/logo\/image\/","url":"https:\/\/www.notibras.com\/site\/wp-content\/uploads\/2023\/01\/notibras23.png","contentUrl":"https:\/\/www.notibras.com\/site\/wp-content\/uploads\/2023\/01\/notibras23.png","width":350,"height":87,"caption":"Grupo Notibras de Comunica\u00e7\u00e3o"},"image":{"@id":"https:\/\/www.notibras.com\/site\/#\/schema\/logo\/image\/"},"sameAs":["https:\/\/www.facebook.com\/notibras\/","https:\/\/x.com\/Notibras","https:\/\/www.instagram.com\/notibras\/"]},{"@type":"Person","@id":"https:\/\/www.notibras.com\/site\/#\/schema\/person\/36ab0979449956132d3e5b517ea76ac8","name":"Reda\u00e7\u00e3o","image":{"@type":"ImageObject","inLanguage":"pt-BR","@id":"https:\/\/secure.gravatar.com\/avatar\/e0a867bdedb85fd243eadf09663511f96fc81e0720a4a42581f334ad4303aa6b?s=96&d=mm&r=g","url":"https:\/\/secure.gravatar.com\/avatar\/e0a867bdedb85fd243eadf09663511f96fc81e0720a4a42581f334ad4303aa6b?s=96&d=mm&r=g","contentUrl":"https:\/\/secure.gravatar.com\/avatar\/e0a867bdedb85fd243eadf09663511f96fc81e0720a4a42581f334ad4303aa6b?s=96&d=mm&r=g","caption":"Reda\u00e7\u00e3o"}}]}},"amp_enabled":true,"_links":{"self":[{"href":"https:\/\/www.notibras.com\/site\/wp-json\/wp\/v2\/posts\/328423","targetHints":{"allow":["GET"]}}],"collection":[{"href":"https:\/\/www.notibras.com\/site\/wp-json\/wp\/v2\/posts"}],"about":[{"href":"https:\/\/www.notibras.com\/site\/wp-json\/wp\/v2\/types\/post"}],"author":[{"embeddable":true,"href":"https:\/\/www.notibras.com\/site\/wp-json\/wp\/v2\/users\/2"}],"replies":[{"embeddable":true,"href":"https:\/\/www.notibras.com\/site\/wp-json\/wp\/v2\/comments?post=328423"}],"version-history":[{"count":1,"href":"https:\/\/www.notibras.com\/site\/wp-json\/wp\/v2\/posts\/328423\/revisions"}],"predecessor-version":[{"id":328425,"href":"https:\/\/www.notibras.com\/site\/wp-json\/wp\/v2\/posts\/328423\/revisions\/328425"}],"wp:featuredmedia":[{"embeddable":true,"href":"https:\/\/www.notibras.com\/site\/wp-json\/wp\/v2\/media\/328424"}],"wp:attachment":[{"href":"https:\/\/www.notibras.com\/site\/wp-json\/wp\/v2\/media?parent=328423"}],"wp:term":[{"taxonomy":"category","embeddable":true,"href":"https:\/\/www.notibras.com\/site\/wp-json\/wp\/v2\/categories?post=328423"},{"taxonomy":"post_tag","embeddable":true,"href":"https:\/\/www.notibras.com\/site\/wp-json\/wp\/v2\/tags?post=328423"}],"curies":[{"name":"wp","href":"https:\/\/api.w.org\/{rel}","templated":true}]}}