{"id":328466,"date":"2024-05-10T15:32:32","date_gmt":"2024-05-10T18:32:32","guid":{"rendered":"https:\/\/www.notibras.com\/site\/?p=328466"},"modified":"2024-05-10T15:32:32","modified_gmt":"2024-05-10T18:32:32","slug":"governo-federal-e-servidores-tentam-acordo-salarial","status":"publish","type":"post","link":"https:\/\/www.notibras.com\/site\/governo-federal-e-servidores-tentam-acordo-salarial\/","title":{"rendered":"Governo federal e servidores tentam acordo salarial"},"content":{"rendered":"<p>Servidores federais reunidos com secret\u00e1rios do Minist\u00e9rio da Gest\u00e3o e Inova\u00e7\u00e3o est\u00e3o \u201cfrustrados e decepcionados\u201d com o desdobramento das negocia\u00e7\u00f5es, lideradas pela ministra Esther Dweck. A informa\u00e7\u00e3o \u00e9 do blog Srsiape. Nos \u00faltimos dias, pelo menos tr\u00eas categorias tiveram encontros em mesas tempor\u00e1rias de negocia\u00e7\u00e3o. Representantes das carreiras veem essas separa\u00e7\u00f5es como uma tentativa de reestrutura\u00e7\u00e3o.<\/p>\n<p>\u201cNo entanto, o governo apresenta uma proposta padr\u00e3o para todos. \u00c9 frustrante. Parece que o governo est\u00e1 escolhendo carreiras para beneficiar. Educa\u00e7\u00e3o e sa\u00fade, a base da pir\u00e2mide, recebem uma oferta padronizada\u201d, desabafa S\u00e9rgio Ronaldo da Silva, da Confedera\u00e7\u00e3o dos Trabalhadores Servi\u00e7o P\u00fablico Federal (Condsef).<\/p>\n<p>O governo manteve a proposta de recomposi\u00e7\u00e3o salarial para as categorias, com percentuais iguais aos do \u201ccarreir\u00e3o\u201d do Executivo: 9% e 3,5%, respectivamente para 2025 e 2026.<\/p>\n<p>As categorias pediram um reajuste para 2024, mas o governo n\u00e3o atendeu. Sugeriu apenas um aumento para benef\u00edcios, como aux\u00edlio alimenta\u00e7\u00e3o.<\/p>\n<p>O SindPFA considerou o resultado decepcionante. \u201cO governo prometeu mesas espec\u00edficas para discutir as distor\u00e7\u00f5es de cada categoria, mas trouxe a discuss\u00e3o da recomposi\u00e7\u00e3o para elas e pasteurizou uma proposta \u00fanica para todos, sem entrar nas especificidades\u201d, critica Jo\u00e3o Daldegan, presidente do sindicato.<\/p>\n<p>\u201cAs categorias mais privilegiadas recebem maiores percentuais, favorecendo a \u2018elite\u2019 dos servidores federais\u201d, completa.<\/p>\n<p>Na pr\u00f3xima semana, haver\u00e1 assembleias espec\u00edficas para avaliar a proposta, com possibilidade de paralisa\u00e7\u00f5es e greve. A orienta\u00e7\u00e3o do Condsef \u00e9 rejeitar as propostas apresentadas pelo governo esta semana.<\/p>\n","protected":false},"excerpt":{"rendered":"<p>Servidores federais reunidos com secret\u00e1rios do Minist\u00e9rio da Gest\u00e3o e Inova\u00e7\u00e3o est\u00e3o \u201cfrustrados e decepcionados\u201d com o desdobramento das negocia\u00e7\u00f5es, lideradas pela ministra Esther Dweck. A informa\u00e7\u00e3o \u00e9 do blog Srsiape. Nos \u00faltimos dias, pelo menos tr\u00eas categorias tiveram encontros em mesas tempor\u00e1rias de negocia\u00e7\u00e3o. Representantes das carreiras veem essas separa\u00e7\u00f5es como uma tentativa de [&hellip;]<\/p>\n","protected":false},"author":2,"featured_media":313715,"comment_status":"closed","ping_status":"closed","sticky":false,"template":"","format":"standard","meta":{"_acf_changed":false,"footnotes":""},"categories":[161],"tags":[],"class_list":["post-328466","post","type-post","status-publish","format-standard","has-post-thumbnail","hentry","category-quadradinho-em-foco"],"acf":[],"yoast_head":"<!-- This site is optimized with the Yoast SEO plugin v27.5 - https:\/\/yoast.com\/product\/yoast-seo-wordpress\/ -->\n<title>Governo federal e servidores tentam acordo salarial - Notibras<\/title>\n<meta name=\"robots\" content=\"index, follow, max-snippet:-1, max-image-preview:large, max-video-preview:-1\" \/>\n<link rel=\"canonical\" href=\"https:\/\/www.notibras.com\/site\/governo-federal-e-servidores-tentam-acordo-salarial\/\" \/>\n<meta property=\"og:locale\" content=\"pt_BR\" \/>\n<meta property=\"og:type\" content=\"article\" \/>\n<meta property=\"og:title\" content=\"Governo federal e servidores tentam acordo salarial - Notibras\" \/>\n<meta property=\"og:description\" content=\"Servidores federais reunidos com secret\u00e1rios do Minist\u00e9rio da Gest\u00e3o e Inova\u00e7\u00e3o est\u00e3o \u201cfrustrados e decepcionados\u201d com o desdobramento das negocia\u00e7\u00f5es, lideradas pela ministra Esther Dweck. A informa\u00e7\u00e3o \u00e9 do blog Srsiape. Nos \u00faltimos dias, pelo menos tr\u00eas categorias tiveram encontros em mesas tempor\u00e1rias de negocia\u00e7\u00e3o. Representantes das carreiras veem essas separa\u00e7\u00f5es como uma tentativa de [&hellip;]\" \/>\n<meta property=\"og:url\" content=\"https:\/\/www.notibras.com\/site\/governo-federal-e-servidores-tentam-acordo-salarial\/\" \/>\n<meta property=\"og:site_name\" content=\"Notibras\" \/>\n<meta property=\"article:publisher\" content=\"https:\/\/www.facebook.com\/notibras\/\" \/>\n<meta property=\"article:published_time\" content=\"2024-05-10T18:32:32+00:00\" \/>\n<meta property=\"og:image\" content=\"https:\/\/www.notibras.com\/site\/wp-content\/uploads\/2023\/09\/pzzb0193-3.jpg\" \/>\n\t<meta property=\"og:image:width\" content=\"1170\" \/>\n\t<meta property=\"og:image:height\" content=\"700\" \/>\n\t<meta property=\"og:image:type\" content=\"image\/jpeg\" \/>\n<meta name=\"author\" content=\"Reda\u00e7\u00e3o\" \/>\n<meta name=\"twitter:card\" content=\"summary_large_image\" \/>\n<meta name=\"twitter:creator\" content=\"@Notibras\" \/>\n<meta name=\"twitter:site\" content=\"@Notibras\" \/>\n<meta name=\"twitter:label1\" content=\"Escrito por\" \/>\n\t<meta name=\"twitter:data1\" content=\"Reda\u00e7\u00e3o\" \/>\n\t<meta name=\"twitter:label2\" content=\"Est. tempo de leitura\" \/>\n\t<meta name=\"twitter:data2\" content=\"2 minutos\" \/>\n<script type=\"application\/ld+json\" class=\"yoast-schema-graph\">{\"@context\":\"https:\\\/\\\/schema.org\",\"@graph\":[{\"@type\":\"Article\",\"@id\":\"https:\\\/\\\/www.notibras.com\\\/site\\\/governo-federal-e-servidores-tentam-acordo-salarial\\\/#article\",\"isPartOf\":{\"@id\":\"https:\\\/\\\/www.notibras.com\\\/site\\\/governo-federal-e-servidores-tentam-acordo-salarial\\\/\"},\"author\":{\"name\":\"Reda\u00e7\u00e3o\",\"@id\":\"https:\\\/\\\/www.notibras.com\\\/site\\\/#\\\/schema\\\/person\\\/36ab0979449956132d3e5b517ea76ac8\"},\"headline\":\"Governo federal e servidores tentam acordo salarial\",\"datePublished\":\"2024-05-10T18:32:32+00:00\",\"mainEntityOfPage\":{\"@id\":\"https:\\\/\\\/www.notibras.com\\\/site\\\/governo-federal-e-servidores-tentam-acordo-salarial\\\/\"},\"wordCount\":269,\"publisher\":{\"@id\":\"https:\\\/\\\/www.notibras.com\\\/site\\\/#organization\"},\"image\":{\"@id\":\"https:\\\/\\\/www.notibras.com\\\/site\\\/governo-federal-e-servidores-tentam-acordo-salarial\\\/#primaryimage\"},\"thumbnailUrl\":\"https:\\\/\\\/www.notibras.com\\\/site\\\/wp-content\\\/uploads\\\/2023\\\/09\\\/pzzb0193-3.jpg\",\"articleSection\":[\"Quadradinho em Foco\"],\"inLanguage\":\"pt-BR\"},{\"@type\":\"WebPage\",\"@id\":\"https:\\\/\\\/www.notibras.com\\\/site\\\/governo-federal-e-servidores-tentam-acordo-salarial\\\/\",\"url\":\"https:\\\/\\\/www.notibras.com\\\/site\\\/governo-federal-e-servidores-tentam-acordo-salarial\\\/\",\"name\":\"Governo federal e servidores tentam acordo salarial - Notibras\",\"isPartOf\":{\"@id\":\"https:\\\/\\\/www.notibras.com\\\/site\\\/#website\"},\"primaryImageOfPage\":{\"@id\":\"https:\\\/\\\/www.notibras.com\\\/site\\\/governo-federal-e-servidores-tentam-acordo-salarial\\\/#primaryimage\"},\"image\":{\"@id\":\"https:\\\/\\\/www.notibras.com\\\/site\\\/governo-federal-e-servidores-tentam-acordo-salarial\\\/#primaryimage\"},\"thumbnailUrl\":\"https:\\\/\\\/www.notibras.com\\\/site\\\/wp-content\\\/uploads\\\/2023\\\/09\\\/pzzb0193-3.jpg\",\"datePublished\":\"2024-05-10T18:32:32+00:00\",\"breadcrumb\":{\"@id\":\"https:\\\/\\\/www.notibras.com\\\/site\\\/governo-federal-e-servidores-tentam-acordo-salarial\\\/#breadcrumb\"},\"inLanguage\":\"pt-BR\",\"potentialAction\":[{\"@type\":\"ReadAction\",\"target\":[\"https:\\\/\\\/www.notibras.com\\\/site\\\/governo-federal-e-servidores-tentam-acordo-salarial\\\/\"]}]},{\"@type\":\"ImageObject\",\"inLanguage\":\"pt-BR\",\"@id\":\"https:\\\/\\\/www.notibras.com\\\/site\\\/governo-federal-e-servidores-tentam-acordo-salarial\\\/#primaryimage\",\"url\":\"https:\\\/\\\/www.notibras.com\\\/site\\\/wp-content\\\/uploads\\\/2023\\\/09\\\/pzzb0193-3.jpg\",\"contentUrl\":\"https:\\\/\\\/www.notibras.com\\\/site\\\/wp-content\\\/uploads\\\/2023\\\/09\\\/pzzb0193-3.jpg\",\"width\":1170,\"height\":700,\"caption\":\"Bras\u00edlia - 22.05.2023 - Foto Esplanada dos Minist\u00e9rios, em Bras\u00edlia. Foto: Ant\u00f4nio Cruz\\\/ Ag\u00eancia Brasil\"},{\"@type\":\"BreadcrumbList\",\"@id\":\"https:\\\/\\\/www.notibras.com\\\/site\\\/governo-federal-e-servidores-tentam-acordo-salarial\\\/#breadcrumb\",\"itemListElement\":[{\"@type\":\"ListItem\",\"position\":1,\"name\":\"In\u00edcio\",\"item\":\"https:\\\/\\\/www.notibras.com\\\/site\\\/\"},{\"@type\":\"ListItem\",\"position\":2,\"name\":\"Governo federal e servidores tentam acordo salarial\"}]},{\"@type\":\"WebSite\",\"@id\":\"https:\\\/\\\/www.notibras.com\\\/site\\\/#website\",\"url\":\"https:\\\/\\\/www.notibras.com\\\/site\\\/\",\"name\":\"Notibras\",\"description\":\"Not\u00edcias de Bras\u00edlia, do Brasil e do Mundo\",\"publisher\":{\"@id\":\"https:\\\/\\\/www.notibras.com\\\/site\\\/#organization\"},\"potentialAction\":[{\"@type\":\"SearchAction\",\"target\":{\"@type\":\"EntryPoint\",\"urlTemplate\":\"https:\\\/\\\/www.notibras.com\\\/site\\\/?s={search_term_string}\"},\"query-input\":{\"@type\":\"PropertyValueSpecification\",\"valueRequired\":true,\"valueName\":\"search_term_string\"}}],\"inLanguage\":\"pt-BR\"},{\"@type\":\"Organization\",\"@id\":\"https:\\\/\\\/www.notibras.com\\\/site\\\/#organization\",\"name\":\"Grupo Notibras de Comunica\u00e7\u00e3o\",\"url\":\"https:\\\/\\\/www.notibras.com\\\/site\\\/\",\"logo\":{\"@type\":\"ImageObject\",\"inLanguage\":\"pt-BR\",\"@id\":\"https:\\\/\\\/www.notibras.com\\\/site\\\/#\\\/schema\\\/logo\\\/image\\\/\",\"url\":\"https:\\\/\\\/www.notibras.com\\\/site\\\/wp-content\\\/uploads\\\/2023\\\/01\\\/notibras23.png\",\"contentUrl\":\"https:\\\/\\\/www.notibras.com\\\/site\\\/wp-content\\\/uploads\\\/2023\\\/01\\\/notibras23.png\",\"width\":350,\"height\":87,\"caption\":\"Grupo Notibras de Comunica\u00e7\u00e3o\"},\"image\":{\"@id\":\"https:\\\/\\\/www.notibras.com\\\/site\\\/#\\\/schema\\\/logo\\\/image\\\/\"},\"sameAs\":[\"https:\\\/\\\/www.facebook.com\\\/notibras\\\/\",\"https:\\\/\\\/x.com\\\/Notibras\",\"https:\\\/\\\/www.instagram.com\\\/notibras\\\/\"]},{\"@type\":\"Person\",\"@id\":\"https:\\\/\\\/www.notibras.com\\\/site\\\/#\\\/schema\\\/person\\\/36ab0979449956132d3e5b517ea76ac8\",\"name\":\"Reda\u00e7\u00e3o\",\"image\":{\"@type\":\"ImageObject\",\"inLanguage\":\"pt-BR\",\"@id\":\"https:\\\/\\\/secure.gravatar.com\\\/avatar\\\/e0a867bdedb85fd243eadf09663511f96fc81e0720a4a42581f334ad4303aa6b?s=96&d=mm&r=g\",\"url\":\"https:\\\/\\\/secure.gravatar.com\\\/avatar\\\/e0a867bdedb85fd243eadf09663511f96fc81e0720a4a42581f334ad4303aa6b?s=96&d=mm&r=g\",\"contentUrl\":\"https:\\\/\\\/secure.gravatar.com\\\/avatar\\\/e0a867bdedb85fd243eadf09663511f96fc81e0720a4a42581f334ad4303aa6b?s=96&d=mm&r=g\",\"caption\":\"Reda\u00e7\u00e3o\"}}]}<\/script>\n<!-- \/ Yoast SEO plugin. -->","yoast_head_json":{"title":"Governo federal e servidores tentam acordo salarial - Notibras","robots":{"index":"index","follow":"follow","max-snippet":"max-snippet:-1","max-image-preview":"max-image-preview:large","max-video-preview":"max-video-preview:-1"},"canonical":"https:\/\/www.notibras.com\/site\/governo-federal-e-servidores-tentam-acordo-salarial\/","og_locale":"pt_BR","og_type":"article","og_title":"Governo federal e servidores tentam acordo salarial - Notibras","og_description":"Servidores federais reunidos com secret\u00e1rios do Minist\u00e9rio da Gest\u00e3o e Inova\u00e7\u00e3o est\u00e3o \u201cfrustrados e decepcionados\u201d com o desdobramento das negocia\u00e7\u00f5es, lideradas pela ministra Esther Dweck. A informa\u00e7\u00e3o \u00e9 do blog Srsiape. Nos \u00faltimos dias, pelo menos tr\u00eas categorias tiveram encontros em mesas tempor\u00e1rias de negocia\u00e7\u00e3o. Representantes das carreiras veem essas separa\u00e7\u00f5es como uma tentativa de [&hellip;]","og_url":"https:\/\/www.notibras.com\/site\/governo-federal-e-servidores-tentam-acordo-salarial\/","og_site_name":"Notibras","article_publisher":"https:\/\/www.facebook.com\/notibras\/","article_published_time":"2024-05-10T18:32:32+00:00","og_image":[{"width":1170,"height":700,"url":"https:\/\/www.notibras.com\/site\/wp-content\/uploads\/2023\/09\/pzzb0193-3.jpg","type":"image\/jpeg"}],"author":"Reda\u00e7\u00e3o","twitter_card":"summary_large_image","twitter_creator":"@Notibras","twitter_site":"@Notibras","twitter_misc":{"Escrito por":"Reda\u00e7\u00e3o","Est. tempo de leitura":"2 minutos"},"schema":{"@context":"https:\/\/schema.org","@graph":[{"@type":"Article","@id":"https:\/\/www.notibras.com\/site\/governo-federal-e-servidores-tentam-acordo-salarial\/#article","isPartOf":{"@id":"https:\/\/www.notibras.com\/site\/governo-federal-e-servidores-tentam-acordo-salarial\/"},"author":{"name":"Reda\u00e7\u00e3o","@id":"https:\/\/www.notibras.com\/site\/#\/schema\/person\/36ab0979449956132d3e5b517ea76ac8"},"headline":"Governo federal e servidores tentam acordo salarial","datePublished":"2024-05-10T18:32:32+00:00","mainEntityOfPage":{"@id":"https:\/\/www.notibras.com\/site\/governo-federal-e-servidores-tentam-acordo-salarial\/"},"wordCount":269,"publisher":{"@id":"https:\/\/www.notibras.com\/site\/#organization"},"image":{"@id":"https:\/\/www.notibras.com\/site\/governo-federal-e-servidores-tentam-acordo-salarial\/#primaryimage"},"thumbnailUrl":"https:\/\/www.notibras.com\/site\/wp-content\/uploads\/2023\/09\/pzzb0193-3.jpg","articleSection":["Quadradinho em Foco"],"inLanguage":"pt-BR"},{"@type":"WebPage","@id":"https:\/\/www.notibras.com\/site\/governo-federal-e-servidores-tentam-acordo-salarial\/","url":"https:\/\/www.notibras.com\/site\/governo-federal-e-servidores-tentam-acordo-salarial\/","name":"Governo federal e servidores tentam acordo salarial - Notibras","isPartOf":{"@id":"https:\/\/www.notibras.com\/site\/#website"},"primaryImageOfPage":{"@id":"https:\/\/www.notibras.com\/site\/governo-federal-e-servidores-tentam-acordo-salarial\/#primaryimage"},"image":{"@id":"https:\/\/www.notibras.com\/site\/governo-federal-e-servidores-tentam-acordo-salarial\/#primaryimage"},"thumbnailUrl":"https:\/\/www.notibras.com\/site\/wp-content\/uploads\/2023\/09\/pzzb0193-3.jpg","datePublished":"2024-05-10T18:32:32+00:00","breadcrumb":{"@id":"https:\/\/www.notibras.com\/site\/governo-federal-e-servidores-tentam-acordo-salarial\/#breadcrumb"},"inLanguage":"pt-BR","potentialAction":[{"@type":"ReadAction","target":["https:\/\/www.notibras.com\/site\/governo-federal-e-servidores-tentam-acordo-salarial\/"]}]},{"@type":"ImageObject","inLanguage":"pt-BR","@id":"https:\/\/www.notibras.com\/site\/governo-federal-e-servidores-tentam-acordo-salarial\/#primaryimage","url":"https:\/\/www.notibras.com\/site\/wp-content\/uploads\/2023\/09\/pzzb0193-3.jpg","contentUrl":"https:\/\/www.notibras.com\/site\/wp-content\/uploads\/2023\/09\/pzzb0193-3.jpg","width":1170,"height":700,"caption":"Bras\u00edlia - 22.05.2023 - Foto Esplanada dos Minist\u00e9rios, em Bras\u00edlia. Foto: Ant\u00f4nio Cruz\/ Ag\u00eancia Brasil"},{"@type":"BreadcrumbList","@id":"https:\/\/www.notibras.com\/site\/governo-federal-e-servidores-tentam-acordo-salarial\/#breadcrumb","itemListElement":[{"@type":"ListItem","position":1,"name":"In\u00edcio","item":"https:\/\/www.notibras.com\/site\/"},{"@type":"ListItem","position":2,"name":"Governo federal e servidores tentam acordo salarial"}]},{"@type":"WebSite","@id":"https:\/\/www.notibras.com\/site\/#website","url":"https:\/\/www.notibras.com\/site\/","name":"Notibras","description":"Not\u00edcias de Bras\u00edlia, do Brasil e do Mundo","publisher":{"@id":"https:\/\/www.notibras.com\/site\/#organization"},"potentialAction":[{"@type":"SearchAction","target":{"@type":"EntryPoint","urlTemplate":"https:\/\/www.notibras.com\/site\/?s={search_term_string}"},"query-input":{"@type":"PropertyValueSpecification","valueRequired":true,"valueName":"search_term_string"}}],"inLanguage":"pt-BR"},{"@type":"Organization","@id":"https:\/\/www.notibras.com\/site\/#organization","name":"Grupo Notibras de Comunica\u00e7\u00e3o","url":"https:\/\/www.notibras.com\/site\/","logo":{"@type":"ImageObject","inLanguage":"pt-BR","@id":"https:\/\/www.notibras.com\/site\/#\/schema\/logo\/image\/","url":"https:\/\/www.notibras.com\/site\/wp-content\/uploads\/2023\/01\/notibras23.png","contentUrl":"https:\/\/www.notibras.com\/site\/wp-content\/uploads\/2023\/01\/notibras23.png","width":350,"height":87,"caption":"Grupo Notibras de Comunica\u00e7\u00e3o"},"image":{"@id":"https:\/\/www.notibras.com\/site\/#\/schema\/logo\/image\/"},"sameAs":["https:\/\/www.facebook.com\/notibras\/","https:\/\/x.com\/Notibras","https:\/\/www.instagram.com\/notibras\/"]},{"@type":"Person","@id":"https:\/\/www.notibras.com\/site\/#\/schema\/person\/36ab0979449956132d3e5b517ea76ac8","name":"Reda\u00e7\u00e3o","image":{"@type":"ImageObject","inLanguage":"pt-BR","@id":"https:\/\/secure.gravatar.com\/avatar\/e0a867bdedb85fd243eadf09663511f96fc81e0720a4a42581f334ad4303aa6b?s=96&d=mm&r=g","url":"https:\/\/secure.gravatar.com\/avatar\/e0a867bdedb85fd243eadf09663511f96fc81e0720a4a42581f334ad4303aa6b?s=96&d=mm&r=g","contentUrl":"https:\/\/secure.gravatar.com\/avatar\/e0a867bdedb85fd243eadf09663511f96fc81e0720a4a42581f334ad4303aa6b?s=96&d=mm&r=g","caption":"Reda\u00e7\u00e3o"}}]}},"amp_enabled":true,"_links":{"self":[{"href":"https:\/\/www.notibras.com\/site\/wp-json\/wp\/v2\/posts\/328466","targetHints":{"allow":["GET"]}}],"collection":[{"href":"https:\/\/www.notibras.com\/site\/wp-json\/wp\/v2\/posts"}],"about":[{"href":"https:\/\/www.notibras.com\/site\/wp-json\/wp\/v2\/types\/post"}],"author":[{"embeddable":true,"href":"https:\/\/www.notibras.com\/site\/wp-json\/wp\/v2\/users\/2"}],"replies":[{"embeddable":true,"href":"https:\/\/www.notibras.com\/site\/wp-json\/wp\/v2\/comments?post=328466"}],"version-history":[{"count":1,"href":"https:\/\/www.notibras.com\/site\/wp-json\/wp\/v2\/posts\/328466\/revisions"}],"predecessor-version":[{"id":328468,"href":"https:\/\/www.notibras.com\/site\/wp-json\/wp\/v2\/posts\/328466\/revisions\/328468"}],"wp:featuredmedia":[{"embeddable":true,"href":"https:\/\/www.notibras.com\/site\/wp-json\/wp\/v2\/media\/313715"}],"wp:attachment":[{"href":"https:\/\/www.notibras.com\/site\/wp-json\/wp\/v2\/media?parent=328466"}],"wp:term":[{"taxonomy":"category","embeddable":true,"href":"https:\/\/www.notibras.com\/site\/wp-json\/wp\/v2\/categories?post=328466"},{"taxonomy":"post_tag","embeddable":true,"href":"https:\/\/www.notibras.com\/site\/wp-json\/wp\/v2\/tags?post=328466"}],"curies":[{"name":"wp","href":"https:\/\/api.w.org\/{rel}","templated":true}]}}