{"id":328482,"date":"2024-05-11T07:59:19","date_gmt":"2024-05-11T10:59:19","guid":{"rendered":"https:\/\/www.notibras.com\/site\/?p=328482"},"modified":"2024-05-11T09:27:23","modified_gmt":"2024-05-11T12:27:23","slug":"be-3-anos-vive-aventuras-jurassicas-e-caninas","status":"publish","type":"post","link":"https:\/\/www.notibras.com\/site\/be-3-anos-vive-aventuras-jurassicas-e-caninas\/","title":{"rendered":"B\u00ea, 3 anos, vive aventuras jur\u00e1ssicas e caninas"},"content":{"rendered":"<p>Bernardo, meu neto prestes a enfrentar um novo universo do alto dos seus quase tr\u00eas anos de idade, vive momentos m\u00e1gicos, dia sim, outro tamb\u00e9m. Antes, se sua paix\u00e3o se restringia a dinossauros, agora h\u00e1 algo mais que ele \u00a0vislumbra e se entrega prazerosamente. \u00c9 a Patrulha Canina. De frente para a telinha do Notebook, ele se transforma por completo. Diria mesmo, sem medo de errar, que nesses momentos, em saindo na rua, ele teria de usar \u00f3culos escuros para que o brilho dos seus olhos n\u00e3o ofusque os raios solares.<\/p>\n<p>De um lado, seu rosto se ilumina toda vez que algu\u00e9m menciona as criaturas pr\u00e9-hist\u00f3ricas; de outro, ele se transforma em um verdadeiro representante do Olimpo, na pessoa do pequeno Ryder e os heroicos filhotes criados por Keith Chapman. A mente de Bernardo parece voar simultaneamente para os tempos antigos, imaginando como seria viver entre aqueles gigantes extintos e, de volta ao presente, sucumbir assistindo \u00e0s aventuras da &#8216;Patrulha&#8217;.<\/p>\n<p>Puxando um pouco da mem\u00f3ria, com uma carga de 70 anos acima da de Bernardo, recordo-me que, em um passeio num parque, ele avistou uma rocha incomum. Com sua curiosidade infantil agu\u00e7ada, B\u00ea come\u00e7ou a investigar. Surpresa geral. Um f\u00f3ssil! Seus olhos se arregalaram de empolga\u00e7\u00e3o enquanto ele segurava o achado com suas pequenas m\u00e3os.<\/p>\n<p>&#8220;O que \u00e9 isso, mam\u00e3e?&#8221; Bernardo perguntou, mal conseguindo conter sua anima\u00e7\u00e3o. A m\u00e3e, sorrindo ao ver a paix\u00e3o do filho, explicou: &#8220;\u00c9 um f\u00f3ssil, querido. Um registro dos animais que viveram h\u00e1 muito tempo, como os dinossauros.&#8221;<\/p>\n<p>Os olhos de Bernardo brilharam ainda mais ao ouvir isso. Ele segurou o f\u00f3ssil com rever\u00eancia, imaginando o mundo onde os dinossauros reinavam supremos. A partir daquele momento, ele sabia que sua paix\u00e3o por dinossauros s\u00f3 cresceria.<\/p>\n<p>Dias depois, Bernardo teve a oportunidade de uma visita virtual a um museu de hist\u00f3ria natural. Ele ficou encantado ao ver esqueletos completos de dinossauros, modelos em tamanho real e exposi\u00e7\u00f5es interativas. Cada sala do museu era uma nova aventura para ele, uma oportunidade de aprender mais sobre seus animais favoritos.<\/p>\n<p>Enquanto caminhava pelo museu, Bernardo come\u00e7ou a imaginar-se como um verdadeiro explorador de dinossauros. Ele sonhava em desbravar florestas antigas e encontrar f\u00f3sseis raros, como os paleontologistas que ele tanto admira.<\/p>\n<p>Ao fim do &#8216;tour&#8217; no maravilhoso mundo da Internet, Bernardo parecia exausto, mas radiante. Ele tinha um novo objetivo em mente: tornar-se um paleontologista e desvendar os mist\u00e9rios do passado. Com seu f\u00f3ssil em uma m\u00e3o e sua imagina\u00e7\u00e3o fervilhando na outra, ele mal conseguia esperar para ver onde sua paix\u00e3o por dinossauros o levaria.<\/p>\n<p>Depois de uma sopa com torradas, Bernardo olhou para o pai, para o Notebook&#8230; Pronto. L\u00e1 estava ele, agora \u00e0s voltas com os personagens da s\u00e9rie animada da Patrulha Canina.<\/p>\n<p>O amor de B\u00ea parece ser incondicional pelos seis filhotes ador\u00e1veis e corajosos liderados por Ryder. Ele assiste religiosamente a cada epis\u00f3dio, absorvendo as aventuras como se fosse parte delas.<\/p>\n<p>O ritual \u00e9 di\u00e1rio. T\u00e3o logo chega da creche, ap\u00f3s brincar no &#8216;Quarto dos Dinossauros&#8217; (sim, ele tem em casa um c\u00f4modo especial para chamar de jur\u00e1ssico), Bernardo, mesmo com seus olhinhos sonolentos j\u00e1 piscando, corre para a sala de estar. L\u00e1, sua m\u00e3e j\u00e1 tem preparado um pote de cereal e um copo de suco, prontos para acompanharem a sess\u00e3o da Patrulha Canina. Sentado no sof\u00e1, com as pernas balan\u00e7ando de excita\u00e7\u00e3o, B\u00ea a tudo assiste maravilhado, enquanto Marshall, Rubble, Chase e os outros membros da Patrulha resolvem problemas e salvam o dia em Adventure Bay.<\/p>\n<p>O fasc\u00ednio de Bernardo por esses personagens parece caminhar para al\u00e9m da tela. Ele come\u00e7ou a recriar suas aventuras na garagem da casa, usando seus pr\u00f3prios brinquedos como substitutos para os ve\u00edculos e os filhotes. O balan\u00e7o se transforma em um helic\u00f3ptero, e sua graciosa cadela Maggie assume o papel de Chase, o pastor alem\u00e3o destemido e leal do desenho.<\/p>\n<p>Mas n\u00e3o \u00e9 apenas a a\u00e7\u00e3o que prende a aten\u00e7\u00e3o de Bernardo. Ele tamb\u00e9m se encanta com as mensagens positivas que o desenho transmite. A cada epis\u00f3dio, aprende sobre trabalho em equipe, coragem e gentileza. Ele absorve esses valores como uma esponja, levando-os consigo para suas pr\u00f3prias intera\u00e7\u00f5es com amigos e familiares.<\/p>\n<p>\u00c0 medida que os dias se transformam em semanas e as semanas em meses, o amor de B\u00ea pela Patrulha Canina s\u00f3 cresce. Seus pais o veem com admira\u00e7\u00e3o, maravilhados com a capacidade de uma simples s\u00e9rie animada inspirar tanto entusiasmo e imagina\u00e7\u00e3o em seu filho.<\/p>\n<p>Bernardo continua sua jornada di\u00e1ria imagin\u00e1ria ao lado dos temidos T-Rex e da Patrulha Canina. S\u00e3o duas fontes inesgot\u00e1veis de alegria, divers\u00e3o e inspira\u00e7\u00e3o para um cora\u00e7\u00e3o infantil cheio de sonhos e imagina\u00e7\u00e3o. \u00c9 com esse amor que B\u00ea est\u00e1 sempre embarcando em descobertas e aventuras que o levam a lugares que ele jamais pensara.<\/p>\n","protected":false},"excerpt":{"rendered":"<p>Bernardo, meu neto prestes a enfrentar um novo universo do alto dos seus quase tr\u00eas anos de idade, vive momentos m\u00e1gicos, dia sim, outro tamb\u00e9m. Antes, se sua paix\u00e3o se restringia a dinossauros, agora h\u00e1 algo mais que ele \u00a0vislumbra e se entrega prazerosamente. \u00c9 a Patrulha Canina. De frente para a telinha do Notebook, [&hellip;]<\/p>\n","protected":false},"author":2,"featured_media":328483,"comment_status":"closed","ping_status":"closed","sticky":false,"template":"","format":"standard","meta":{"_acf_changed":false,"footnotes":""},"categories":[161],"tags":[],"class_list":["post-328482","post","type-post","status-publish","format-standard","has-post-thumbnail","hentry","category-quadradinho-em-foco"],"acf":[],"yoast_head":"<!-- This site is optimized with the Yoast SEO plugin v27.5 - https:\/\/yoast.com\/product\/yoast-seo-wordpress\/ -->\n<title>B\u00ea, 3 anos, vive aventuras jur\u00e1ssicas e caninas - Notibras<\/title>\n<meta name=\"robots\" content=\"index, follow, max-snippet:-1, max-image-preview:large, max-video-preview:-1\" \/>\n<link rel=\"canonical\" href=\"https:\/\/www.notibras.com\/site\/be-3-anos-vive-aventuras-jurassicas-e-caninas\/\" \/>\n<meta property=\"og:locale\" content=\"pt_BR\" \/>\n<meta property=\"og:type\" content=\"article\" \/>\n<meta property=\"og:title\" content=\"B\u00ea, 3 anos, vive aventuras jur\u00e1ssicas e caninas - Notibras\" \/>\n<meta property=\"og:description\" content=\"Bernardo, meu neto prestes a enfrentar um novo universo do alto dos seus quase tr\u00eas anos de idade, vive momentos m\u00e1gicos, dia sim, outro tamb\u00e9m. Antes, se sua paix\u00e3o se restringia a dinossauros, agora h\u00e1 algo mais que ele \u00a0vislumbra e se entrega prazerosamente. \u00c9 a Patrulha Canina. De frente para a telinha do Notebook, [&hellip;]\" \/>\n<meta property=\"og:url\" content=\"https:\/\/www.notibras.com\/site\/be-3-anos-vive-aventuras-jurassicas-e-caninas\/\" \/>\n<meta property=\"og:site_name\" content=\"Notibras\" \/>\n<meta property=\"article:publisher\" content=\"https:\/\/www.facebook.com\/notibras\/\" \/>\n<meta property=\"article:published_time\" content=\"2024-05-11T10:59:19+00:00\" \/>\n<meta property=\"article:modified_time\" content=\"2024-05-11T12:27:23+00:00\" \/>\n<meta property=\"og:image\" content=\"https:\/\/www.notibras.com\/site\/wp-content\/uploads\/2024\/05\/19857d77-2938-494a-b773-72353b0daa1b.jpeg\" \/>\n\t<meta property=\"og:image:width\" content=\"900\" \/>\n\t<meta property=\"og:image:height\" content=\"708\" \/>\n\t<meta property=\"og:image:type\" content=\"image\/jpeg\" \/>\n<meta name=\"author\" content=\"Reda\u00e7\u00e3o\" \/>\n<meta name=\"twitter:card\" content=\"summary_large_image\" \/>\n<meta name=\"twitter:creator\" content=\"@Notibras\" \/>\n<meta name=\"twitter:site\" content=\"@Notibras\" \/>\n<meta name=\"twitter:label1\" content=\"Escrito por\" \/>\n\t<meta name=\"twitter:data1\" content=\"Reda\u00e7\u00e3o\" \/>\n\t<meta name=\"twitter:label2\" content=\"Est. tempo de leitura\" \/>\n\t<meta name=\"twitter:data2\" content=\"5 minutos\" \/>\n<script type=\"application\/ld+json\" class=\"yoast-schema-graph\">{\"@context\":\"https:\\\/\\\/schema.org\",\"@graph\":[{\"@type\":\"Article\",\"@id\":\"https:\\\/\\\/www.notibras.com\\\/site\\\/be-3-anos-vive-aventuras-jurassicas-e-caninas\\\/#article\",\"isPartOf\":{\"@id\":\"https:\\\/\\\/www.notibras.com\\\/site\\\/be-3-anos-vive-aventuras-jurassicas-e-caninas\\\/\"},\"author\":{\"name\":\"Reda\u00e7\u00e3o\",\"@id\":\"https:\\\/\\\/www.notibras.com\\\/site\\\/#\\\/schema\\\/person\\\/36ab0979449956132d3e5b517ea76ac8\"},\"headline\":\"B\u00ea, 3 anos, vive aventuras jur\u00e1ssicas e caninas\",\"datePublished\":\"2024-05-11T10:59:19+00:00\",\"dateModified\":\"2024-05-11T12:27:23+00:00\",\"mainEntityOfPage\":{\"@id\":\"https:\\\/\\\/www.notibras.com\\\/site\\\/be-3-anos-vive-aventuras-jurassicas-e-caninas\\\/\"},\"wordCount\":866,\"publisher\":{\"@id\":\"https:\\\/\\\/www.notibras.com\\\/site\\\/#organization\"},\"image\":{\"@id\":\"https:\\\/\\\/www.notibras.com\\\/site\\\/be-3-anos-vive-aventuras-jurassicas-e-caninas\\\/#primaryimage\"},\"thumbnailUrl\":\"https:\\\/\\\/www.notibras.com\\\/site\\\/wp-content\\\/uploads\\\/2024\\\/05\\\/19857d77-2938-494a-b773-72353b0daa1b.jpeg\",\"articleSection\":[\"Quadradinho em Foco\"],\"inLanguage\":\"pt-BR\"},{\"@type\":\"WebPage\",\"@id\":\"https:\\\/\\\/www.notibras.com\\\/site\\\/be-3-anos-vive-aventuras-jurassicas-e-caninas\\\/\",\"url\":\"https:\\\/\\\/www.notibras.com\\\/site\\\/be-3-anos-vive-aventuras-jurassicas-e-caninas\\\/\",\"name\":\"B\u00ea, 3 anos, vive aventuras jur\u00e1ssicas e caninas - Notibras\",\"isPartOf\":{\"@id\":\"https:\\\/\\\/www.notibras.com\\\/site\\\/#website\"},\"primaryImageOfPage\":{\"@id\":\"https:\\\/\\\/www.notibras.com\\\/site\\\/be-3-anos-vive-aventuras-jurassicas-e-caninas\\\/#primaryimage\"},\"image\":{\"@id\":\"https:\\\/\\\/www.notibras.com\\\/site\\\/be-3-anos-vive-aventuras-jurassicas-e-caninas\\\/#primaryimage\"},\"thumbnailUrl\":\"https:\\\/\\\/www.notibras.com\\\/site\\\/wp-content\\\/uploads\\\/2024\\\/05\\\/19857d77-2938-494a-b773-72353b0daa1b.jpeg\",\"datePublished\":\"2024-05-11T10:59:19+00:00\",\"dateModified\":\"2024-05-11T12:27:23+00:00\",\"breadcrumb\":{\"@id\":\"https:\\\/\\\/www.notibras.com\\\/site\\\/be-3-anos-vive-aventuras-jurassicas-e-caninas\\\/#breadcrumb\"},\"inLanguage\":\"pt-BR\",\"potentialAction\":[{\"@type\":\"ReadAction\",\"target\":[\"https:\\\/\\\/www.notibras.com\\\/site\\\/be-3-anos-vive-aventuras-jurassicas-e-caninas\\\/\"]}]},{\"@type\":\"ImageObject\",\"inLanguage\":\"pt-BR\",\"@id\":\"https:\\\/\\\/www.notibras.com\\\/site\\\/be-3-anos-vive-aventuras-jurassicas-e-caninas\\\/#primaryimage\",\"url\":\"https:\\\/\\\/www.notibras.com\\\/site\\\/wp-content\\\/uploads\\\/2024\\\/05\\\/19857d77-2938-494a-b773-72353b0daa1b.jpeg\",\"contentUrl\":\"https:\\\/\\\/www.notibras.com\\\/site\\\/wp-content\\\/uploads\\\/2024\\\/05\\\/19857d77-2938-494a-b773-72353b0daa1b.jpeg\",\"width\":900,\"height\":708},{\"@type\":\"BreadcrumbList\",\"@id\":\"https:\\\/\\\/www.notibras.com\\\/site\\\/be-3-anos-vive-aventuras-jurassicas-e-caninas\\\/#breadcrumb\",\"itemListElement\":[{\"@type\":\"ListItem\",\"position\":1,\"name\":\"In\u00edcio\",\"item\":\"https:\\\/\\\/www.notibras.com\\\/site\\\/\"},{\"@type\":\"ListItem\",\"position\":2,\"name\":\"B\u00ea, 3 anos, vive aventuras jur\u00e1ssicas e caninas\"}]},{\"@type\":\"WebSite\",\"@id\":\"https:\\\/\\\/www.notibras.com\\\/site\\\/#website\",\"url\":\"https:\\\/\\\/www.notibras.com\\\/site\\\/\",\"name\":\"Notibras\",\"description\":\"Not\u00edcias de Bras\u00edlia, do Brasil e do Mundo\",\"publisher\":{\"@id\":\"https:\\\/\\\/www.notibras.com\\\/site\\\/#organization\"},\"potentialAction\":[{\"@type\":\"SearchAction\",\"target\":{\"@type\":\"EntryPoint\",\"urlTemplate\":\"https:\\\/\\\/www.notibras.com\\\/site\\\/?s={search_term_string}\"},\"query-input\":{\"@type\":\"PropertyValueSpecification\",\"valueRequired\":true,\"valueName\":\"search_term_string\"}}],\"inLanguage\":\"pt-BR\"},{\"@type\":\"Organization\",\"@id\":\"https:\\\/\\\/www.notibras.com\\\/site\\\/#organization\",\"name\":\"Grupo Notibras de Comunica\u00e7\u00e3o\",\"url\":\"https:\\\/\\\/www.notibras.com\\\/site\\\/\",\"logo\":{\"@type\":\"ImageObject\",\"inLanguage\":\"pt-BR\",\"@id\":\"https:\\\/\\\/www.notibras.com\\\/site\\\/#\\\/schema\\\/logo\\\/image\\\/\",\"url\":\"https:\\\/\\\/www.notibras.com\\\/site\\\/wp-content\\\/uploads\\\/2023\\\/01\\\/notibras23.png\",\"contentUrl\":\"https:\\\/\\\/www.notibras.com\\\/site\\\/wp-content\\\/uploads\\\/2023\\\/01\\\/notibras23.png\",\"width\":350,\"height\":87,\"caption\":\"Grupo Notibras de Comunica\u00e7\u00e3o\"},\"image\":{\"@id\":\"https:\\\/\\\/www.notibras.com\\\/site\\\/#\\\/schema\\\/logo\\\/image\\\/\"},\"sameAs\":[\"https:\\\/\\\/www.facebook.com\\\/notibras\\\/\",\"https:\\\/\\\/x.com\\\/Notibras\",\"https:\\\/\\\/www.instagram.com\\\/notibras\\\/\"]},{\"@type\":\"Person\",\"@id\":\"https:\\\/\\\/www.notibras.com\\\/site\\\/#\\\/schema\\\/person\\\/36ab0979449956132d3e5b517ea76ac8\",\"name\":\"Reda\u00e7\u00e3o\",\"image\":{\"@type\":\"ImageObject\",\"inLanguage\":\"pt-BR\",\"@id\":\"https:\\\/\\\/secure.gravatar.com\\\/avatar\\\/e0a867bdedb85fd243eadf09663511f96fc81e0720a4a42581f334ad4303aa6b?s=96&d=mm&r=g\",\"url\":\"https:\\\/\\\/secure.gravatar.com\\\/avatar\\\/e0a867bdedb85fd243eadf09663511f96fc81e0720a4a42581f334ad4303aa6b?s=96&d=mm&r=g\",\"contentUrl\":\"https:\\\/\\\/secure.gravatar.com\\\/avatar\\\/e0a867bdedb85fd243eadf09663511f96fc81e0720a4a42581f334ad4303aa6b?s=96&d=mm&r=g\",\"caption\":\"Reda\u00e7\u00e3o\"}}]}<\/script>\n<!-- \/ Yoast SEO plugin. -->","yoast_head_json":{"title":"B\u00ea, 3 anos, vive aventuras jur\u00e1ssicas e caninas - Notibras","robots":{"index":"index","follow":"follow","max-snippet":"max-snippet:-1","max-image-preview":"max-image-preview:large","max-video-preview":"max-video-preview:-1"},"canonical":"https:\/\/www.notibras.com\/site\/be-3-anos-vive-aventuras-jurassicas-e-caninas\/","og_locale":"pt_BR","og_type":"article","og_title":"B\u00ea, 3 anos, vive aventuras jur\u00e1ssicas e caninas - Notibras","og_description":"Bernardo, meu neto prestes a enfrentar um novo universo do alto dos seus quase tr\u00eas anos de idade, vive momentos m\u00e1gicos, dia sim, outro tamb\u00e9m. Antes, se sua paix\u00e3o se restringia a dinossauros, agora h\u00e1 algo mais que ele \u00a0vislumbra e se entrega prazerosamente. \u00c9 a Patrulha Canina. De frente para a telinha do Notebook, [&hellip;]","og_url":"https:\/\/www.notibras.com\/site\/be-3-anos-vive-aventuras-jurassicas-e-caninas\/","og_site_name":"Notibras","article_publisher":"https:\/\/www.facebook.com\/notibras\/","article_published_time":"2024-05-11T10:59:19+00:00","article_modified_time":"2024-05-11T12:27:23+00:00","og_image":[{"width":900,"height":708,"url":"https:\/\/www.notibras.com\/site\/wp-content\/uploads\/2024\/05\/19857d77-2938-494a-b773-72353b0daa1b.jpeg","type":"image\/jpeg"}],"author":"Reda\u00e7\u00e3o","twitter_card":"summary_large_image","twitter_creator":"@Notibras","twitter_site":"@Notibras","twitter_misc":{"Escrito por":"Reda\u00e7\u00e3o","Est. tempo de leitura":"5 minutos"},"schema":{"@context":"https:\/\/schema.org","@graph":[{"@type":"Article","@id":"https:\/\/www.notibras.com\/site\/be-3-anos-vive-aventuras-jurassicas-e-caninas\/#article","isPartOf":{"@id":"https:\/\/www.notibras.com\/site\/be-3-anos-vive-aventuras-jurassicas-e-caninas\/"},"author":{"name":"Reda\u00e7\u00e3o","@id":"https:\/\/www.notibras.com\/site\/#\/schema\/person\/36ab0979449956132d3e5b517ea76ac8"},"headline":"B\u00ea, 3 anos, vive aventuras jur\u00e1ssicas e caninas","datePublished":"2024-05-11T10:59:19+00:00","dateModified":"2024-05-11T12:27:23+00:00","mainEntityOfPage":{"@id":"https:\/\/www.notibras.com\/site\/be-3-anos-vive-aventuras-jurassicas-e-caninas\/"},"wordCount":866,"publisher":{"@id":"https:\/\/www.notibras.com\/site\/#organization"},"image":{"@id":"https:\/\/www.notibras.com\/site\/be-3-anos-vive-aventuras-jurassicas-e-caninas\/#primaryimage"},"thumbnailUrl":"https:\/\/www.notibras.com\/site\/wp-content\/uploads\/2024\/05\/19857d77-2938-494a-b773-72353b0daa1b.jpeg","articleSection":["Quadradinho em Foco"],"inLanguage":"pt-BR"},{"@type":"WebPage","@id":"https:\/\/www.notibras.com\/site\/be-3-anos-vive-aventuras-jurassicas-e-caninas\/","url":"https:\/\/www.notibras.com\/site\/be-3-anos-vive-aventuras-jurassicas-e-caninas\/","name":"B\u00ea, 3 anos, vive aventuras jur\u00e1ssicas e caninas - Notibras","isPartOf":{"@id":"https:\/\/www.notibras.com\/site\/#website"},"primaryImageOfPage":{"@id":"https:\/\/www.notibras.com\/site\/be-3-anos-vive-aventuras-jurassicas-e-caninas\/#primaryimage"},"image":{"@id":"https:\/\/www.notibras.com\/site\/be-3-anos-vive-aventuras-jurassicas-e-caninas\/#primaryimage"},"thumbnailUrl":"https:\/\/www.notibras.com\/site\/wp-content\/uploads\/2024\/05\/19857d77-2938-494a-b773-72353b0daa1b.jpeg","datePublished":"2024-05-11T10:59:19+00:00","dateModified":"2024-05-11T12:27:23+00:00","breadcrumb":{"@id":"https:\/\/www.notibras.com\/site\/be-3-anos-vive-aventuras-jurassicas-e-caninas\/#breadcrumb"},"inLanguage":"pt-BR","potentialAction":[{"@type":"ReadAction","target":["https:\/\/www.notibras.com\/site\/be-3-anos-vive-aventuras-jurassicas-e-caninas\/"]}]},{"@type":"ImageObject","inLanguage":"pt-BR","@id":"https:\/\/www.notibras.com\/site\/be-3-anos-vive-aventuras-jurassicas-e-caninas\/#primaryimage","url":"https:\/\/www.notibras.com\/site\/wp-content\/uploads\/2024\/05\/19857d77-2938-494a-b773-72353b0daa1b.jpeg","contentUrl":"https:\/\/www.notibras.com\/site\/wp-content\/uploads\/2024\/05\/19857d77-2938-494a-b773-72353b0daa1b.jpeg","width":900,"height":708},{"@type":"BreadcrumbList","@id":"https:\/\/www.notibras.com\/site\/be-3-anos-vive-aventuras-jurassicas-e-caninas\/#breadcrumb","itemListElement":[{"@type":"ListItem","position":1,"name":"In\u00edcio","item":"https:\/\/www.notibras.com\/site\/"},{"@type":"ListItem","position":2,"name":"B\u00ea, 3 anos, vive aventuras jur\u00e1ssicas e caninas"}]},{"@type":"WebSite","@id":"https:\/\/www.notibras.com\/site\/#website","url":"https:\/\/www.notibras.com\/site\/","name":"Notibras","description":"Not\u00edcias de Bras\u00edlia, do Brasil e do Mundo","publisher":{"@id":"https:\/\/www.notibras.com\/site\/#organization"},"potentialAction":[{"@type":"SearchAction","target":{"@type":"EntryPoint","urlTemplate":"https:\/\/www.notibras.com\/site\/?s={search_term_string}"},"query-input":{"@type":"PropertyValueSpecification","valueRequired":true,"valueName":"search_term_string"}}],"inLanguage":"pt-BR"},{"@type":"Organization","@id":"https:\/\/www.notibras.com\/site\/#organization","name":"Grupo Notibras de Comunica\u00e7\u00e3o","url":"https:\/\/www.notibras.com\/site\/","logo":{"@type":"ImageObject","inLanguage":"pt-BR","@id":"https:\/\/www.notibras.com\/site\/#\/schema\/logo\/image\/","url":"https:\/\/www.notibras.com\/site\/wp-content\/uploads\/2023\/01\/notibras23.png","contentUrl":"https:\/\/www.notibras.com\/site\/wp-content\/uploads\/2023\/01\/notibras23.png","width":350,"height":87,"caption":"Grupo Notibras de Comunica\u00e7\u00e3o"},"image":{"@id":"https:\/\/www.notibras.com\/site\/#\/schema\/logo\/image\/"},"sameAs":["https:\/\/www.facebook.com\/notibras\/","https:\/\/x.com\/Notibras","https:\/\/www.instagram.com\/notibras\/"]},{"@type":"Person","@id":"https:\/\/www.notibras.com\/site\/#\/schema\/person\/36ab0979449956132d3e5b517ea76ac8","name":"Reda\u00e7\u00e3o","image":{"@type":"ImageObject","inLanguage":"pt-BR","@id":"https:\/\/secure.gravatar.com\/avatar\/e0a867bdedb85fd243eadf09663511f96fc81e0720a4a42581f334ad4303aa6b?s=96&d=mm&r=g","url":"https:\/\/secure.gravatar.com\/avatar\/e0a867bdedb85fd243eadf09663511f96fc81e0720a4a42581f334ad4303aa6b?s=96&d=mm&r=g","contentUrl":"https:\/\/secure.gravatar.com\/avatar\/e0a867bdedb85fd243eadf09663511f96fc81e0720a4a42581f334ad4303aa6b?s=96&d=mm&r=g","caption":"Reda\u00e7\u00e3o"}}]}},"amp_enabled":true,"_links":{"self":[{"href":"https:\/\/www.notibras.com\/site\/wp-json\/wp\/v2\/posts\/328482","targetHints":{"allow":["GET"]}}],"collection":[{"href":"https:\/\/www.notibras.com\/site\/wp-json\/wp\/v2\/posts"}],"about":[{"href":"https:\/\/www.notibras.com\/site\/wp-json\/wp\/v2\/types\/post"}],"author":[{"embeddable":true,"href":"https:\/\/www.notibras.com\/site\/wp-json\/wp\/v2\/users\/2"}],"replies":[{"embeddable":true,"href":"https:\/\/www.notibras.com\/site\/wp-json\/wp\/v2\/comments?post=328482"}],"version-history":[{"count":3,"href":"https:\/\/www.notibras.com\/site\/wp-json\/wp\/v2\/posts\/328482\/revisions"}],"predecessor-version":[{"id":328508,"href":"https:\/\/www.notibras.com\/site\/wp-json\/wp\/v2\/posts\/328482\/revisions\/328508"}],"wp:featuredmedia":[{"embeddable":true,"href":"https:\/\/www.notibras.com\/site\/wp-json\/wp\/v2\/media\/328483"}],"wp:attachment":[{"href":"https:\/\/www.notibras.com\/site\/wp-json\/wp\/v2\/media?parent=328482"}],"wp:term":[{"taxonomy":"category","embeddable":true,"href":"https:\/\/www.notibras.com\/site\/wp-json\/wp\/v2\/categories?post=328482"},{"taxonomy":"post_tag","embeddable":true,"href":"https:\/\/www.notibras.com\/site\/wp-json\/wp\/v2\/tags?post=328482"}],"curies":[{"name":"wp","href":"https:\/\/api.w.org\/{rel}","templated":true}]}}