{"id":32850,"date":"2015-01-04T08:54:22","date_gmt":"2015-01-04T11:54:22","guid":{"rendered":"http:\/\/www.notibras.com\/site\/?p=32850"},"modified":"2015-01-04T16:04:33","modified_gmt":"2015-01-04T19:04:33","slug":"minha-casa-vira-sede-de-trafico-milicias-invasoes-e-repasse-ilegal","status":"publish","type":"post","link":"https:\/\/www.notibras.com\/site\/minha-casa-vira-sede-de-trafico-milicias-invasoes-e-repasse-ilegal\/","title":{"rendered":"Minha Casa vira sede de tr\u00e1fico, mil\u00edcias e, invas\u00f5es"},"content":{"rendered":"<p class=\"text\">Moradores de im\u00f3veis do programa do governo Minha Casa Minha Vida est\u00e3o denunciando graves problemas. A lista \u00e9 vasta e vai desde o tr\u00e1fico de drogas, presen\u00e7a de mil\u00edcias, invas\u00f5es a venda ilegal de im\u00f3veis. N\u00e3o bastasse isso, os homic\u00eddios s\u00e3o crescentes.<\/p>\n<p class=\"text\">Desde abril de 2014, revela reportagem d&#8217;O Estado de S\u00e3o Paulo,108 den\u00fancias foram realizadas em 16 estados pelos moradores do programa e enviadas aos Minist\u00e9rios da Justi\u00e7a e das Cidades.<\/p>\n<p class=\"text\">Segundo a publica\u00e7\u00e3o, as den\u00fancias mais frequentes envolvem a venda de drogas: em 70% dos casos, o com\u00e9rcio ilegal permite a presen\u00e7a de traficantes que expulsam, agridem e at\u00e9 mesmo assassinam os moradores.<\/p>\n<blockquote>\n<p class=\"text\">Depois do tr\u00e1fico, o alvo de maior reclama\u00e7\u00e3o \u00e9 a invas\u00e3o de apartamentos. Em alguns condom\u00ednios, os moradores relataram, por exemplo, ter sido expulsos do im\u00f3vel \u2013 que foi transformado em boca de fumo.<\/p>\n<\/blockquote>\n<p class=\"text\">A lista foi obtida pelo jornal no Minist\u00e9rio da Justi\u00e7a. O Minist\u00e9rio das Cidades informou que entre 1,5% e 2% do investimento feito na constru\u00e7\u00e3o do condom\u00ednio \u00e9 repassado \u00e0s prefeituras das cidades para oficinas e cria\u00e7\u00e3o de estrat\u00e9gias de desenvolvimento e acompanhamento das fam\u00edlias \u2013 incluindo a capacita\u00e7\u00e3o de s\u00edndicos.<\/p>\n","protected":false},"excerpt":{"rendered":"<p>Moradores de im\u00f3veis do programa do governo Minha Casa Minha Vida est\u00e3o denunciando graves problemas. A lista \u00e9 vasta e vai desde o tr\u00e1fico de drogas, presen\u00e7a de mil\u00edcias, invas\u00f5es a venda ilegal de im\u00f3veis. N\u00e3o bastasse isso, os homic\u00eddios s\u00e3o crescentes. Desde abril de 2014, revela reportagem d&#8217;O Estado de S\u00e3o Paulo,108 den\u00fancias foram [&hellip;]<\/p>\n","protected":false},"author":2,"featured_media":32851,"comment_status":"open","ping_status":"closed","sticky":false,"template":"","format":"standard","meta":{"_acf_changed":false,"footnotes":""},"categories":[16],"tags":[],"class_list":["post-32850","post","type-post","status-publish","format-standard","has-post-thumbnail","hentry","category-brasil"],"acf":[],"yoast_head":"<!-- This site is optimized with the Yoast SEO plugin v27.2 - https:\/\/yoast.com\/product\/yoast-seo-wordpress\/ -->\n<title>Minha Casa vira sede de tr\u00e1fico, mil\u00edcias e, invas\u00f5es - Notibras<\/title>\n<meta name=\"robots\" content=\"index, follow, max-snippet:-1, max-image-preview:large, max-video-preview:-1\" \/>\n<link rel=\"canonical\" href=\"https:\/\/www.notibras.com\/site\/minha-casa-vira-sede-de-trafico-milicias-invasoes-e-repasse-ilegal\/\" \/>\n<meta property=\"og:locale\" content=\"pt_BR\" \/>\n<meta property=\"og:type\" content=\"article\" \/>\n<meta property=\"og:title\" content=\"Minha Casa vira sede de tr\u00e1fico, mil\u00edcias e, invas\u00f5es - Notibras\" \/>\n<meta property=\"og:description\" content=\"Moradores de im\u00f3veis do programa do governo Minha Casa Minha Vida est\u00e3o denunciando graves problemas. A lista \u00e9 vasta e vai desde o tr\u00e1fico de drogas, presen\u00e7a de mil\u00edcias, invas\u00f5es a venda ilegal de im\u00f3veis. N\u00e3o bastasse isso, os homic\u00eddios s\u00e3o crescentes. Desde abril de 2014, revela reportagem d&#8217;O Estado de S\u00e3o Paulo,108 den\u00fancias foram [&hellip;]\" \/>\n<meta property=\"og:url\" content=\"https:\/\/www.notibras.com\/site\/minha-casa-vira-sede-de-trafico-milicias-invasoes-e-repasse-ilegal\/\" \/>\n<meta property=\"og:site_name\" content=\"Notibras\" \/>\n<meta property=\"article:publisher\" content=\"https:\/\/www.facebook.com\/notibras\/\" \/>\n<meta property=\"article:published_time\" content=\"2015-01-04T11:54:22+00:00\" \/>\n<meta property=\"article:modified_time\" content=\"2015-01-04T19:04:33+00:00\" \/>\n<meta property=\"og:image\" content=\"https:\/\/www.notibras.com\/site\/wp-content\/uploads\/2015\/01\/mc.jpg\" \/>\n\t<meta property=\"og:image:width\" content=\"460\" \/>\n\t<meta property=\"og:image:height\" content=\"340\" \/>\n\t<meta property=\"og:image:type\" content=\"image\/jpeg\" \/>\n<meta name=\"author\" content=\"Reda\u00e7\u00e3o\" \/>\n<meta name=\"twitter:card\" content=\"summary_large_image\" \/>\n<meta name=\"twitter:creator\" content=\"@Notibras\" \/>\n<meta name=\"twitter:site\" content=\"@Notibras\" \/>\n<meta name=\"twitter:label1\" content=\"Escrito por\" \/>\n\t<meta name=\"twitter:data1\" content=\"Reda\u00e7\u00e3o\" \/>\n\t<meta name=\"twitter:label2\" content=\"Est. tempo de leitura\" \/>\n\t<meta name=\"twitter:data2\" content=\"1 minuto\" \/>\n<script type=\"application\/ld+json\" class=\"yoast-schema-graph\">{\"@context\":\"https:\/\/schema.org\",\"@graph\":[{\"@type\":\"Article\",\"@id\":\"https:\/\/www.notibras.com\/site\/minha-casa-vira-sede-de-trafico-milicias-invasoes-e-repasse-ilegal\/#article\",\"isPartOf\":{\"@id\":\"https:\/\/www.notibras.com\/site\/minha-casa-vira-sede-de-trafico-milicias-invasoes-e-repasse-ilegal\/\"},\"author\":{\"name\":\"Reda\u00e7\u00e3o\",\"@id\":\"https:\/\/www.notibras.com\/site\/#\/schema\/person\/36ab0979449956132d3e5b517ea76ac8\"},\"headline\":\"Minha Casa vira sede de tr\u00e1fico, mil\u00edcias e, invas\u00f5es\",\"datePublished\":\"2015-01-04T11:54:22+00:00\",\"dateModified\":\"2015-01-04T19:04:33+00:00\",\"mainEntityOfPage\":{\"@id\":\"https:\/\/www.notibras.com\/site\/minha-casa-vira-sede-de-trafico-milicias-invasoes-e-repasse-ilegal\/\"},\"wordCount\":225,\"commentCount\":0,\"publisher\":{\"@id\":\"https:\/\/www.notibras.com\/site\/#organization\"},\"image\":{\"@id\":\"https:\/\/www.notibras.com\/site\/minha-casa-vira-sede-de-trafico-milicias-invasoes-e-repasse-ilegal\/#primaryimage\"},\"thumbnailUrl\":\"https:\/\/www.notibras.com\/site\/wp-content\/uploads\/2015\/01\/mc.jpg\",\"articleSection\":[\"Brasil\"],\"inLanguage\":\"pt-BR\",\"potentialAction\":[{\"@type\":\"CommentAction\",\"name\":\"Comment\",\"target\":[\"https:\/\/www.notibras.com\/site\/minha-casa-vira-sede-de-trafico-milicias-invasoes-e-repasse-ilegal\/#respond\"]}]},{\"@type\":\"WebPage\",\"@id\":\"https:\/\/www.notibras.com\/site\/minha-casa-vira-sede-de-trafico-milicias-invasoes-e-repasse-ilegal\/\",\"url\":\"https:\/\/www.notibras.com\/site\/minha-casa-vira-sede-de-trafico-milicias-invasoes-e-repasse-ilegal\/\",\"name\":\"Minha Casa vira sede de tr\u00e1fico, mil\u00edcias e, invas\u00f5es - Notibras\",\"isPartOf\":{\"@id\":\"https:\/\/www.notibras.com\/site\/#website\"},\"primaryImageOfPage\":{\"@id\":\"https:\/\/www.notibras.com\/site\/minha-casa-vira-sede-de-trafico-milicias-invasoes-e-repasse-ilegal\/#primaryimage\"},\"image\":{\"@id\":\"https:\/\/www.notibras.com\/site\/minha-casa-vira-sede-de-trafico-milicias-invasoes-e-repasse-ilegal\/#primaryimage\"},\"thumbnailUrl\":\"https:\/\/www.notibras.com\/site\/wp-content\/uploads\/2015\/01\/mc.jpg\",\"datePublished\":\"2015-01-04T11:54:22+00:00\",\"dateModified\":\"2015-01-04T19:04:33+00:00\",\"breadcrumb\":{\"@id\":\"https:\/\/www.notibras.com\/site\/minha-casa-vira-sede-de-trafico-milicias-invasoes-e-repasse-ilegal\/#breadcrumb\"},\"inLanguage\":\"pt-BR\",\"potentialAction\":[{\"@type\":\"ReadAction\",\"target\":[\"https:\/\/www.notibras.com\/site\/minha-casa-vira-sede-de-trafico-milicias-invasoes-e-repasse-ilegal\/\"]}]},{\"@type\":\"ImageObject\",\"inLanguage\":\"pt-BR\",\"@id\":\"https:\/\/www.notibras.com\/site\/minha-casa-vira-sede-de-trafico-milicias-invasoes-e-repasse-ilegal\/#primaryimage\",\"url\":\"https:\/\/www.notibras.com\/site\/wp-content\/uploads\/2015\/01\/mc.jpg\",\"contentUrl\":\"https:\/\/www.notibras.com\/site\/wp-content\/uploads\/2015\/01\/mc.jpg\",\"width\":460,\"height\":340},{\"@type\":\"BreadcrumbList\",\"@id\":\"https:\/\/www.notibras.com\/site\/minha-casa-vira-sede-de-trafico-milicias-invasoes-e-repasse-ilegal\/#breadcrumb\",\"itemListElement\":[{\"@type\":\"ListItem\",\"position\":1,\"name\":\"In\u00edcio\",\"item\":\"https:\/\/www.notibras.com\/site\/\"},{\"@type\":\"ListItem\",\"position\":2,\"name\":\"Minha Casa vira sede de tr\u00e1fico, mil\u00edcias e, invas\u00f5es\"}]},{\"@type\":\"WebSite\",\"@id\":\"https:\/\/www.notibras.com\/site\/#website\",\"url\":\"https:\/\/www.notibras.com\/site\/\",\"name\":\"Notibras\",\"description\":\"Not\u00edcias de Bras\u00edlia, do Brasil e do Mundo\",\"publisher\":{\"@id\":\"https:\/\/www.notibras.com\/site\/#organization\"},\"potentialAction\":[{\"@type\":\"SearchAction\",\"target\":{\"@type\":\"EntryPoint\",\"urlTemplate\":\"https:\/\/www.notibras.com\/site\/?s={search_term_string}\"},\"query-input\":{\"@type\":\"PropertyValueSpecification\",\"valueRequired\":true,\"valueName\":\"search_term_string\"}}],\"inLanguage\":\"pt-BR\"},{\"@type\":\"Organization\",\"@id\":\"https:\/\/www.notibras.com\/site\/#organization\",\"name\":\"Grupo Notibras de Comunica\u00e7\u00e3o\",\"url\":\"https:\/\/www.notibras.com\/site\/\",\"logo\":{\"@type\":\"ImageObject\",\"inLanguage\":\"pt-BR\",\"@id\":\"https:\/\/www.notibras.com\/site\/#\/schema\/logo\/image\/\",\"url\":\"https:\/\/www.notibras.com\/site\/wp-content\/uploads\/2023\/01\/notibras23.png\",\"contentUrl\":\"https:\/\/www.notibras.com\/site\/wp-content\/uploads\/2023\/01\/notibras23.png\",\"width\":350,\"height\":87,\"caption\":\"Grupo Notibras de Comunica\u00e7\u00e3o\"},\"image\":{\"@id\":\"https:\/\/www.notibras.com\/site\/#\/schema\/logo\/image\/\"},\"sameAs\":[\"https:\/\/www.facebook.com\/notibras\/\",\"https:\/\/x.com\/Notibras\",\"https:\/\/www.instagram.com\/notibras\/\"]},{\"@type\":\"Person\",\"@id\":\"https:\/\/www.notibras.com\/site\/#\/schema\/person\/36ab0979449956132d3e5b517ea76ac8\",\"name\":\"Reda\u00e7\u00e3o\",\"image\":{\"@type\":\"ImageObject\",\"inLanguage\":\"pt-BR\",\"@id\":\"https:\/\/secure.gravatar.com\/avatar\/e0a867bdedb85fd243eadf09663511f96fc81e0720a4a42581f334ad4303aa6b?s=96&d=mm&r=g\",\"url\":\"https:\/\/secure.gravatar.com\/avatar\/e0a867bdedb85fd243eadf09663511f96fc81e0720a4a42581f334ad4303aa6b?s=96&d=mm&r=g\",\"contentUrl\":\"https:\/\/secure.gravatar.com\/avatar\/e0a867bdedb85fd243eadf09663511f96fc81e0720a4a42581f334ad4303aa6b?s=96&d=mm&r=g\",\"caption\":\"Reda\u00e7\u00e3o\"}}]}<\/script>\n<!-- \/ Yoast SEO plugin. -->","yoast_head_json":{"title":"Minha Casa vira sede de tr\u00e1fico, mil\u00edcias e, invas\u00f5es - Notibras","robots":{"index":"index","follow":"follow","max-snippet":"max-snippet:-1","max-image-preview":"max-image-preview:large","max-video-preview":"max-video-preview:-1"},"canonical":"https:\/\/www.notibras.com\/site\/minha-casa-vira-sede-de-trafico-milicias-invasoes-e-repasse-ilegal\/","og_locale":"pt_BR","og_type":"article","og_title":"Minha Casa vira sede de tr\u00e1fico, mil\u00edcias e, invas\u00f5es - Notibras","og_description":"Moradores de im\u00f3veis do programa do governo Minha Casa Minha Vida est\u00e3o denunciando graves problemas. A lista \u00e9 vasta e vai desde o tr\u00e1fico de drogas, presen\u00e7a de mil\u00edcias, invas\u00f5es a venda ilegal de im\u00f3veis. N\u00e3o bastasse isso, os homic\u00eddios s\u00e3o crescentes. Desde abril de 2014, revela reportagem d&#8217;O Estado de S\u00e3o Paulo,108 den\u00fancias foram [&hellip;]","og_url":"https:\/\/www.notibras.com\/site\/minha-casa-vira-sede-de-trafico-milicias-invasoes-e-repasse-ilegal\/","og_site_name":"Notibras","article_publisher":"https:\/\/www.facebook.com\/notibras\/","article_published_time":"2015-01-04T11:54:22+00:00","article_modified_time":"2015-01-04T19:04:33+00:00","og_image":[{"width":460,"height":340,"url":"https:\/\/www.notibras.com\/site\/wp-content\/uploads\/2015\/01\/mc.jpg","type":"image\/jpeg"}],"author":"Reda\u00e7\u00e3o","twitter_card":"summary_large_image","twitter_creator":"@Notibras","twitter_site":"@Notibras","twitter_misc":{"Escrito por":"Reda\u00e7\u00e3o","Est. tempo de leitura":"1 minuto"},"schema":{"@context":"https:\/\/schema.org","@graph":[{"@type":"Article","@id":"https:\/\/www.notibras.com\/site\/minha-casa-vira-sede-de-trafico-milicias-invasoes-e-repasse-ilegal\/#article","isPartOf":{"@id":"https:\/\/www.notibras.com\/site\/minha-casa-vira-sede-de-trafico-milicias-invasoes-e-repasse-ilegal\/"},"author":{"name":"Reda\u00e7\u00e3o","@id":"https:\/\/www.notibras.com\/site\/#\/schema\/person\/36ab0979449956132d3e5b517ea76ac8"},"headline":"Minha Casa vira sede de tr\u00e1fico, mil\u00edcias e, invas\u00f5es","datePublished":"2015-01-04T11:54:22+00:00","dateModified":"2015-01-04T19:04:33+00:00","mainEntityOfPage":{"@id":"https:\/\/www.notibras.com\/site\/minha-casa-vira-sede-de-trafico-milicias-invasoes-e-repasse-ilegal\/"},"wordCount":225,"commentCount":0,"publisher":{"@id":"https:\/\/www.notibras.com\/site\/#organization"},"image":{"@id":"https:\/\/www.notibras.com\/site\/minha-casa-vira-sede-de-trafico-milicias-invasoes-e-repasse-ilegal\/#primaryimage"},"thumbnailUrl":"https:\/\/www.notibras.com\/site\/wp-content\/uploads\/2015\/01\/mc.jpg","articleSection":["Brasil"],"inLanguage":"pt-BR","potentialAction":[{"@type":"CommentAction","name":"Comment","target":["https:\/\/www.notibras.com\/site\/minha-casa-vira-sede-de-trafico-milicias-invasoes-e-repasse-ilegal\/#respond"]}]},{"@type":"WebPage","@id":"https:\/\/www.notibras.com\/site\/minha-casa-vira-sede-de-trafico-milicias-invasoes-e-repasse-ilegal\/","url":"https:\/\/www.notibras.com\/site\/minha-casa-vira-sede-de-trafico-milicias-invasoes-e-repasse-ilegal\/","name":"Minha Casa vira sede de tr\u00e1fico, mil\u00edcias e, invas\u00f5es - Notibras","isPartOf":{"@id":"https:\/\/www.notibras.com\/site\/#website"},"primaryImageOfPage":{"@id":"https:\/\/www.notibras.com\/site\/minha-casa-vira-sede-de-trafico-milicias-invasoes-e-repasse-ilegal\/#primaryimage"},"image":{"@id":"https:\/\/www.notibras.com\/site\/minha-casa-vira-sede-de-trafico-milicias-invasoes-e-repasse-ilegal\/#primaryimage"},"thumbnailUrl":"https:\/\/www.notibras.com\/site\/wp-content\/uploads\/2015\/01\/mc.jpg","datePublished":"2015-01-04T11:54:22+00:00","dateModified":"2015-01-04T19:04:33+00:00","breadcrumb":{"@id":"https:\/\/www.notibras.com\/site\/minha-casa-vira-sede-de-trafico-milicias-invasoes-e-repasse-ilegal\/#breadcrumb"},"inLanguage":"pt-BR","potentialAction":[{"@type":"ReadAction","target":["https:\/\/www.notibras.com\/site\/minha-casa-vira-sede-de-trafico-milicias-invasoes-e-repasse-ilegal\/"]}]},{"@type":"ImageObject","inLanguage":"pt-BR","@id":"https:\/\/www.notibras.com\/site\/minha-casa-vira-sede-de-trafico-milicias-invasoes-e-repasse-ilegal\/#primaryimage","url":"https:\/\/www.notibras.com\/site\/wp-content\/uploads\/2015\/01\/mc.jpg","contentUrl":"https:\/\/www.notibras.com\/site\/wp-content\/uploads\/2015\/01\/mc.jpg","width":460,"height":340},{"@type":"BreadcrumbList","@id":"https:\/\/www.notibras.com\/site\/minha-casa-vira-sede-de-trafico-milicias-invasoes-e-repasse-ilegal\/#breadcrumb","itemListElement":[{"@type":"ListItem","position":1,"name":"In\u00edcio","item":"https:\/\/www.notibras.com\/site\/"},{"@type":"ListItem","position":2,"name":"Minha Casa vira sede de tr\u00e1fico, mil\u00edcias e, invas\u00f5es"}]},{"@type":"WebSite","@id":"https:\/\/www.notibras.com\/site\/#website","url":"https:\/\/www.notibras.com\/site\/","name":"Notibras","description":"Not\u00edcias de Bras\u00edlia, do Brasil e do Mundo","publisher":{"@id":"https:\/\/www.notibras.com\/site\/#organization"},"potentialAction":[{"@type":"SearchAction","target":{"@type":"EntryPoint","urlTemplate":"https:\/\/www.notibras.com\/site\/?s={search_term_string}"},"query-input":{"@type":"PropertyValueSpecification","valueRequired":true,"valueName":"search_term_string"}}],"inLanguage":"pt-BR"},{"@type":"Organization","@id":"https:\/\/www.notibras.com\/site\/#organization","name":"Grupo Notibras de Comunica\u00e7\u00e3o","url":"https:\/\/www.notibras.com\/site\/","logo":{"@type":"ImageObject","inLanguage":"pt-BR","@id":"https:\/\/www.notibras.com\/site\/#\/schema\/logo\/image\/","url":"https:\/\/www.notibras.com\/site\/wp-content\/uploads\/2023\/01\/notibras23.png","contentUrl":"https:\/\/www.notibras.com\/site\/wp-content\/uploads\/2023\/01\/notibras23.png","width":350,"height":87,"caption":"Grupo Notibras de Comunica\u00e7\u00e3o"},"image":{"@id":"https:\/\/www.notibras.com\/site\/#\/schema\/logo\/image\/"},"sameAs":["https:\/\/www.facebook.com\/notibras\/","https:\/\/x.com\/Notibras","https:\/\/www.instagram.com\/notibras\/"]},{"@type":"Person","@id":"https:\/\/www.notibras.com\/site\/#\/schema\/person\/36ab0979449956132d3e5b517ea76ac8","name":"Reda\u00e7\u00e3o","image":{"@type":"ImageObject","inLanguage":"pt-BR","@id":"https:\/\/secure.gravatar.com\/avatar\/e0a867bdedb85fd243eadf09663511f96fc81e0720a4a42581f334ad4303aa6b?s=96&d=mm&r=g","url":"https:\/\/secure.gravatar.com\/avatar\/e0a867bdedb85fd243eadf09663511f96fc81e0720a4a42581f334ad4303aa6b?s=96&d=mm&r=g","contentUrl":"https:\/\/secure.gravatar.com\/avatar\/e0a867bdedb85fd243eadf09663511f96fc81e0720a4a42581f334ad4303aa6b?s=96&d=mm&r=g","caption":"Reda\u00e7\u00e3o"}}]}},"amp_enabled":true,"_links":{"self":[{"href":"https:\/\/www.notibras.com\/site\/wp-json\/wp\/v2\/posts\/32850","targetHints":{"allow":["GET"]}}],"collection":[{"href":"https:\/\/www.notibras.com\/site\/wp-json\/wp\/v2\/posts"}],"about":[{"href":"https:\/\/www.notibras.com\/site\/wp-json\/wp\/v2\/types\/post"}],"author":[{"embeddable":true,"href":"https:\/\/www.notibras.com\/site\/wp-json\/wp\/v2\/users\/2"}],"replies":[{"embeddable":true,"href":"https:\/\/www.notibras.com\/site\/wp-json\/wp\/v2\/comments?post=32850"}],"version-history":[{"count":0,"href":"https:\/\/www.notibras.com\/site\/wp-json\/wp\/v2\/posts\/32850\/revisions"}],"wp:featuredmedia":[{"embeddable":true,"href":"https:\/\/www.notibras.com\/site\/wp-json\/wp\/v2\/media\/32851"}],"wp:attachment":[{"href":"https:\/\/www.notibras.com\/site\/wp-json\/wp\/v2\/media?parent=32850"}],"wp:term":[{"taxonomy":"category","embeddable":true,"href":"https:\/\/www.notibras.com\/site\/wp-json\/wp\/v2\/categories?post=32850"},{"taxonomy":"post_tag","embeddable":true,"href":"https:\/\/www.notibras.com\/site\/wp-json\/wp\/v2\/tags?post=32850"}],"curies":[{"name":"wp","href":"https:\/\/api.w.org\/{rel}","templated":true}]}}