{"id":328509,"date":"2024-05-11T10:01:12","date_gmt":"2024-05-11T13:01:12","guid":{"rendered":"https:\/\/www.notibras.com\/site\/?p=328509"},"modified":"2024-05-11T10:01:12","modified_gmt":"2024-05-11T13:01:12","slug":"saude-envia-doses-da-nova-vacina-contra-covid","status":"publish","type":"post","link":"https:\/\/www.notibras.com\/site\/saude-envia-doses-da-nova-vacina-contra-covid\/","title":{"rendered":"Sa\u00fade envia doses da nova vacina contra covid"},"content":{"rendered":"<p>O Minist\u00e9rio da Sa\u00fade distribuiu as primeiras doses da vacina atualizada contra a covid-19. Esses lotes s\u00e3o parte de um total de 12,5 milh\u00f5es de doses adquiridas pela pasta e que desembarcaram no Aeroporto de Guarulhos, em S\u00e3o Paulo, no dia 2. A distribui\u00e7\u00e3o come\u00e7ou na quinta-feira (9) e teve continuidade na sexta (10).<\/p>\n<p>Na quinta-feira, a secretaria de Sa\u00fade do Maranh\u00e3o foi contemplada. Noi dia seguinte as vacinas chegaram ao Cear\u00e1, Para\u00edba e Piau\u00ed. Os demais Estados receber\u00e3o o carregamento com as novas vacinas nas pr\u00f3ximas semanas.<\/p>\n<p><strong>P\u00fablico-alvo<\/strong><br \/>\nAs novas doses contra variantes do coronav\u00edrus que est\u00e3o sendo distribu\u00eddas s\u00e3o destinadas \u00e0 imuniza\u00e7\u00e3o dos p\u00fablicos-alvo. Entre eles, est\u00e3o pessoas com 60 anos ou mais; pessoas que vivem em institui\u00e7\u00f5es de longa perman\u00eancia e trabalhadores destes locais; pessoas imunocomprometidas; ribeirinhos; e ind\u00edgenas em suas terras.<\/p>\n<p>Desde 1\u00ba de janeiro deste ano, as pessoas do grupo priorit\u00e1rio e crian\u00e7as entre 6 meses e menores de 5 anos foram inclu\u00eddas no Calend\u00e1rio Nacional de Vacina\u00e7\u00e3o para serem imunizadas contra a covid-19. Para a vacina contra o SARS-CoV-2, o Minist\u00e9rio da Sa\u00fade recomenda a aplica\u00e7\u00e3o da dose anual ou semestral, no caso de grupos priorit\u00e1rios com 5 anos de idade ou mais e maior risco de desenvolver formas graves da doen\u00e7a, independentemente do n\u00famero de doses pr\u00e9vias recebidas.<\/p>\n<p><strong>Imunizante seguro<\/strong><br \/>\nA vacina contra novas variantes do covid-19 foi recomendada pela Organiza\u00e7\u00e3o Mundial da Sa\u00fade (OMS) e aprovada pela Ag\u00eancia Nacional de Vigil\u00e2ncia Sanit\u00e1ria (Anvisa), em dezembro de 2023. O Minist\u00e9rio da Sa\u00fade enfatiza que os imunizantes aprovados no Brasil e inclu\u00eddos no esquema vacinal contra a doen\u00e7a s\u00e3o eficazes, seguros e passam por um rigoroso processo de controle de qualidade antes de chegarem \u00e0 popula\u00e7\u00e3o.<\/p>\n<p>A secret\u00e1ria de Vigil\u00e2ncia em Sa\u00fade e Ambiente, Ethel Maciel, explica que a vacina\u00e7\u00e3o fortalece a sa\u00fade da sociedade. \u201cA covid-19 ainda \u00e9 uma doen\u00e7a de preocupa\u00e7\u00e3o e causa mortes e casos no Brasil, mesmo que em patamares menores comparado ao pico da pandemia. Por isso, \u00e9 fundamental que toda a popula\u00e7\u00e3o, especialmente os grupos priorit\u00e1rios, busque o imunizante.\u201d<\/p>\n<p>Em nota, a ministra da Sa\u00fade, N\u00edsia Trindade, relembrou que as vacinas covid-19 tiveram grande impacto na redu\u00e7\u00e3o das mortes, do agravamento da doen\u00e7a e de interna\u00e7\u00f5es pela covid-19. \u201cGra\u00e7as \u00e0 vacina\u00e7\u00e3o, conseguimos superar os momentos graves da pandemia e agora precisamos cuidar da prote\u00e7\u00e3o frente a um problema de sa\u00fade p\u00fablica que continuar\u00e1 a merecer aten\u00e7\u00e3o\u201d, afirmou.<\/p>\n","protected":false},"excerpt":{"rendered":"<p>O Minist\u00e9rio da Sa\u00fade distribuiu as primeiras doses da vacina atualizada contra a covid-19. Esses lotes s\u00e3o parte de um total de 12,5 milh\u00f5es de doses adquiridas pela pasta e que desembarcaram no Aeroporto de Guarulhos, em S\u00e3o Paulo, no dia 2. A distribui\u00e7\u00e3o come\u00e7ou na quinta-feira (9) e teve continuidade na sexta (10). Na [&hellip;]<\/p>\n","protected":false},"author":2,"featured_media":328510,"comment_status":"closed","ping_status":"closed","sticky":false,"template":"","format":"standard","meta":{"_acf_changed":false,"footnotes":""},"categories":[168,169,165,170,172],"tags":[],"class_list":["post-328509","post","type-post","status-publish","format-standard","has-post-thumbnail","hentry","category-ceara","category-maranhao","category-nordeste","category-paraiba-nordeste","category-piaui"],"acf":[],"_links":{"self":[{"href":"https:\/\/www.notibras.com\/site\/wp-json\/wp\/v2\/posts\/328509","targetHints":{"allow":["GET"]}}],"collection":[{"href":"https:\/\/www.notibras.com\/site\/wp-json\/wp\/v2\/posts"}],"about":[{"href":"https:\/\/www.notibras.com\/site\/wp-json\/wp\/v2\/types\/post"}],"author":[{"embeddable":true,"href":"https:\/\/www.notibras.com\/site\/wp-json\/wp\/v2\/users\/2"}],"replies":[{"embeddable":true,"href":"https:\/\/www.notibras.com\/site\/wp-json\/wp\/v2\/comments?post=328509"}],"version-history":[{"count":1,"href":"https:\/\/www.notibras.com\/site\/wp-json\/wp\/v2\/posts\/328509\/revisions"}],"predecessor-version":[{"id":328511,"href":"https:\/\/www.notibras.com\/site\/wp-json\/wp\/v2\/posts\/328509\/revisions\/328511"}],"wp:featuredmedia":[{"embeddable":true,"href":"https:\/\/www.notibras.com\/site\/wp-json\/wp\/v2\/media\/328510"}],"wp:attachment":[{"href":"https:\/\/www.notibras.com\/site\/wp-json\/wp\/v2\/media?parent=328509"}],"wp:term":[{"taxonomy":"category","embeddable":true,"href":"https:\/\/www.notibras.com\/site\/wp-json\/wp\/v2\/categories?post=328509"},{"taxonomy":"post_tag","embeddable":true,"href":"https:\/\/www.notibras.com\/site\/wp-json\/wp\/v2\/tags?post=328509"}],"curies":[{"name":"wp","href":"https:\/\/api.w.org\/{rel}","templated":true}]}}