{"id":328602,"date":"2024-05-13T07:54:55","date_gmt":"2024-05-13T10:54:55","guid":{"rendered":"https:\/\/www.notibras.com\/site\/?p=328602"},"modified":"2024-05-13T07:54:55","modified_gmt":"2024-05-13T10:54:55","slug":"casal-vive-realidade-e-devaneios-ate-a-viuvez","status":"publish","type":"post","link":"https:\/\/www.notibras.com\/site\/casal-vive-realidade-e-devaneios-ate-a-viuvez\/","title":{"rendered":"Casal vive realidade e devaneios at\u00e9 a viuvez"},"content":{"rendered":"<p>Joana, mulher afeita \u00e0 matem\u00e1tica desde sempre, foi se enrabichar justamente pelo Francisco, apaixonado em todo o seu ser por poesia e religi\u00e3o. N\u00e3o que os n\u00fameros sejam apenas d\u00edgitos, mesmo porque a aritm\u00e9tica, a \u00e1lgebra e a geometria t\u00eam l\u00e1 seu lado encantador, apesar da maioria das pessoas s\u00f3 enxergar a sua faceta l\u00fagubre. E aqueles dois se entenderam entre versos livres ou amarrados a unidades, dezenas, centenas e alguns milhares. Coisas do cora\u00e7\u00e3o.<\/p>\n<p>Apegada \u00e0 realidade, Joana n\u00e3o se importava se o amado conseguia ver a for\u00e7a de Deus em tudo. At\u00e9 quando Francisco ficou encucado que o per\u00edmetro de um quadrado poderia ser o mesmo de um ret\u00e2ngulo, mas suas \u00e1reas seriam distintas, ele, olhos arregalados, exclamou: &#8220;Que maravilha! S\u00f3 Deus poderia fazer isso poss\u00edvel!&#8221; A mulher, apesar do espanto pela maneira m\u00edstica do homem enxergar a ci\u00eancia, n\u00e3o quis buscar pendenga, mesmo porque Francisco beijava bem.<\/p>\n<p>E assim aqueles dois foram se ajeitando. Joana, depois de alguns anos de uni\u00e3o est\u00e1vel, se viu gr\u00e1vida de g\u00eameos. Ficou receosa do marido se desesperar com a not\u00edcia e, somente ap\u00f3s o quinto m\u00eas, Francisco desconfiou.<\/p>\n<p>\u2014 Meu amor, ou voc\u00ea est\u00e1 mais gordinha ou, ent\u00e3o, vamos ser aben\u00e7oados com a chegada de um beb\u00ea.<\/p>\n<p>\u2014 Duas.<\/p>\n<p>\u2014 Duas o qu\u00ea? N\u00e3o entendi, Joana.<\/p>\n<p>\u2014 S\u00e3o g\u00eameas.<\/p>\n<p>Francisco, ao p\u00e9 da barriga da mulher, come\u00e7ou a falar que tudo aquilo era mais um presente de Deus. Ela, por sua vez, pensou em questionar o marido: &#8220;Ser\u00e1 que voc\u00ea se esqueceu que fazemos amor regularmente?&#8221; Mas deixou quieto. Melhor viver em paz, ainda mais porque precisava arrumar as coisas para as crian\u00e7as que iriam chegar.<\/p>\n<p>Maria Luiza e Luiza Maria nasceram no in\u00edcio de setembro. Deram muito trabalho, \u00e9 verdade. Todavia, as alegrias foram tantas, que Francisco at\u00e9 questionou a esposa sobre novos filhos. Joana, mais racional, talvez tenha perdido um pouco a linha, mas nada que pudesse conden\u00e1-la. Afinal, puerp\u00e9rio tem essas coisas.<\/p>\n<p>\u2014 T\u00e1 maluco, Francisco?<\/p>\n<p>Nunca mais tocaram no assunto. As meninas, cada vez mais fortes, cresceram e, n\u00e3o tardou, chegou o tempo de creche, escola, vestibular, faculdade, primeiro emprego. Quando os pais perceberam, aquelas duas j\u00e1 carregavam no colo as pr\u00f3prias crian\u00e7as. E assim as coisas aconteceram e continuaram acontecendo, at\u00e9 que, repentinamente, o cora\u00e7\u00e3o do Francisco parou. Parou de vez, como era n\u00edtido ao v\u00ea-lo g\u00e9lido naquele caix\u00e3o.<\/p>\n<p>Joana, chorosa, foi consolada pelas filhas. Triste momento ap\u00f3s quase 50 anos de relacionamento. Maria Luiza e Luiza Maria, cada uma de um lado, abra\u00e7aram a m\u00e3e.<\/p>\n<p>\u2014 A vida \u00e9 como uma vela acesa, meninas.<\/p>\n<p>\u2014 Uma b\u00ean\u00e7\u00e3o divina, n\u00e9, mam\u00e3e?<\/p>\n<p>\u2014 N\u00e3o, Maria Luiza. Com um sopro, se apaga.<\/p>\n","protected":false},"excerpt":{"rendered":"<p>Joana, mulher afeita \u00e0 matem\u00e1tica desde sempre, foi se enrabichar justamente pelo Francisco, apaixonado em todo o seu ser por poesia e religi\u00e3o. N\u00e3o que os n\u00fameros sejam apenas d\u00edgitos, mesmo porque a aritm\u00e9tica, a \u00e1lgebra e a geometria t\u00eam l\u00e1 seu lado encantador, apesar da maioria das pessoas s\u00f3 enxergar a sua faceta l\u00fagubre. [&hellip;]<\/p>\n","protected":false},"author":2,"featured_media":328603,"comment_status":"closed","ping_status":"closed","sticky":false,"template":"","format":"standard","meta":{"_acf_changed":false,"footnotes":""},"categories":[161],"tags":[],"class_list":["post-328602","post","type-post","status-publish","format-standard","has-post-thumbnail","hentry","category-quadradinho-em-foco"],"acf":[],"yoast_head":"<!-- This site is optimized with the Yoast SEO plugin v27.5 - https:\/\/yoast.com\/product\/yoast-seo-wordpress\/ -->\n<title>Casal vive realidade e devaneios at\u00e9 a viuvez - Notibras<\/title>\n<meta name=\"robots\" content=\"index, follow, max-snippet:-1, max-image-preview:large, max-video-preview:-1\" \/>\n<link rel=\"canonical\" href=\"https:\/\/www.notibras.com\/site\/casal-vive-realidade-e-devaneios-ate-a-viuvez\/\" \/>\n<meta property=\"og:locale\" content=\"pt_BR\" \/>\n<meta property=\"og:type\" content=\"article\" \/>\n<meta property=\"og:title\" content=\"Casal vive realidade e devaneios at\u00e9 a viuvez - Notibras\" \/>\n<meta property=\"og:description\" content=\"Joana, mulher afeita \u00e0 matem\u00e1tica desde sempre, foi se enrabichar justamente pelo Francisco, apaixonado em todo o seu ser por poesia e religi\u00e3o. N\u00e3o que os n\u00fameros sejam apenas d\u00edgitos, mesmo porque a aritm\u00e9tica, a \u00e1lgebra e a geometria t\u00eam l\u00e1 seu lado encantador, apesar da maioria das pessoas s\u00f3 enxergar a sua faceta l\u00fagubre. [&hellip;]\" \/>\n<meta property=\"og:url\" content=\"https:\/\/www.notibras.com\/site\/casal-vive-realidade-e-devaneios-ate-a-viuvez\/\" \/>\n<meta property=\"og:site_name\" content=\"Notibras\" \/>\n<meta property=\"article:publisher\" content=\"https:\/\/www.facebook.com\/notibras\/\" \/>\n<meta property=\"article:published_time\" content=\"2024-05-13T10:54:55+00:00\" \/>\n<meta property=\"og:image\" content=\"https:\/\/www.notibras.com\/site\/wp-content\/uploads\/2024\/05\/68555dad-6592-46b0-858d-b1d470860bd8.jpeg\" \/>\n\t<meta property=\"og:image:width\" content=\"1080\" \/>\n\t<meta property=\"og:image:height\" content=\"1080\" \/>\n\t<meta property=\"og:image:type\" content=\"image\/jpeg\" \/>\n<meta name=\"author\" content=\"Reda\u00e7\u00e3o\" \/>\n<meta name=\"twitter:card\" content=\"summary_large_image\" \/>\n<meta name=\"twitter:creator\" content=\"@Notibras\" \/>\n<meta name=\"twitter:site\" content=\"@Notibras\" \/>\n<meta name=\"twitter:label1\" content=\"Escrito por\" \/>\n\t<meta name=\"twitter:data1\" content=\"Reda\u00e7\u00e3o\" \/>\n\t<meta name=\"twitter:label2\" content=\"Est. tempo de leitura\" \/>\n\t<meta name=\"twitter:data2\" content=\"3 minutos\" \/>\n<script type=\"application\/ld+json\" class=\"yoast-schema-graph\">{\"@context\":\"https:\\\/\\\/schema.org\",\"@graph\":[{\"@type\":\"Article\",\"@id\":\"https:\\\/\\\/www.notibras.com\\\/site\\\/casal-vive-realidade-e-devaneios-ate-a-viuvez\\\/#article\",\"isPartOf\":{\"@id\":\"https:\\\/\\\/www.notibras.com\\\/site\\\/casal-vive-realidade-e-devaneios-ate-a-viuvez\\\/\"},\"author\":{\"name\":\"Reda\u00e7\u00e3o\",\"@id\":\"https:\\\/\\\/www.notibras.com\\\/site\\\/#\\\/schema\\\/person\\\/36ab0979449956132d3e5b517ea76ac8\"},\"headline\":\"Casal vive realidade e devaneios at\u00e9 a viuvez\",\"datePublished\":\"2024-05-13T10:54:55+00:00\",\"mainEntityOfPage\":{\"@id\":\"https:\\\/\\\/www.notibras.com\\\/site\\\/casal-vive-realidade-e-devaneios-ate-a-viuvez\\\/\"},\"wordCount\":488,\"publisher\":{\"@id\":\"https:\\\/\\\/www.notibras.com\\\/site\\\/#organization\"},\"image\":{\"@id\":\"https:\\\/\\\/www.notibras.com\\\/site\\\/casal-vive-realidade-e-devaneios-ate-a-viuvez\\\/#primaryimage\"},\"thumbnailUrl\":\"https:\\\/\\\/www.notibras.com\\\/site\\\/wp-content\\\/uploads\\\/2024\\\/05\\\/68555dad-6592-46b0-858d-b1d470860bd8.jpeg\",\"articleSection\":[\"Quadradinho em Foco\"],\"inLanguage\":\"pt-BR\"},{\"@type\":\"WebPage\",\"@id\":\"https:\\\/\\\/www.notibras.com\\\/site\\\/casal-vive-realidade-e-devaneios-ate-a-viuvez\\\/\",\"url\":\"https:\\\/\\\/www.notibras.com\\\/site\\\/casal-vive-realidade-e-devaneios-ate-a-viuvez\\\/\",\"name\":\"Casal vive realidade e devaneios at\u00e9 a viuvez - Notibras\",\"isPartOf\":{\"@id\":\"https:\\\/\\\/www.notibras.com\\\/site\\\/#website\"},\"primaryImageOfPage\":{\"@id\":\"https:\\\/\\\/www.notibras.com\\\/site\\\/casal-vive-realidade-e-devaneios-ate-a-viuvez\\\/#primaryimage\"},\"image\":{\"@id\":\"https:\\\/\\\/www.notibras.com\\\/site\\\/casal-vive-realidade-e-devaneios-ate-a-viuvez\\\/#primaryimage\"},\"thumbnailUrl\":\"https:\\\/\\\/www.notibras.com\\\/site\\\/wp-content\\\/uploads\\\/2024\\\/05\\\/68555dad-6592-46b0-858d-b1d470860bd8.jpeg\",\"datePublished\":\"2024-05-13T10:54:55+00:00\",\"breadcrumb\":{\"@id\":\"https:\\\/\\\/www.notibras.com\\\/site\\\/casal-vive-realidade-e-devaneios-ate-a-viuvez\\\/#breadcrumb\"},\"inLanguage\":\"pt-BR\",\"potentialAction\":[{\"@type\":\"ReadAction\",\"target\":[\"https:\\\/\\\/www.notibras.com\\\/site\\\/casal-vive-realidade-e-devaneios-ate-a-viuvez\\\/\"]}]},{\"@type\":\"ImageObject\",\"inLanguage\":\"pt-BR\",\"@id\":\"https:\\\/\\\/www.notibras.com\\\/site\\\/casal-vive-realidade-e-devaneios-ate-a-viuvez\\\/#primaryimage\",\"url\":\"https:\\\/\\\/www.notibras.com\\\/site\\\/wp-content\\\/uploads\\\/2024\\\/05\\\/68555dad-6592-46b0-858d-b1d470860bd8.jpeg\",\"contentUrl\":\"https:\\\/\\\/www.notibras.com\\\/site\\\/wp-content\\\/uploads\\\/2024\\\/05\\\/68555dad-6592-46b0-858d-b1d470860bd8.jpeg\",\"width\":1080,\"height\":1080},{\"@type\":\"BreadcrumbList\",\"@id\":\"https:\\\/\\\/www.notibras.com\\\/site\\\/casal-vive-realidade-e-devaneios-ate-a-viuvez\\\/#breadcrumb\",\"itemListElement\":[{\"@type\":\"ListItem\",\"position\":1,\"name\":\"In\u00edcio\",\"item\":\"https:\\\/\\\/www.notibras.com\\\/site\\\/\"},{\"@type\":\"ListItem\",\"position\":2,\"name\":\"Casal vive realidade e devaneios at\u00e9 a viuvez\"}]},{\"@type\":\"WebSite\",\"@id\":\"https:\\\/\\\/www.notibras.com\\\/site\\\/#website\",\"url\":\"https:\\\/\\\/www.notibras.com\\\/site\\\/\",\"name\":\"Notibras\",\"description\":\"Not\u00edcias de Bras\u00edlia, do Brasil e do Mundo\",\"publisher\":{\"@id\":\"https:\\\/\\\/www.notibras.com\\\/site\\\/#organization\"},\"potentialAction\":[{\"@type\":\"SearchAction\",\"target\":{\"@type\":\"EntryPoint\",\"urlTemplate\":\"https:\\\/\\\/www.notibras.com\\\/site\\\/?s={search_term_string}\"},\"query-input\":{\"@type\":\"PropertyValueSpecification\",\"valueRequired\":true,\"valueName\":\"search_term_string\"}}],\"inLanguage\":\"pt-BR\"},{\"@type\":\"Organization\",\"@id\":\"https:\\\/\\\/www.notibras.com\\\/site\\\/#organization\",\"name\":\"Grupo Notibras de Comunica\u00e7\u00e3o\",\"url\":\"https:\\\/\\\/www.notibras.com\\\/site\\\/\",\"logo\":{\"@type\":\"ImageObject\",\"inLanguage\":\"pt-BR\",\"@id\":\"https:\\\/\\\/www.notibras.com\\\/site\\\/#\\\/schema\\\/logo\\\/image\\\/\",\"url\":\"https:\\\/\\\/www.notibras.com\\\/site\\\/wp-content\\\/uploads\\\/2023\\\/01\\\/notibras23.png\",\"contentUrl\":\"https:\\\/\\\/www.notibras.com\\\/site\\\/wp-content\\\/uploads\\\/2023\\\/01\\\/notibras23.png\",\"width\":350,\"height\":87,\"caption\":\"Grupo Notibras de Comunica\u00e7\u00e3o\"},\"image\":{\"@id\":\"https:\\\/\\\/www.notibras.com\\\/site\\\/#\\\/schema\\\/logo\\\/image\\\/\"},\"sameAs\":[\"https:\\\/\\\/www.facebook.com\\\/notibras\\\/\",\"https:\\\/\\\/x.com\\\/Notibras\",\"https:\\\/\\\/www.instagram.com\\\/notibras\\\/\"]},{\"@type\":\"Person\",\"@id\":\"https:\\\/\\\/www.notibras.com\\\/site\\\/#\\\/schema\\\/person\\\/36ab0979449956132d3e5b517ea76ac8\",\"name\":\"Reda\u00e7\u00e3o\",\"image\":{\"@type\":\"ImageObject\",\"inLanguage\":\"pt-BR\",\"@id\":\"https:\\\/\\\/secure.gravatar.com\\\/avatar\\\/e0a867bdedb85fd243eadf09663511f96fc81e0720a4a42581f334ad4303aa6b?s=96&d=mm&r=g\",\"url\":\"https:\\\/\\\/secure.gravatar.com\\\/avatar\\\/e0a867bdedb85fd243eadf09663511f96fc81e0720a4a42581f334ad4303aa6b?s=96&d=mm&r=g\",\"contentUrl\":\"https:\\\/\\\/secure.gravatar.com\\\/avatar\\\/e0a867bdedb85fd243eadf09663511f96fc81e0720a4a42581f334ad4303aa6b?s=96&d=mm&r=g\",\"caption\":\"Reda\u00e7\u00e3o\"}}]}<\/script>\n<!-- \/ Yoast SEO plugin. -->","yoast_head_json":{"title":"Casal vive realidade e devaneios at\u00e9 a viuvez - Notibras","robots":{"index":"index","follow":"follow","max-snippet":"max-snippet:-1","max-image-preview":"max-image-preview:large","max-video-preview":"max-video-preview:-1"},"canonical":"https:\/\/www.notibras.com\/site\/casal-vive-realidade-e-devaneios-ate-a-viuvez\/","og_locale":"pt_BR","og_type":"article","og_title":"Casal vive realidade e devaneios at\u00e9 a viuvez - Notibras","og_description":"Joana, mulher afeita \u00e0 matem\u00e1tica desde sempre, foi se enrabichar justamente pelo Francisco, apaixonado em todo o seu ser por poesia e religi\u00e3o. N\u00e3o que os n\u00fameros sejam apenas d\u00edgitos, mesmo porque a aritm\u00e9tica, a \u00e1lgebra e a geometria t\u00eam l\u00e1 seu lado encantador, apesar da maioria das pessoas s\u00f3 enxergar a sua faceta l\u00fagubre. [&hellip;]","og_url":"https:\/\/www.notibras.com\/site\/casal-vive-realidade-e-devaneios-ate-a-viuvez\/","og_site_name":"Notibras","article_publisher":"https:\/\/www.facebook.com\/notibras\/","article_published_time":"2024-05-13T10:54:55+00:00","og_image":[{"width":1080,"height":1080,"url":"https:\/\/www.notibras.com\/site\/wp-content\/uploads\/2024\/05\/68555dad-6592-46b0-858d-b1d470860bd8.jpeg","type":"image\/jpeg"}],"author":"Reda\u00e7\u00e3o","twitter_card":"summary_large_image","twitter_creator":"@Notibras","twitter_site":"@Notibras","twitter_misc":{"Escrito por":"Reda\u00e7\u00e3o","Est. tempo de leitura":"3 minutos"},"schema":{"@context":"https:\/\/schema.org","@graph":[{"@type":"Article","@id":"https:\/\/www.notibras.com\/site\/casal-vive-realidade-e-devaneios-ate-a-viuvez\/#article","isPartOf":{"@id":"https:\/\/www.notibras.com\/site\/casal-vive-realidade-e-devaneios-ate-a-viuvez\/"},"author":{"name":"Reda\u00e7\u00e3o","@id":"https:\/\/www.notibras.com\/site\/#\/schema\/person\/36ab0979449956132d3e5b517ea76ac8"},"headline":"Casal vive realidade e devaneios at\u00e9 a viuvez","datePublished":"2024-05-13T10:54:55+00:00","mainEntityOfPage":{"@id":"https:\/\/www.notibras.com\/site\/casal-vive-realidade-e-devaneios-ate-a-viuvez\/"},"wordCount":488,"publisher":{"@id":"https:\/\/www.notibras.com\/site\/#organization"},"image":{"@id":"https:\/\/www.notibras.com\/site\/casal-vive-realidade-e-devaneios-ate-a-viuvez\/#primaryimage"},"thumbnailUrl":"https:\/\/www.notibras.com\/site\/wp-content\/uploads\/2024\/05\/68555dad-6592-46b0-858d-b1d470860bd8.jpeg","articleSection":["Quadradinho em Foco"],"inLanguage":"pt-BR"},{"@type":"WebPage","@id":"https:\/\/www.notibras.com\/site\/casal-vive-realidade-e-devaneios-ate-a-viuvez\/","url":"https:\/\/www.notibras.com\/site\/casal-vive-realidade-e-devaneios-ate-a-viuvez\/","name":"Casal vive realidade e devaneios at\u00e9 a viuvez - Notibras","isPartOf":{"@id":"https:\/\/www.notibras.com\/site\/#website"},"primaryImageOfPage":{"@id":"https:\/\/www.notibras.com\/site\/casal-vive-realidade-e-devaneios-ate-a-viuvez\/#primaryimage"},"image":{"@id":"https:\/\/www.notibras.com\/site\/casal-vive-realidade-e-devaneios-ate-a-viuvez\/#primaryimage"},"thumbnailUrl":"https:\/\/www.notibras.com\/site\/wp-content\/uploads\/2024\/05\/68555dad-6592-46b0-858d-b1d470860bd8.jpeg","datePublished":"2024-05-13T10:54:55+00:00","breadcrumb":{"@id":"https:\/\/www.notibras.com\/site\/casal-vive-realidade-e-devaneios-ate-a-viuvez\/#breadcrumb"},"inLanguage":"pt-BR","potentialAction":[{"@type":"ReadAction","target":["https:\/\/www.notibras.com\/site\/casal-vive-realidade-e-devaneios-ate-a-viuvez\/"]}]},{"@type":"ImageObject","inLanguage":"pt-BR","@id":"https:\/\/www.notibras.com\/site\/casal-vive-realidade-e-devaneios-ate-a-viuvez\/#primaryimage","url":"https:\/\/www.notibras.com\/site\/wp-content\/uploads\/2024\/05\/68555dad-6592-46b0-858d-b1d470860bd8.jpeg","contentUrl":"https:\/\/www.notibras.com\/site\/wp-content\/uploads\/2024\/05\/68555dad-6592-46b0-858d-b1d470860bd8.jpeg","width":1080,"height":1080},{"@type":"BreadcrumbList","@id":"https:\/\/www.notibras.com\/site\/casal-vive-realidade-e-devaneios-ate-a-viuvez\/#breadcrumb","itemListElement":[{"@type":"ListItem","position":1,"name":"In\u00edcio","item":"https:\/\/www.notibras.com\/site\/"},{"@type":"ListItem","position":2,"name":"Casal vive realidade e devaneios at\u00e9 a viuvez"}]},{"@type":"WebSite","@id":"https:\/\/www.notibras.com\/site\/#website","url":"https:\/\/www.notibras.com\/site\/","name":"Notibras","description":"Not\u00edcias de Bras\u00edlia, do Brasil e do Mundo","publisher":{"@id":"https:\/\/www.notibras.com\/site\/#organization"},"potentialAction":[{"@type":"SearchAction","target":{"@type":"EntryPoint","urlTemplate":"https:\/\/www.notibras.com\/site\/?s={search_term_string}"},"query-input":{"@type":"PropertyValueSpecification","valueRequired":true,"valueName":"search_term_string"}}],"inLanguage":"pt-BR"},{"@type":"Organization","@id":"https:\/\/www.notibras.com\/site\/#organization","name":"Grupo Notibras de Comunica\u00e7\u00e3o","url":"https:\/\/www.notibras.com\/site\/","logo":{"@type":"ImageObject","inLanguage":"pt-BR","@id":"https:\/\/www.notibras.com\/site\/#\/schema\/logo\/image\/","url":"https:\/\/www.notibras.com\/site\/wp-content\/uploads\/2023\/01\/notibras23.png","contentUrl":"https:\/\/www.notibras.com\/site\/wp-content\/uploads\/2023\/01\/notibras23.png","width":350,"height":87,"caption":"Grupo Notibras de Comunica\u00e7\u00e3o"},"image":{"@id":"https:\/\/www.notibras.com\/site\/#\/schema\/logo\/image\/"},"sameAs":["https:\/\/www.facebook.com\/notibras\/","https:\/\/x.com\/Notibras","https:\/\/www.instagram.com\/notibras\/"]},{"@type":"Person","@id":"https:\/\/www.notibras.com\/site\/#\/schema\/person\/36ab0979449956132d3e5b517ea76ac8","name":"Reda\u00e7\u00e3o","image":{"@type":"ImageObject","inLanguage":"pt-BR","@id":"https:\/\/secure.gravatar.com\/avatar\/e0a867bdedb85fd243eadf09663511f96fc81e0720a4a42581f334ad4303aa6b?s=96&d=mm&r=g","url":"https:\/\/secure.gravatar.com\/avatar\/e0a867bdedb85fd243eadf09663511f96fc81e0720a4a42581f334ad4303aa6b?s=96&d=mm&r=g","contentUrl":"https:\/\/secure.gravatar.com\/avatar\/e0a867bdedb85fd243eadf09663511f96fc81e0720a4a42581f334ad4303aa6b?s=96&d=mm&r=g","caption":"Reda\u00e7\u00e3o"}}]}},"amp_enabled":true,"_links":{"self":[{"href":"https:\/\/www.notibras.com\/site\/wp-json\/wp\/v2\/posts\/328602","targetHints":{"allow":["GET"]}}],"collection":[{"href":"https:\/\/www.notibras.com\/site\/wp-json\/wp\/v2\/posts"}],"about":[{"href":"https:\/\/www.notibras.com\/site\/wp-json\/wp\/v2\/types\/post"}],"author":[{"embeddable":true,"href":"https:\/\/www.notibras.com\/site\/wp-json\/wp\/v2\/users\/2"}],"replies":[{"embeddable":true,"href":"https:\/\/www.notibras.com\/site\/wp-json\/wp\/v2\/comments?post=328602"}],"version-history":[{"count":1,"href":"https:\/\/www.notibras.com\/site\/wp-json\/wp\/v2\/posts\/328602\/revisions"}],"predecessor-version":[{"id":328604,"href":"https:\/\/www.notibras.com\/site\/wp-json\/wp\/v2\/posts\/328602\/revisions\/328604"}],"wp:featuredmedia":[{"embeddable":true,"href":"https:\/\/www.notibras.com\/site\/wp-json\/wp\/v2\/media\/328603"}],"wp:attachment":[{"href":"https:\/\/www.notibras.com\/site\/wp-json\/wp\/v2\/media?parent=328602"}],"wp:term":[{"taxonomy":"category","embeddable":true,"href":"https:\/\/www.notibras.com\/site\/wp-json\/wp\/v2\/categories?post=328602"},{"taxonomy":"post_tag","embeddable":true,"href":"https:\/\/www.notibras.com\/site\/wp-json\/wp\/v2\/tags?post=328602"}],"curies":[{"name":"wp","href":"https:\/\/api.w.org\/{rel}","templated":true}]}}