{"id":328633,"date":"2024-05-13T12:23:50","date_gmt":"2024-05-13T15:23:50","guid":{"rendered":"https:\/\/www.notibras.com\/site\/?p=328633"},"modified":"2024-05-13T14:26:25","modified_gmt":"2024-05-13T17:26:25","slug":"saude-chama-as-criancas-e-os-adolescentes-para-vacinacao","status":"publish","type":"post","link":"https:\/\/www.notibras.com\/site\/saude-chama-as-criancas-e-os-adolescentes-para-vacinacao\/","title":{"rendered":"Sa\u00fade chama crian\u00e7as e adolescentes para vacinar"},"content":{"rendered":"<p>Ap\u00f3s confirmar 107 casos e 14 mortes por meningite em 2023, a Secretaria de Sa\u00fade do Distrito Federal convoca crian\u00e7as e adolescentes de 11 a 14 anos para se imunizarem contra a doen\u00e7a. A vacina ACWY protege contra os quatro sorotipos de meningite, mas registrou, no ano passado, menos de 35% de cobertura na faixa et\u00e1ria definida \u2013 menos da metade da meta de 80%.<\/p>\n<p>Para receber a dose, basta procurar uma das salas de imuniza\u00e7\u00e3o com a caderneta de vacina\u00e7\u00e3o em m\u00e3os. A ACWY pode ser aplicada junto com qualquer outra dose do calend\u00e1rio b\u00e1sico de vacina\u00e7\u00e3o, com exce\u00e7\u00e3o da dengue. Uma crian\u00e7a ou adolescente pode, por exemplo, receber a meningoc\u00f3cica e o imunizante contra o HPV de forma simult\u00e2nea.<\/p>\n<p><strong>A doen\u00e7a<\/strong><br \/>\nA meningite se caracteriza pela inflama\u00e7\u00e3o nas meninges, membranas que envolvem o c\u00e9rebro e a medula espinhal. O quadro pode causar sequelas para o resto da vida e afeta principalmente crian\u00e7as. Dentre outros agentes, \u00e9 provocado por v\u00edrus e bact\u00e9rias.<\/p>\n<p><strong>Esquemas vacinais<\/strong><br \/>\nOs esquemas vacinais contra a meningite v\u00e3o al\u00e9m da ACWY e incluem ainda as doses BCG e meningoc\u00f3cica C conjugada, ambas no calend\u00e1rio b\u00e1sico de vacina\u00e7\u00e3o. \u201cEm cada unidade b\u00e1sica de sa\u00fade, \u00e9 poss\u00edvel solicitar uma an\u00e1lise da caderneta, para verificar se h\u00e1 algum imunizante em atraso\u201d, destacou a secretaria.<\/p>\n<p><strong>Monitoramento e preven\u00e7\u00e3o<\/strong><br \/>\nEm nota, a Secretaria de Sa\u00fade destacou que estabelecimentos de sa\u00fade da rede p\u00fablica e complementar t\u00eam a obriga\u00e7\u00e3o de notificar casos de meningite. \u201cQuando h\u00e1 confirma\u00e7\u00e3o laboratorial de um caso de meningite, a secretaria atua rapidamente para investigar e avaliar a necessidade de medidas de controle.\u201d<\/p>\n<p>De acordo com a avalia\u00e7\u00e3o da equipe t\u00e9cnica, em alguns casos, de maneira preventiva, pode haver uso de antibi\u00f3ticos por pessoas pr\u00f3ximas aos pacientes.<\/p>\n<p>\u201cA vacina\u00e7\u00e3o \u00e9 apontada como a principal forma de evitar a doen\u00e7a, al\u00e9m de outras medidas gerais para impedir a transmiss\u00e3o da meningite: lavar e higienizar frequentemente as m\u00e3os, manter os locais bem ventilados, n\u00e3o compartilhar objetos de uso pessoal e cobrir a boca e o nariz ao tossir ou espirrar.\u201d<\/p>\n","protected":false},"excerpt":{"rendered":"<p>Ap\u00f3s confirmar 107 casos e 14 mortes por meningite em 2023, a Secretaria de Sa\u00fade do Distrito Federal convoca crian\u00e7as e adolescentes de 11 a 14 anos para se imunizarem contra a doen\u00e7a. A vacina ACWY protege contra os quatro sorotipos de meningite, mas registrou, no ano passado, menos de 35% de cobertura na faixa [&hellip;]<\/p>\n","protected":false},"author":2,"featured_media":328634,"comment_status":"closed","ping_status":"closed","sticky":false,"template":"","format":"standard","meta":{"_acf_changed":false,"footnotes":""},"categories":[161],"tags":[],"class_list":["post-328633","post","type-post","status-publish","format-standard","has-post-thumbnail","hentry","category-quadradinho-em-foco"],"acf":[],"yoast_head":"<!-- This site is optimized with the Yoast SEO plugin v27.5 - https:\/\/yoast.com\/product\/yoast-seo-wordpress\/ -->\n<title>Sa\u00fade chama crian\u00e7as e adolescentes para vacinar - Notibras<\/title>\n<meta name=\"robots\" content=\"index, follow, max-snippet:-1, max-image-preview:large, max-video-preview:-1\" \/>\n<link rel=\"canonical\" href=\"https:\/\/www.notibras.com\/site\/saude-chama-as-criancas-e-os-adolescentes-para-vacinacao\/\" \/>\n<meta property=\"og:locale\" content=\"pt_BR\" \/>\n<meta property=\"og:type\" content=\"article\" \/>\n<meta property=\"og:title\" content=\"Sa\u00fade chama crian\u00e7as e adolescentes para vacinar - Notibras\" \/>\n<meta property=\"og:description\" content=\"Ap\u00f3s confirmar 107 casos e 14 mortes por meningite em 2023, a Secretaria de Sa\u00fade do Distrito Federal convoca crian\u00e7as e adolescentes de 11 a 14 anos para se imunizarem contra a doen\u00e7a. A vacina ACWY protege contra os quatro sorotipos de meningite, mas registrou, no ano passado, menos de 35% de cobertura na faixa [&hellip;]\" \/>\n<meta property=\"og:url\" content=\"https:\/\/www.notibras.com\/site\/saude-chama-as-criancas-e-os-adolescentes-para-vacinacao\/\" \/>\n<meta property=\"og:site_name\" content=\"Notibras\" \/>\n<meta property=\"article:publisher\" content=\"https:\/\/www.facebook.com\/notibras\/\" \/>\n<meta property=\"article:published_time\" content=\"2024-05-13T15:23:50+00:00\" \/>\n<meta property=\"article:modified_time\" content=\"2024-05-13T17:26:25+00:00\" \/>\n<meta property=\"og:image\" content=\"https:\/\/www.notibras.com\/site\/wp-content\/uploads\/2024\/05\/vacmenin.webp\" \/>\n\t<meta property=\"og:image:width\" content=\"1170\" \/>\n\t<meta property=\"og:image:height\" content=\"700\" \/>\n\t<meta property=\"og:image:type\" content=\"image\/webp\" \/>\n<meta name=\"author\" content=\"Reda\u00e7\u00e3o\" \/>\n<meta name=\"twitter:card\" content=\"summary_large_image\" \/>\n<meta name=\"twitter:creator\" content=\"@Notibras\" \/>\n<meta name=\"twitter:site\" content=\"@Notibras\" \/>\n<meta name=\"twitter:label1\" content=\"Escrito por\" \/>\n\t<meta name=\"twitter:data1\" content=\"Reda\u00e7\u00e3o\" \/>\n\t<meta name=\"twitter:label2\" content=\"Est. tempo de leitura\" \/>\n\t<meta name=\"twitter:data2\" content=\"3 minutos\" \/>\n<script type=\"application\/ld+json\" class=\"yoast-schema-graph\">{\"@context\":\"https:\\\/\\\/schema.org\",\"@graph\":[{\"@type\":\"Article\",\"@id\":\"https:\\\/\\\/www.notibras.com\\\/site\\\/saude-chama-as-criancas-e-os-adolescentes-para-vacinacao\\\/#article\",\"isPartOf\":{\"@id\":\"https:\\\/\\\/www.notibras.com\\\/site\\\/saude-chama-as-criancas-e-os-adolescentes-para-vacinacao\\\/\"},\"author\":{\"name\":\"Reda\u00e7\u00e3o\",\"@id\":\"https:\\\/\\\/www.notibras.com\\\/site\\\/#\\\/schema\\\/person\\\/36ab0979449956132d3e5b517ea76ac8\"},\"headline\":\"Sa\u00fade chama crian\u00e7as e adolescentes para vacinar\",\"datePublished\":\"2024-05-13T15:23:50+00:00\",\"dateModified\":\"2024-05-13T17:26:25+00:00\",\"mainEntityOfPage\":{\"@id\":\"https:\\\/\\\/www.notibras.com\\\/site\\\/saude-chama-as-criancas-e-os-adolescentes-para-vacinacao\\\/\"},\"wordCount\":386,\"publisher\":{\"@id\":\"https:\\\/\\\/www.notibras.com\\\/site\\\/#organization\"},\"image\":{\"@id\":\"https:\\\/\\\/www.notibras.com\\\/site\\\/saude-chama-as-criancas-e-os-adolescentes-para-vacinacao\\\/#primaryimage\"},\"thumbnailUrl\":\"https:\\\/\\\/www.notibras.com\\\/site\\\/wp-content\\\/uploads\\\/2024\\\/05\\\/vacmenin.webp\",\"articleSection\":[\"Quadradinho em Foco\"],\"inLanguage\":\"pt-BR\"},{\"@type\":\"WebPage\",\"@id\":\"https:\\\/\\\/www.notibras.com\\\/site\\\/saude-chama-as-criancas-e-os-adolescentes-para-vacinacao\\\/\",\"url\":\"https:\\\/\\\/www.notibras.com\\\/site\\\/saude-chama-as-criancas-e-os-adolescentes-para-vacinacao\\\/\",\"name\":\"Sa\u00fade chama crian\u00e7as e adolescentes para vacinar - Notibras\",\"isPartOf\":{\"@id\":\"https:\\\/\\\/www.notibras.com\\\/site\\\/#website\"},\"primaryImageOfPage\":{\"@id\":\"https:\\\/\\\/www.notibras.com\\\/site\\\/saude-chama-as-criancas-e-os-adolescentes-para-vacinacao\\\/#primaryimage\"},\"image\":{\"@id\":\"https:\\\/\\\/www.notibras.com\\\/site\\\/saude-chama-as-criancas-e-os-adolescentes-para-vacinacao\\\/#primaryimage\"},\"thumbnailUrl\":\"https:\\\/\\\/www.notibras.com\\\/site\\\/wp-content\\\/uploads\\\/2024\\\/05\\\/vacmenin.webp\",\"datePublished\":\"2024-05-13T15:23:50+00:00\",\"dateModified\":\"2024-05-13T17:26:25+00:00\",\"breadcrumb\":{\"@id\":\"https:\\\/\\\/www.notibras.com\\\/site\\\/saude-chama-as-criancas-e-os-adolescentes-para-vacinacao\\\/#breadcrumb\"},\"inLanguage\":\"pt-BR\",\"potentialAction\":[{\"@type\":\"ReadAction\",\"target\":[\"https:\\\/\\\/www.notibras.com\\\/site\\\/saude-chama-as-criancas-e-os-adolescentes-para-vacinacao\\\/\"]}]},{\"@type\":\"ImageObject\",\"inLanguage\":\"pt-BR\",\"@id\":\"https:\\\/\\\/www.notibras.com\\\/site\\\/saude-chama-as-criancas-e-os-adolescentes-para-vacinacao\\\/#primaryimage\",\"url\":\"https:\\\/\\\/www.notibras.com\\\/site\\\/wp-content\\\/uploads\\\/2024\\\/05\\\/vacmenin.webp\",\"contentUrl\":\"https:\\\/\\\/www.notibras.com\\\/site\\\/wp-content\\\/uploads\\\/2024\\\/05\\\/vacmenin.webp\",\"width\":1170,\"height\":700},{\"@type\":\"BreadcrumbList\",\"@id\":\"https:\\\/\\\/www.notibras.com\\\/site\\\/saude-chama-as-criancas-e-os-adolescentes-para-vacinacao\\\/#breadcrumb\",\"itemListElement\":[{\"@type\":\"ListItem\",\"position\":1,\"name\":\"In\u00edcio\",\"item\":\"https:\\\/\\\/www.notibras.com\\\/site\\\/\"},{\"@type\":\"ListItem\",\"position\":2,\"name\":\"Sa\u00fade chama crian\u00e7as e adolescentes para vacinar\"}]},{\"@type\":\"WebSite\",\"@id\":\"https:\\\/\\\/www.notibras.com\\\/site\\\/#website\",\"url\":\"https:\\\/\\\/www.notibras.com\\\/site\\\/\",\"name\":\"Notibras\",\"description\":\"Not\u00edcias de Bras\u00edlia, do Brasil e do Mundo\",\"publisher\":{\"@id\":\"https:\\\/\\\/www.notibras.com\\\/site\\\/#organization\"},\"potentialAction\":[{\"@type\":\"SearchAction\",\"target\":{\"@type\":\"EntryPoint\",\"urlTemplate\":\"https:\\\/\\\/www.notibras.com\\\/site\\\/?s={search_term_string}\"},\"query-input\":{\"@type\":\"PropertyValueSpecification\",\"valueRequired\":true,\"valueName\":\"search_term_string\"}}],\"inLanguage\":\"pt-BR\"},{\"@type\":\"Organization\",\"@id\":\"https:\\\/\\\/www.notibras.com\\\/site\\\/#organization\",\"name\":\"Grupo Notibras de Comunica\u00e7\u00e3o\",\"url\":\"https:\\\/\\\/www.notibras.com\\\/site\\\/\",\"logo\":{\"@type\":\"ImageObject\",\"inLanguage\":\"pt-BR\",\"@id\":\"https:\\\/\\\/www.notibras.com\\\/site\\\/#\\\/schema\\\/logo\\\/image\\\/\",\"url\":\"https:\\\/\\\/www.notibras.com\\\/site\\\/wp-content\\\/uploads\\\/2023\\\/01\\\/notibras23.png\",\"contentUrl\":\"https:\\\/\\\/www.notibras.com\\\/site\\\/wp-content\\\/uploads\\\/2023\\\/01\\\/notibras23.png\",\"width\":350,\"height\":87,\"caption\":\"Grupo Notibras de Comunica\u00e7\u00e3o\"},\"image\":{\"@id\":\"https:\\\/\\\/www.notibras.com\\\/site\\\/#\\\/schema\\\/logo\\\/image\\\/\"},\"sameAs\":[\"https:\\\/\\\/www.facebook.com\\\/notibras\\\/\",\"https:\\\/\\\/x.com\\\/Notibras\",\"https:\\\/\\\/www.instagram.com\\\/notibras\\\/\"]},{\"@type\":\"Person\",\"@id\":\"https:\\\/\\\/www.notibras.com\\\/site\\\/#\\\/schema\\\/person\\\/36ab0979449956132d3e5b517ea76ac8\",\"name\":\"Reda\u00e7\u00e3o\",\"image\":{\"@type\":\"ImageObject\",\"inLanguage\":\"pt-BR\",\"@id\":\"https:\\\/\\\/secure.gravatar.com\\\/avatar\\\/e0a867bdedb85fd243eadf09663511f96fc81e0720a4a42581f334ad4303aa6b?s=96&d=mm&r=g\",\"url\":\"https:\\\/\\\/secure.gravatar.com\\\/avatar\\\/e0a867bdedb85fd243eadf09663511f96fc81e0720a4a42581f334ad4303aa6b?s=96&d=mm&r=g\",\"contentUrl\":\"https:\\\/\\\/secure.gravatar.com\\\/avatar\\\/e0a867bdedb85fd243eadf09663511f96fc81e0720a4a42581f334ad4303aa6b?s=96&d=mm&r=g\",\"caption\":\"Reda\u00e7\u00e3o\"}}]}<\/script>\n<!-- \/ Yoast SEO plugin. -->","yoast_head_json":{"title":"Sa\u00fade chama crian\u00e7as e adolescentes para vacinar - Notibras","robots":{"index":"index","follow":"follow","max-snippet":"max-snippet:-1","max-image-preview":"max-image-preview:large","max-video-preview":"max-video-preview:-1"},"canonical":"https:\/\/www.notibras.com\/site\/saude-chama-as-criancas-e-os-adolescentes-para-vacinacao\/","og_locale":"pt_BR","og_type":"article","og_title":"Sa\u00fade chama crian\u00e7as e adolescentes para vacinar - Notibras","og_description":"Ap\u00f3s confirmar 107 casos e 14 mortes por meningite em 2023, a Secretaria de Sa\u00fade do Distrito Federal convoca crian\u00e7as e adolescentes de 11 a 14 anos para se imunizarem contra a doen\u00e7a. A vacina ACWY protege contra os quatro sorotipos de meningite, mas registrou, no ano passado, menos de 35% de cobertura na faixa [&hellip;]","og_url":"https:\/\/www.notibras.com\/site\/saude-chama-as-criancas-e-os-adolescentes-para-vacinacao\/","og_site_name":"Notibras","article_publisher":"https:\/\/www.facebook.com\/notibras\/","article_published_time":"2024-05-13T15:23:50+00:00","article_modified_time":"2024-05-13T17:26:25+00:00","og_image":[{"width":1170,"height":700,"url":"https:\/\/www.notibras.com\/site\/wp-content\/uploads\/2024\/05\/vacmenin.webp","type":"image\/webp"}],"author":"Reda\u00e7\u00e3o","twitter_card":"summary_large_image","twitter_creator":"@Notibras","twitter_site":"@Notibras","twitter_misc":{"Escrito por":"Reda\u00e7\u00e3o","Est. tempo de leitura":"3 minutos"},"schema":{"@context":"https:\/\/schema.org","@graph":[{"@type":"Article","@id":"https:\/\/www.notibras.com\/site\/saude-chama-as-criancas-e-os-adolescentes-para-vacinacao\/#article","isPartOf":{"@id":"https:\/\/www.notibras.com\/site\/saude-chama-as-criancas-e-os-adolescentes-para-vacinacao\/"},"author":{"name":"Reda\u00e7\u00e3o","@id":"https:\/\/www.notibras.com\/site\/#\/schema\/person\/36ab0979449956132d3e5b517ea76ac8"},"headline":"Sa\u00fade chama crian\u00e7as e adolescentes para vacinar","datePublished":"2024-05-13T15:23:50+00:00","dateModified":"2024-05-13T17:26:25+00:00","mainEntityOfPage":{"@id":"https:\/\/www.notibras.com\/site\/saude-chama-as-criancas-e-os-adolescentes-para-vacinacao\/"},"wordCount":386,"publisher":{"@id":"https:\/\/www.notibras.com\/site\/#organization"},"image":{"@id":"https:\/\/www.notibras.com\/site\/saude-chama-as-criancas-e-os-adolescentes-para-vacinacao\/#primaryimage"},"thumbnailUrl":"https:\/\/www.notibras.com\/site\/wp-content\/uploads\/2024\/05\/vacmenin.webp","articleSection":["Quadradinho em Foco"],"inLanguage":"pt-BR"},{"@type":"WebPage","@id":"https:\/\/www.notibras.com\/site\/saude-chama-as-criancas-e-os-adolescentes-para-vacinacao\/","url":"https:\/\/www.notibras.com\/site\/saude-chama-as-criancas-e-os-adolescentes-para-vacinacao\/","name":"Sa\u00fade chama crian\u00e7as e adolescentes para vacinar - Notibras","isPartOf":{"@id":"https:\/\/www.notibras.com\/site\/#website"},"primaryImageOfPage":{"@id":"https:\/\/www.notibras.com\/site\/saude-chama-as-criancas-e-os-adolescentes-para-vacinacao\/#primaryimage"},"image":{"@id":"https:\/\/www.notibras.com\/site\/saude-chama-as-criancas-e-os-adolescentes-para-vacinacao\/#primaryimage"},"thumbnailUrl":"https:\/\/www.notibras.com\/site\/wp-content\/uploads\/2024\/05\/vacmenin.webp","datePublished":"2024-05-13T15:23:50+00:00","dateModified":"2024-05-13T17:26:25+00:00","breadcrumb":{"@id":"https:\/\/www.notibras.com\/site\/saude-chama-as-criancas-e-os-adolescentes-para-vacinacao\/#breadcrumb"},"inLanguage":"pt-BR","potentialAction":[{"@type":"ReadAction","target":["https:\/\/www.notibras.com\/site\/saude-chama-as-criancas-e-os-adolescentes-para-vacinacao\/"]}]},{"@type":"ImageObject","inLanguage":"pt-BR","@id":"https:\/\/www.notibras.com\/site\/saude-chama-as-criancas-e-os-adolescentes-para-vacinacao\/#primaryimage","url":"https:\/\/www.notibras.com\/site\/wp-content\/uploads\/2024\/05\/vacmenin.webp","contentUrl":"https:\/\/www.notibras.com\/site\/wp-content\/uploads\/2024\/05\/vacmenin.webp","width":1170,"height":700},{"@type":"BreadcrumbList","@id":"https:\/\/www.notibras.com\/site\/saude-chama-as-criancas-e-os-adolescentes-para-vacinacao\/#breadcrumb","itemListElement":[{"@type":"ListItem","position":1,"name":"In\u00edcio","item":"https:\/\/www.notibras.com\/site\/"},{"@type":"ListItem","position":2,"name":"Sa\u00fade chama crian\u00e7as e adolescentes para vacinar"}]},{"@type":"WebSite","@id":"https:\/\/www.notibras.com\/site\/#website","url":"https:\/\/www.notibras.com\/site\/","name":"Notibras","description":"Not\u00edcias de Bras\u00edlia, do Brasil e do Mundo","publisher":{"@id":"https:\/\/www.notibras.com\/site\/#organization"},"potentialAction":[{"@type":"SearchAction","target":{"@type":"EntryPoint","urlTemplate":"https:\/\/www.notibras.com\/site\/?s={search_term_string}"},"query-input":{"@type":"PropertyValueSpecification","valueRequired":true,"valueName":"search_term_string"}}],"inLanguage":"pt-BR"},{"@type":"Organization","@id":"https:\/\/www.notibras.com\/site\/#organization","name":"Grupo Notibras de Comunica\u00e7\u00e3o","url":"https:\/\/www.notibras.com\/site\/","logo":{"@type":"ImageObject","inLanguage":"pt-BR","@id":"https:\/\/www.notibras.com\/site\/#\/schema\/logo\/image\/","url":"https:\/\/www.notibras.com\/site\/wp-content\/uploads\/2023\/01\/notibras23.png","contentUrl":"https:\/\/www.notibras.com\/site\/wp-content\/uploads\/2023\/01\/notibras23.png","width":350,"height":87,"caption":"Grupo Notibras de Comunica\u00e7\u00e3o"},"image":{"@id":"https:\/\/www.notibras.com\/site\/#\/schema\/logo\/image\/"},"sameAs":["https:\/\/www.facebook.com\/notibras\/","https:\/\/x.com\/Notibras","https:\/\/www.instagram.com\/notibras\/"]},{"@type":"Person","@id":"https:\/\/www.notibras.com\/site\/#\/schema\/person\/36ab0979449956132d3e5b517ea76ac8","name":"Reda\u00e7\u00e3o","image":{"@type":"ImageObject","inLanguage":"pt-BR","@id":"https:\/\/secure.gravatar.com\/avatar\/e0a867bdedb85fd243eadf09663511f96fc81e0720a4a42581f334ad4303aa6b?s=96&d=mm&r=g","url":"https:\/\/secure.gravatar.com\/avatar\/e0a867bdedb85fd243eadf09663511f96fc81e0720a4a42581f334ad4303aa6b?s=96&d=mm&r=g","contentUrl":"https:\/\/secure.gravatar.com\/avatar\/e0a867bdedb85fd243eadf09663511f96fc81e0720a4a42581f334ad4303aa6b?s=96&d=mm&r=g","caption":"Reda\u00e7\u00e3o"}}]}},"amp_enabled":true,"_links":{"self":[{"href":"https:\/\/www.notibras.com\/site\/wp-json\/wp\/v2\/posts\/328633","targetHints":{"allow":["GET"]}}],"collection":[{"href":"https:\/\/www.notibras.com\/site\/wp-json\/wp\/v2\/posts"}],"about":[{"href":"https:\/\/www.notibras.com\/site\/wp-json\/wp\/v2\/types\/post"}],"author":[{"embeddable":true,"href":"https:\/\/www.notibras.com\/site\/wp-json\/wp\/v2\/users\/2"}],"replies":[{"embeddable":true,"href":"https:\/\/www.notibras.com\/site\/wp-json\/wp\/v2\/comments?post=328633"}],"version-history":[{"count":2,"href":"https:\/\/www.notibras.com\/site\/wp-json\/wp\/v2\/posts\/328633\/revisions"}],"predecessor-version":[{"id":328636,"href":"https:\/\/www.notibras.com\/site\/wp-json\/wp\/v2\/posts\/328633\/revisions\/328636"}],"wp:featuredmedia":[{"embeddable":true,"href":"https:\/\/www.notibras.com\/site\/wp-json\/wp\/v2\/media\/328634"}],"wp:attachment":[{"href":"https:\/\/www.notibras.com\/site\/wp-json\/wp\/v2\/media?parent=328633"}],"wp:term":[{"taxonomy":"category","embeddable":true,"href":"https:\/\/www.notibras.com\/site\/wp-json\/wp\/v2\/categories?post=328633"},{"taxonomy":"post_tag","embeddable":true,"href":"https:\/\/www.notibras.com\/site\/wp-json\/wp\/v2\/tags?post=328633"}],"curies":[{"name":"wp","href":"https:\/\/api.w.org\/{rel}","templated":true}]}}