{"id":328671,"date":"2024-05-14T00:00:30","date_gmt":"2024-05-14T03:00:30","guid":{"rendered":"https:\/\/www.notibras.com\/site\/?p=328671"},"modified":"2024-05-14T07:27:35","modified_gmt":"2024-05-14T10:27:35","slug":"relatorio-da-cpi-da-braskem-esta-saindo-do-forno","status":"publish","type":"post","link":"https:\/\/www.notibras.com\/site\/relatorio-da-cpi-da-braskem-esta-saindo-do-forno\/","title":{"rendered":"Relat\u00f3rio da CPI da Braskem est\u00e1 saindo do forno"},"content":{"rendered":"<p>A Comiss\u00e3o Parlamentar de Inqu\u00e9rito da Braskem deve apresentar nesta quarta-feira (15)\u00a0 o relat\u00f3rio final do colegiado, criado do por meio de requerimento do senador Renan Calheiros (MDB-AL) para investigar os efeitos da responsabilidade jur\u00eddica e socioambiental da mineradora no afundamento do solo em v\u00e1rios bairros de Macei\u00f3 (REQ 952\/2023).<\/p>\n<p>A Braskem extrai sal-gema \u2014 utilizado, por exemplo, na fabrica\u00e7\u00e3o de PVC \u2014 desde os anos 1970 nos arredores da Lagoa Munda\u00fa, na capital alagoana.<\/p>\n<p>A CPI funcionou de mar\u00e7o a maio deste ano, per\u00edodo em que realizou 16 reuni\u00f5es, sendo 12 audi\u00eancias p\u00fablicas para oitiva de 26 depoentes, entre eles dirigentes da Braskem, executivos da empresa, t\u00e9cnicos, ge\u00f3logos e representantes de v\u00edtimas. O colegiado tamb\u00e9m realizou diligencias externas na capital alagoana e ouviu agentes p\u00fablicos de Macei\u00f3.<\/p>\n<p>A comiss\u00e3o, que conta com 11 membros titulares e 7 suplentes, \u00e9 presidida pelo senador Omar Aziz (PSD-AM). O senador Rog\u00e9rio Carvalho (PT-SE) \u00e9 o relator do colegiado, que tem como vice-presidente o senador Dr. Hiran (PP-RR).<\/p>\n","protected":false},"excerpt":{"rendered":"<p>A Comiss\u00e3o Parlamentar de Inqu\u00e9rito da Braskem deve apresentar nesta quarta-feira (15)\u00a0 o relat\u00f3rio final do colegiado, criado do por meio de requerimento do senador Renan Calheiros (MDB-AL) para investigar os efeitos da responsabilidade jur\u00eddica e socioambiental da mineradora no afundamento do solo em v\u00e1rios bairros de Macei\u00f3 (REQ 952\/2023). A Braskem extrai sal-gema \u2014 [&hellip;]<\/p>\n","protected":false},"author":2,"featured_media":328672,"comment_status":"closed","ping_status":"closed","sticky":false,"template":"","format":"standard","meta":{"_acf_changed":false,"footnotes":""},"categories":[166,165],"tags":[],"class_list":["post-328671","post","type-post","status-publish","format-standard","has-post-thumbnail","hentry","category-alagoas","category-nordeste"],"acf":[],"_links":{"self":[{"href":"https:\/\/www.notibras.com\/site\/wp-json\/wp\/v2\/posts\/328671","targetHints":{"allow":["GET"]}}],"collection":[{"href":"https:\/\/www.notibras.com\/site\/wp-json\/wp\/v2\/posts"}],"about":[{"href":"https:\/\/www.notibras.com\/site\/wp-json\/wp\/v2\/types\/post"}],"author":[{"embeddable":true,"href":"https:\/\/www.notibras.com\/site\/wp-json\/wp\/v2\/users\/2"}],"replies":[{"embeddable":true,"href":"https:\/\/www.notibras.com\/site\/wp-json\/wp\/v2\/comments?post=328671"}],"version-history":[{"count":1,"href":"https:\/\/www.notibras.com\/site\/wp-json\/wp\/v2\/posts\/328671\/revisions"}],"predecessor-version":[{"id":328673,"href":"https:\/\/www.notibras.com\/site\/wp-json\/wp\/v2\/posts\/328671\/revisions\/328673"}],"wp:featuredmedia":[{"embeddable":true,"href":"https:\/\/www.notibras.com\/site\/wp-json\/wp\/v2\/media\/328672"}],"wp:attachment":[{"href":"https:\/\/www.notibras.com\/site\/wp-json\/wp\/v2\/media?parent=328671"}],"wp:term":[{"taxonomy":"category","embeddable":true,"href":"https:\/\/www.notibras.com\/site\/wp-json\/wp\/v2\/categories?post=328671"},{"taxonomy":"post_tag","embeddable":true,"href":"https:\/\/www.notibras.com\/site\/wp-json\/wp\/v2\/tags?post=328671"}],"curies":[{"name":"wp","href":"https:\/\/api.w.org\/{rel}","templated":true}]}}