{"id":328674,"date":"2024-05-14T00:01:15","date_gmt":"2024-05-14T03:01:15","guid":{"rendered":"https:\/\/www.notibras.com\/site\/?p=328674"},"modified":"2024-05-14T07:32:41","modified_gmt":"2024-05-14T10:32:41","slug":"cerqueira-vice-presidente-sera-ultimo-a-ser-ouvido-no-senado","status":"publish","type":"post","link":"https:\/\/www.notibras.com\/site\/cerqueira-vice-presidente-sera-ultimo-a-ser-ouvido-no-senado\/","title":{"rendered":"Cerqueira, vice-presidente, ser\u00e1 \u00faltimo a ser ouvido no Senado"},"content":{"rendered":"<p>A CPI da Braskem vai ouvir nesta ter\u00e7a-feira o vice-presidente da empresa, Marcelo de Oliveira Cerqueira. A pauta traz ainda a participa\u00e7\u00e3o do engenheiro e respons\u00e1vel t\u00e9cnico pelas minas da mineradora, Paulo Roberto Cabral de Melo. A participa\u00e7\u00e3o dos dois foi aprovada na forma de convoca\u00e7\u00e3o, ou seja, a presen\u00e7a \u00e9 obrigat\u00f3ria, e\u00a0eles\u00a0ser\u00e3o ouvidos na condi\u00e7\u00e3o de testemunhas.<\/p>\n<p>As convoca\u00e7\u00f5es atendem aos requerimentos apresentados pelo presidente da CPI, senador Omar Aziz (PSD-AM), e do relator, senador Rog\u00e9rio Carvalho (PT-SE).<\/p>\n<p>Conforme a justificativa apresentada por Omar, a ideia de convocar o vice-presidente da Braskem surgiu ap\u00f3s depoimento do diretor global de Pessoas, Comunica\u00e7\u00e3o, Marketing e Rela\u00e7\u00f5es com a Imprensa da empresa, Marcelo Arantes, informar que Marcelo de Oliveira Cerqueira seria a pessoa com conhecimento t\u00e9cnico adequado para oferecer respostas aos questionamentos que s\u00e3o objeto de investiga\u00e7\u00e3o da CPI.<\/p>\n<p>\u201cA observa\u00e7\u00e3o da experi\u00eancia profissional do senhor Marcelo de Oliveira Cerqueira atesta o exposto pela testemunha, j\u00e1 que o profissional trabalha na empresa h\u00e1 mais de 27 anos, passando por v\u00e1rias \u00e1reas de atua\u00e7\u00e3o at\u00e9 chegar ao cargo atual de vice-presidente executivo\u201d, diz o requerimento.<\/p>\n<p>Neste \u00faltimo fim de semana, o vice-presidente da Braskem acionou o Supremo Tribunal Federal (STF) para ter garantido o direito ao sil\u00eancio em sua oitiva.<\/p>\n<p><strong>Engenheiro\u00a0<\/strong><br \/>\nJ\u00e1 Paulo Roberto Cabral de Melo, engenheiro e respons\u00e1vel t\u00e9cnico pelas minas da Braskem, foi gerente-geral da planta de minera\u00e7\u00e3o da Salgema Minera\u00e7\u00e3o Ltda (hoje Braskem S.A.), em Macei\u00f3, de 1976 a 1997.\u00a0Ele atuou ainda como consultor para a Braskem por meio de sua empresa Consalt Consultoria Mineral Ltda, onde atualmente \u00e9 s\u00f3cio-diretor.<\/p>\n<p>O engenheiro faltou a depoimento na semana passada, ap\u00f3s ser beneficiado com um habeas corpus concedido pelo ministro do Supremo Tribunal Federal Alexandre de Moraes. No entanto, o instituto obrigava o comparecimento do convidado \u00e0 CPI, com o direito de permanecer em sil\u00eancio nas perguntas que pudessem incrimin\u00e1-lo.<\/p>\n<p>Em dezembro do ano passado, Cabral de Melo foi alvo de uma opera\u00e7\u00e3o da Pol\u00edcia Federal no inqu\u00e9rito que investiga o afundamento do solo em Macei\u00f3. Ele tamb\u00e9m j\u00e1 teve os sigilos quebrados pela CPI.<\/p>\n","protected":false},"excerpt":{"rendered":"<p>A CPI da Braskem vai ouvir nesta ter\u00e7a-feira o vice-presidente da empresa, Marcelo de Oliveira Cerqueira. A pauta traz ainda a participa\u00e7\u00e3o do engenheiro e respons\u00e1vel t\u00e9cnico pelas minas da mineradora, Paulo Roberto Cabral de Melo. A participa\u00e7\u00e3o dos dois foi aprovada na forma de convoca\u00e7\u00e3o, ou seja, a presen\u00e7a \u00e9 obrigat\u00f3ria, e\u00a0eles\u00a0ser\u00e3o ouvidos na [&hellip;]<\/p>\n","protected":false},"author":2,"featured_media":328675,"comment_status":"closed","ping_status":"closed","sticky":false,"template":"","format":"standard","meta":{"_acf_changed":false,"footnotes":""},"categories":[166,165],"tags":[],"class_list":["post-328674","post","type-post","status-publish","format-standard","has-post-thumbnail","hentry","category-alagoas","category-nordeste"],"acf":[],"_links":{"self":[{"href":"https:\/\/www.notibras.com\/site\/wp-json\/wp\/v2\/posts\/328674","targetHints":{"allow":["GET"]}}],"collection":[{"href":"https:\/\/www.notibras.com\/site\/wp-json\/wp\/v2\/posts"}],"about":[{"href":"https:\/\/www.notibras.com\/site\/wp-json\/wp\/v2\/types\/post"}],"author":[{"embeddable":true,"href":"https:\/\/www.notibras.com\/site\/wp-json\/wp\/v2\/users\/2"}],"replies":[{"embeddable":true,"href":"https:\/\/www.notibras.com\/site\/wp-json\/wp\/v2\/comments?post=328674"}],"version-history":[{"count":1,"href":"https:\/\/www.notibras.com\/site\/wp-json\/wp\/v2\/posts\/328674\/revisions"}],"predecessor-version":[{"id":328676,"href":"https:\/\/www.notibras.com\/site\/wp-json\/wp\/v2\/posts\/328674\/revisions\/328676"}],"wp:featuredmedia":[{"embeddable":true,"href":"https:\/\/www.notibras.com\/site\/wp-json\/wp\/v2\/media\/328675"}],"wp:attachment":[{"href":"https:\/\/www.notibras.com\/site\/wp-json\/wp\/v2\/media?parent=328674"}],"wp:term":[{"taxonomy":"category","embeddable":true,"href":"https:\/\/www.notibras.com\/site\/wp-json\/wp\/v2\/categories?post=328674"},{"taxonomy":"post_tag","embeddable":true,"href":"https:\/\/www.notibras.com\/site\/wp-json\/wp\/v2\/tags?post=328674"}],"curies":[{"name":"wp","href":"https:\/\/api.w.org\/{rel}","templated":true}]}}