{"id":328683,"date":"2024-05-14T00:05:16","date_gmt":"2024-05-14T03:05:16","guid":{"rendered":"https:\/\/www.notibras.com\/site\/?p=328683"},"modified":"2024-05-14T08:06:33","modified_gmt":"2024-05-14T11:06:33","slug":"carreta-com-acucar-e-oleo-de-soja-retida-sem-documentacao-fiscal","status":"publish","type":"post","link":"https:\/\/www.notibras.com\/site\/carreta-com-acucar-e-oleo-de-soja-retida-sem-documentacao-fiscal\/","title":{"rendered":"Carreta com a\u00e7\u00facar e \u00f3leo de soja retida sem documenta\u00e7\u00e3o fiscal"},"content":{"rendered":"<p>Entre sexta-feira (10) e domingo (12), auditores da fiscaliza\u00e7\u00e3o tribut\u00e1ria da Secretaria de Economia (Seec) apreenderam R$ 350 mil em mercadorias irregulares. Entre os produtos, foi retida uma carreta com 20 toneladas de a\u00e7\u00facar e \u00f3leo de soja sem documenta\u00e7\u00e3o fiscal. Tamb\u00e9m houve a apreens\u00e3o de produtos eletr\u00f4nicos, vestu\u00e1rio, material de constru\u00e7\u00e3o, vinhos e suplementos alimentares. No aeroporto, os auditores flagraram medicamentos.<\/p>\n<p>Os produtos entrariam em circula\u00e7\u00e3o com notas fiscais irregulares. Entre os documentos encontrados est\u00e3o erros de registro das notas e falsas informa\u00e7\u00f5es, que seriam usadas por vendedores e compradores para sonegar impostos.<\/p>\n<p>\u201cA fiscaliza\u00e7\u00e3o tribut\u00e1ria do DF combate a sonega\u00e7\u00e3o fiscal, proporcionando uma sensa\u00e7\u00e3o de risco \u00e0queles que insistem em deixar de cumprir suas obriga\u00e7\u00f5es fiscais junto \u00e0 Receita do DF. Tal atitude contribui positivamente para a manuten\u00e7\u00e3o de um ambiente de neg\u00f3cio concorrencial saud\u00e1vel, pois impede a concorr\u00eancia desleal com aqueles que cumprem regularmente suas obriga\u00e7\u00f5es fiscais para com o DF\u201d, refor\u00e7a o coordenador de Fiscaliza\u00e7\u00e3o Tribut\u00e1ria, Silvino Nogueira Filho.<\/p>\n<p>As opera\u00e7\u00f5es foram conduzidas pela Ger\u00eancia de Fiscaliza\u00e7\u00e3o de Mercadorias em Tr\u00e2nsito (GEFMT). Os impostos recolhidos s\u00e3o utilizados pelo estado como receitas tribut\u00e1rias aplicadas no desenvolvimento de pol\u00edticas p\u00fablicas (obras, educa\u00e7\u00e3o, sa\u00fade, seguran\u00e7a, mobilidade, programas sociais, etc.) e a atua\u00e7\u00e3o sistem\u00e1tica do Fisco tem por objetivo recuperar recursos que deixariam de entrar nos cofres p\u00fablicos do DF.<\/p>\n","protected":false},"excerpt":{"rendered":"<p>Entre sexta-feira (10) e domingo (12), auditores da fiscaliza\u00e7\u00e3o tribut\u00e1ria da Secretaria de Economia (Seec) apreenderam R$ 350 mil em mercadorias irregulares. Entre os produtos, foi retida uma carreta com 20 toneladas de a\u00e7\u00facar e \u00f3leo de soja sem documenta\u00e7\u00e3o fiscal. Tamb\u00e9m houve a apreens\u00e3o de produtos eletr\u00f4nicos, vestu\u00e1rio, material de constru\u00e7\u00e3o, vinhos e suplementos [&hellip;]<\/p>\n","protected":false},"author":2,"featured_media":328684,"comment_status":"closed","ping_status":"closed","sticky":false,"template":"","format":"standard","meta":{"_acf_changed":false,"footnotes":""},"categories":[161],"tags":[],"class_list":["post-328683","post","type-post","status-publish","format-standard","has-post-thumbnail","hentry","category-quadradinho-em-foco"],"acf":[],"yoast_head":"<!-- This site is optimized with the Yoast SEO plugin v27.5 - https:\/\/yoast.com\/product\/yoast-seo-wordpress\/ -->\n<title>Carreta com a\u00e7\u00facar e \u00f3leo de soja retida sem documenta\u00e7\u00e3o fiscal - Notibras<\/title>\n<meta name=\"robots\" content=\"index, follow, max-snippet:-1, max-image-preview:large, max-video-preview:-1\" \/>\n<link rel=\"canonical\" href=\"https:\/\/www.notibras.com\/site\/carreta-com-acucar-e-oleo-de-soja-retida-sem-documentacao-fiscal\/\" \/>\n<meta property=\"og:locale\" content=\"pt_BR\" \/>\n<meta property=\"og:type\" content=\"article\" \/>\n<meta property=\"og:title\" content=\"Carreta com a\u00e7\u00facar e \u00f3leo de soja retida sem documenta\u00e7\u00e3o fiscal - Notibras\" \/>\n<meta property=\"og:description\" content=\"Entre sexta-feira (10) e domingo (12), auditores da fiscaliza\u00e7\u00e3o tribut\u00e1ria da Secretaria de Economia (Seec) apreenderam R$ 350 mil em mercadorias irregulares. Entre os produtos, foi retida uma carreta com 20 toneladas de a\u00e7\u00facar e \u00f3leo de soja sem documenta\u00e7\u00e3o fiscal. Tamb\u00e9m houve a apreens\u00e3o de produtos eletr\u00f4nicos, vestu\u00e1rio, material de constru\u00e7\u00e3o, vinhos e suplementos [&hellip;]\" \/>\n<meta property=\"og:url\" content=\"https:\/\/www.notibras.com\/site\/carreta-com-acucar-e-oleo-de-soja-retida-sem-documentacao-fiscal\/\" \/>\n<meta property=\"og:site_name\" content=\"Notibras\" \/>\n<meta property=\"article:publisher\" content=\"https:\/\/www.facebook.com\/notibras\/\" \/>\n<meta property=\"article:published_time\" content=\"2024-05-14T03:05:16+00:00\" \/>\n<meta property=\"article:modified_time\" content=\"2024-05-14T11:06:33+00:00\" \/>\n<meta property=\"og:image\" content=\"https:\/\/www.notibras.com\/site\/wp-content\/uploads\/2024\/05\/WhatsApp-Image-2024-05-13-at-17.50.55-e1715635078718.jpeg\" \/>\n\t<meta property=\"og:image:width\" content=\"1496\" \/>\n\t<meta property=\"og:image:height\" content=\"1062\" \/>\n\t<meta property=\"og:image:type\" content=\"image\/jpeg\" \/>\n<meta name=\"author\" content=\"Reda\u00e7\u00e3o\" \/>\n<meta name=\"twitter:card\" content=\"summary_large_image\" \/>\n<meta name=\"twitter:creator\" content=\"@Notibras\" \/>\n<meta name=\"twitter:site\" content=\"@Notibras\" \/>\n<meta name=\"twitter:label1\" content=\"Escrito por\" \/>\n\t<meta name=\"twitter:data1\" content=\"Reda\u00e7\u00e3o\" \/>\n\t<meta name=\"twitter:label2\" content=\"Est. tempo de leitura\" \/>\n\t<meta name=\"twitter:data2\" content=\"2 minutos\" \/>\n<script type=\"application\/ld+json\" class=\"yoast-schema-graph\">{\"@context\":\"https:\\\/\\\/schema.org\",\"@graph\":[{\"@type\":\"Article\",\"@id\":\"https:\\\/\\\/www.notibras.com\\\/site\\\/carreta-com-acucar-e-oleo-de-soja-retida-sem-documentacao-fiscal\\\/#article\",\"isPartOf\":{\"@id\":\"https:\\\/\\\/www.notibras.com\\\/site\\\/carreta-com-acucar-e-oleo-de-soja-retida-sem-documentacao-fiscal\\\/\"},\"author\":{\"name\":\"Reda\u00e7\u00e3o\",\"@id\":\"https:\\\/\\\/www.notibras.com\\\/site\\\/#\\\/schema\\\/person\\\/36ab0979449956132d3e5b517ea76ac8\"},\"headline\":\"Carreta com a\u00e7\u00facar e \u00f3leo de soja retida sem documenta\u00e7\u00e3o fiscal\",\"datePublished\":\"2024-05-14T03:05:16+00:00\",\"dateModified\":\"2024-05-14T11:06:33+00:00\",\"mainEntityOfPage\":{\"@id\":\"https:\\\/\\\/www.notibras.com\\\/site\\\/carreta-com-acucar-e-oleo-de-soja-retida-sem-documentacao-fiscal\\\/\"},\"wordCount\":267,\"publisher\":{\"@id\":\"https:\\\/\\\/www.notibras.com\\\/site\\\/#organization\"},\"image\":{\"@id\":\"https:\\\/\\\/www.notibras.com\\\/site\\\/carreta-com-acucar-e-oleo-de-soja-retida-sem-documentacao-fiscal\\\/#primaryimage\"},\"thumbnailUrl\":\"https:\\\/\\\/www.notibras.com\\\/site\\\/wp-content\\\/uploads\\\/2024\\\/05\\\/WhatsApp-Image-2024-05-13-at-17.50.55-e1715635078718.jpeg\",\"articleSection\":[\"Quadradinho em Foco\"],\"inLanguage\":\"pt-BR\"},{\"@type\":\"WebPage\",\"@id\":\"https:\\\/\\\/www.notibras.com\\\/site\\\/carreta-com-acucar-e-oleo-de-soja-retida-sem-documentacao-fiscal\\\/\",\"url\":\"https:\\\/\\\/www.notibras.com\\\/site\\\/carreta-com-acucar-e-oleo-de-soja-retida-sem-documentacao-fiscal\\\/\",\"name\":\"Carreta com a\u00e7\u00facar e \u00f3leo de soja retida sem documenta\u00e7\u00e3o fiscal - Notibras\",\"isPartOf\":{\"@id\":\"https:\\\/\\\/www.notibras.com\\\/site\\\/#website\"},\"primaryImageOfPage\":{\"@id\":\"https:\\\/\\\/www.notibras.com\\\/site\\\/carreta-com-acucar-e-oleo-de-soja-retida-sem-documentacao-fiscal\\\/#primaryimage\"},\"image\":{\"@id\":\"https:\\\/\\\/www.notibras.com\\\/site\\\/carreta-com-acucar-e-oleo-de-soja-retida-sem-documentacao-fiscal\\\/#primaryimage\"},\"thumbnailUrl\":\"https:\\\/\\\/www.notibras.com\\\/site\\\/wp-content\\\/uploads\\\/2024\\\/05\\\/WhatsApp-Image-2024-05-13-at-17.50.55-e1715635078718.jpeg\",\"datePublished\":\"2024-05-14T03:05:16+00:00\",\"dateModified\":\"2024-05-14T11:06:33+00:00\",\"breadcrumb\":{\"@id\":\"https:\\\/\\\/www.notibras.com\\\/site\\\/carreta-com-acucar-e-oleo-de-soja-retida-sem-documentacao-fiscal\\\/#breadcrumb\"},\"inLanguage\":\"pt-BR\",\"potentialAction\":[{\"@type\":\"ReadAction\",\"target\":[\"https:\\\/\\\/www.notibras.com\\\/site\\\/carreta-com-acucar-e-oleo-de-soja-retida-sem-documentacao-fiscal\\\/\"]}]},{\"@type\":\"ImageObject\",\"inLanguage\":\"pt-BR\",\"@id\":\"https:\\\/\\\/www.notibras.com\\\/site\\\/carreta-com-acucar-e-oleo-de-soja-retida-sem-documentacao-fiscal\\\/#primaryimage\",\"url\":\"https:\\\/\\\/www.notibras.com\\\/site\\\/wp-content\\\/uploads\\\/2024\\\/05\\\/WhatsApp-Image-2024-05-13-at-17.50.55-e1715635078718.jpeg\",\"contentUrl\":\"https:\\\/\\\/www.notibras.com\\\/site\\\/wp-content\\\/uploads\\\/2024\\\/05\\\/WhatsApp-Image-2024-05-13-at-17.50.55-e1715635078718.jpeg\",\"width\":1496,\"height\":1062},{\"@type\":\"BreadcrumbList\",\"@id\":\"https:\\\/\\\/www.notibras.com\\\/site\\\/carreta-com-acucar-e-oleo-de-soja-retida-sem-documentacao-fiscal\\\/#breadcrumb\",\"itemListElement\":[{\"@type\":\"ListItem\",\"position\":1,\"name\":\"In\u00edcio\",\"item\":\"https:\\\/\\\/www.notibras.com\\\/site\\\/\"},{\"@type\":\"ListItem\",\"position\":2,\"name\":\"Carreta com a\u00e7\u00facar e \u00f3leo de soja retida sem documenta\u00e7\u00e3o fiscal\"}]},{\"@type\":\"WebSite\",\"@id\":\"https:\\\/\\\/www.notibras.com\\\/site\\\/#website\",\"url\":\"https:\\\/\\\/www.notibras.com\\\/site\\\/\",\"name\":\"Notibras\",\"description\":\"Not\u00edcias de Bras\u00edlia, do Brasil e do Mundo\",\"publisher\":{\"@id\":\"https:\\\/\\\/www.notibras.com\\\/site\\\/#organization\"},\"potentialAction\":[{\"@type\":\"SearchAction\",\"target\":{\"@type\":\"EntryPoint\",\"urlTemplate\":\"https:\\\/\\\/www.notibras.com\\\/site\\\/?s={search_term_string}\"},\"query-input\":{\"@type\":\"PropertyValueSpecification\",\"valueRequired\":true,\"valueName\":\"search_term_string\"}}],\"inLanguage\":\"pt-BR\"},{\"@type\":\"Organization\",\"@id\":\"https:\\\/\\\/www.notibras.com\\\/site\\\/#organization\",\"name\":\"Grupo Notibras de Comunica\u00e7\u00e3o\",\"url\":\"https:\\\/\\\/www.notibras.com\\\/site\\\/\",\"logo\":{\"@type\":\"ImageObject\",\"inLanguage\":\"pt-BR\",\"@id\":\"https:\\\/\\\/www.notibras.com\\\/site\\\/#\\\/schema\\\/logo\\\/image\\\/\",\"url\":\"https:\\\/\\\/www.notibras.com\\\/site\\\/wp-content\\\/uploads\\\/2023\\\/01\\\/notibras23.png\",\"contentUrl\":\"https:\\\/\\\/www.notibras.com\\\/site\\\/wp-content\\\/uploads\\\/2023\\\/01\\\/notibras23.png\",\"width\":350,\"height\":87,\"caption\":\"Grupo Notibras de Comunica\u00e7\u00e3o\"},\"image\":{\"@id\":\"https:\\\/\\\/www.notibras.com\\\/site\\\/#\\\/schema\\\/logo\\\/image\\\/\"},\"sameAs\":[\"https:\\\/\\\/www.facebook.com\\\/notibras\\\/\",\"https:\\\/\\\/x.com\\\/Notibras\",\"https:\\\/\\\/www.instagram.com\\\/notibras\\\/\"]},{\"@type\":\"Person\",\"@id\":\"https:\\\/\\\/www.notibras.com\\\/site\\\/#\\\/schema\\\/person\\\/36ab0979449956132d3e5b517ea76ac8\",\"name\":\"Reda\u00e7\u00e3o\",\"image\":{\"@type\":\"ImageObject\",\"inLanguage\":\"pt-BR\",\"@id\":\"https:\\\/\\\/secure.gravatar.com\\\/avatar\\\/e0a867bdedb85fd243eadf09663511f96fc81e0720a4a42581f334ad4303aa6b?s=96&d=mm&r=g\",\"url\":\"https:\\\/\\\/secure.gravatar.com\\\/avatar\\\/e0a867bdedb85fd243eadf09663511f96fc81e0720a4a42581f334ad4303aa6b?s=96&d=mm&r=g\",\"contentUrl\":\"https:\\\/\\\/secure.gravatar.com\\\/avatar\\\/e0a867bdedb85fd243eadf09663511f96fc81e0720a4a42581f334ad4303aa6b?s=96&d=mm&r=g\",\"caption\":\"Reda\u00e7\u00e3o\"}}]}<\/script>\n<!-- \/ Yoast SEO plugin. -->","yoast_head_json":{"title":"Carreta com a\u00e7\u00facar e \u00f3leo de soja retida sem documenta\u00e7\u00e3o fiscal - Notibras","robots":{"index":"index","follow":"follow","max-snippet":"max-snippet:-1","max-image-preview":"max-image-preview:large","max-video-preview":"max-video-preview:-1"},"canonical":"https:\/\/www.notibras.com\/site\/carreta-com-acucar-e-oleo-de-soja-retida-sem-documentacao-fiscal\/","og_locale":"pt_BR","og_type":"article","og_title":"Carreta com a\u00e7\u00facar e \u00f3leo de soja retida sem documenta\u00e7\u00e3o fiscal - Notibras","og_description":"Entre sexta-feira (10) e domingo (12), auditores da fiscaliza\u00e7\u00e3o tribut\u00e1ria da Secretaria de Economia (Seec) apreenderam R$ 350 mil em mercadorias irregulares. Entre os produtos, foi retida uma carreta com 20 toneladas de a\u00e7\u00facar e \u00f3leo de soja sem documenta\u00e7\u00e3o fiscal. Tamb\u00e9m houve a apreens\u00e3o de produtos eletr\u00f4nicos, vestu\u00e1rio, material de constru\u00e7\u00e3o, vinhos e suplementos [&hellip;]","og_url":"https:\/\/www.notibras.com\/site\/carreta-com-acucar-e-oleo-de-soja-retida-sem-documentacao-fiscal\/","og_site_name":"Notibras","article_publisher":"https:\/\/www.facebook.com\/notibras\/","article_published_time":"2024-05-14T03:05:16+00:00","article_modified_time":"2024-05-14T11:06:33+00:00","og_image":[{"width":1496,"height":1062,"url":"https:\/\/www.notibras.com\/site\/wp-content\/uploads\/2024\/05\/WhatsApp-Image-2024-05-13-at-17.50.55-e1715635078718.jpeg","type":"image\/jpeg"}],"author":"Reda\u00e7\u00e3o","twitter_card":"summary_large_image","twitter_creator":"@Notibras","twitter_site":"@Notibras","twitter_misc":{"Escrito por":"Reda\u00e7\u00e3o","Est. tempo de leitura":"2 minutos"},"schema":{"@context":"https:\/\/schema.org","@graph":[{"@type":"Article","@id":"https:\/\/www.notibras.com\/site\/carreta-com-acucar-e-oleo-de-soja-retida-sem-documentacao-fiscal\/#article","isPartOf":{"@id":"https:\/\/www.notibras.com\/site\/carreta-com-acucar-e-oleo-de-soja-retida-sem-documentacao-fiscal\/"},"author":{"name":"Reda\u00e7\u00e3o","@id":"https:\/\/www.notibras.com\/site\/#\/schema\/person\/36ab0979449956132d3e5b517ea76ac8"},"headline":"Carreta com a\u00e7\u00facar e \u00f3leo de soja retida sem documenta\u00e7\u00e3o fiscal","datePublished":"2024-05-14T03:05:16+00:00","dateModified":"2024-05-14T11:06:33+00:00","mainEntityOfPage":{"@id":"https:\/\/www.notibras.com\/site\/carreta-com-acucar-e-oleo-de-soja-retida-sem-documentacao-fiscal\/"},"wordCount":267,"publisher":{"@id":"https:\/\/www.notibras.com\/site\/#organization"},"image":{"@id":"https:\/\/www.notibras.com\/site\/carreta-com-acucar-e-oleo-de-soja-retida-sem-documentacao-fiscal\/#primaryimage"},"thumbnailUrl":"https:\/\/www.notibras.com\/site\/wp-content\/uploads\/2024\/05\/WhatsApp-Image-2024-05-13-at-17.50.55-e1715635078718.jpeg","articleSection":["Quadradinho em Foco"],"inLanguage":"pt-BR"},{"@type":"WebPage","@id":"https:\/\/www.notibras.com\/site\/carreta-com-acucar-e-oleo-de-soja-retida-sem-documentacao-fiscal\/","url":"https:\/\/www.notibras.com\/site\/carreta-com-acucar-e-oleo-de-soja-retida-sem-documentacao-fiscal\/","name":"Carreta com a\u00e7\u00facar e \u00f3leo de soja retida sem documenta\u00e7\u00e3o fiscal - Notibras","isPartOf":{"@id":"https:\/\/www.notibras.com\/site\/#website"},"primaryImageOfPage":{"@id":"https:\/\/www.notibras.com\/site\/carreta-com-acucar-e-oleo-de-soja-retida-sem-documentacao-fiscal\/#primaryimage"},"image":{"@id":"https:\/\/www.notibras.com\/site\/carreta-com-acucar-e-oleo-de-soja-retida-sem-documentacao-fiscal\/#primaryimage"},"thumbnailUrl":"https:\/\/www.notibras.com\/site\/wp-content\/uploads\/2024\/05\/WhatsApp-Image-2024-05-13-at-17.50.55-e1715635078718.jpeg","datePublished":"2024-05-14T03:05:16+00:00","dateModified":"2024-05-14T11:06:33+00:00","breadcrumb":{"@id":"https:\/\/www.notibras.com\/site\/carreta-com-acucar-e-oleo-de-soja-retida-sem-documentacao-fiscal\/#breadcrumb"},"inLanguage":"pt-BR","potentialAction":[{"@type":"ReadAction","target":["https:\/\/www.notibras.com\/site\/carreta-com-acucar-e-oleo-de-soja-retida-sem-documentacao-fiscal\/"]}]},{"@type":"ImageObject","inLanguage":"pt-BR","@id":"https:\/\/www.notibras.com\/site\/carreta-com-acucar-e-oleo-de-soja-retida-sem-documentacao-fiscal\/#primaryimage","url":"https:\/\/www.notibras.com\/site\/wp-content\/uploads\/2024\/05\/WhatsApp-Image-2024-05-13-at-17.50.55-e1715635078718.jpeg","contentUrl":"https:\/\/www.notibras.com\/site\/wp-content\/uploads\/2024\/05\/WhatsApp-Image-2024-05-13-at-17.50.55-e1715635078718.jpeg","width":1496,"height":1062},{"@type":"BreadcrumbList","@id":"https:\/\/www.notibras.com\/site\/carreta-com-acucar-e-oleo-de-soja-retida-sem-documentacao-fiscal\/#breadcrumb","itemListElement":[{"@type":"ListItem","position":1,"name":"In\u00edcio","item":"https:\/\/www.notibras.com\/site\/"},{"@type":"ListItem","position":2,"name":"Carreta com a\u00e7\u00facar e \u00f3leo de soja retida sem documenta\u00e7\u00e3o fiscal"}]},{"@type":"WebSite","@id":"https:\/\/www.notibras.com\/site\/#website","url":"https:\/\/www.notibras.com\/site\/","name":"Notibras","description":"Not\u00edcias de Bras\u00edlia, do Brasil e do Mundo","publisher":{"@id":"https:\/\/www.notibras.com\/site\/#organization"},"potentialAction":[{"@type":"SearchAction","target":{"@type":"EntryPoint","urlTemplate":"https:\/\/www.notibras.com\/site\/?s={search_term_string}"},"query-input":{"@type":"PropertyValueSpecification","valueRequired":true,"valueName":"search_term_string"}}],"inLanguage":"pt-BR"},{"@type":"Organization","@id":"https:\/\/www.notibras.com\/site\/#organization","name":"Grupo Notibras de Comunica\u00e7\u00e3o","url":"https:\/\/www.notibras.com\/site\/","logo":{"@type":"ImageObject","inLanguage":"pt-BR","@id":"https:\/\/www.notibras.com\/site\/#\/schema\/logo\/image\/","url":"https:\/\/www.notibras.com\/site\/wp-content\/uploads\/2023\/01\/notibras23.png","contentUrl":"https:\/\/www.notibras.com\/site\/wp-content\/uploads\/2023\/01\/notibras23.png","width":350,"height":87,"caption":"Grupo Notibras de Comunica\u00e7\u00e3o"},"image":{"@id":"https:\/\/www.notibras.com\/site\/#\/schema\/logo\/image\/"},"sameAs":["https:\/\/www.facebook.com\/notibras\/","https:\/\/x.com\/Notibras","https:\/\/www.instagram.com\/notibras\/"]},{"@type":"Person","@id":"https:\/\/www.notibras.com\/site\/#\/schema\/person\/36ab0979449956132d3e5b517ea76ac8","name":"Reda\u00e7\u00e3o","image":{"@type":"ImageObject","inLanguage":"pt-BR","@id":"https:\/\/secure.gravatar.com\/avatar\/e0a867bdedb85fd243eadf09663511f96fc81e0720a4a42581f334ad4303aa6b?s=96&d=mm&r=g","url":"https:\/\/secure.gravatar.com\/avatar\/e0a867bdedb85fd243eadf09663511f96fc81e0720a4a42581f334ad4303aa6b?s=96&d=mm&r=g","contentUrl":"https:\/\/secure.gravatar.com\/avatar\/e0a867bdedb85fd243eadf09663511f96fc81e0720a4a42581f334ad4303aa6b?s=96&d=mm&r=g","caption":"Reda\u00e7\u00e3o"}}]}},"amp_enabled":true,"_links":{"self":[{"href":"https:\/\/www.notibras.com\/site\/wp-json\/wp\/v2\/posts\/328683","targetHints":{"allow":["GET"]}}],"collection":[{"href":"https:\/\/www.notibras.com\/site\/wp-json\/wp\/v2\/posts"}],"about":[{"href":"https:\/\/www.notibras.com\/site\/wp-json\/wp\/v2\/types\/post"}],"author":[{"embeddable":true,"href":"https:\/\/www.notibras.com\/site\/wp-json\/wp\/v2\/users\/2"}],"replies":[{"embeddable":true,"href":"https:\/\/www.notibras.com\/site\/wp-json\/wp\/v2\/comments?post=328683"}],"version-history":[{"count":1,"href":"https:\/\/www.notibras.com\/site\/wp-json\/wp\/v2\/posts\/328683\/revisions"}],"predecessor-version":[{"id":328685,"href":"https:\/\/www.notibras.com\/site\/wp-json\/wp\/v2\/posts\/328683\/revisions\/328685"}],"wp:featuredmedia":[{"embeddable":true,"href":"https:\/\/www.notibras.com\/site\/wp-json\/wp\/v2\/media\/328684"}],"wp:attachment":[{"href":"https:\/\/www.notibras.com\/site\/wp-json\/wp\/v2\/media?parent=328683"}],"wp:term":[{"taxonomy":"category","embeddable":true,"href":"https:\/\/www.notibras.com\/site\/wp-json\/wp\/v2\/categories?post=328683"},{"taxonomy":"post_tag","embeddable":true,"href":"https:\/\/www.notibras.com\/site\/wp-json\/wp\/v2\/tags?post=328683"}],"curies":[{"name":"wp","href":"https:\/\/api.w.org\/{rel}","templated":true}]}}