{"id":328686,"date":"2024-05-14T00:00:38","date_gmt":"2024-05-14T03:00:38","guid":{"rendered":"https:\/\/www.notibras.com\/site\/?p=328686"},"modified":"2024-05-14T08:13:12","modified_gmt":"2024-05-14T11:13:12","slug":"maio-laranja-tera-programacao-para-conscientizar-sobre-abuso-sexual","status":"publish","type":"post","link":"https:\/\/www.notibras.com\/site\/maio-laranja-tera-programacao-para-conscientizar-sobre-abuso-sexual\/","title":{"rendered":"Maio Laranja ter\u00e1 programa\u00e7\u00e3o para conscientizar sobre abuso sexual"},"content":{"rendered":"<p>A Secretaria de Justi\u00e7a e Cidadania do Distrito Federal (Sejus-DF) realiza, na pr\u00f3xima ter\u00e7a (21), \u00e0s 19h, no Sesi Lab \u2013 Espa\u00e7o de Arte, Ci\u00eancia e Tecnologia, a abertura das a\u00e7\u00f5es alusivas ao Maio Laranja, m\u00eas de combate ao abuso sexual infantojuvenil, com um painel de tema Panorama da viol\u00eancia sexual contra crian\u00e7as e adolescentes no Brasil.<\/p>\n<p>A iniciativa vai contar com a presen\u00e7a da secret\u00e1ria de Justi\u00e7a e Cidadania, Marcela Passamani, como mediadora; da diretora-presidente do Instituto Liberta, Luciana Temer; da empres\u00e1ria e ativista na luta contra viol\u00eancia sexual e dom\u00e9stica Luiza Brunet; do chefe de Desenvolvimento e Participa\u00e7\u00e3o de Adolescentes da Unicef no Brasil, M\u00e1rio Volpi; e da cineasta e diretora do Document\u00e1rio Um Crime entre n\u00f3s, Adriana Ya\u00f1ez.<\/p>\n<p>Na ocasi\u00e3o ser\u00e1 exibido o document\u00e1rio que discute o tema da explora\u00e7\u00e3o sexual infantil, um fen\u00f4meno multifatorial, que tem demandado pol\u00edticas p\u00fablicas para a preven\u00e7\u00e3o e enfrentamento, e que envolve aspectos econ\u00f4micos e socioculturais.<\/p>\n<p>Segundo Marcela Passamani, o objetivo \u00e9 mobilizar a sociedade e promover reflex\u00e3o sobre o abuso e explora\u00e7\u00e3o sexual de crian\u00e7as e adolescentes. \u201c\u00c9 preciso denunciar e agir em uma rede de prote\u00e7\u00e3o, em favor da inf\u00e2ncia e adolesc\u00eancia, para que o ciclo de viol\u00eancia cesse e termine o sofrimento ps\u00edquico e f\u00edsico\u201d, destaca.<\/p>\n<p>Acolhimento e sensibiliza\u00e7\u00e3o<br \/>\nDe 22 a 24 de maio, ser\u00e3o realizadas blitze da equipe do Centro Integrado 18 de Maio, na Rodovi\u00e1ria do Plano Piloto, das 9h \u00e0s 12h. A cada dia, o grupo de trabalho vai contar com membros da Vara da Inf\u00e2ncia e Juventude (VIJ), Defensoria P\u00fablica do Distrito Federal (DPDF) e do N\u00facleo da Inf\u00e2ncia e Juventude (MPDFT).<\/p>\n<p>No Sesi Lab, \u00e0s 14h, haver\u00e1 visita guiada e interven\u00e7\u00e3o cultural. O evento ter\u00e1 a presen\u00e7a da contadora de hist\u00f3rias Nyedja Gennari. Os participantes tamb\u00e9m v\u00e3o assistir \u00e0s pe\u00e7as teatrais dos livros Pipo e Fifi, para crian\u00e7as, e Tuca e Juba, para adolescentes, hist\u00f3rias consideradas ferramentas de prote\u00e7\u00e3o que ensinam acerca do abuso sexual infantojuvenil.<\/p>\n<p>Haver\u00e1, ainda, emiss\u00e3o da Carteira de Identidade Nacional (CIN), sem agendamento, \u00e0s crian\u00e7as e adolescentes, de 21 a 24 de maio, em frente ao Sesi Lab. O atendimento estar\u00e1 sujeito \u00e0 capacidade de atendimento di\u00e1rio. A CIN \u00e9 a nova carteira de identidade e possui padr\u00e3o nacional e n\u00famero \u00fanico, o CPF. \u00c9 um documento digital e seguro.<\/p>\n<p>A Lei Federal n\u00ba 9.970\/2000 instituiu o 18 de maio como Dia Nacional de Combate ao Abuso e \u00e0 Explora\u00e7\u00e3o Sexual contra Crian\u00e7a e Adolescente. O objetivo da campanha \u00e9 mobilizar a sociedade brasileira e convoc\u00e1-la para o engajamento na luta pelo fim da viol\u00eancia sexual. A data \u00e9 alusiva ao crime cometido contra a menina Araceli Cabrera Crespo, em 1973, em Vit\u00f3ria, no Esp\u00edrito Santo, quando a crian\u00e7a foi sequestrada, estuprada e assassinada.<\/p>\n<p>Confira, abaixo, a programa\u00e7\u00e3o completa das palestras no Sesi Lab. As atividades sobre o tema ser\u00e3o apresentadas das 18h \u00e0s 19h:<\/p>\n<p><strong>Quarta-feira (22)<\/strong><br \/>\nPalestra: Depoimento especial: equil\u00edbrio como elemento de prova e instrumento de prote\u00e7\u00e3o de crian\u00e7as e adolescentes.<br \/>\nParcerias: Delegacia de Prote\u00e7\u00e3o \u00e0 Crian\u00e7a e ao Adolescente (DPCA), Conselho dos Direitos da Crian\u00e7a e do Adolescente do Distrito Federal (CDCA) e Associa\u00e7\u00e3o dos Conselheiros Tutelares do Distrito Federal.<\/p>\n<p><strong>Quinta-feira (23)<\/strong><br \/>\nPalestra: Novas configura\u00e7\u00f5es das viol\u00eancias sexuais no mundo digital e a internet como possibilidade e lugar de prote\u00e7\u00e3o, acolhimento e atendimento.<br \/>\nParcerias: Minist\u00e9rio P\u00fablico do Distrito Federal e dos Territ\u00f3rios (MPDFT), CDCA e conselheiros tutelares.<\/p>\n<p><strong>Sexta-feira (24)<\/strong><br \/>\nPalestra: Acolhimento e fluxo de den\u00fancia de viol\u00eancia e abuso sexual infantil.<br \/>\nParceria com a Coordenadoria da Inf\u00e2ncia e da Juventude (VIJ), Secretaria de Sa\u00fade (SES-DF) e conselheiros tutelares.<\/p>\n<p>As atividades ser\u00e3o finalizadas, todos os dias, com a apresenta\u00e7\u00e3o do document\u00e1rio Um crime entre n\u00f3s, das 19h \u00e0s 20h.<\/p>\n","protected":false},"excerpt":{"rendered":"<p>A Secretaria de Justi\u00e7a e Cidadania do Distrito Federal (Sejus-DF) realiza, na pr\u00f3xima ter\u00e7a (21), \u00e0s 19h, no Sesi Lab \u2013 Espa\u00e7o de Arte, Ci\u00eancia e Tecnologia, a abertura das a\u00e7\u00f5es alusivas ao Maio Laranja, m\u00eas de combate ao abuso sexual infantojuvenil, com um painel de tema Panorama da viol\u00eancia sexual contra crian\u00e7as e adolescentes [&hellip;]<\/p>\n","protected":false},"author":2,"featured_media":328687,"comment_status":"closed","ping_status":"closed","sticky":false,"template":"","format":"standard","meta":{"_acf_changed":false,"footnotes":""},"categories":[161],"tags":[],"class_list":["post-328686","post","type-post","status-publish","format-standard","has-post-thumbnail","hentry","category-quadradinho-em-foco"],"acf":[],"yoast_head":"<!-- This site is optimized with the Yoast SEO plugin v27.5 - https:\/\/yoast.com\/product\/yoast-seo-wordpress\/ -->\n<title>Maio Laranja ter\u00e1 programa\u00e7\u00e3o para conscientizar sobre abuso sexual - Notibras<\/title>\n<meta name=\"robots\" content=\"index, follow, max-snippet:-1, max-image-preview:large, max-video-preview:-1\" \/>\n<link rel=\"canonical\" href=\"https:\/\/www.notibras.com\/site\/maio-laranja-tera-programacao-para-conscientizar-sobre-abuso-sexual\/\" \/>\n<meta property=\"og:locale\" content=\"pt_BR\" \/>\n<meta property=\"og:type\" content=\"article\" \/>\n<meta property=\"og:title\" content=\"Maio Laranja ter\u00e1 programa\u00e7\u00e3o para conscientizar sobre abuso sexual - Notibras\" \/>\n<meta property=\"og:description\" content=\"A Secretaria de Justi\u00e7a e Cidadania do Distrito Federal (Sejus-DF) realiza, na pr\u00f3xima ter\u00e7a (21), \u00e0s 19h, no Sesi Lab \u2013 Espa\u00e7o de Arte, Ci\u00eancia e Tecnologia, a abertura das a\u00e7\u00f5es alusivas ao Maio Laranja, m\u00eas de combate ao abuso sexual infantojuvenil, com um painel de tema Panorama da viol\u00eancia sexual contra crian\u00e7as e adolescentes [&hellip;]\" \/>\n<meta property=\"og:url\" content=\"https:\/\/www.notibras.com\/site\/maio-laranja-tera-programacao-para-conscientizar-sobre-abuso-sexual\/\" \/>\n<meta property=\"og:site_name\" content=\"Notibras\" \/>\n<meta property=\"article:publisher\" content=\"https:\/\/www.facebook.com\/notibras\/\" \/>\n<meta property=\"article:published_time\" content=\"2024-05-14T03:00:38+00:00\" \/>\n<meta property=\"article:modified_time\" content=\"2024-05-14T11:13:12+00:00\" \/>\n<meta property=\"og:image\" content=\"https:\/\/www.notibras.com\/site\/wp-content\/uploads\/2024\/05\/WhatsApp-Image-2024-05-13-at-18.11.31-1536x860-1.jpeg\" \/>\n\t<meta property=\"og:image:width\" content=\"1536\" \/>\n\t<meta property=\"og:image:height\" content=\"860\" \/>\n\t<meta property=\"og:image:type\" content=\"image\/jpeg\" \/>\n<meta name=\"author\" content=\"Reda\u00e7\u00e3o\" \/>\n<meta name=\"twitter:card\" content=\"summary_large_image\" \/>\n<meta name=\"twitter:creator\" content=\"@Notibras\" \/>\n<meta name=\"twitter:site\" content=\"@Notibras\" \/>\n<meta name=\"twitter:label1\" content=\"Escrito por\" \/>\n\t<meta name=\"twitter:data1\" content=\"Reda\u00e7\u00e3o\" \/>\n\t<meta name=\"twitter:label2\" content=\"Est. tempo de leitura\" \/>\n\t<meta name=\"twitter:data2\" content=\"4 minutos\" \/>\n<script type=\"application\/ld+json\" class=\"yoast-schema-graph\">{\"@context\":\"https:\\\/\\\/schema.org\",\"@graph\":[{\"@type\":\"Article\",\"@id\":\"https:\\\/\\\/www.notibras.com\\\/site\\\/maio-laranja-tera-programacao-para-conscientizar-sobre-abuso-sexual\\\/#article\",\"isPartOf\":{\"@id\":\"https:\\\/\\\/www.notibras.com\\\/site\\\/maio-laranja-tera-programacao-para-conscientizar-sobre-abuso-sexual\\\/\"},\"author\":{\"name\":\"Reda\u00e7\u00e3o\",\"@id\":\"https:\\\/\\\/www.notibras.com\\\/site\\\/#\\\/schema\\\/person\\\/36ab0979449956132d3e5b517ea76ac8\"},\"headline\":\"Maio Laranja ter\u00e1 programa\u00e7\u00e3o para conscientizar sobre abuso sexual\",\"datePublished\":\"2024-05-14T03:00:38+00:00\",\"dateModified\":\"2024-05-14T11:13:12+00:00\",\"mainEntityOfPage\":{\"@id\":\"https:\\\/\\\/www.notibras.com\\\/site\\\/maio-laranja-tera-programacao-para-conscientizar-sobre-abuso-sexual\\\/\"},\"wordCount\":689,\"publisher\":{\"@id\":\"https:\\\/\\\/www.notibras.com\\\/site\\\/#organization\"},\"image\":{\"@id\":\"https:\\\/\\\/www.notibras.com\\\/site\\\/maio-laranja-tera-programacao-para-conscientizar-sobre-abuso-sexual\\\/#primaryimage\"},\"thumbnailUrl\":\"https:\\\/\\\/www.notibras.com\\\/site\\\/wp-content\\\/uploads\\\/2024\\\/05\\\/WhatsApp-Image-2024-05-13-at-18.11.31-1536x860-1.jpeg\",\"articleSection\":[\"Quadradinho em Foco\"],\"inLanguage\":\"pt-BR\"},{\"@type\":\"WebPage\",\"@id\":\"https:\\\/\\\/www.notibras.com\\\/site\\\/maio-laranja-tera-programacao-para-conscientizar-sobre-abuso-sexual\\\/\",\"url\":\"https:\\\/\\\/www.notibras.com\\\/site\\\/maio-laranja-tera-programacao-para-conscientizar-sobre-abuso-sexual\\\/\",\"name\":\"Maio Laranja ter\u00e1 programa\u00e7\u00e3o para conscientizar sobre abuso sexual - Notibras\",\"isPartOf\":{\"@id\":\"https:\\\/\\\/www.notibras.com\\\/site\\\/#website\"},\"primaryImageOfPage\":{\"@id\":\"https:\\\/\\\/www.notibras.com\\\/site\\\/maio-laranja-tera-programacao-para-conscientizar-sobre-abuso-sexual\\\/#primaryimage\"},\"image\":{\"@id\":\"https:\\\/\\\/www.notibras.com\\\/site\\\/maio-laranja-tera-programacao-para-conscientizar-sobre-abuso-sexual\\\/#primaryimage\"},\"thumbnailUrl\":\"https:\\\/\\\/www.notibras.com\\\/site\\\/wp-content\\\/uploads\\\/2024\\\/05\\\/WhatsApp-Image-2024-05-13-at-18.11.31-1536x860-1.jpeg\",\"datePublished\":\"2024-05-14T03:00:38+00:00\",\"dateModified\":\"2024-05-14T11:13:12+00:00\",\"breadcrumb\":{\"@id\":\"https:\\\/\\\/www.notibras.com\\\/site\\\/maio-laranja-tera-programacao-para-conscientizar-sobre-abuso-sexual\\\/#breadcrumb\"},\"inLanguage\":\"pt-BR\",\"potentialAction\":[{\"@type\":\"ReadAction\",\"target\":[\"https:\\\/\\\/www.notibras.com\\\/site\\\/maio-laranja-tera-programacao-para-conscientizar-sobre-abuso-sexual\\\/\"]}]},{\"@type\":\"ImageObject\",\"inLanguage\":\"pt-BR\",\"@id\":\"https:\\\/\\\/www.notibras.com\\\/site\\\/maio-laranja-tera-programacao-para-conscientizar-sobre-abuso-sexual\\\/#primaryimage\",\"url\":\"https:\\\/\\\/www.notibras.com\\\/site\\\/wp-content\\\/uploads\\\/2024\\\/05\\\/WhatsApp-Image-2024-05-13-at-18.11.31-1536x860-1.jpeg\",\"contentUrl\":\"https:\\\/\\\/www.notibras.com\\\/site\\\/wp-content\\\/uploads\\\/2024\\\/05\\\/WhatsApp-Image-2024-05-13-at-18.11.31-1536x860-1.jpeg\",\"width\":1536,\"height\":860},{\"@type\":\"BreadcrumbList\",\"@id\":\"https:\\\/\\\/www.notibras.com\\\/site\\\/maio-laranja-tera-programacao-para-conscientizar-sobre-abuso-sexual\\\/#breadcrumb\",\"itemListElement\":[{\"@type\":\"ListItem\",\"position\":1,\"name\":\"In\u00edcio\",\"item\":\"https:\\\/\\\/www.notibras.com\\\/site\\\/\"},{\"@type\":\"ListItem\",\"position\":2,\"name\":\"Maio Laranja ter\u00e1 programa\u00e7\u00e3o para conscientizar sobre abuso sexual\"}]},{\"@type\":\"WebSite\",\"@id\":\"https:\\\/\\\/www.notibras.com\\\/site\\\/#website\",\"url\":\"https:\\\/\\\/www.notibras.com\\\/site\\\/\",\"name\":\"Notibras\",\"description\":\"Not\u00edcias de Bras\u00edlia, do Brasil e do Mundo\",\"publisher\":{\"@id\":\"https:\\\/\\\/www.notibras.com\\\/site\\\/#organization\"},\"potentialAction\":[{\"@type\":\"SearchAction\",\"target\":{\"@type\":\"EntryPoint\",\"urlTemplate\":\"https:\\\/\\\/www.notibras.com\\\/site\\\/?s={search_term_string}\"},\"query-input\":{\"@type\":\"PropertyValueSpecification\",\"valueRequired\":true,\"valueName\":\"search_term_string\"}}],\"inLanguage\":\"pt-BR\"},{\"@type\":\"Organization\",\"@id\":\"https:\\\/\\\/www.notibras.com\\\/site\\\/#organization\",\"name\":\"Grupo Notibras de Comunica\u00e7\u00e3o\",\"url\":\"https:\\\/\\\/www.notibras.com\\\/site\\\/\",\"logo\":{\"@type\":\"ImageObject\",\"inLanguage\":\"pt-BR\",\"@id\":\"https:\\\/\\\/www.notibras.com\\\/site\\\/#\\\/schema\\\/logo\\\/image\\\/\",\"url\":\"https:\\\/\\\/www.notibras.com\\\/site\\\/wp-content\\\/uploads\\\/2023\\\/01\\\/notibras23.png\",\"contentUrl\":\"https:\\\/\\\/www.notibras.com\\\/site\\\/wp-content\\\/uploads\\\/2023\\\/01\\\/notibras23.png\",\"width\":350,\"height\":87,\"caption\":\"Grupo Notibras de Comunica\u00e7\u00e3o\"},\"image\":{\"@id\":\"https:\\\/\\\/www.notibras.com\\\/site\\\/#\\\/schema\\\/logo\\\/image\\\/\"},\"sameAs\":[\"https:\\\/\\\/www.facebook.com\\\/notibras\\\/\",\"https:\\\/\\\/x.com\\\/Notibras\",\"https:\\\/\\\/www.instagram.com\\\/notibras\\\/\"]},{\"@type\":\"Person\",\"@id\":\"https:\\\/\\\/www.notibras.com\\\/site\\\/#\\\/schema\\\/person\\\/36ab0979449956132d3e5b517ea76ac8\",\"name\":\"Reda\u00e7\u00e3o\",\"image\":{\"@type\":\"ImageObject\",\"inLanguage\":\"pt-BR\",\"@id\":\"https:\\\/\\\/secure.gravatar.com\\\/avatar\\\/e0a867bdedb85fd243eadf09663511f96fc81e0720a4a42581f334ad4303aa6b?s=96&d=mm&r=g\",\"url\":\"https:\\\/\\\/secure.gravatar.com\\\/avatar\\\/e0a867bdedb85fd243eadf09663511f96fc81e0720a4a42581f334ad4303aa6b?s=96&d=mm&r=g\",\"contentUrl\":\"https:\\\/\\\/secure.gravatar.com\\\/avatar\\\/e0a867bdedb85fd243eadf09663511f96fc81e0720a4a42581f334ad4303aa6b?s=96&d=mm&r=g\",\"caption\":\"Reda\u00e7\u00e3o\"}}]}<\/script>\n<!-- \/ Yoast SEO plugin. -->","yoast_head_json":{"title":"Maio Laranja ter\u00e1 programa\u00e7\u00e3o para conscientizar sobre abuso sexual - Notibras","robots":{"index":"index","follow":"follow","max-snippet":"max-snippet:-1","max-image-preview":"max-image-preview:large","max-video-preview":"max-video-preview:-1"},"canonical":"https:\/\/www.notibras.com\/site\/maio-laranja-tera-programacao-para-conscientizar-sobre-abuso-sexual\/","og_locale":"pt_BR","og_type":"article","og_title":"Maio Laranja ter\u00e1 programa\u00e7\u00e3o para conscientizar sobre abuso sexual - Notibras","og_description":"A Secretaria de Justi\u00e7a e Cidadania do Distrito Federal (Sejus-DF) realiza, na pr\u00f3xima ter\u00e7a (21), \u00e0s 19h, no Sesi Lab \u2013 Espa\u00e7o de Arte, Ci\u00eancia e Tecnologia, a abertura das a\u00e7\u00f5es alusivas ao Maio Laranja, m\u00eas de combate ao abuso sexual infantojuvenil, com um painel de tema Panorama da viol\u00eancia sexual contra crian\u00e7as e adolescentes [&hellip;]","og_url":"https:\/\/www.notibras.com\/site\/maio-laranja-tera-programacao-para-conscientizar-sobre-abuso-sexual\/","og_site_name":"Notibras","article_publisher":"https:\/\/www.facebook.com\/notibras\/","article_published_time":"2024-05-14T03:00:38+00:00","article_modified_time":"2024-05-14T11:13:12+00:00","og_image":[{"width":1536,"height":860,"url":"https:\/\/www.notibras.com\/site\/wp-content\/uploads\/2024\/05\/WhatsApp-Image-2024-05-13-at-18.11.31-1536x860-1.jpeg","type":"image\/jpeg"}],"author":"Reda\u00e7\u00e3o","twitter_card":"summary_large_image","twitter_creator":"@Notibras","twitter_site":"@Notibras","twitter_misc":{"Escrito por":"Reda\u00e7\u00e3o","Est. tempo de leitura":"4 minutos"},"schema":{"@context":"https:\/\/schema.org","@graph":[{"@type":"Article","@id":"https:\/\/www.notibras.com\/site\/maio-laranja-tera-programacao-para-conscientizar-sobre-abuso-sexual\/#article","isPartOf":{"@id":"https:\/\/www.notibras.com\/site\/maio-laranja-tera-programacao-para-conscientizar-sobre-abuso-sexual\/"},"author":{"name":"Reda\u00e7\u00e3o","@id":"https:\/\/www.notibras.com\/site\/#\/schema\/person\/36ab0979449956132d3e5b517ea76ac8"},"headline":"Maio Laranja ter\u00e1 programa\u00e7\u00e3o para conscientizar sobre abuso sexual","datePublished":"2024-05-14T03:00:38+00:00","dateModified":"2024-05-14T11:13:12+00:00","mainEntityOfPage":{"@id":"https:\/\/www.notibras.com\/site\/maio-laranja-tera-programacao-para-conscientizar-sobre-abuso-sexual\/"},"wordCount":689,"publisher":{"@id":"https:\/\/www.notibras.com\/site\/#organization"},"image":{"@id":"https:\/\/www.notibras.com\/site\/maio-laranja-tera-programacao-para-conscientizar-sobre-abuso-sexual\/#primaryimage"},"thumbnailUrl":"https:\/\/www.notibras.com\/site\/wp-content\/uploads\/2024\/05\/WhatsApp-Image-2024-05-13-at-18.11.31-1536x860-1.jpeg","articleSection":["Quadradinho em Foco"],"inLanguage":"pt-BR"},{"@type":"WebPage","@id":"https:\/\/www.notibras.com\/site\/maio-laranja-tera-programacao-para-conscientizar-sobre-abuso-sexual\/","url":"https:\/\/www.notibras.com\/site\/maio-laranja-tera-programacao-para-conscientizar-sobre-abuso-sexual\/","name":"Maio Laranja ter\u00e1 programa\u00e7\u00e3o para conscientizar sobre abuso sexual - Notibras","isPartOf":{"@id":"https:\/\/www.notibras.com\/site\/#website"},"primaryImageOfPage":{"@id":"https:\/\/www.notibras.com\/site\/maio-laranja-tera-programacao-para-conscientizar-sobre-abuso-sexual\/#primaryimage"},"image":{"@id":"https:\/\/www.notibras.com\/site\/maio-laranja-tera-programacao-para-conscientizar-sobre-abuso-sexual\/#primaryimage"},"thumbnailUrl":"https:\/\/www.notibras.com\/site\/wp-content\/uploads\/2024\/05\/WhatsApp-Image-2024-05-13-at-18.11.31-1536x860-1.jpeg","datePublished":"2024-05-14T03:00:38+00:00","dateModified":"2024-05-14T11:13:12+00:00","breadcrumb":{"@id":"https:\/\/www.notibras.com\/site\/maio-laranja-tera-programacao-para-conscientizar-sobre-abuso-sexual\/#breadcrumb"},"inLanguage":"pt-BR","potentialAction":[{"@type":"ReadAction","target":["https:\/\/www.notibras.com\/site\/maio-laranja-tera-programacao-para-conscientizar-sobre-abuso-sexual\/"]}]},{"@type":"ImageObject","inLanguage":"pt-BR","@id":"https:\/\/www.notibras.com\/site\/maio-laranja-tera-programacao-para-conscientizar-sobre-abuso-sexual\/#primaryimage","url":"https:\/\/www.notibras.com\/site\/wp-content\/uploads\/2024\/05\/WhatsApp-Image-2024-05-13-at-18.11.31-1536x860-1.jpeg","contentUrl":"https:\/\/www.notibras.com\/site\/wp-content\/uploads\/2024\/05\/WhatsApp-Image-2024-05-13-at-18.11.31-1536x860-1.jpeg","width":1536,"height":860},{"@type":"BreadcrumbList","@id":"https:\/\/www.notibras.com\/site\/maio-laranja-tera-programacao-para-conscientizar-sobre-abuso-sexual\/#breadcrumb","itemListElement":[{"@type":"ListItem","position":1,"name":"In\u00edcio","item":"https:\/\/www.notibras.com\/site\/"},{"@type":"ListItem","position":2,"name":"Maio Laranja ter\u00e1 programa\u00e7\u00e3o para conscientizar sobre abuso sexual"}]},{"@type":"WebSite","@id":"https:\/\/www.notibras.com\/site\/#website","url":"https:\/\/www.notibras.com\/site\/","name":"Notibras","description":"Not\u00edcias de Bras\u00edlia, do Brasil e do Mundo","publisher":{"@id":"https:\/\/www.notibras.com\/site\/#organization"},"potentialAction":[{"@type":"SearchAction","target":{"@type":"EntryPoint","urlTemplate":"https:\/\/www.notibras.com\/site\/?s={search_term_string}"},"query-input":{"@type":"PropertyValueSpecification","valueRequired":true,"valueName":"search_term_string"}}],"inLanguage":"pt-BR"},{"@type":"Organization","@id":"https:\/\/www.notibras.com\/site\/#organization","name":"Grupo Notibras de Comunica\u00e7\u00e3o","url":"https:\/\/www.notibras.com\/site\/","logo":{"@type":"ImageObject","inLanguage":"pt-BR","@id":"https:\/\/www.notibras.com\/site\/#\/schema\/logo\/image\/","url":"https:\/\/www.notibras.com\/site\/wp-content\/uploads\/2023\/01\/notibras23.png","contentUrl":"https:\/\/www.notibras.com\/site\/wp-content\/uploads\/2023\/01\/notibras23.png","width":350,"height":87,"caption":"Grupo Notibras de Comunica\u00e7\u00e3o"},"image":{"@id":"https:\/\/www.notibras.com\/site\/#\/schema\/logo\/image\/"},"sameAs":["https:\/\/www.facebook.com\/notibras\/","https:\/\/x.com\/Notibras","https:\/\/www.instagram.com\/notibras\/"]},{"@type":"Person","@id":"https:\/\/www.notibras.com\/site\/#\/schema\/person\/36ab0979449956132d3e5b517ea76ac8","name":"Reda\u00e7\u00e3o","image":{"@type":"ImageObject","inLanguage":"pt-BR","@id":"https:\/\/secure.gravatar.com\/avatar\/e0a867bdedb85fd243eadf09663511f96fc81e0720a4a42581f334ad4303aa6b?s=96&d=mm&r=g","url":"https:\/\/secure.gravatar.com\/avatar\/e0a867bdedb85fd243eadf09663511f96fc81e0720a4a42581f334ad4303aa6b?s=96&d=mm&r=g","contentUrl":"https:\/\/secure.gravatar.com\/avatar\/e0a867bdedb85fd243eadf09663511f96fc81e0720a4a42581f334ad4303aa6b?s=96&d=mm&r=g","caption":"Reda\u00e7\u00e3o"}}]}},"amp_enabled":true,"_links":{"self":[{"href":"https:\/\/www.notibras.com\/site\/wp-json\/wp\/v2\/posts\/328686","targetHints":{"allow":["GET"]}}],"collection":[{"href":"https:\/\/www.notibras.com\/site\/wp-json\/wp\/v2\/posts"}],"about":[{"href":"https:\/\/www.notibras.com\/site\/wp-json\/wp\/v2\/types\/post"}],"author":[{"embeddable":true,"href":"https:\/\/www.notibras.com\/site\/wp-json\/wp\/v2\/users\/2"}],"replies":[{"embeddable":true,"href":"https:\/\/www.notibras.com\/site\/wp-json\/wp\/v2\/comments?post=328686"}],"version-history":[{"count":1,"href":"https:\/\/www.notibras.com\/site\/wp-json\/wp\/v2\/posts\/328686\/revisions"}],"predecessor-version":[{"id":328688,"href":"https:\/\/www.notibras.com\/site\/wp-json\/wp\/v2\/posts\/328686\/revisions\/328688"}],"wp:featuredmedia":[{"embeddable":true,"href":"https:\/\/www.notibras.com\/site\/wp-json\/wp\/v2\/media\/328687"}],"wp:attachment":[{"href":"https:\/\/www.notibras.com\/site\/wp-json\/wp\/v2\/media?parent=328686"}],"wp:term":[{"taxonomy":"category","embeddable":true,"href":"https:\/\/www.notibras.com\/site\/wp-json\/wp\/v2\/categories?post=328686"},{"taxonomy":"post_tag","embeddable":true,"href":"https:\/\/www.notibras.com\/site\/wp-json\/wp\/v2\/tags?post=328686"}],"curies":[{"name":"wp","href":"https:\/\/api.w.org\/{rel}","templated":true}]}}