{"id":328693,"date":"2024-05-14T09:43:53","date_gmt":"2024-05-14T12:43:53","guid":{"rendered":"https:\/\/www.notibras.com\/site\/?p=328693"},"modified":"2024-05-14T10:05:47","modified_gmt":"2024-05-14T13:05:47","slug":"moraes-solta-coronel-naime-preso-apos-ato-terrorista","status":"publish","type":"post","link":"https:\/\/www.notibras.com\/site\/moraes-solta-coronel-naime-preso-apos-ato-terrorista\/","title":{"rendered":"Moraes solta coronel Naime, preso ap\u00f3s ato terrorista"},"content":{"rendered":"<p>O ministro Alexandre de Moraes, do Supremo Tribunal Federal (STF), concedeu liberdade provis\u00f3ria ao coronel Jorge Eduardo Naime Barreto, que era comandante do Departamento de Opera\u00e7\u00f5es da Pol\u00edcia Militar do Distrito Federal (PMDF) em 8 de janeiro de 2023, quando as sedes dos Tr\u00eas Poderes, em Bras\u00edlia, foram invadidas e depredadas por apoiadores do ex-presidente.<\/p>\n<p>Naime estava preso desde 7 de fevereiro do ano passado, sob suspeita de n\u00e3o ter cumprido seus deveres funcionais durante os atos golpistas. Em fevereiro deste ano, ele se tornou r\u00e9u no caso, junto com outros seis integrantes da antiga c\u00fapula da PMDF.<\/p>\n<p>Para Moraes, Naime n\u00e3o representa mais risco \u00e0 apura\u00e7\u00e3o do caso, uma vez que passou recentemente para a reserva da PMDF, n\u00e3o tendo mais inger\u00eancia em assuntos da corpora\u00e7\u00e3o. \u00c9 o mesmo entendimento que levou \u00e0 soltura de outros quatro coron\u00e9is.<\/p>\n<p><strong>Audi\u00eancia<\/strong><br \/>\nMesmo solto, Naime n\u00e3o poder\u00e1 comparecer a uma cerim\u00f4nia da Ordem dos Advogados do Brasil (OAB) em que seu filho receber\u00e1 a carteira de advogado, porque o evento coincide com uma audi\u00eancia de instru\u00e7\u00e3o j\u00e1 marcada, decidiu Moraes.<\/p>\n<p>O coronel dever\u00e1, ainda, usar tornozeleira eletr\u00f4nica e est\u00e1 proibido de sair do Distrito Federal. Outras medidas cautelares s\u00e3o o comparecimento semanal em ju\u00edzo, o recolhimento domiciliar noturno e aos fins de semana, a proibi\u00e7\u00e3o de usar redes sociais e a suspens\u00e3o de eventuais autoriza\u00e7\u00f5es para o porte de armas.<\/p>\n<p><strong>Acusa\u00e7\u00e3o<\/strong><br \/>\nSegundo den\u00fancia da Procuradoria-Geral da Rep\u00fablica (PGR), Naime cometeu os crimes de aboli\u00e7\u00e3o violenta do Estado Democr\u00e1tico de Direito, golpe de Estado, dano qualificado contra patrim\u00f4nio da Uni\u00e3o, deteriora\u00e7\u00e3o de patrim\u00f4nio tombado e viola\u00e7\u00e3o dos deveres funcionais, todos pela via da omiss\u00e3o.<\/p>\n<p>Pela pe\u00e7a de acusa\u00e7\u00e3o, ele teria conspirado desde o ano anterior, junto com os demais denunciados, em favor de um levante popular pr\u00f3-Bolsonaro e, no 8 de janeiro de 2023, deixou deliberadamente que os crimes fossem cometidos pelos v\u00e2ndalos.<\/p>\n<p>A PGR disse haver \u201cuma profunda contamina\u00e7\u00e3o ideol\u00f3gica de parte dos oficiais da PMDF denunciados, que se mostraram adeptos de teorias conspirat\u00f3rias sobre fraudes eleitorais e de teorias golpistas\u201d.<\/p>\n<p>A defesa de Naime nega as acusa\u00e7\u00f5es e alega que a PGR n\u00e3o conseguiu delinear as condutas supostamente criminosas do coronel.<\/p>\n","protected":false},"excerpt":{"rendered":"<p>O ministro Alexandre de Moraes, do Supremo Tribunal Federal (STF), concedeu liberdade provis\u00f3ria ao coronel Jorge Eduardo Naime Barreto, que era comandante do Departamento de Opera\u00e7\u00f5es da Pol\u00edcia Militar do Distrito Federal (PMDF) em 8 de janeiro de 2023, quando as sedes dos Tr\u00eas Poderes, em Bras\u00edlia, foram invadidas e depredadas por apoiadores do ex-presidente. [&hellip;]<\/p>\n","protected":false},"author":2,"featured_media":328694,"comment_status":"closed","ping_status":"closed","sticky":false,"template":"","format":"standard","meta":{"_acf_changed":false,"footnotes":""},"categories":[161],"tags":[],"class_list":["post-328693","post","type-post","status-publish","format-standard","has-post-thumbnail","hentry","category-quadradinho-em-foco"],"acf":[],"yoast_head":"<!-- This site is optimized with the Yoast SEO plugin v27.5 - https:\/\/yoast.com\/product\/yoast-seo-wordpress\/ -->\n<title>Moraes solta coronel Naime, preso ap\u00f3s ato terrorista - Notibras<\/title>\n<meta name=\"robots\" content=\"index, follow, max-snippet:-1, max-image-preview:large, max-video-preview:-1\" \/>\n<link rel=\"canonical\" href=\"https:\/\/www.notibras.com\/site\/moraes-solta-coronel-naime-preso-apos-ato-terrorista\/\" \/>\n<meta property=\"og:locale\" content=\"pt_BR\" \/>\n<meta property=\"og:type\" content=\"article\" \/>\n<meta property=\"og:title\" content=\"Moraes solta coronel Naime, preso ap\u00f3s ato terrorista - Notibras\" \/>\n<meta property=\"og:description\" content=\"O ministro Alexandre de Moraes, do Supremo Tribunal Federal (STF), concedeu liberdade provis\u00f3ria ao coronel Jorge Eduardo Naime Barreto, que era comandante do Departamento de Opera\u00e7\u00f5es da Pol\u00edcia Militar do Distrito Federal (PMDF) em 8 de janeiro de 2023, quando as sedes dos Tr\u00eas Poderes, em Bras\u00edlia, foram invadidas e depredadas por apoiadores do ex-presidente. [&hellip;]\" \/>\n<meta property=\"og:url\" content=\"https:\/\/www.notibras.com\/site\/moraes-solta-coronel-naime-preso-apos-ato-terrorista\/\" \/>\n<meta property=\"og:site_name\" content=\"Notibras\" \/>\n<meta property=\"article:publisher\" content=\"https:\/\/www.facebook.com\/notibras\/\" \/>\n<meta property=\"article:published_time\" content=\"2024-05-14T12:43:53+00:00\" \/>\n<meta property=\"article:modified_time\" content=\"2024-05-14T13:05:47+00:00\" \/>\n<meta property=\"og:image\" content=\"https:\/\/www.notibras.com\/site\/wp-content\/uploads\/2024\/05\/naime.14.maio_.webp\" \/>\n\t<meta property=\"og:image:width\" content=\"1170\" \/>\n\t<meta property=\"og:image:height\" content=\"700\" \/>\n\t<meta property=\"og:image:type\" content=\"image\/webp\" \/>\n<meta name=\"author\" content=\"Reda\u00e7\u00e3o\" \/>\n<meta name=\"twitter:card\" content=\"summary_large_image\" \/>\n<meta name=\"twitter:creator\" content=\"@Notibras\" \/>\n<meta name=\"twitter:site\" content=\"@Notibras\" \/>\n<meta name=\"twitter:label1\" content=\"Escrito por\" \/>\n\t<meta name=\"twitter:data1\" content=\"Reda\u00e7\u00e3o\" \/>\n\t<meta name=\"twitter:label2\" content=\"Est. tempo de leitura\" \/>\n\t<meta name=\"twitter:data2\" content=\"3 minutos\" \/>\n<script type=\"application\/ld+json\" class=\"yoast-schema-graph\">{\"@context\":\"https:\\\/\\\/schema.org\",\"@graph\":[{\"@type\":\"Article\",\"@id\":\"https:\\\/\\\/www.notibras.com\\\/site\\\/moraes-solta-coronel-naime-preso-apos-ato-terrorista\\\/#article\",\"isPartOf\":{\"@id\":\"https:\\\/\\\/www.notibras.com\\\/site\\\/moraes-solta-coronel-naime-preso-apos-ato-terrorista\\\/\"},\"author\":{\"name\":\"Reda\u00e7\u00e3o\",\"@id\":\"https:\\\/\\\/www.notibras.com\\\/site\\\/#\\\/schema\\\/person\\\/36ab0979449956132d3e5b517ea76ac8\"},\"headline\":\"Moraes solta coronel Naime, preso ap\u00f3s ato terrorista\",\"datePublished\":\"2024-05-14T12:43:53+00:00\",\"dateModified\":\"2024-05-14T13:05:47+00:00\",\"mainEntityOfPage\":{\"@id\":\"https:\\\/\\\/www.notibras.com\\\/site\\\/moraes-solta-coronel-naime-preso-apos-ato-terrorista\\\/\"},\"wordCount\":406,\"publisher\":{\"@id\":\"https:\\\/\\\/www.notibras.com\\\/site\\\/#organization\"},\"image\":{\"@id\":\"https:\\\/\\\/www.notibras.com\\\/site\\\/moraes-solta-coronel-naime-preso-apos-ato-terrorista\\\/#primaryimage\"},\"thumbnailUrl\":\"https:\\\/\\\/www.notibras.com\\\/site\\\/wp-content\\\/uploads\\\/2024\\\/05\\\/naime.14.maio_.webp\",\"articleSection\":[\"Quadradinho em Foco\"],\"inLanguage\":\"pt-BR\"},{\"@type\":\"WebPage\",\"@id\":\"https:\\\/\\\/www.notibras.com\\\/site\\\/moraes-solta-coronel-naime-preso-apos-ato-terrorista\\\/\",\"url\":\"https:\\\/\\\/www.notibras.com\\\/site\\\/moraes-solta-coronel-naime-preso-apos-ato-terrorista\\\/\",\"name\":\"Moraes solta coronel Naime, preso ap\u00f3s ato terrorista - Notibras\",\"isPartOf\":{\"@id\":\"https:\\\/\\\/www.notibras.com\\\/site\\\/#website\"},\"primaryImageOfPage\":{\"@id\":\"https:\\\/\\\/www.notibras.com\\\/site\\\/moraes-solta-coronel-naime-preso-apos-ato-terrorista\\\/#primaryimage\"},\"image\":{\"@id\":\"https:\\\/\\\/www.notibras.com\\\/site\\\/moraes-solta-coronel-naime-preso-apos-ato-terrorista\\\/#primaryimage\"},\"thumbnailUrl\":\"https:\\\/\\\/www.notibras.com\\\/site\\\/wp-content\\\/uploads\\\/2024\\\/05\\\/naime.14.maio_.webp\",\"datePublished\":\"2024-05-14T12:43:53+00:00\",\"dateModified\":\"2024-05-14T13:05:47+00:00\",\"breadcrumb\":{\"@id\":\"https:\\\/\\\/www.notibras.com\\\/site\\\/moraes-solta-coronel-naime-preso-apos-ato-terrorista\\\/#breadcrumb\"},\"inLanguage\":\"pt-BR\",\"potentialAction\":[{\"@type\":\"ReadAction\",\"target\":[\"https:\\\/\\\/www.notibras.com\\\/site\\\/moraes-solta-coronel-naime-preso-apos-ato-terrorista\\\/\"]}]},{\"@type\":\"ImageObject\",\"inLanguage\":\"pt-BR\",\"@id\":\"https:\\\/\\\/www.notibras.com\\\/site\\\/moraes-solta-coronel-naime-preso-apos-ato-terrorista\\\/#primaryimage\",\"url\":\"https:\\\/\\\/www.notibras.com\\\/site\\\/wp-content\\\/uploads\\\/2024\\\/05\\\/naime.14.maio_.webp\",\"contentUrl\":\"https:\\\/\\\/www.notibras.com\\\/site\\\/wp-content\\\/uploads\\\/2024\\\/05\\\/naime.14.maio_.webp\",\"width\":1170,\"height\":700},{\"@type\":\"BreadcrumbList\",\"@id\":\"https:\\\/\\\/www.notibras.com\\\/site\\\/moraes-solta-coronel-naime-preso-apos-ato-terrorista\\\/#breadcrumb\",\"itemListElement\":[{\"@type\":\"ListItem\",\"position\":1,\"name\":\"In\u00edcio\",\"item\":\"https:\\\/\\\/www.notibras.com\\\/site\\\/\"},{\"@type\":\"ListItem\",\"position\":2,\"name\":\"Moraes solta coronel Naime, preso ap\u00f3s ato terrorista\"}]},{\"@type\":\"WebSite\",\"@id\":\"https:\\\/\\\/www.notibras.com\\\/site\\\/#website\",\"url\":\"https:\\\/\\\/www.notibras.com\\\/site\\\/\",\"name\":\"Notibras\",\"description\":\"Not\u00edcias de Bras\u00edlia, do Brasil e do Mundo\",\"publisher\":{\"@id\":\"https:\\\/\\\/www.notibras.com\\\/site\\\/#organization\"},\"potentialAction\":[{\"@type\":\"SearchAction\",\"target\":{\"@type\":\"EntryPoint\",\"urlTemplate\":\"https:\\\/\\\/www.notibras.com\\\/site\\\/?s={search_term_string}\"},\"query-input\":{\"@type\":\"PropertyValueSpecification\",\"valueRequired\":true,\"valueName\":\"search_term_string\"}}],\"inLanguage\":\"pt-BR\"},{\"@type\":\"Organization\",\"@id\":\"https:\\\/\\\/www.notibras.com\\\/site\\\/#organization\",\"name\":\"Grupo Notibras de Comunica\u00e7\u00e3o\",\"url\":\"https:\\\/\\\/www.notibras.com\\\/site\\\/\",\"logo\":{\"@type\":\"ImageObject\",\"inLanguage\":\"pt-BR\",\"@id\":\"https:\\\/\\\/www.notibras.com\\\/site\\\/#\\\/schema\\\/logo\\\/image\\\/\",\"url\":\"https:\\\/\\\/www.notibras.com\\\/site\\\/wp-content\\\/uploads\\\/2023\\\/01\\\/notibras23.png\",\"contentUrl\":\"https:\\\/\\\/www.notibras.com\\\/site\\\/wp-content\\\/uploads\\\/2023\\\/01\\\/notibras23.png\",\"width\":350,\"height\":87,\"caption\":\"Grupo Notibras de Comunica\u00e7\u00e3o\"},\"image\":{\"@id\":\"https:\\\/\\\/www.notibras.com\\\/site\\\/#\\\/schema\\\/logo\\\/image\\\/\"},\"sameAs\":[\"https:\\\/\\\/www.facebook.com\\\/notibras\\\/\",\"https:\\\/\\\/x.com\\\/Notibras\",\"https:\\\/\\\/www.instagram.com\\\/notibras\\\/\"]},{\"@type\":\"Person\",\"@id\":\"https:\\\/\\\/www.notibras.com\\\/site\\\/#\\\/schema\\\/person\\\/36ab0979449956132d3e5b517ea76ac8\",\"name\":\"Reda\u00e7\u00e3o\",\"image\":{\"@type\":\"ImageObject\",\"inLanguage\":\"pt-BR\",\"@id\":\"https:\\\/\\\/secure.gravatar.com\\\/avatar\\\/e0a867bdedb85fd243eadf09663511f96fc81e0720a4a42581f334ad4303aa6b?s=96&d=mm&r=g\",\"url\":\"https:\\\/\\\/secure.gravatar.com\\\/avatar\\\/e0a867bdedb85fd243eadf09663511f96fc81e0720a4a42581f334ad4303aa6b?s=96&d=mm&r=g\",\"contentUrl\":\"https:\\\/\\\/secure.gravatar.com\\\/avatar\\\/e0a867bdedb85fd243eadf09663511f96fc81e0720a4a42581f334ad4303aa6b?s=96&d=mm&r=g\",\"caption\":\"Reda\u00e7\u00e3o\"}}]}<\/script>\n<!-- \/ Yoast SEO plugin. -->","yoast_head_json":{"title":"Moraes solta coronel Naime, preso ap\u00f3s ato terrorista - Notibras","robots":{"index":"index","follow":"follow","max-snippet":"max-snippet:-1","max-image-preview":"max-image-preview:large","max-video-preview":"max-video-preview:-1"},"canonical":"https:\/\/www.notibras.com\/site\/moraes-solta-coronel-naime-preso-apos-ato-terrorista\/","og_locale":"pt_BR","og_type":"article","og_title":"Moraes solta coronel Naime, preso ap\u00f3s ato terrorista - Notibras","og_description":"O ministro Alexandre de Moraes, do Supremo Tribunal Federal (STF), concedeu liberdade provis\u00f3ria ao coronel Jorge Eduardo Naime Barreto, que era comandante do Departamento de Opera\u00e7\u00f5es da Pol\u00edcia Militar do Distrito Federal (PMDF) em 8 de janeiro de 2023, quando as sedes dos Tr\u00eas Poderes, em Bras\u00edlia, foram invadidas e depredadas por apoiadores do ex-presidente. [&hellip;]","og_url":"https:\/\/www.notibras.com\/site\/moraes-solta-coronel-naime-preso-apos-ato-terrorista\/","og_site_name":"Notibras","article_publisher":"https:\/\/www.facebook.com\/notibras\/","article_published_time":"2024-05-14T12:43:53+00:00","article_modified_time":"2024-05-14T13:05:47+00:00","og_image":[{"width":1170,"height":700,"url":"https:\/\/www.notibras.com\/site\/wp-content\/uploads\/2024\/05\/naime.14.maio_.webp","type":"image\/webp"}],"author":"Reda\u00e7\u00e3o","twitter_card":"summary_large_image","twitter_creator":"@Notibras","twitter_site":"@Notibras","twitter_misc":{"Escrito por":"Reda\u00e7\u00e3o","Est. tempo de leitura":"3 minutos"},"schema":{"@context":"https:\/\/schema.org","@graph":[{"@type":"Article","@id":"https:\/\/www.notibras.com\/site\/moraes-solta-coronel-naime-preso-apos-ato-terrorista\/#article","isPartOf":{"@id":"https:\/\/www.notibras.com\/site\/moraes-solta-coronel-naime-preso-apos-ato-terrorista\/"},"author":{"name":"Reda\u00e7\u00e3o","@id":"https:\/\/www.notibras.com\/site\/#\/schema\/person\/36ab0979449956132d3e5b517ea76ac8"},"headline":"Moraes solta coronel Naime, preso ap\u00f3s ato terrorista","datePublished":"2024-05-14T12:43:53+00:00","dateModified":"2024-05-14T13:05:47+00:00","mainEntityOfPage":{"@id":"https:\/\/www.notibras.com\/site\/moraes-solta-coronel-naime-preso-apos-ato-terrorista\/"},"wordCount":406,"publisher":{"@id":"https:\/\/www.notibras.com\/site\/#organization"},"image":{"@id":"https:\/\/www.notibras.com\/site\/moraes-solta-coronel-naime-preso-apos-ato-terrorista\/#primaryimage"},"thumbnailUrl":"https:\/\/www.notibras.com\/site\/wp-content\/uploads\/2024\/05\/naime.14.maio_.webp","articleSection":["Quadradinho em Foco"],"inLanguage":"pt-BR"},{"@type":"WebPage","@id":"https:\/\/www.notibras.com\/site\/moraes-solta-coronel-naime-preso-apos-ato-terrorista\/","url":"https:\/\/www.notibras.com\/site\/moraes-solta-coronel-naime-preso-apos-ato-terrorista\/","name":"Moraes solta coronel Naime, preso ap\u00f3s ato terrorista - Notibras","isPartOf":{"@id":"https:\/\/www.notibras.com\/site\/#website"},"primaryImageOfPage":{"@id":"https:\/\/www.notibras.com\/site\/moraes-solta-coronel-naime-preso-apos-ato-terrorista\/#primaryimage"},"image":{"@id":"https:\/\/www.notibras.com\/site\/moraes-solta-coronel-naime-preso-apos-ato-terrorista\/#primaryimage"},"thumbnailUrl":"https:\/\/www.notibras.com\/site\/wp-content\/uploads\/2024\/05\/naime.14.maio_.webp","datePublished":"2024-05-14T12:43:53+00:00","dateModified":"2024-05-14T13:05:47+00:00","breadcrumb":{"@id":"https:\/\/www.notibras.com\/site\/moraes-solta-coronel-naime-preso-apos-ato-terrorista\/#breadcrumb"},"inLanguage":"pt-BR","potentialAction":[{"@type":"ReadAction","target":["https:\/\/www.notibras.com\/site\/moraes-solta-coronel-naime-preso-apos-ato-terrorista\/"]}]},{"@type":"ImageObject","inLanguage":"pt-BR","@id":"https:\/\/www.notibras.com\/site\/moraes-solta-coronel-naime-preso-apos-ato-terrorista\/#primaryimage","url":"https:\/\/www.notibras.com\/site\/wp-content\/uploads\/2024\/05\/naime.14.maio_.webp","contentUrl":"https:\/\/www.notibras.com\/site\/wp-content\/uploads\/2024\/05\/naime.14.maio_.webp","width":1170,"height":700},{"@type":"BreadcrumbList","@id":"https:\/\/www.notibras.com\/site\/moraes-solta-coronel-naime-preso-apos-ato-terrorista\/#breadcrumb","itemListElement":[{"@type":"ListItem","position":1,"name":"In\u00edcio","item":"https:\/\/www.notibras.com\/site\/"},{"@type":"ListItem","position":2,"name":"Moraes solta coronel Naime, preso ap\u00f3s ato terrorista"}]},{"@type":"WebSite","@id":"https:\/\/www.notibras.com\/site\/#website","url":"https:\/\/www.notibras.com\/site\/","name":"Notibras","description":"Not\u00edcias de Bras\u00edlia, do Brasil e do Mundo","publisher":{"@id":"https:\/\/www.notibras.com\/site\/#organization"},"potentialAction":[{"@type":"SearchAction","target":{"@type":"EntryPoint","urlTemplate":"https:\/\/www.notibras.com\/site\/?s={search_term_string}"},"query-input":{"@type":"PropertyValueSpecification","valueRequired":true,"valueName":"search_term_string"}}],"inLanguage":"pt-BR"},{"@type":"Organization","@id":"https:\/\/www.notibras.com\/site\/#organization","name":"Grupo Notibras de Comunica\u00e7\u00e3o","url":"https:\/\/www.notibras.com\/site\/","logo":{"@type":"ImageObject","inLanguage":"pt-BR","@id":"https:\/\/www.notibras.com\/site\/#\/schema\/logo\/image\/","url":"https:\/\/www.notibras.com\/site\/wp-content\/uploads\/2023\/01\/notibras23.png","contentUrl":"https:\/\/www.notibras.com\/site\/wp-content\/uploads\/2023\/01\/notibras23.png","width":350,"height":87,"caption":"Grupo Notibras de Comunica\u00e7\u00e3o"},"image":{"@id":"https:\/\/www.notibras.com\/site\/#\/schema\/logo\/image\/"},"sameAs":["https:\/\/www.facebook.com\/notibras\/","https:\/\/x.com\/Notibras","https:\/\/www.instagram.com\/notibras\/"]},{"@type":"Person","@id":"https:\/\/www.notibras.com\/site\/#\/schema\/person\/36ab0979449956132d3e5b517ea76ac8","name":"Reda\u00e7\u00e3o","image":{"@type":"ImageObject","inLanguage":"pt-BR","@id":"https:\/\/secure.gravatar.com\/avatar\/e0a867bdedb85fd243eadf09663511f96fc81e0720a4a42581f334ad4303aa6b?s=96&d=mm&r=g","url":"https:\/\/secure.gravatar.com\/avatar\/e0a867bdedb85fd243eadf09663511f96fc81e0720a4a42581f334ad4303aa6b?s=96&d=mm&r=g","contentUrl":"https:\/\/secure.gravatar.com\/avatar\/e0a867bdedb85fd243eadf09663511f96fc81e0720a4a42581f334ad4303aa6b?s=96&d=mm&r=g","caption":"Reda\u00e7\u00e3o"}}]}},"amp_enabled":true,"_links":{"self":[{"href":"https:\/\/www.notibras.com\/site\/wp-json\/wp\/v2\/posts\/328693","targetHints":{"allow":["GET"]}}],"collection":[{"href":"https:\/\/www.notibras.com\/site\/wp-json\/wp\/v2\/posts"}],"about":[{"href":"https:\/\/www.notibras.com\/site\/wp-json\/wp\/v2\/types\/post"}],"author":[{"embeddable":true,"href":"https:\/\/www.notibras.com\/site\/wp-json\/wp\/v2\/users\/2"}],"replies":[{"embeddable":true,"href":"https:\/\/www.notibras.com\/site\/wp-json\/wp\/v2\/comments?post=328693"}],"version-history":[{"count":2,"href":"https:\/\/www.notibras.com\/site\/wp-json\/wp\/v2\/posts\/328693\/revisions"}],"predecessor-version":[{"id":328696,"href":"https:\/\/www.notibras.com\/site\/wp-json\/wp\/v2\/posts\/328693\/revisions\/328696"}],"wp:featuredmedia":[{"embeddable":true,"href":"https:\/\/www.notibras.com\/site\/wp-json\/wp\/v2\/media\/328694"}],"wp:attachment":[{"href":"https:\/\/www.notibras.com\/site\/wp-json\/wp\/v2\/media?parent=328693"}],"wp:term":[{"taxonomy":"category","embeddable":true,"href":"https:\/\/www.notibras.com\/site\/wp-json\/wp\/v2\/categories?post=328693"},{"taxonomy":"post_tag","embeddable":true,"href":"https:\/\/www.notibras.com\/site\/wp-json\/wp\/v2\/tags?post=328693"}],"curies":[{"name":"wp","href":"https:\/\/api.w.org\/{rel}","templated":true}]}}