{"id":32870,"date":"2015-01-04T10:03:07","date_gmt":"2015-01-04T13:03:07","guid":{"rendered":"http:\/\/www.notibras.com\/site\/?p=32870"},"modified":"2015-01-04T10:03:07","modified_gmt":"2015-01-04T13:03:07","slug":"washington-pinta-as-cores-da-guerra-para-o-ano-que-se-inicia","status":"publish","type":"post","link":"https:\/\/www.notibras.com\/site\/washington-pinta-as-cores-da-guerra-para-o-ano-que-se-inicia\/","title":{"rendered":"Washington pinta as cores da guerra para o ano que se inicia"},"content":{"rendered":"<p>Washington \u00e9 a causa do conflito que vem sendo promovido j\u00e1 a algum tempo. A R\u00fassia estava muito fraca para fazer qualquer coisa a respeito de quando o governo Clinton come\u00e7ou a empurrar a OTAN para junto das fronteiras russas, assim como de quando ele ilegalmente atacou a Iugosl\u00e1via desmembrando o pa\u00eds em peda\u00e7os menores, mais f\u00e1ceis a serem controlados.<\/p>\n<p>A R\u00fassia tamb\u00e9m ainda continuava muito enfraquecida para poder fazer alguma coisa de quando o governo de George W. Bush se retirou do acordo ABM, [Acordo regulamentando a quantidade e o uso dos m\u00edsseis anti-bal\u00edsticos] e de quando o mesmo come\u00e7ou a organizar a coloca\u00e7\u00e3o de bases militares americanas, contendo m\u00edsseis anti-bal\u00edsticos, nas fronteiras russas. Washington mentiu para a R\u00fassia dizendo que o objetivo da coloca\u00e7\u00e3o dessas bases seria o de proteger a Europa dos n\u00e3o-existentes ICBMs nucleares do Ir\u00e3. [ICBM sendo ent\u00e3o um m\u00edssil intercontinental anti-bal\u00edstico]<\/p>\n<p>Entretanto, na R\u00fassia compreendeu-se que o real objetivo dos Estados Unidos era o de degradar a capacidade de retalia\u00e7\u00e3o da R\u00fassia, aumentando dessa maneira a capacidade de Washington para coagir o pa\u00eds a entrar em acordos que comprometeriam a sua soberania.<\/p>\n<p>No ver\u00e3o de 2008 a R\u00fassia j\u00e1 tinha o seu poder como que restabelecido. Por ordens de Washington o ex\u00e9rcito da Ge\u00f3rgia, equipado e treinado pelos Estados Unidos e Israel, atacou a separatista Rep\u00fablica da Oss\u00e9cia do Sul na madrugada de 8 de agosto, matando 8 membros das for\u00e7as da paz assim como pessoas da popula\u00e7\u00e3o civ\u00edl. Setores dos militares russos reagiram imediatamente a isso e dentro de poucas horas o ex\u00e9rcito da Ge\u00f3rgia, treinados pelos acima mencionados, tinha sido completamente derrotado. A Rep\u00fablica da Oss\u00e9cia do Sul, na Ge\u00f3rgia, estava novamente em m\u00e3os russas, como essa prov\u00edncia sempre tinha estado, desde pelo menos desde os s\u00e9culos 19 e 20.<\/p>\n<blockquote><p>Putin deveria ter deixado Mikheil Saakashvili &#8211; esse fantoche americano instalado no poder como presidente da Ge\u00f3rgia pela \u201cRevolu\u00e7\u00e3o Rosa\u201d a qual foi instigada por Washington &#8211; ser enforcado. Entretanto, num erro estrat\u00e9gico, a R\u00fassia retirou suas for\u00e7as deixando o governo fantoche de Washington no lugar para causar futuros problemas para a R\u00fassia.<\/p><\/blockquote>\n<p>Washington faz muita press\u00e3o para incorporar a Ge\u00f3rgia na OTAN e isso principalmente para poder p\u00f4r mais bases militares na fronteira russa. Tem-se entretanto tamb\u00e9m aqui que, na \u00e9poca do sucedido, Moscou via a Europa como bastante mais independente de Washington do que ela realmente era, acreditando que mantendo boas rela\u00e7\u00f5es com a mesma iria impedir bases militares americanas a serem estabelecidas na Ge\u00f3rgia.<\/p>\n<p>Hoje em dia o governo russo j\u00e1 n\u00e3o tem mais nenhuma ilus\u00e3o quanto a Europa ser capaz de uma pol\u00edtica exterior independente. O Presidente Vladimir Putin da R\u00fassia declarou publicamente que a R\u00fassia tinha compreendido que diplomacia com a Europa n\u00e3o fazia muito sentido, e isso porque os pol\u00edticos europeus estavam representando mais os interesses de Washington do que os da Europa.<\/p>\n<p>O Ministro dos Neg\u00f3cios e Rela\u00e7\u00f5es Exteriores da Federa\u00e7\u00e3o Russa, Sergei Lavrov, reconheceu recentemente que a categoriza\u00e7\u00e3o da Europa como uma entidade constituida por Na\u00e7\u00f5es Cativas tinha deixado claro para a R\u00fassia que gestos de boa vontade da R\u00fassia quanto a mesma n\u00e3o poderiam produzir, nessas circunst\u00e2ncias, desejados efeitos diplom\u00e1ticos.<\/p>\n<p>Com o evaporar-se das ilus\u00f5es de que diplomacia com o ocidente iria produzir solu\u00e7\u00f5es pac\u00edficas, e com a realidade reafirmando-se, come\u00e7ou ent\u00e3o a escala\u00e7\u00e3o da demoniza\u00e7\u00e3o de Vladimir Putin por Washington em conjunto com seus pa\u00edses vassalos. Tem-se Hillary Clinton nesse cen\u00e1rio at\u00e9 chamando Putin, de Hitler.<\/p>\n<p>Enquanto Washington incorpora as ex-partes constituintes da R\u00fassia e do imp\u00e9rio sovi\u00e9tico no seu pr\u00f3prio imp\u00e9rio, e bombardeia sete outros pa\u00edses, Washington ao mesmo tempo vai declarando que Putin \u00e9 militarmente muito agressivo, e que ele tem inten\u00e7\u00f5es de reconstruir o imp\u00e9rio sovi\u00e9tico.<\/p>\n<p>Washington arma o sistema neo-nazi, que Obama estabeleceu na Ucr\u00e2nia, enquanto erradamente declara que Putin invadiu e anexou prov\u00edncias ucranianas. Todas essas bramantes mentiras repetem-se, aos milhares, e em \u00e9co, pela m\u00eddia prostituta do ocidente. Nem mesmo Hitler teve a sua disposi\u00e7\u00e3o uma tal complacente m\u00eddia como Washington.<\/p>\n<p>Todos os esfor\u00e7os diplom\u00e1ticos da R\u00fassia tem sido bloqueados por Washington, acabando-se por se poder contar o resultado como zero e nada mais. Dessa maneira a R\u00fassia foi for\u00e7ada, pela realidade, a atualizar sua pr\u00f3pria doutrina militar. A nova doutrina, aprovada em 26 de dezembro, afirma que os Estados Unidos e a OTAN constituem a principal amea\u00e7a militar para a exist\u00eancia da R\u00fassia, como pa\u00eds independente e soberano.<\/p>\n<p>O documento russo declara a doutrina de guerra de Washington &#8211; na qual a aceita\u00e7\u00e3o da id\u00e9ia de um ataque preventivo, a coloca\u00e7\u00e3o de m\u00edsseis anti-bal\u00edsticos [ditos de defesa mas na realidade de agress\u00e3o], assim como a cont\u00ednua constru\u00e7\u00e3o das for\u00e7as da OTAN, e a inten\u00e7\u00e3o dos americanos de colocarem armas no espa\u00e7o &#8211; como uma clara indica\u00e7\u00e3o de que Washington est\u00e1 se preparando para atacar a R\u00fassia.<\/p>\n<blockquote><p>Washington tamb\u00e9m est\u00e1 a conduzir guerra pol\u00edtico-econ\u00f4mica contra a R\u00fassia, tentando destabilizar a economia russa com san\u00e7\u00f5es e ataques a moeda russa, o rublo. O documento russo reconhece que a R\u00fassia enfrenta amea\u00e7as de mudan\u00e7a de regime [l\u00ea-se amea\u00e7as de golpe de estado] por parte do ocidente. Esse objetivo seria ent\u00e3o conseguido atrav\u00e9s de \u201ca\u00e7\u00f5es com a finalidade de violentamente mudar a ordem constitucional russa, com a desestabiliza\u00e7\u00e3o da realidade pol\u00edtico-social, da desorganiza\u00e7\u00e3o do funcionamento das institui\u00e7\u00f5es governamentais, e das principais e cruciais institui\u00e7\u00f5es civis e militares, assim como da infraestrutura informal da R\u00fassia.\u201d<\/p><\/blockquote>\n<p>As organiza\u00e7\u00f5es n\u00e3o governamentais estrangeiras, ONGs, e a m\u00eddia russa, que \u00e9 dirigida como propriedade de estrangeiros, s\u00e3o instrumentos nas m\u00e3os de Washington, que usam esses instrumentos para desestabilizar a R\u00fassia.<\/p>\n<p>As agressivas e irrespons\u00e1veis diretivas pol\u00edticas de Washington contra a R\u00fassia fez por ressuscitar a corrida de armamentos nucleares. A R\u00fassia agora est\u00e1 desenvolvendo dois novos sistemas ICBM [de m\u00edsseis intercontinentais anti-bal\u00edsticos] e em 2016 dever\u00e1 colocar sistemas de armamentos designados a neutralizar os sistemas de m\u00edsseis anti-bal\u00edsticos dos Estados Unidos. Em resumo, os instigadores de guerra que governam em Washington puseram o mundo a caminho do armagedon nuclear.<\/p>\n<p>Tanto o governo da R\u00fassia como o da China j\u00e1 compreenderam que suas respectivas exist\u00eancias est\u00e3o sendo amea\u00e7adas pelas ambi\u00e7\u00f5es de hegemonia, ou seja de domin\u00e2ncia, de Washington. Larchmonter apresentou relat\u00f3rios que mostravam que, partindo do princ\u00edpio de Washington ter planos para marginalizar os dois pa\u00edses, tanto a R\u00fassia quanto a China decidiram-se por unificar suas economias, criando sectores de uma economia conjunta, conquanto tamb\u00e9m unificando seus comandos militares. Daqui por diante tem-se ent\u00e3o que a R\u00fassia e a China estar\u00e3o andando conjuntamente, tanto no plano econ\u00f4mico como no militar.<\/p>\n<p>Essa uni\u00e3o do Urso Russo com o Drag\u00e3o Chin\u00eas reduz o sonho dos conservadores americanos quanto a um \u201cs\u00e9culo americano\u201d a um puro disparate. Larchmonter caracteriza isso assim: \u201cOs Estados Unidos e a OTAN precisariam do Arcanjo Miguel para derrotar essa uni\u00e3o Sino-Russa, mas ao que tudo indica o Arcanjo Miguel j\u00e1 est\u00e1 alinhado com o Urso Russo, e sua cultura ortodoxa. N\u00e3o h\u00e1 armas, estrat\u00e9gias ou t\u00e1ticas conceb\u00edveis que possam, num futuro pr\u00f3ximo, conseguir causar maiores estragos a essas duas economias emergentes, agora que est\u00e3o atuando em parceria.\u201d<\/p>\n<p>Larchmonter tem esperan\u00e7as na nova geopol\u00edtica criada pela atua\u00e7\u00e3o conjunta da R\u00fassia e da China. Eu n\u00e3o tenho nada contra essa sua conclus\u00e3o, mas se os arrogantes conservativos compreenderem que as suas diretivas pol\u00edticas para uma hegemonia mundial encontraram agora um inimigo que n\u00e3o poder\u00e3o derrotar, eles ir\u00e3o pressionar para um ataque nuclear preventivo, antes que o comando unit\u00e1rio Russo-Chin\u00eas esteja operacional. Para se proteger contra um ataque \u00e0-surpresas, a R\u00fassia e a China fariam melhor em operar em completa e total prontid\u00e3o nuclear.<\/p>\n<p>A economia dos Estados Unidos \u2013 na realidade a inteira ocidente-orientada economia indo do Jap\u00e3o a Europa \u2013 \u00e9 um castelo de cartas. Desde que o decl\u00ednio econ\u00f4mico come\u00e7ou, a cerca de 7 anos atr\u00e1s, a inteira economia ocidental foi dirigida para o apoio de uns poucos bancos super-dimensionados, ao cr\u00e9dito soberano, e para o apoio do U.S. d\u00f3lar. Em consequ\u00eancia disso as pr\u00f3prias economias assim como a capacidade das popula\u00e7\u00f5es para manejar a situa\u00e7\u00e3o foram se deteriorando.<\/p>\n<p>Os mercados financeiros baseiam-se agora em cont\u00ednuas manipula\u00e7\u00f5es e n\u00e3o em fundamentos s\u00f3brios. Tem-se depois aqui que essas manipula\u00e7\u00f5es s\u00e3o insustent\u00e1veis. Com o d\u00e9bito explodindo os juros reais negativos n\u00e3o fazem sentido. Com a renda real do consumidor, assim tamb\u00e9m como o seu cr\u00e9dito real, e a real venda de produtos no com\u00e9rcio de varejo estagnados, ou em queda branda, o mercado de valores, fundos e a\u00e7\u00f5es, n\u00e3o pode ser outra coisa que uma bolha [a ser furada].<\/p>\n<p>Com a R\u00fassia e a China, assim como outros pa\u00edses, distanciando-se do uso do d\u00f3lar no mercado internacional, e com a R\u00fassia desenvolvendo uma alternativa rede banc\u00e1ria internacional SWIFT, enquanto os BRICS desenvolvem alternativas ao FMI e ao Banco Mundial, de quando outras partes do mundo desenvolvem seus pr\u00f3prios cart\u00f5es de cr\u00e9dito e sistemas de Internet, o d\u00f3lar americano, conjuntamente com as moedas do Jap\u00e3o e da Europa &#8211; que est\u00e3o sendo imprimidas para sustentar o valor de c\u00e2mbio do d\u00f3lar &#8211; poderiam vir a experimentar uma dram\u00e1tica queda no mercado de c\u00e2mbio, o que faria com que a economia de importa\u00e7\u00e3o-dependente do ocidente se tornasse disfuncional.<\/p>\n<blockquote><p>Na minha opini\u00e3o tomou muito tempo para que a R\u00fassia e a China compreendessem a perversidade e malevol\u00eancia que controla Washington. Por conseguinte, ambas est\u00e3o a arriscar um ataque nuclear antes da total operacionalidade da implementa\u00e7\u00e3o de sua defesa conjunta. Como a economia do ocidente \u00e9 como um castelo de cartas, a R\u00fassia e a China poderiam p\u00f4-la em col\u00e1pso antes que os neoconservativos pudessem levar o mundo a guerra. Como a agress\u00e3o de Washington contra os dois pa\u00edses \u00e9 clara como cristal, n\u00e3o deixando nem sombras de d\u00favidas, tanto a R\u00fassia como a China teriam todo o direito de tomar medidas defensivas.<\/p><\/blockquote>\n<p>Como os Estados Unidos est\u00e3o conduzindo uma guerra financeira contra a R\u00fassia, essa poderia reinvindicar que arruinando a economia russa o ocidente a privou da sua capacidade de pagar seus empr\u00e9stimos aos bancos ocidentais. Se isso n\u00e3o fosse o suficiente para quebrar os fragilmente capitalizados bancos europeus, a R\u00fassia poderia declarar que os pa\u00edses da OTAN \u2013 agora oficialmente reconhecidos pela nova doutrina de guerra da R\u00fassia como inimigos do estado \u2013 tinham colocado a R\u00fassia na situa\u00e7\u00e3o de que ela n\u00e3o mais poderia apoiar a agress\u00e3o da OTAN contra si, atrav\u00e9s de vender g\u00e1s natural aos pa\u00edses membros dessa organiza\u00e7\u00e3o. Caso o fechamento de muitas das ind\u00fastrias europeias, o aumento do desemprego e as quebras dos bancos n\u00e3o resultassem na dissolu\u00e7\u00e3o da OTAN, e portanto ao fim das amea\u00e7as,os chineses poderiam come\u00e7ar a agir. [\u00eanfases acrescentadas]<\/p>\n<p>Os chineses tem um grande n\u00famero de bens, valores e t\u00edtulos denominados em d\u00f3lares. Como os agentes da Reserva Federal [os denominados bancos de ouro ou bullion banks] inundam os futuros mercados com massivas quantidades de pap\u00e9is de valor &#8211; \u201cshorts\u201d, em per\u00edodos de pouca atividade com a finalidade de abaixar o pre\u00e7o do ouro, a China poderia ent\u00e3o inundar o mercado, em poucos minutos, com os seus pap\u00e9is denominados em d\u00f3lares com o equivalente a anos de flexibiliza\u00e7\u00e3o quantitativa, ou seja, massiva impress\u00e3o de d\u00f3lares.<\/p>\n<p>Se a Reserva Federal, FED, [12 bancos particulares] r\u00e1pidamente ent\u00e3o criasse os d\u00f3lares com os quais pudessem comprar essa massiva quantidade de pap\u00e9is de valor da China, que no caso seriam os pap\u00e9is denominados como \u201cTreasuries\u201d \u00a0&#8211; para que o castelo de cartas deles n\u00e3o se desmoronasse &#8211; os chineses ent\u00e3o poderiam inundar o mercado de divisas, mas dessa vez com os d\u00f3lares que se lhes pagam pelos t\u00edtulos. Conquanto a Reserva Federal pode imprimir d\u00f3lares com os quais comprar os pap\u00e9is denominados Treasuries, a Reserva Federal (FED) n\u00e3o pode imprimir moedas estrangeiras com as quais comprar os d\u00f3lares.<\/p>\n<p>O d\u00f3lar entraria em colapso e com ele o poder do \u201cHegemon\u201d \u2013 do Dominador. A guerra teria acabado sem um \u00fanico tiro, ou m\u00edssil deslanchado.<\/p>\n<p>Do meu ponto de vista, e nessa situa\u00e7\u00e3o, tanto a R\u00fassia quanto a China teriam uma obriga\u00e7\u00e3o moral em rela\u00e7\u00e3o ao mundo quanto a impedir a guerra nuclear, que os conservativos que controlam as diretivas pol\u00edticas dos Estados Unidos tem a inten\u00e7\u00e3o de deslanchar, simplesmente atrav\u00e9s de responder, a altura, a guerra econ\u00f4mica de Washington.<\/p>\n<p>Tanto a R\u00fassia quanto a China n\u00e3o deveriam dar avisos pr\u00e9vios. Aqui exige-se a\u00e7\u00e3o determinada. Agir passo a passo n\u00e3o seria o suficiente. A descarga dever\u00e1 ser solta de vez. Com 4 U.S. bancos mantendo os pap\u00e9is denominados \u201cderivados\u201d &#8211; os quais totalizam em muitas vezes o PIB do mundo &#8211; a explos\u00e3o financeira seria equivalente a uma nuclear.<\/p>\n<p>USA estaria terminado e o mundo salvo. Larchmonter tem raz\u00e3o. 2015 pode ser um muito bom ano.<\/p>\n<p><strong>Paul Craig Roberts<\/strong><strong><br \/>\n<\/strong><\/p>\n","protected":false},"excerpt":{"rendered":"<p>Washington \u00e9 a causa do conflito que vem sendo promovido j\u00e1 a algum tempo. A R\u00fassia estava muito fraca para fazer qualquer coisa a respeito de quando o governo Clinton come\u00e7ou a empurrar a OTAN para junto das fronteiras russas, assim como de quando ele ilegalmente atacou a Iugosl\u00e1via desmembrando o pa\u00eds em peda\u00e7os menores, [&hellip;]<\/p>\n","protected":false},"author":2,"featured_media":32871,"comment_status":"open","ping_status":"closed","sticky":false,"template":"","format":"standard","meta":{"_acf_changed":false,"footnotes":""},"categories":[25],"tags":[],"class_list":["post-32870","post","type-post","status-publish","format-standard","has-post-thumbnail","hentry","category-opina-ai"],"acf":[],"yoast_head":"<!-- This site is optimized with the Yoast SEO plugin v27.2 - https:\/\/yoast.com\/product\/yoast-seo-wordpress\/ -->\n<title>Washington pinta as cores da guerra para o ano que se inicia - Notibras<\/title>\n<meta name=\"robots\" content=\"index, follow, max-snippet:-1, max-image-preview:large, max-video-preview:-1\" \/>\n<link rel=\"canonical\" href=\"https:\/\/www.notibras.com\/site\/washington-pinta-as-cores-da-guerra-para-o-ano-que-se-inicia\/\" \/>\n<meta property=\"og:locale\" content=\"pt_BR\" \/>\n<meta property=\"og:type\" content=\"article\" \/>\n<meta property=\"og:title\" content=\"Washington pinta as cores da guerra para o ano que se inicia - Notibras\" \/>\n<meta property=\"og:description\" content=\"Washington \u00e9 a causa do conflito que vem sendo promovido j\u00e1 a algum tempo. A R\u00fassia estava muito fraca para fazer qualquer coisa a respeito de quando o governo Clinton come\u00e7ou a empurrar a OTAN para junto das fronteiras russas, assim como de quando ele ilegalmente atacou a Iugosl\u00e1via desmembrando o pa\u00eds em peda\u00e7os menores, [&hellip;]\" \/>\n<meta property=\"og:url\" content=\"https:\/\/www.notibras.com\/site\/washington-pinta-as-cores-da-guerra-para-o-ano-que-se-inicia\/\" \/>\n<meta property=\"og:site_name\" content=\"Notibras\" \/>\n<meta property=\"article:publisher\" content=\"https:\/\/www.facebook.com\/notibras\/\" \/>\n<meta property=\"article:published_time\" content=\"2015-01-04T13:03:07+00:00\" \/>\n<meta property=\"og:image\" content=\"https:\/\/www.notibras.com\/site\/wp-content\/uploads\/2015\/01\/181014214a9893amed.jpg\" \/>\n\t<meta property=\"og:image:width\" content=\"630\" \/>\n\t<meta property=\"og:image:height\" content=\"354\" \/>\n\t<meta property=\"og:image:type\" content=\"image\/jpeg\" \/>\n<meta name=\"author\" content=\"Reda\u00e7\u00e3o\" \/>\n<meta name=\"twitter:card\" content=\"summary_large_image\" \/>\n<meta name=\"twitter:creator\" content=\"@Notibras\" \/>\n<meta name=\"twitter:site\" content=\"@Notibras\" \/>\n<meta name=\"twitter:label1\" content=\"Escrito por\" \/>\n\t<meta name=\"twitter:data1\" content=\"Reda\u00e7\u00e3o\" \/>\n\t<meta name=\"twitter:label2\" content=\"Est. tempo de leitura\" \/>\n\t<meta name=\"twitter:data2\" content=\"12 minutos\" \/>\n<script type=\"application\/ld+json\" class=\"yoast-schema-graph\">{\"@context\":\"https:\/\/schema.org\",\"@graph\":[{\"@type\":\"Article\",\"@id\":\"https:\/\/www.notibras.com\/site\/washington-pinta-as-cores-da-guerra-para-o-ano-que-se-inicia\/#article\",\"isPartOf\":{\"@id\":\"https:\/\/www.notibras.com\/site\/washington-pinta-as-cores-da-guerra-para-o-ano-que-se-inicia\/\"},\"author\":{\"name\":\"Reda\u00e7\u00e3o\",\"@id\":\"https:\/\/www.notibras.com\/site\/#\/schema\/person\/36ab0979449956132d3e5b517ea76ac8\"},\"headline\":\"Washington pinta as cores da guerra para o ano que se inicia\",\"datePublished\":\"2015-01-04T13:03:07+00:00\",\"mainEntityOfPage\":{\"@id\":\"https:\/\/www.notibras.com\/site\/washington-pinta-as-cores-da-guerra-para-o-ano-que-se-inicia\/\"},\"wordCount\":2405,\"commentCount\":0,\"publisher\":{\"@id\":\"https:\/\/www.notibras.com\/site\/#organization\"},\"image\":{\"@id\":\"https:\/\/www.notibras.com\/site\/washington-pinta-as-cores-da-guerra-para-o-ano-que-se-inicia\/#primaryimage\"},\"thumbnailUrl\":\"https:\/\/www.notibras.com\/site\/wp-content\/uploads\/2015\/01\/181014214a9893amed.jpg\",\"articleSection\":[\"Opina a\u00ed\"],\"inLanguage\":\"pt-BR\",\"potentialAction\":[{\"@type\":\"CommentAction\",\"name\":\"Comment\",\"target\":[\"https:\/\/www.notibras.com\/site\/washington-pinta-as-cores-da-guerra-para-o-ano-que-se-inicia\/#respond\"]}]},{\"@type\":\"WebPage\",\"@id\":\"https:\/\/www.notibras.com\/site\/washington-pinta-as-cores-da-guerra-para-o-ano-que-se-inicia\/\",\"url\":\"https:\/\/www.notibras.com\/site\/washington-pinta-as-cores-da-guerra-para-o-ano-que-se-inicia\/\",\"name\":\"Washington pinta as cores da guerra para o ano que se inicia - Notibras\",\"isPartOf\":{\"@id\":\"https:\/\/www.notibras.com\/site\/#website\"},\"primaryImageOfPage\":{\"@id\":\"https:\/\/www.notibras.com\/site\/washington-pinta-as-cores-da-guerra-para-o-ano-que-se-inicia\/#primaryimage\"},\"image\":{\"@id\":\"https:\/\/www.notibras.com\/site\/washington-pinta-as-cores-da-guerra-para-o-ano-que-se-inicia\/#primaryimage\"},\"thumbnailUrl\":\"https:\/\/www.notibras.com\/site\/wp-content\/uploads\/2015\/01\/181014214a9893amed.jpg\",\"datePublished\":\"2015-01-04T13:03:07+00:00\",\"breadcrumb\":{\"@id\":\"https:\/\/www.notibras.com\/site\/washington-pinta-as-cores-da-guerra-para-o-ano-que-se-inicia\/#breadcrumb\"},\"inLanguage\":\"pt-BR\",\"potentialAction\":[{\"@type\":\"ReadAction\",\"target\":[\"https:\/\/www.notibras.com\/site\/washington-pinta-as-cores-da-guerra-para-o-ano-que-se-inicia\/\"]}]},{\"@type\":\"ImageObject\",\"inLanguage\":\"pt-BR\",\"@id\":\"https:\/\/www.notibras.com\/site\/washington-pinta-as-cores-da-guerra-para-o-ano-que-se-inicia\/#primaryimage\",\"url\":\"https:\/\/www.notibras.com\/site\/wp-content\/uploads\/2015\/01\/181014214a9893amed.jpg\",\"contentUrl\":\"https:\/\/www.notibras.com\/site\/wp-content\/uploads\/2015\/01\/181014214a9893amed.jpg\",\"width\":630,\"height\":354},{\"@type\":\"BreadcrumbList\",\"@id\":\"https:\/\/www.notibras.com\/site\/washington-pinta-as-cores-da-guerra-para-o-ano-que-se-inicia\/#breadcrumb\",\"itemListElement\":[{\"@type\":\"ListItem\",\"position\":1,\"name\":\"In\u00edcio\",\"item\":\"https:\/\/www.notibras.com\/site\/\"},{\"@type\":\"ListItem\",\"position\":2,\"name\":\"Washington pinta as cores da guerra para o ano que se inicia\"}]},{\"@type\":\"WebSite\",\"@id\":\"https:\/\/www.notibras.com\/site\/#website\",\"url\":\"https:\/\/www.notibras.com\/site\/\",\"name\":\"Notibras\",\"description\":\"Not\u00edcias de Bras\u00edlia, do Brasil e do Mundo\",\"publisher\":{\"@id\":\"https:\/\/www.notibras.com\/site\/#organization\"},\"potentialAction\":[{\"@type\":\"SearchAction\",\"target\":{\"@type\":\"EntryPoint\",\"urlTemplate\":\"https:\/\/www.notibras.com\/site\/?s={search_term_string}\"},\"query-input\":{\"@type\":\"PropertyValueSpecification\",\"valueRequired\":true,\"valueName\":\"search_term_string\"}}],\"inLanguage\":\"pt-BR\"},{\"@type\":\"Organization\",\"@id\":\"https:\/\/www.notibras.com\/site\/#organization\",\"name\":\"Grupo Notibras de Comunica\u00e7\u00e3o\",\"url\":\"https:\/\/www.notibras.com\/site\/\",\"logo\":{\"@type\":\"ImageObject\",\"inLanguage\":\"pt-BR\",\"@id\":\"https:\/\/www.notibras.com\/site\/#\/schema\/logo\/image\/\",\"url\":\"https:\/\/www.notibras.com\/site\/wp-content\/uploads\/2023\/01\/notibras23.png\",\"contentUrl\":\"https:\/\/www.notibras.com\/site\/wp-content\/uploads\/2023\/01\/notibras23.png\",\"width\":350,\"height\":87,\"caption\":\"Grupo Notibras de Comunica\u00e7\u00e3o\"},\"image\":{\"@id\":\"https:\/\/www.notibras.com\/site\/#\/schema\/logo\/image\/\"},\"sameAs\":[\"https:\/\/www.facebook.com\/notibras\/\",\"https:\/\/x.com\/Notibras\",\"https:\/\/www.instagram.com\/notibras\/\"]},{\"@type\":\"Person\",\"@id\":\"https:\/\/www.notibras.com\/site\/#\/schema\/person\/36ab0979449956132d3e5b517ea76ac8\",\"name\":\"Reda\u00e7\u00e3o\",\"image\":{\"@type\":\"ImageObject\",\"inLanguage\":\"pt-BR\",\"@id\":\"https:\/\/secure.gravatar.com\/avatar\/e0a867bdedb85fd243eadf09663511f96fc81e0720a4a42581f334ad4303aa6b?s=96&d=mm&r=g\",\"url\":\"https:\/\/secure.gravatar.com\/avatar\/e0a867bdedb85fd243eadf09663511f96fc81e0720a4a42581f334ad4303aa6b?s=96&d=mm&r=g\",\"contentUrl\":\"https:\/\/secure.gravatar.com\/avatar\/e0a867bdedb85fd243eadf09663511f96fc81e0720a4a42581f334ad4303aa6b?s=96&d=mm&r=g\",\"caption\":\"Reda\u00e7\u00e3o\"}}]}<\/script>\n<!-- \/ Yoast SEO plugin. -->","yoast_head_json":{"title":"Washington pinta as cores da guerra para o ano que se inicia - Notibras","robots":{"index":"index","follow":"follow","max-snippet":"max-snippet:-1","max-image-preview":"max-image-preview:large","max-video-preview":"max-video-preview:-1"},"canonical":"https:\/\/www.notibras.com\/site\/washington-pinta-as-cores-da-guerra-para-o-ano-que-se-inicia\/","og_locale":"pt_BR","og_type":"article","og_title":"Washington pinta as cores da guerra para o ano que se inicia - Notibras","og_description":"Washington \u00e9 a causa do conflito que vem sendo promovido j\u00e1 a algum tempo. A R\u00fassia estava muito fraca para fazer qualquer coisa a respeito de quando o governo Clinton come\u00e7ou a empurrar a OTAN para junto das fronteiras russas, assim como de quando ele ilegalmente atacou a Iugosl\u00e1via desmembrando o pa\u00eds em peda\u00e7os menores, [&hellip;]","og_url":"https:\/\/www.notibras.com\/site\/washington-pinta-as-cores-da-guerra-para-o-ano-que-se-inicia\/","og_site_name":"Notibras","article_publisher":"https:\/\/www.facebook.com\/notibras\/","article_published_time":"2015-01-04T13:03:07+00:00","og_image":[{"width":630,"height":354,"url":"https:\/\/www.notibras.com\/site\/wp-content\/uploads\/2015\/01\/181014214a9893amed.jpg","type":"image\/jpeg"}],"author":"Reda\u00e7\u00e3o","twitter_card":"summary_large_image","twitter_creator":"@Notibras","twitter_site":"@Notibras","twitter_misc":{"Escrito por":"Reda\u00e7\u00e3o","Est. tempo de leitura":"12 minutos"},"schema":{"@context":"https:\/\/schema.org","@graph":[{"@type":"Article","@id":"https:\/\/www.notibras.com\/site\/washington-pinta-as-cores-da-guerra-para-o-ano-que-se-inicia\/#article","isPartOf":{"@id":"https:\/\/www.notibras.com\/site\/washington-pinta-as-cores-da-guerra-para-o-ano-que-se-inicia\/"},"author":{"name":"Reda\u00e7\u00e3o","@id":"https:\/\/www.notibras.com\/site\/#\/schema\/person\/36ab0979449956132d3e5b517ea76ac8"},"headline":"Washington pinta as cores da guerra para o ano que se inicia","datePublished":"2015-01-04T13:03:07+00:00","mainEntityOfPage":{"@id":"https:\/\/www.notibras.com\/site\/washington-pinta-as-cores-da-guerra-para-o-ano-que-se-inicia\/"},"wordCount":2405,"commentCount":0,"publisher":{"@id":"https:\/\/www.notibras.com\/site\/#organization"},"image":{"@id":"https:\/\/www.notibras.com\/site\/washington-pinta-as-cores-da-guerra-para-o-ano-que-se-inicia\/#primaryimage"},"thumbnailUrl":"https:\/\/www.notibras.com\/site\/wp-content\/uploads\/2015\/01\/181014214a9893amed.jpg","articleSection":["Opina a\u00ed"],"inLanguage":"pt-BR","potentialAction":[{"@type":"CommentAction","name":"Comment","target":["https:\/\/www.notibras.com\/site\/washington-pinta-as-cores-da-guerra-para-o-ano-que-se-inicia\/#respond"]}]},{"@type":"WebPage","@id":"https:\/\/www.notibras.com\/site\/washington-pinta-as-cores-da-guerra-para-o-ano-que-se-inicia\/","url":"https:\/\/www.notibras.com\/site\/washington-pinta-as-cores-da-guerra-para-o-ano-que-se-inicia\/","name":"Washington pinta as cores da guerra para o ano que se inicia - Notibras","isPartOf":{"@id":"https:\/\/www.notibras.com\/site\/#website"},"primaryImageOfPage":{"@id":"https:\/\/www.notibras.com\/site\/washington-pinta-as-cores-da-guerra-para-o-ano-que-se-inicia\/#primaryimage"},"image":{"@id":"https:\/\/www.notibras.com\/site\/washington-pinta-as-cores-da-guerra-para-o-ano-que-se-inicia\/#primaryimage"},"thumbnailUrl":"https:\/\/www.notibras.com\/site\/wp-content\/uploads\/2015\/01\/181014214a9893amed.jpg","datePublished":"2015-01-04T13:03:07+00:00","breadcrumb":{"@id":"https:\/\/www.notibras.com\/site\/washington-pinta-as-cores-da-guerra-para-o-ano-que-se-inicia\/#breadcrumb"},"inLanguage":"pt-BR","potentialAction":[{"@type":"ReadAction","target":["https:\/\/www.notibras.com\/site\/washington-pinta-as-cores-da-guerra-para-o-ano-que-se-inicia\/"]}]},{"@type":"ImageObject","inLanguage":"pt-BR","@id":"https:\/\/www.notibras.com\/site\/washington-pinta-as-cores-da-guerra-para-o-ano-que-se-inicia\/#primaryimage","url":"https:\/\/www.notibras.com\/site\/wp-content\/uploads\/2015\/01\/181014214a9893amed.jpg","contentUrl":"https:\/\/www.notibras.com\/site\/wp-content\/uploads\/2015\/01\/181014214a9893amed.jpg","width":630,"height":354},{"@type":"BreadcrumbList","@id":"https:\/\/www.notibras.com\/site\/washington-pinta-as-cores-da-guerra-para-o-ano-que-se-inicia\/#breadcrumb","itemListElement":[{"@type":"ListItem","position":1,"name":"In\u00edcio","item":"https:\/\/www.notibras.com\/site\/"},{"@type":"ListItem","position":2,"name":"Washington pinta as cores da guerra para o ano que se inicia"}]},{"@type":"WebSite","@id":"https:\/\/www.notibras.com\/site\/#website","url":"https:\/\/www.notibras.com\/site\/","name":"Notibras","description":"Not\u00edcias de Bras\u00edlia, do Brasil e do Mundo","publisher":{"@id":"https:\/\/www.notibras.com\/site\/#organization"},"potentialAction":[{"@type":"SearchAction","target":{"@type":"EntryPoint","urlTemplate":"https:\/\/www.notibras.com\/site\/?s={search_term_string}"},"query-input":{"@type":"PropertyValueSpecification","valueRequired":true,"valueName":"search_term_string"}}],"inLanguage":"pt-BR"},{"@type":"Organization","@id":"https:\/\/www.notibras.com\/site\/#organization","name":"Grupo Notibras de Comunica\u00e7\u00e3o","url":"https:\/\/www.notibras.com\/site\/","logo":{"@type":"ImageObject","inLanguage":"pt-BR","@id":"https:\/\/www.notibras.com\/site\/#\/schema\/logo\/image\/","url":"https:\/\/www.notibras.com\/site\/wp-content\/uploads\/2023\/01\/notibras23.png","contentUrl":"https:\/\/www.notibras.com\/site\/wp-content\/uploads\/2023\/01\/notibras23.png","width":350,"height":87,"caption":"Grupo Notibras de Comunica\u00e7\u00e3o"},"image":{"@id":"https:\/\/www.notibras.com\/site\/#\/schema\/logo\/image\/"},"sameAs":["https:\/\/www.facebook.com\/notibras\/","https:\/\/x.com\/Notibras","https:\/\/www.instagram.com\/notibras\/"]},{"@type":"Person","@id":"https:\/\/www.notibras.com\/site\/#\/schema\/person\/36ab0979449956132d3e5b517ea76ac8","name":"Reda\u00e7\u00e3o","image":{"@type":"ImageObject","inLanguage":"pt-BR","@id":"https:\/\/secure.gravatar.com\/avatar\/e0a867bdedb85fd243eadf09663511f96fc81e0720a4a42581f334ad4303aa6b?s=96&d=mm&r=g","url":"https:\/\/secure.gravatar.com\/avatar\/e0a867bdedb85fd243eadf09663511f96fc81e0720a4a42581f334ad4303aa6b?s=96&d=mm&r=g","contentUrl":"https:\/\/secure.gravatar.com\/avatar\/e0a867bdedb85fd243eadf09663511f96fc81e0720a4a42581f334ad4303aa6b?s=96&d=mm&r=g","caption":"Reda\u00e7\u00e3o"}}]}},"amp_enabled":true,"_links":{"self":[{"href":"https:\/\/www.notibras.com\/site\/wp-json\/wp\/v2\/posts\/32870","targetHints":{"allow":["GET"]}}],"collection":[{"href":"https:\/\/www.notibras.com\/site\/wp-json\/wp\/v2\/posts"}],"about":[{"href":"https:\/\/www.notibras.com\/site\/wp-json\/wp\/v2\/types\/post"}],"author":[{"embeddable":true,"href":"https:\/\/www.notibras.com\/site\/wp-json\/wp\/v2\/users\/2"}],"replies":[{"embeddable":true,"href":"https:\/\/www.notibras.com\/site\/wp-json\/wp\/v2\/comments?post=32870"}],"version-history":[{"count":0,"href":"https:\/\/www.notibras.com\/site\/wp-json\/wp\/v2\/posts\/32870\/revisions"}],"wp:featuredmedia":[{"embeddable":true,"href":"https:\/\/www.notibras.com\/site\/wp-json\/wp\/v2\/media\/32871"}],"wp:attachment":[{"href":"https:\/\/www.notibras.com\/site\/wp-json\/wp\/v2\/media?parent=32870"}],"wp:term":[{"taxonomy":"category","embeddable":true,"href":"https:\/\/www.notibras.com\/site\/wp-json\/wp\/v2\/categories?post=32870"},{"taxonomy":"post_tag","embeddable":true,"href":"https:\/\/www.notibras.com\/site\/wp-json\/wp\/v2\/tags?post=32870"}],"curies":[{"name":"wp","href":"https:\/\/api.w.org\/{rel}","templated":true}]}}