{"id":32873,"date":"2015-01-04T10:24:10","date_gmt":"2015-01-04T13:24:10","guid":{"rendered":"http:\/\/www.notibras.com\/site\/?p=32873"},"modified":"2016-07-30T16:56:52","modified_gmt":"2016-07-30T19:56:52","slug":"arqueologo-desfaz-mito-da-passagem-de-ets-pelo-deserto-do-atacama","status":"publish","type":"post","link":"https:\/\/www.notibras.com\/site\/arqueologo-desfaz-mito-da-passagem-de-ets-pelo-deserto-do-atacama\/","title":{"rendered":"Arque\u00f3logo desfaz mito da passagem de ET&#8217;s pelo deserto do Atacama"},"content":{"rendered":"<p>Nas encostas do Deserto do Atacama est\u00e1 um dos grandes mist\u00e9rios da humanidade: gigantescas figuras gravadas no solo representando formas abstratas e inquietantes silhuetas humanas que guardam segredos de um mundo ainda por descobrir.<\/p>\n<p>Indecifr\u00e1veis c\u00f3digos extraterrestres e \u00e9picas viagens fen\u00edcias s\u00e3o algumas das milhares de conjeturas feitas em torno de mais de 500 figuras do norte do Chile, mitos que podem ser derrubados pelo arque\u00f3logo chileno Gonzalo Pimentel, que h\u00e1 anos estuda essas forma\u00e7\u00f5es.<\/p>\n<p>Longe de ter explica\u00e7\u00f5es marcianas, a origem dessas &#8220;grandes proezas&#8221; est\u00e1 &#8220;muito mais relacionada com a natureza do homem do que o que as pessoas querem acreditar&#8221; disse \u00e0 Ag\u00eancia Efe o especialista em geoglifos e mobilidade andina pr\u00e9-colombiana.<\/p>\n<p>Segundo ele, trata-se &#8220;de um tipo de arte rupestre vinculada \u00e0s antigas rotas de caravanas que os viajantes deixavam como marca de sua passagem e sua identidade&#8221;.<\/p>\n<p>As figuras, feitas principalmente no primeiro mil\u00eanio de nossa era, medem entre dez e 300 metros e est\u00e3o em 500 pontos entre as cidades de Antofagasta e Arica, em pleno Deserto do Atacama.<\/p>\n<p>As cria\u00e7\u00f5es eram elaboradas &#8220;desenhando sobre o solo, seja tirando as pedras superficiais escuras para deixar a areia mais clara \u00e0 vista ou amontoando-as com o objetivo de gerar um contraste que permitisse distinguir a figura do fundo&#8221;, explicou.<\/p>\n<p>Essas imagens s\u00e3o o testemunho da odisseia que deve ter vivido o homem nessas \u00e1ridas paisagens e do comportamento dos grupos especializados das sociedades andinas, vinculados ao tr\u00e1fego regional e internacional.<\/p>\n<p>Al\u00e9m das marcas de identidade, &#8220;\u00e9 poss\u00edvel que as figuras respondam tamb\u00e9m a sistemas de marcas ou placas de sinaliza\u00e7\u00e3o alusivas \u00e0s rotas e deslocamentos&#8221;, pois sua localiza\u00e7\u00e3o est\u00e1 sempre longe de qualquer antiga cidade.<\/p>\n<p>A explica\u00e7\u00e3o nada tem a ver com cria\u00e7\u00f5es marcianas ou da civiliza\u00e7\u00e3o fen\u00edcia &#8211; que, segundo algumas pesquisas, teria deixado o Oriente M\u00e9dio para se fixar no Deserto do Atacama h\u00e1 mais de tr\u00eas mil anos. A origem dos geoglifos estaria relacionada com a mesma motiva\u00e7\u00e3o que leva &#8220;os jovens de hoje em dia a fazerem grafites nos muros&#8221;.<\/p>\n<p>&#8220;As figuras s\u00e3o obra e gra\u00e7a do Mundo Andino Pr\u00e9-Colombiano, dos antepassados locais que, em um esfor\u00e7o para domesticar o deserto e dot\u00e1-lo de conte\u00fado e cultura, pintaram as encostas das colinas com enormes figuras como se quisessem competir com o infinito deserto&#8221;, afirmou Pimentel.<\/p>\n<p>Losangos escalados, cruzamentos andinos e figuras humanas com t\u00fanicas e ferramentas representam vis\u00e3o de mundo (cosmovis\u00e3o), cosmogonia e imagin\u00e1rios coletivos de milhares de anos e dezenas de gera\u00e7\u00f5es de andinos.<\/p>\n<p>&#8220;Foi feito pelo mundo andino para o mundo andino&#8221;, ressaltou Pimentel, que salientou a grande relev\u00e2ncia destas figuras para o estudo das culturas pr\u00e9-hisp\u00e2nicas.<\/p>\n<p>Segundo o especialista, atrav\u00e9s dos desenhos se &#8220;representa as diversidades social e cultural de grupos humanos como os atacamenhos, tarapaquenhos, aymaras e alguns grupos qu\u00edchuas&#8221;.<\/p>\n<p>No entanto, o arque\u00f3logo descartou que outras figuras geom\u00e9tricas encontradas na plan\u00edcie alta de Lasana, a 40 quil\u00f4metros ao nordeste da cidade de Calama, fossem realmente geoglifos.<\/p>\n<p>Pimentel, que se aprofundou especificamente neste tema em 2008 a pedido da &#8220;National Geographic&#8221;, determinou que &#8220;a maior parte delas foram feitas em meados de s\u00e9culo XX, ao tirar terra de forma artesanal, enquanto se constru\u00edam caminhos para minera\u00e7\u00e3o e encanamentos&#8221;.<\/p>\n<p>&#8220;Em termos formais \u00e9 poss\u00edvel dizer que foram feitas com a mesma t\u00e9cnica dos geoglifos, mas na realidade, aqui n\u00e3o h\u00e1 inten\u00e7\u00e3o de transmitir nada&#8221;, explicou.<\/p>\n<p>Na regi\u00e3o de Lasana h\u00e1 muitas figuras resultantes da atividade produtiva. No entanto, segundo o especialista h\u00e1 outras figuras de grandes dimens\u00f5es que se podem sim ser associadas aos geoglifos.<\/p>\n<p>O caso mais significativo corresponde a uma complexa figura abstrata de tra\u00e7ado ortogonal, de 300 metros de comprimento por 80 de largura, constru\u00edda entre o ano 900 e 1550 de nossa era, que s\u00f3 pode ser vista em sua totalidade de algum lugar bem alto.<\/p>\n<p>Estes estudos derrubam os incont\u00e1veis mitos que rodeiam as enigm\u00e1ticas linhas que parecem se dissipar no horizonte, mas ainda assim existe um mist\u00e9rio sempre ficar\u00e1 no ar: quando foram criadas, o homem ainda n\u00e3o tinha inventado uma forma de voar, assim, para quem foram os tra\u00e7os desenhados?<\/p>\n<p>Como j\u00e1 ocorre com as lend\u00e1rias Linhas de Nazca, no sul do Peru, sob a areia do incomensur\u00e1vel deserto chileno as portas deste mundo arcaico permanecem fechadas como marcas de uma civiliza\u00e7\u00e3o ainda por descobrir.<\/p>\n","protected":false},"excerpt":{"rendered":"<p>Nas encostas do Deserto do Atacama est\u00e1 um dos grandes mist\u00e9rios da humanidade: gigantescas figuras gravadas no solo representando formas abstratas e inquietantes silhuetas humanas que guardam segredos de um mundo ainda por descobrir. Indecifr\u00e1veis c\u00f3digos extraterrestres e \u00e9picas viagens fen\u00edcias s\u00e3o algumas das milhares de conjeturas feitas em torno de mais de 500 figuras [&hellip;]<\/p>\n","protected":false},"author":2,"featured_media":32874,"comment_status":"open","ping_status":"closed","sticky":false,"template":"","format":"standard","meta":{"_acf_changed":false,"footnotes":""},"categories":[71],"tags":[],"class_list":["post-32873","post","type-post","status-publish","format-standard","has-post-thumbnail","hentry","category-curiosidades"],"acf":[],"yoast_head":"<!-- This site is optimized with the Yoast SEO plugin v27.2 - https:\/\/yoast.com\/product\/yoast-seo-wordpress\/ -->\n<title>Arque\u00f3logo desfaz mito da passagem de ET&#039;s pelo deserto do Atacama - Notibras<\/title>\n<meta name=\"robots\" content=\"index, follow, max-snippet:-1, max-image-preview:large, max-video-preview:-1\" \/>\n<link rel=\"canonical\" href=\"https:\/\/www.notibras.com\/site\/arqueologo-desfaz-mito-da-passagem-de-ets-pelo-deserto-do-atacama\/\" \/>\n<meta property=\"og:locale\" content=\"pt_BR\" \/>\n<meta property=\"og:type\" content=\"article\" \/>\n<meta property=\"og:title\" content=\"Arque\u00f3logo desfaz mito da passagem de ET&#039;s pelo deserto do Atacama - Notibras\" \/>\n<meta property=\"og:description\" content=\"Nas encostas do Deserto do Atacama est\u00e1 um dos grandes mist\u00e9rios da humanidade: gigantescas figuras gravadas no solo representando formas abstratas e inquietantes silhuetas humanas que guardam segredos de um mundo ainda por descobrir. Indecifr\u00e1veis c\u00f3digos extraterrestres e \u00e9picas viagens fen\u00edcias s\u00e3o algumas das milhares de conjeturas feitas em torno de mais de 500 figuras [&hellip;]\" \/>\n<meta property=\"og:url\" content=\"https:\/\/www.notibras.com\/site\/arqueologo-desfaz-mito-da-passagem-de-ets-pelo-deserto-do-atacama\/\" \/>\n<meta property=\"og:site_name\" content=\"Notibras\" \/>\n<meta property=\"article:publisher\" content=\"https:\/\/www.facebook.com\/notibras\/\" \/>\n<meta property=\"article:published_time\" content=\"2015-01-04T13:24:10+00:00\" \/>\n<meta property=\"article:modified_time\" content=\"2016-07-30T19:56:52+00:00\" \/>\n<meta property=\"og:image\" content=\"https:\/\/www.notibras.com\/site\/wp-content\/uploads\/2015\/01\/1117944039.jpg\" \/>\n\t<meta property=\"og:image:width\" content=\"500\" \/>\n\t<meta property=\"og:image:height\" content=\"334\" \/>\n\t<meta property=\"og:image:type\" content=\"image\/jpeg\" \/>\n<meta name=\"author\" content=\"Reda\u00e7\u00e3o\" \/>\n<meta name=\"twitter:card\" content=\"summary_large_image\" \/>\n<meta name=\"twitter:creator\" content=\"@Notibras\" \/>\n<meta name=\"twitter:site\" content=\"@Notibras\" \/>\n<meta name=\"twitter:label1\" content=\"Escrito por\" \/>\n\t<meta name=\"twitter:data1\" content=\"Reda\u00e7\u00e3o\" \/>\n\t<meta name=\"twitter:label2\" content=\"Est. tempo de leitura\" \/>\n\t<meta name=\"twitter:data2\" content=\"4 minutos\" \/>\n<script type=\"application\/ld+json\" class=\"yoast-schema-graph\">{\"@context\":\"https:\/\/schema.org\",\"@graph\":[{\"@type\":\"Article\",\"@id\":\"https:\/\/www.notibras.com\/site\/arqueologo-desfaz-mito-da-passagem-de-ets-pelo-deserto-do-atacama\/#article\",\"isPartOf\":{\"@id\":\"https:\/\/www.notibras.com\/site\/arqueologo-desfaz-mito-da-passagem-de-ets-pelo-deserto-do-atacama\/\"},\"author\":{\"name\":\"Reda\u00e7\u00e3o\",\"@id\":\"https:\/\/www.notibras.com\/site\/#\/schema\/person\/36ab0979449956132d3e5b517ea76ac8\"},\"headline\":\"Arque\u00f3logo desfaz mito da passagem de ET&#8217;s pelo deserto do Atacama\",\"datePublished\":\"2015-01-04T13:24:10+00:00\",\"dateModified\":\"2016-07-30T19:56:52+00:00\",\"mainEntityOfPage\":{\"@id\":\"https:\/\/www.notibras.com\/site\/arqueologo-desfaz-mito-da-passagem-de-ets-pelo-deserto-do-atacama\/\"},\"wordCount\":778,\"commentCount\":0,\"publisher\":{\"@id\":\"https:\/\/www.notibras.com\/site\/#organization\"},\"image\":{\"@id\":\"https:\/\/www.notibras.com\/site\/arqueologo-desfaz-mito-da-passagem-de-ets-pelo-deserto-do-atacama\/#primaryimage\"},\"thumbnailUrl\":\"https:\/\/www.notibras.com\/site\/wp-content\/uploads\/2015\/01\/1117944039.jpg\",\"articleSection\":[\"Curiosidades\"],\"inLanguage\":\"pt-BR\",\"potentialAction\":[{\"@type\":\"CommentAction\",\"name\":\"Comment\",\"target\":[\"https:\/\/www.notibras.com\/site\/arqueologo-desfaz-mito-da-passagem-de-ets-pelo-deserto-do-atacama\/#respond\"]}]},{\"@type\":\"WebPage\",\"@id\":\"https:\/\/www.notibras.com\/site\/arqueologo-desfaz-mito-da-passagem-de-ets-pelo-deserto-do-atacama\/\",\"url\":\"https:\/\/www.notibras.com\/site\/arqueologo-desfaz-mito-da-passagem-de-ets-pelo-deserto-do-atacama\/\",\"name\":\"Arque\u00f3logo desfaz mito da passagem de ET's pelo deserto do Atacama - Notibras\",\"isPartOf\":{\"@id\":\"https:\/\/www.notibras.com\/site\/#website\"},\"primaryImageOfPage\":{\"@id\":\"https:\/\/www.notibras.com\/site\/arqueologo-desfaz-mito-da-passagem-de-ets-pelo-deserto-do-atacama\/#primaryimage\"},\"image\":{\"@id\":\"https:\/\/www.notibras.com\/site\/arqueologo-desfaz-mito-da-passagem-de-ets-pelo-deserto-do-atacama\/#primaryimage\"},\"thumbnailUrl\":\"https:\/\/www.notibras.com\/site\/wp-content\/uploads\/2015\/01\/1117944039.jpg\",\"datePublished\":\"2015-01-04T13:24:10+00:00\",\"dateModified\":\"2016-07-30T19:56:52+00:00\",\"breadcrumb\":{\"@id\":\"https:\/\/www.notibras.com\/site\/arqueologo-desfaz-mito-da-passagem-de-ets-pelo-deserto-do-atacama\/#breadcrumb\"},\"inLanguage\":\"pt-BR\",\"potentialAction\":[{\"@type\":\"ReadAction\",\"target\":[\"https:\/\/www.notibras.com\/site\/arqueologo-desfaz-mito-da-passagem-de-ets-pelo-deserto-do-atacama\/\"]}]},{\"@type\":\"ImageObject\",\"inLanguage\":\"pt-BR\",\"@id\":\"https:\/\/www.notibras.com\/site\/arqueologo-desfaz-mito-da-passagem-de-ets-pelo-deserto-do-atacama\/#primaryimage\",\"url\":\"https:\/\/www.notibras.com\/site\/wp-content\/uploads\/2015\/01\/1117944039.jpg\",\"contentUrl\":\"https:\/\/www.notibras.com\/site\/wp-content\/uploads\/2015\/01\/1117944039.jpg\",\"width\":500,\"height\":334},{\"@type\":\"BreadcrumbList\",\"@id\":\"https:\/\/www.notibras.com\/site\/arqueologo-desfaz-mito-da-passagem-de-ets-pelo-deserto-do-atacama\/#breadcrumb\",\"itemListElement\":[{\"@type\":\"ListItem\",\"position\":1,\"name\":\"In\u00edcio\",\"item\":\"https:\/\/www.notibras.com\/site\/\"},{\"@type\":\"ListItem\",\"position\":2,\"name\":\"Arque\u00f3logo desfaz mito da passagem de ET&#8217;s pelo deserto do Atacama\"}]},{\"@type\":\"WebSite\",\"@id\":\"https:\/\/www.notibras.com\/site\/#website\",\"url\":\"https:\/\/www.notibras.com\/site\/\",\"name\":\"Notibras\",\"description\":\"Not\u00edcias de Bras\u00edlia, do Brasil e do Mundo\",\"publisher\":{\"@id\":\"https:\/\/www.notibras.com\/site\/#organization\"},\"potentialAction\":[{\"@type\":\"SearchAction\",\"target\":{\"@type\":\"EntryPoint\",\"urlTemplate\":\"https:\/\/www.notibras.com\/site\/?s={search_term_string}\"},\"query-input\":{\"@type\":\"PropertyValueSpecification\",\"valueRequired\":true,\"valueName\":\"search_term_string\"}}],\"inLanguage\":\"pt-BR\"},{\"@type\":\"Organization\",\"@id\":\"https:\/\/www.notibras.com\/site\/#organization\",\"name\":\"Grupo Notibras de Comunica\u00e7\u00e3o\",\"url\":\"https:\/\/www.notibras.com\/site\/\",\"logo\":{\"@type\":\"ImageObject\",\"inLanguage\":\"pt-BR\",\"@id\":\"https:\/\/www.notibras.com\/site\/#\/schema\/logo\/image\/\",\"url\":\"https:\/\/www.notibras.com\/site\/wp-content\/uploads\/2023\/01\/notibras23.png\",\"contentUrl\":\"https:\/\/www.notibras.com\/site\/wp-content\/uploads\/2023\/01\/notibras23.png\",\"width\":350,\"height\":87,\"caption\":\"Grupo Notibras de Comunica\u00e7\u00e3o\"},\"image\":{\"@id\":\"https:\/\/www.notibras.com\/site\/#\/schema\/logo\/image\/\"},\"sameAs\":[\"https:\/\/www.facebook.com\/notibras\/\",\"https:\/\/x.com\/Notibras\",\"https:\/\/www.instagram.com\/notibras\/\"]},{\"@type\":\"Person\",\"@id\":\"https:\/\/www.notibras.com\/site\/#\/schema\/person\/36ab0979449956132d3e5b517ea76ac8\",\"name\":\"Reda\u00e7\u00e3o\",\"image\":{\"@type\":\"ImageObject\",\"inLanguage\":\"pt-BR\",\"@id\":\"https:\/\/secure.gravatar.com\/avatar\/e0a867bdedb85fd243eadf09663511f96fc81e0720a4a42581f334ad4303aa6b?s=96&d=mm&r=g\",\"url\":\"https:\/\/secure.gravatar.com\/avatar\/e0a867bdedb85fd243eadf09663511f96fc81e0720a4a42581f334ad4303aa6b?s=96&d=mm&r=g\",\"contentUrl\":\"https:\/\/secure.gravatar.com\/avatar\/e0a867bdedb85fd243eadf09663511f96fc81e0720a4a42581f334ad4303aa6b?s=96&d=mm&r=g\",\"caption\":\"Reda\u00e7\u00e3o\"}}]}<\/script>\n<!-- \/ Yoast SEO plugin. -->","yoast_head_json":{"title":"Arque\u00f3logo desfaz mito da passagem de ET's pelo deserto do Atacama - Notibras","robots":{"index":"index","follow":"follow","max-snippet":"max-snippet:-1","max-image-preview":"max-image-preview:large","max-video-preview":"max-video-preview:-1"},"canonical":"https:\/\/www.notibras.com\/site\/arqueologo-desfaz-mito-da-passagem-de-ets-pelo-deserto-do-atacama\/","og_locale":"pt_BR","og_type":"article","og_title":"Arque\u00f3logo desfaz mito da passagem de ET's pelo deserto do Atacama - Notibras","og_description":"Nas encostas do Deserto do Atacama est\u00e1 um dos grandes mist\u00e9rios da humanidade: gigantescas figuras gravadas no solo representando formas abstratas e inquietantes silhuetas humanas que guardam segredos de um mundo ainda por descobrir. Indecifr\u00e1veis c\u00f3digos extraterrestres e \u00e9picas viagens fen\u00edcias s\u00e3o algumas das milhares de conjeturas feitas em torno de mais de 500 figuras [&hellip;]","og_url":"https:\/\/www.notibras.com\/site\/arqueologo-desfaz-mito-da-passagem-de-ets-pelo-deserto-do-atacama\/","og_site_name":"Notibras","article_publisher":"https:\/\/www.facebook.com\/notibras\/","article_published_time":"2015-01-04T13:24:10+00:00","article_modified_time":"2016-07-30T19:56:52+00:00","og_image":[{"width":500,"height":334,"url":"https:\/\/www.notibras.com\/site\/wp-content\/uploads\/2015\/01\/1117944039.jpg","type":"image\/jpeg"}],"author":"Reda\u00e7\u00e3o","twitter_card":"summary_large_image","twitter_creator":"@Notibras","twitter_site":"@Notibras","twitter_misc":{"Escrito por":"Reda\u00e7\u00e3o","Est. tempo de leitura":"4 minutos"},"schema":{"@context":"https:\/\/schema.org","@graph":[{"@type":"Article","@id":"https:\/\/www.notibras.com\/site\/arqueologo-desfaz-mito-da-passagem-de-ets-pelo-deserto-do-atacama\/#article","isPartOf":{"@id":"https:\/\/www.notibras.com\/site\/arqueologo-desfaz-mito-da-passagem-de-ets-pelo-deserto-do-atacama\/"},"author":{"name":"Reda\u00e7\u00e3o","@id":"https:\/\/www.notibras.com\/site\/#\/schema\/person\/36ab0979449956132d3e5b517ea76ac8"},"headline":"Arque\u00f3logo desfaz mito da passagem de ET&#8217;s pelo deserto do Atacama","datePublished":"2015-01-04T13:24:10+00:00","dateModified":"2016-07-30T19:56:52+00:00","mainEntityOfPage":{"@id":"https:\/\/www.notibras.com\/site\/arqueologo-desfaz-mito-da-passagem-de-ets-pelo-deserto-do-atacama\/"},"wordCount":778,"commentCount":0,"publisher":{"@id":"https:\/\/www.notibras.com\/site\/#organization"},"image":{"@id":"https:\/\/www.notibras.com\/site\/arqueologo-desfaz-mito-da-passagem-de-ets-pelo-deserto-do-atacama\/#primaryimage"},"thumbnailUrl":"https:\/\/www.notibras.com\/site\/wp-content\/uploads\/2015\/01\/1117944039.jpg","articleSection":["Curiosidades"],"inLanguage":"pt-BR","potentialAction":[{"@type":"CommentAction","name":"Comment","target":["https:\/\/www.notibras.com\/site\/arqueologo-desfaz-mito-da-passagem-de-ets-pelo-deserto-do-atacama\/#respond"]}]},{"@type":"WebPage","@id":"https:\/\/www.notibras.com\/site\/arqueologo-desfaz-mito-da-passagem-de-ets-pelo-deserto-do-atacama\/","url":"https:\/\/www.notibras.com\/site\/arqueologo-desfaz-mito-da-passagem-de-ets-pelo-deserto-do-atacama\/","name":"Arque\u00f3logo desfaz mito da passagem de ET's pelo deserto do Atacama - Notibras","isPartOf":{"@id":"https:\/\/www.notibras.com\/site\/#website"},"primaryImageOfPage":{"@id":"https:\/\/www.notibras.com\/site\/arqueologo-desfaz-mito-da-passagem-de-ets-pelo-deserto-do-atacama\/#primaryimage"},"image":{"@id":"https:\/\/www.notibras.com\/site\/arqueologo-desfaz-mito-da-passagem-de-ets-pelo-deserto-do-atacama\/#primaryimage"},"thumbnailUrl":"https:\/\/www.notibras.com\/site\/wp-content\/uploads\/2015\/01\/1117944039.jpg","datePublished":"2015-01-04T13:24:10+00:00","dateModified":"2016-07-30T19:56:52+00:00","breadcrumb":{"@id":"https:\/\/www.notibras.com\/site\/arqueologo-desfaz-mito-da-passagem-de-ets-pelo-deserto-do-atacama\/#breadcrumb"},"inLanguage":"pt-BR","potentialAction":[{"@type":"ReadAction","target":["https:\/\/www.notibras.com\/site\/arqueologo-desfaz-mito-da-passagem-de-ets-pelo-deserto-do-atacama\/"]}]},{"@type":"ImageObject","inLanguage":"pt-BR","@id":"https:\/\/www.notibras.com\/site\/arqueologo-desfaz-mito-da-passagem-de-ets-pelo-deserto-do-atacama\/#primaryimage","url":"https:\/\/www.notibras.com\/site\/wp-content\/uploads\/2015\/01\/1117944039.jpg","contentUrl":"https:\/\/www.notibras.com\/site\/wp-content\/uploads\/2015\/01\/1117944039.jpg","width":500,"height":334},{"@type":"BreadcrumbList","@id":"https:\/\/www.notibras.com\/site\/arqueologo-desfaz-mito-da-passagem-de-ets-pelo-deserto-do-atacama\/#breadcrumb","itemListElement":[{"@type":"ListItem","position":1,"name":"In\u00edcio","item":"https:\/\/www.notibras.com\/site\/"},{"@type":"ListItem","position":2,"name":"Arque\u00f3logo desfaz mito da passagem de ET&#8217;s pelo deserto do Atacama"}]},{"@type":"WebSite","@id":"https:\/\/www.notibras.com\/site\/#website","url":"https:\/\/www.notibras.com\/site\/","name":"Notibras","description":"Not\u00edcias de Bras\u00edlia, do Brasil e do Mundo","publisher":{"@id":"https:\/\/www.notibras.com\/site\/#organization"},"potentialAction":[{"@type":"SearchAction","target":{"@type":"EntryPoint","urlTemplate":"https:\/\/www.notibras.com\/site\/?s={search_term_string}"},"query-input":{"@type":"PropertyValueSpecification","valueRequired":true,"valueName":"search_term_string"}}],"inLanguage":"pt-BR"},{"@type":"Organization","@id":"https:\/\/www.notibras.com\/site\/#organization","name":"Grupo Notibras de Comunica\u00e7\u00e3o","url":"https:\/\/www.notibras.com\/site\/","logo":{"@type":"ImageObject","inLanguage":"pt-BR","@id":"https:\/\/www.notibras.com\/site\/#\/schema\/logo\/image\/","url":"https:\/\/www.notibras.com\/site\/wp-content\/uploads\/2023\/01\/notibras23.png","contentUrl":"https:\/\/www.notibras.com\/site\/wp-content\/uploads\/2023\/01\/notibras23.png","width":350,"height":87,"caption":"Grupo Notibras de Comunica\u00e7\u00e3o"},"image":{"@id":"https:\/\/www.notibras.com\/site\/#\/schema\/logo\/image\/"},"sameAs":["https:\/\/www.facebook.com\/notibras\/","https:\/\/x.com\/Notibras","https:\/\/www.instagram.com\/notibras\/"]},{"@type":"Person","@id":"https:\/\/www.notibras.com\/site\/#\/schema\/person\/36ab0979449956132d3e5b517ea76ac8","name":"Reda\u00e7\u00e3o","image":{"@type":"ImageObject","inLanguage":"pt-BR","@id":"https:\/\/secure.gravatar.com\/avatar\/e0a867bdedb85fd243eadf09663511f96fc81e0720a4a42581f334ad4303aa6b?s=96&d=mm&r=g","url":"https:\/\/secure.gravatar.com\/avatar\/e0a867bdedb85fd243eadf09663511f96fc81e0720a4a42581f334ad4303aa6b?s=96&d=mm&r=g","contentUrl":"https:\/\/secure.gravatar.com\/avatar\/e0a867bdedb85fd243eadf09663511f96fc81e0720a4a42581f334ad4303aa6b?s=96&d=mm&r=g","caption":"Reda\u00e7\u00e3o"}}]}},"amp_enabled":true,"_links":{"self":[{"href":"https:\/\/www.notibras.com\/site\/wp-json\/wp\/v2\/posts\/32873","targetHints":{"allow":["GET"]}}],"collection":[{"href":"https:\/\/www.notibras.com\/site\/wp-json\/wp\/v2\/posts"}],"about":[{"href":"https:\/\/www.notibras.com\/site\/wp-json\/wp\/v2\/types\/post"}],"author":[{"embeddable":true,"href":"https:\/\/www.notibras.com\/site\/wp-json\/wp\/v2\/users\/2"}],"replies":[{"embeddable":true,"href":"https:\/\/www.notibras.com\/site\/wp-json\/wp\/v2\/comments?post=32873"}],"version-history":[{"count":1,"href":"https:\/\/www.notibras.com\/site\/wp-json\/wp\/v2\/posts\/32873\/revisions"}],"predecessor-version":[{"id":109938,"href":"https:\/\/www.notibras.com\/site\/wp-json\/wp\/v2\/posts\/32873\/revisions\/109938"}],"wp:featuredmedia":[{"embeddable":true,"href":"https:\/\/www.notibras.com\/site\/wp-json\/wp\/v2\/media\/32874"}],"wp:attachment":[{"href":"https:\/\/www.notibras.com\/site\/wp-json\/wp\/v2\/media?parent=32873"}],"wp:term":[{"taxonomy":"category","embeddable":true,"href":"https:\/\/www.notibras.com\/site\/wp-json\/wp\/v2\/categories?post=32873"},{"taxonomy":"post_tag","embeddable":true,"href":"https:\/\/www.notibras.com\/site\/wp-json\/wp\/v2\/tags?post=32873"}],"curies":[{"name":"wp","href":"https:\/\/api.w.org\/{rel}","templated":true}]}}