{"id":328743,"date":"2024-05-15T08:13:34","date_gmt":"2024-05-15T11:13:34","guid":{"rendered":"https:\/\/www.notibras.com\/site\/?p=328743"},"modified":"2024-05-15T10:39:55","modified_gmt":"2024-05-15T13:39:55","slug":"agnaldo-fica-com-baco-e-odete-se-casa-com-ednaldo","status":"publish","type":"post","link":"https:\/\/www.notibras.com\/site\/agnaldo-fica-com-baco-e-odete-se-casa-com-ednaldo\/","title":{"rendered":"Agnaldo fica com Baco e Odete se casa com Ednaldo"},"content":{"rendered":"<p>N\u00e3o sei se voc\u00ea conhece a Gilda, filha da dona Nice, aquela da quadra ao lado. Um pit\u00e9u por assim dizer. Por onde passa, \u00e9 aquele mundar\u00e9u de olhares, muitos interessados, outros tantos de pura inveja, beirando o \u00f3dio. Como \u00e9 que pode ser t\u00e3o bonita?<\/p>\n<p>Andam dizendo por aqui que a mo\u00e7a quer ser atriz, mas tal bafaf\u00e1 carece de verdade. \u00c9 que soube de fonte fidedigna que a Gilda quer ser bi\u00f3loga, esse povo que sabe tudo de planta e bicho, al\u00e9m de outras coisas da natureza. Intelig\u00eancia n\u00e3o lhe falta, pois herdou tal qualidade da m\u00e3e, que \u00e9 advogada das boas.<\/p>\n<p>A beleza, certamente, n\u00e3o veio do pai, mas da av\u00f3 materna, a lend\u00e1ria Odete, rainha de carnavais de outrora. Olhares saudosos, todavia, afirmam que Gilda, apesar de bel\u00edssima, ainda assim n\u00e3o consegue superar os predicativos da vov\u00f3, cujo casamento foi aquele quiproc\u00f3. Tudo porque Agnaldo, o noivo, possu\u00eda um irm\u00e3o g\u00eameo, o Ednaldo, t\u00e3o id\u00eantico, que dizem que at\u00e9 os dois n\u00e3o sabiam quem era quem.<\/p>\n<p>Resumo da hist\u00f3ria. Agnaldo, de t\u00e3o emocionado no dia do cas\u00f3rio, aceitou uma ta\u00e7a de vinho logo cedo. Tomou mais uma, depois outra e n\u00e3o sei mais quantas. Estatelou-se na cama e, esquecido por ali, s\u00f3 acordou na manh\u00e3 seguinte.<\/p>\n<p>Pobre Odete, ficou sem o noivo, voc\u00ea deve estar pensando. Que nada! Ednaldo, que queria porque queria aquelas carnes, aproveitou a oportunidade e se fez de noivo. Pois \u00e9, casou-se com a noiva do irm\u00e3o.<\/p>\n<p>Mas n\u00e3o pense voc\u00ea que a hist\u00f3ria terminou por a\u00ed. Ah, n\u00e3o mesmo! Para n\u00e3o ficar feio para a fam\u00edlia, Ednaldo e Agnaldo combinaram trocar as identidades para sempre. E foi o que fizeram.<\/p>\n<p>Se Odete algum dia percebeu a troca, ningu\u00e9m sabe ao certo. Mas h\u00e1 quem jure que, logo na manh\u00e3 ap\u00f3s a noite de n\u00fapcias, ela tenha arregalado aqueles olhos de c\u00edlios enormes, que quando piscavam quase faziam barulho. Em seguida, sorriu o sorriso das mulheres bem-amadas e disse para o marido:<\/p>\n<p>\u2014Agnaldo, meu amor, que bom que voc\u00ea deixou aquela timidez de lado. Acredita que at\u00e9 pensei em desistir do casamento?<\/p>\n","protected":false},"excerpt":{"rendered":"<p>N\u00e3o sei se voc\u00ea conhece a Gilda, filha da dona Nice, aquela da quadra ao lado. Um pit\u00e9u por assim dizer. Por onde passa, \u00e9 aquele mundar\u00e9u de olhares, muitos interessados, outros tantos de pura inveja, beirando o \u00f3dio. Como \u00e9 que pode ser t\u00e3o bonita? Andam dizendo por aqui que a mo\u00e7a quer ser [&hellip;]<\/p>\n","protected":false},"author":2,"featured_media":328744,"comment_status":"closed","ping_status":"closed","sticky":false,"template":"","format":"standard","meta":{"_acf_changed":false,"footnotes":""},"categories":[161],"tags":[],"class_list":["post-328743","post","type-post","status-publish","format-standard","has-post-thumbnail","hentry","category-quadradinho-em-foco"],"acf":[],"yoast_head":"<!-- This site is optimized with the Yoast SEO plugin v27.5 - https:\/\/yoast.com\/product\/yoast-seo-wordpress\/ -->\n<title>Agnaldo fica com Baco e Odete se casa com Ednaldo - Notibras<\/title>\n<meta name=\"robots\" content=\"index, follow, max-snippet:-1, max-image-preview:large, max-video-preview:-1\" \/>\n<link rel=\"canonical\" href=\"https:\/\/www.notibras.com\/site\/agnaldo-fica-com-baco-e-odete-se-casa-com-ednaldo\/\" \/>\n<meta property=\"og:locale\" content=\"pt_BR\" \/>\n<meta property=\"og:type\" content=\"article\" \/>\n<meta property=\"og:title\" content=\"Agnaldo fica com Baco e Odete se casa com Ednaldo - Notibras\" \/>\n<meta property=\"og:description\" content=\"N\u00e3o sei se voc\u00ea conhece a Gilda, filha da dona Nice, aquela da quadra ao lado. Um pit\u00e9u por assim dizer. Por onde passa, \u00e9 aquele mundar\u00e9u de olhares, muitos interessados, outros tantos de pura inveja, beirando o \u00f3dio. Como \u00e9 que pode ser t\u00e3o bonita? Andam dizendo por aqui que a mo\u00e7a quer ser [&hellip;]\" \/>\n<meta property=\"og:url\" content=\"https:\/\/www.notibras.com\/site\/agnaldo-fica-com-baco-e-odete-se-casa-com-ednaldo\/\" \/>\n<meta property=\"og:site_name\" content=\"Notibras\" \/>\n<meta property=\"article:publisher\" content=\"https:\/\/www.facebook.com\/notibras\/\" \/>\n<meta property=\"article:published_time\" content=\"2024-05-15T11:13:34+00:00\" \/>\n<meta property=\"article:modified_time\" content=\"2024-05-15T13:39:55+00:00\" \/>\n<meta property=\"og:image\" content=\"https:\/\/www.notibras.com\/site\/wp-content\/uploads\/2024\/05\/055893d5-1ff4-4dad-b06f-20e9c4c53d2d.jpeg\" \/>\n\t<meta property=\"og:image:width\" content=\"512\" \/>\n\t<meta property=\"og:image:height\" content=\"471\" \/>\n\t<meta property=\"og:image:type\" content=\"image\/jpeg\" \/>\n<meta name=\"author\" content=\"Reda\u00e7\u00e3o\" \/>\n<meta name=\"twitter:card\" content=\"summary_large_image\" \/>\n<meta name=\"twitter:creator\" content=\"@Notibras\" \/>\n<meta name=\"twitter:site\" content=\"@Notibras\" \/>\n<meta name=\"twitter:label1\" content=\"Escrito por\" \/>\n\t<meta name=\"twitter:data1\" content=\"Reda\u00e7\u00e3o\" \/>\n\t<meta name=\"twitter:label2\" content=\"Est. tempo de leitura\" \/>\n\t<meta name=\"twitter:data2\" content=\"3 minutos\" \/>\n<script type=\"application\/ld+json\" class=\"yoast-schema-graph\">{\"@context\":\"https:\\\/\\\/schema.org\",\"@graph\":[{\"@type\":\"Article\",\"@id\":\"https:\\\/\\\/www.notibras.com\\\/site\\\/agnaldo-fica-com-baco-e-odete-se-casa-com-ednaldo\\\/#article\",\"isPartOf\":{\"@id\":\"https:\\\/\\\/www.notibras.com\\\/site\\\/agnaldo-fica-com-baco-e-odete-se-casa-com-ednaldo\\\/\"},\"author\":{\"name\":\"Reda\u00e7\u00e3o\",\"@id\":\"https:\\\/\\\/www.notibras.com\\\/site\\\/#\\\/schema\\\/person\\\/36ab0979449956132d3e5b517ea76ac8\"},\"headline\":\"Agnaldo fica com Baco e Odete se casa com Ednaldo\",\"datePublished\":\"2024-05-15T11:13:34+00:00\",\"dateModified\":\"2024-05-15T13:39:55+00:00\",\"mainEntityOfPage\":{\"@id\":\"https:\\\/\\\/www.notibras.com\\\/site\\\/agnaldo-fica-com-baco-e-odete-se-casa-com-ednaldo\\\/\"},\"wordCount\":390,\"publisher\":{\"@id\":\"https:\\\/\\\/www.notibras.com\\\/site\\\/#organization\"},\"image\":{\"@id\":\"https:\\\/\\\/www.notibras.com\\\/site\\\/agnaldo-fica-com-baco-e-odete-se-casa-com-ednaldo\\\/#primaryimage\"},\"thumbnailUrl\":\"https:\\\/\\\/www.notibras.com\\\/site\\\/wp-content\\\/uploads\\\/2024\\\/05\\\/055893d5-1ff4-4dad-b06f-20e9c4c53d2d.jpeg\",\"articleSection\":[\"Quadradinho em Foco\"],\"inLanguage\":\"pt-BR\"},{\"@type\":\"WebPage\",\"@id\":\"https:\\\/\\\/www.notibras.com\\\/site\\\/agnaldo-fica-com-baco-e-odete-se-casa-com-ednaldo\\\/\",\"url\":\"https:\\\/\\\/www.notibras.com\\\/site\\\/agnaldo-fica-com-baco-e-odete-se-casa-com-ednaldo\\\/\",\"name\":\"Agnaldo fica com Baco e Odete se casa com Ednaldo - Notibras\",\"isPartOf\":{\"@id\":\"https:\\\/\\\/www.notibras.com\\\/site\\\/#website\"},\"primaryImageOfPage\":{\"@id\":\"https:\\\/\\\/www.notibras.com\\\/site\\\/agnaldo-fica-com-baco-e-odete-se-casa-com-ednaldo\\\/#primaryimage\"},\"image\":{\"@id\":\"https:\\\/\\\/www.notibras.com\\\/site\\\/agnaldo-fica-com-baco-e-odete-se-casa-com-ednaldo\\\/#primaryimage\"},\"thumbnailUrl\":\"https:\\\/\\\/www.notibras.com\\\/site\\\/wp-content\\\/uploads\\\/2024\\\/05\\\/055893d5-1ff4-4dad-b06f-20e9c4c53d2d.jpeg\",\"datePublished\":\"2024-05-15T11:13:34+00:00\",\"dateModified\":\"2024-05-15T13:39:55+00:00\",\"breadcrumb\":{\"@id\":\"https:\\\/\\\/www.notibras.com\\\/site\\\/agnaldo-fica-com-baco-e-odete-se-casa-com-ednaldo\\\/#breadcrumb\"},\"inLanguage\":\"pt-BR\",\"potentialAction\":[{\"@type\":\"ReadAction\",\"target\":[\"https:\\\/\\\/www.notibras.com\\\/site\\\/agnaldo-fica-com-baco-e-odete-se-casa-com-ednaldo\\\/\"]}]},{\"@type\":\"ImageObject\",\"inLanguage\":\"pt-BR\",\"@id\":\"https:\\\/\\\/www.notibras.com\\\/site\\\/agnaldo-fica-com-baco-e-odete-se-casa-com-ednaldo\\\/#primaryimage\",\"url\":\"https:\\\/\\\/www.notibras.com\\\/site\\\/wp-content\\\/uploads\\\/2024\\\/05\\\/055893d5-1ff4-4dad-b06f-20e9c4c53d2d.jpeg\",\"contentUrl\":\"https:\\\/\\\/www.notibras.com\\\/site\\\/wp-content\\\/uploads\\\/2024\\\/05\\\/055893d5-1ff4-4dad-b06f-20e9c4c53d2d.jpeg\",\"width\":512,\"height\":471},{\"@type\":\"BreadcrumbList\",\"@id\":\"https:\\\/\\\/www.notibras.com\\\/site\\\/agnaldo-fica-com-baco-e-odete-se-casa-com-ednaldo\\\/#breadcrumb\",\"itemListElement\":[{\"@type\":\"ListItem\",\"position\":1,\"name\":\"In\u00edcio\",\"item\":\"https:\\\/\\\/www.notibras.com\\\/site\\\/\"},{\"@type\":\"ListItem\",\"position\":2,\"name\":\"Agnaldo fica com Baco e Odete se casa com Ednaldo\"}]},{\"@type\":\"WebSite\",\"@id\":\"https:\\\/\\\/www.notibras.com\\\/site\\\/#website\",\"url\":\"https:\\\/\\\/www.notibras.com\\\/site\\\/\",\"name\":\"Notibras\",\"description\":\"Not\u00edcias de Bras\u00edlia, do Brasil e do Mundo\",\"publisher\":{\"@id\":\"https:\\\/\\\/www.notibras.com\\\/site\\\/#organization\"},\"potentialAction\":[{\"@type\":\"SearchAction\",\"target\":{\"@type\":\"EntryPoint\",\"urlTemplate\":\"https:\\\/\\\/www.notibras.com\\\/site\\\/?s={search_term_string}\"},\"query-input\":{\"@type\":\"PropertyValueSpecification\",\"valueRequired\":true,\"valueName\":\"search_term_string\"}}],\"inLanguage\":\"pt-BR\"},{\"@type\":\"Organization\",\"@id\":\"https:\\\/\\\/www.notibras.com\\\/site\\\/#organization\",\"name\":\"Grupo Notibras de Comunica\u00e7\u00e3o\",\"url\":\"https:\\\/\\\/www.notibras.com\\\/site\\\/\",\"logo\":{\"@type\":\"ImageObject\",\"inLanguage\":\"pt-BR\",\"@id\":\"https:\\\/\\\/www.notibras.com\\\/site\\\/#\\\/schema\\\/logo\\\/image\\\/\",\"url\":\"https:\\\/\\\/www.notibras.com\\\/site\\\/wp-content\\\/uploads\\\/2023\\\/01\\\/notibras23.png\",\"contentUrl\":\"https:\\\/\\\/www.notibras.com\\\/site\\\/wp-content\\\/uploads\\\/2023\\\/01\\\/notibras23.png\",\"width\":350,\"height\":87,\"caption\":\"Grupo Notibras de Comunica\u00e7\u00e3o\"},\"image\":{\"@id\":\"https:\\\/\\\/www.notibras.com\\\/site\\\/#\\\/schema\\\/logo\\\/image\\\/\"},\"sameAs\":[\"https:\\\/\\\/www.facebook.com\\\/notibras\\\/\",\"https:\\\/\\\/x.com\\\/Notibras\",\"https:\\\/\\\/www.instagram.com\\\/notibras\\\/\"]},{\"@type\":\"Person\",\"@id\":\"https:\\\/\\\/www.notibras.com\\\/site\\\/#\\\/schema\\\/person\\\/36ab0979449956132d3e5b517ea76ac8\",\"name\":\"Reda\u00e7\u00e3o\",\"image\":{\"@type\":\"ImageObject\",\"inLanguage\":\"pt-BR\",\"@id\":\"https:\\\/\\\/secure.gravatar.com\\\/avatar\\\/e0a867bdedb85fd243eadf09663511f96fc81e0720a4a42581f334ad4303aa6b?s=96&d=mm&r=g\",\"url\":\"https:\\\/\\\/secure.gravatar.com\\\/avatar\\\/e0a867bdedb85fd243eadf09663511f96fc81e0720a4a42581f334ad4303aa6b?s=96&d=mm&r=g\",\"contentUrl\":\"https:\\\/\\\/secure.gravatar.com\\\/avatar\\\/e0a867bdedb85fd243eadf09663511f96fc81e0720a4a42581f334ad4303aa6b?s=96&d=mm&r=g\",\"caption\":\"Reda\u00e7\u00e3o\"}}]}<\/script>\n<!-- \/ Yoast SEO plugin. -->","yoast_head_json":{"title":"Agnaldo fica com Baco e Odete se casa com Ednaldo - Notibras","robots":{"index":"index","follow":"follow","max-snippet":"max-snippet:-1","max-image-preview":"max-image-preview:large","max-video-preview":"max-video-preview:-1"},"canonical":"https:\/\/www.notibras.com\/site\/agnaldo-fica-com-baco-e-odete-se-casa-com-ednaldo\/","og_locale":"pt_BR","og_type":"article","og_title":"Agnaldo fica com Baco e Odete se casa com Ednaldo - Notibras","og_description":"N\u00e3o sei se voc\u00ea conhece a Gilda, filha da dona Nice, aquela da quadra ao lado. Um pit\u00e9u por assim dizer. Por onde passa, \u00e9 aquele mundar\u00e9u de olhares, muitos interessados, outros tantos de pura inveja, beirando o \u00f3dio. Como \u00e9 que pode ser t\u00e3o bonita? Andam dizendo por aqui que a mo\u00e7a quer ser [&hellip;]","og_url":"https:\/\/www.notibras.com\/site\/agnaldo-fica-com-baco-e-odete-se-casa-com-ednaldo\/","og_site_name":"Notibras","article_publisher":"https:\/\/www.facebook.com\/notibras\/","article_published_time":"2024-05-15T11:13:34+00:00","article_modified_time":"2024-05-15T13:39:55+00:00","og_image":[{"width":512,"height":471,"url":"https:\/\/www.notibras.com\/site\/wp-content\/uploads\/2024\/05\/055893d5-1ff4-4dad-b06f-20e9c4c53d2d.jpeg","type":"image\/jpeg"}],"author":"Reda\u00e7\u00e3o","twitter_card":"summary_large_image","twitter_creator":"@Notibras","twitter_site":"@Notibras","twitter_misc":{"Escrito por":"Reda\u00e7\u00e3o","Est. tempo de leitura":"3 minutos"},"schema":{"@context":"https:\/\/schema.org","@graph":[{"@type":"Article","@id":"https:\/\/www.notibras.com\/site\/agnaldo-fica-com-baco-e-odete-se-casa-com-ednaldo\/#article","isPartOf":{"@id":"https:\/\/www.notibras.com\/site\/agnaldo-fica-com-baco-e-odete-se-casa-com-ednaldo\/"},"author":{"name":"Reda\u00e7\u00e3o","@id":"https:\/\/www.notibras.com\/site\/#\/schema\/person\/36ab0979449956132d3e5b517ea76ac8"},"headline":"Agnaldo fica com Baco e Odete se casa com Ednaldo","datePublished":"2024-05-15T11:13:34+00:00","dateModified":"2024-05-15T13:39:55+00:00","mainEntityOfPage":{"@id":"https:\/\/www.notibras.com\/site\/agnaldo-fica-com-baco-e-odete-se-casa-com-ednaldo\/"},"wordCount":390,"publisher":{"@id":"https:\/\/www.notibras.com\/site\/#organization"},"image":{"@id":"https:\/\/www.notibras.com\/site\/agnaldo-fica-com-baco-e-odete-se-casa-com-ednaldo\/#primaryimage"},"thumbnailUrl":"https:\/\/www.notibras.com\/site\/wp-content\/uploads\/2024\/05\/055893d5-1ff4-4dad-b06f-20e9c4c53d2d.jpeg","articleSection":["Quadradinho em Foco"],"inLanguage":"pt-BR"},{"@type":"WebPage","@id":"https:\/\/www.notibras.com\/site\/agnaldo-fica-com-baco-e-odete-se-casa-com-ednaldo\/","url":"https:\/\/www.notibras.com\/site\/agnaldo-fica-com-baco-e-odete-se-casa-com-ednaldo\/","name":"Agnaldo fica com Baco e Odete se casa com Ednaldo - Notibras","isPartOf":{"@id":"https:\/\/www.notibras.com\/site\/#website"},"primaryImageOfPage":{"@id":"https:\/\/www.notibras.com\/site\/agnaldo-fica-com-baco-e-odete-se-casa-com-ednaldo\/#primaryimage"},"image":{"@id":"https:\/\/www.notibras.com\/site\/agnaldo-fica-com-baco-e-odete-se-casa-com-ednaldo\/#primaryimage"},"thumbnailUrl":"https:\/\/www.notibras.com\/site\/wp-content\/uploads\/2024\/05\/055893d5-1ff4-4dad-b06f-20e9c4c53d2d.jpeg","datePublished":"2024-05-15T11:13:34+00:00","dateModified":"2024-05-15T13:39:55+00:00","breadcrumb":{"@id":"https:\/\/www.notibras.com\/site\/agnaldo-fica-com-baco-e-odete-se-casa-com-ednaldo\/#breadcrumb"},"inLanguage":"pt-BR","potentialAction":[{"@type":"ReadAction","target":["https:\/\/www.notibras.com\/site\/agnaldo-fica-com-baco-e-odete-se-casa-com-ednaldo\/"]}]},{"@type":"ImageObject","inLanguage":"pt-BR","@id":"https:\/\/www.notibras.com\/site\/agnaldo-fica-com-baco-e-odete-se-casa-com-ednaldo\/#primaryimage","url":"https:\/\/www.notibras.com\/site\/wp-content\/uploads\/2024\/05\/055893d5-1ff4-4dad-b06f-20e9c4c53d2d.jpeg","contentUrl":"https:\/\/www.notibras.com\/site\/wp-content\/uploads\/2024\/05\/055893d5-1ff4-4dad-b06f-20e9c4c53d2d.jpeg","width":512,"height":471},{"@type":"BreadcrumbList","@id":"https:\/\/www.notibras.com\/site\/agnaldo-fica-com-baco-e-odete-se-casa-com-ednaldo\/#breadcrumb","itemListElement":[{"@type":"ListItem","position":1,"name":"In\u00edcio","item":"https:\/\/www.notibras.com\/site\/"},{"@type":"ListItem","position":2,"name":"Agnaldo fica com Baco e Odete se casa com Ednaldo"}]},{"@type":"WebSite","@id":"https:\/\/www.notibras.com\/site\/#website","url":"https:\/\/www.notibras.com\/site\/","name":"Notibras","description":"Not\u00edcias de Bras\u00edlia, do Brasil e do Mundo","publisher":{"@id":"https:\/\/www.notibras.com\/site\/#organization"},"potentialAction":[{"@type":"SearchAction","target":{"@type":"EntryPoint","urlTemplate":"https:\/\/www.notibras.com\/site\/?s={search_term_string}"},"query-input":{"@type":"PropertyValueSpecification","valueRequired":true,"valueName":"search_term_string"}}],"inLanguage":"pt-BR"},{"@type":"Organization","@id":"https:\/\/www.notibras.com\/site\/#organization","name":"Grupo Notibras de Comunica\u00e7\u00e3o","url":"https:\/\/www.notibras.com\/site\/","logo":{"@type":"ImageObject","inLanguage":"pt-BR","@id":"https:\/\/www.notibras.com\/site\/#\/schema\/logo\/image\/","url":"https:\/\/www.notibras.com\/site\/wp-content\/uploads\/2023\/01\/notibras23.png","contentUrl":"https:\/\/www.notibras.com\/site\/wp-content\/uploads\/2023\/01\/notibras23.png","width":350,"height":87,"caption":"Grupo Notibras de Comunica\u00e7\u00e3o"},"image":{"@id":"https:\/\/www.notibras.com\/site\/#\/schema\/logo\/image\/"},"sameAs":["https:\/\/www.facebook.com\/notibras\/","https:\/\/x.com\/Notibras","https:\/\/www.instagram.com\/notibras\/"]},{"@type":"Person","@id":"https:\/\/www.notibras.com\/site\/#\/schema\/person\/36ab0979449956132d3e5b517ea76ac8","name":"Reda\u00e7\u00e3o","image":{"@type":"ImageObject","inLanguage":"pt-BR","@id":"https:\/\/secure.gravatar.com\/avatar\/e0a867bdedb85fd243eadf09663511f96fc81e0720a4a42581f334ad4303aa6b?s=96&d=mm&r=g","url":"https:\/\/secure.gravatar.com\/avatar\/e0a867bdedb85fd243eadf09663511f96fc81e0720a4a42581f334ad4303aa6b?s=96&d=mm&r=g","contentUrl":"https:\/\/secure.gravatar.com\/avatar\/e0a867bdedb85fd243eadf09663511f96fc81e0720a4a42581f334ad4303aa6b?s=96&d=mm&r=g","caption":"Reda\u00e7\u00e3o"}}]}},"amp_enabled":true,"_links":{"self":[{"href":"https:\/\/www.notibras.com\/site\/wp-json\/wp\/v2\/posts\/328743","targetHints":{"allow":["GET"]}}],"collection":[{"href":"https:\/\/www.notibras.com\/site\/wp-json\/wp\/v2\/posts"}],"about":[{"href":"https:\/\/www.notibras.com\/site\/wp-json\/wp\/v2\/types\/post"}],"author":[{"embeddable":true,"href":"https:\/\/www.notibras.com\/site\/wp-json\/wp\/v2\/users\/2"}],"replies":[{"embeddable":true,"href":"https:\/\/www.notibras.com\/site\/wp-json\/wp\/v2\/comments?post=328743"}],"version-history":[{"count":3,"href":"https:\/\/www.notibras.com\/site\/wp-json\/wp\/v2\/posts\/328743\/revisions"}],"predecessor-version":[{"id":328777,"href":"https:\/\/www.notibras.com\/site\/wp-json\/wp\/v2\/posts\/328743\/revisions\/328777"}],"wp:featuredmedia":[{"embeddable":true,"href":"https:\/\/www.notibras.com\/site\/wp-json\/wp\/v2\/media\/328744"}],"wp:attachment":[{"href":"https:\/\/www.notibras.com\/site\/wp-json\/wp\/v2\/media?parent=328743"}],"wp:term":[{"taxonomy":"category","embeddable":true,"href":"https:\/\/www.notibras.com\/site\/wp-json\/wp\/v2\/categories?post=328743"},{"taxonomy":"post_tag","embeddable":true,"href":"https:\/\/www.notibras.com\/site\/wp-json\/wp\/v2\/tags?post=328743"}],"curies":[{"name":"wp","href":"https:\/\/api.w.org\/{rel}","templated":true}]}}