{"id":328746,"date":"2024-05-15T00:20:35","date_gmt":"2024-05-15T03:20:35","guid":{"rendered":"https:\/\/www.notibras.com\/site\/?p=328746"},"modified":"2024-05-15T08:22:08","modified_gmt":"2024-05-15T11:22:08","slug":"policiais-da-15a-prendem-traficante-com-150-mil-em-crack","status":"publish","type":"post","link":"https:\/\/www.notibras.com\/site\/policiais-da-15a-prendem-traficante-com-150-mil-em-crack\/","title":{"rendered":"Policiais da 15\u00aa prendem traficante com 150 mil em crack"},"content":{"rendered":"<p>Agentes da 15\u00aa DP deflagrou a 2\u00aa fase da opera\u00e7\u00e3o Cap\u00edtulo I e prenderam um homem de 25 anos de idade, apontado como um dos principais traficantes de crack da QNN 03 de Ceil\u00e2ndia.<\/p>\n<p>O autor era um dos alvos da opera\u00e7\u00e3o policial deflagrada no dia 16 de abril, por\u00e9m conseguiu fugir momentos antes da busca domiciliar ser realizada.<\/p>\n<p>Segundo apurado, a regi\u00e3o \u00e9 conhecida como \u201c3 da Norte\u201d, sendo uma das \u00e1reas mais cr\u00edticas e conhecidas de Ceil\u00e2ndia pelo intenso com\u00e9rcio de subst\u00e2ncias entorpecentes.<\/p>\n<p>No local, os traficantes contam com a atua\u00e7\u00e3o de olheiros, os quais ao visualizarem a chegada de qualquer ve\u00edculo policial passam a gritar \u201cGigol\u00f4\u201d, acarretando a dispers\u00e3o imediata e dificultando qualquer a\u00e7\u00e3o policial.<\/p>\n<p>Se valendo de tal estrat\u00e9gia, o autor conseguiu ser avisado da a\u00e7\u00e3o policial e fugiu momentos antes dos policiais chegarem em sua resid\u00eancia.<\/p>\n<p>Na ocasi\u00e3o, a busca na casa resultou na pris\u00e3o em flagrante de 1 homem e de 2 mulheres por crimes previstos na Lei de Drogas, cujas penas, somadas, podem alcan\u00e7ar 25 anos de pris\u00e3o.<\/p>\n<p>No local foram encontradas e apreendidas grandes por\u00e7\u00f5es de crack, estimadas em 150 mil reais, diversas balan\u00e7as de precis\u00e3o e a quantia aproximada de 8 oito mil reais em esp\u00e9cie.<\/p>\n<p>Ap\u00f3s a formaliza\u00e7\u00e3o de sua pris\u00e3o, o autor foi recolhido \u00e0 carceragem da PCDF, onde permanecer\u00e1 \u00e0 disposi\u00e7\u00e3o da Justi\u00e7a.<\/p>\n<p>O autor foi indiciado pelos crimes de tr\u00e1fico de drogas e associa\u00e7\u00e3o para o tr\u00e1fico de drogas. Somadas as penas de tais delitos podem alcan\u00e7ar os 25 anos de pris\u00e3o.<\/p>\n","protected":false},"excerpt":{"rendered":"<p>Agentes da 15\u00aa DP deflagrou a 2\u00aa fase da opera\u00e7\u00e3o Cap\u00edtulo I e prenderam um homem de 25 anos de idade, apontado como um dos principais traficantes de crack da QNN 03 de Ceil\u00e2ndia. O autor era um dos alvos da opera\u00e7\u00e3o policial deflagrada no dia 16 de abril, por\u00e9m conseguiu fugir momentos antes da [&hellip;]<\/p>\n","protected":false},"author":2,"featured_media":328747,"comment_status":"closed","ping_status":"closed","sticky":false,"template":"","format":"standard","meta":{"_acf_changed":false,"footnotes":""},"categories":[161],"tags":[],"class_list":["post-328746","post","type-post","status-publish","format-standard","has-post-thumbnail","hentry","category-quadradinho-em-foco"],"acf":[],"yoast_head":"<!-- This site is optimized with the Yoast SEO plugin v27.5 - https:\/\/yoast.com\/product\/yoast-seo-wordpress\/ -->\n<title>Policiais da 15\u00aa prendem traficante com 150 mil em crack - Notibras<\/title>\n<meta name=\"robots\" content=\"index, follow, max-snippet:-1, max-image-preview:large, max-video-preview:-1\" \/>\n<link rel=\"canonical\" href=\"https:\/\/www.notibras.com\/site\/policiais-da-15a-prendem-traficante-com-150-mil-em-crack\/\" \/>\n<meta property=\"og:locale\" content=\"pt_BR\" \/>\n<meta property=\"og:type\" content=\"article\" \/>\n<meta property=\"og:title\" content=\"Policiais da 15\u00aa prendem traficante com 150 mil em crack - Notibras\" \/>\n<meta property=\"og:description\" content=\"Agentes da 15\u00aa DP deflagrou a 2\u00aa fase da opera\u00e7\u00e3o Cap\u00edtulo I e prenderam um homem de 25 anos de idade, apontado como um dos principais traficantes de crack da QNN 03 de Ceil\u00e2ndia. O autor era um dos alvos da opera\u00e7\u00e3o policial deflagrada no dia 16 de abril, por\u00e9m conseguiu fugir momentos antes da [&hellip;]\" \/>\n<meta property=\"og:url\" content=\"https:\/\/www.notibras.com\/site\/policiais-da-15a-prendem-traficante-com-150-mil-em-crack\/\" \/>\n<meta property=\"og:site_name\" content=\"Notibras\" \/>\n<meta property=\"article:publisher\" content=\"https:\/\/www.facebook.com\/notibras\/\" \/>\n<meta property=\"article:published_time\" content=\"2024-05-15T03:20:35+00:00\" \/>\n<meta property=\"article:modified_time\" content=\"2024-05-15T11:22:08+00:00\" \/>\n<meta property=\"og:image\" content=\"https:\/\/www.notibras.com\/site\/wp-content\/uploads\/2024\/05\/bf2d633f-76f2-43f8-b4ab-114cd93951b7.jpeg\" \/>\n\t<meta property=\"og:image:width\" content=\"2048\" \/>\n\t<meta property=\"og:image:height\" content=\"1152\" \/>\n\t<meta property=\"og:image:type\" content=\"image\/jpeg\" \/>\n<meta name=\"author\" content=\"Reda\u00e7\u00e3o\" \/>\n<meta name=\"twitter:card\" content=\"summary_large_image\" \/>\n<meta name=\"twitter:creator\" content=\"@Notibras\" \/>\n<meta name=\"twitter:site\" content=\"@Notibras\" \/>\n<meta name=\"twitter:label1\" content=\"Escrito por\" \/>\n\t<meta name=\"twitter:data1\" content=\"Reda\u00e7\u00e3o\" \/>\n\t<meta name=\"twitter:label2\" content=\"Est. tempo de leitura\" \/>\n\t<meta name=\"twitter:data2\" content=\"2 minutos\" \/>\n<script type=\"application\/ld+json\" class=\"yoast-schema-graph\">{\"@context\":\"https:\\\/\\\/schema.org\",\"@graph\":[{\"@type\":\"Article\",\"@id\":\"https:\\\/\\\/www.notibras.com\\\/site\\\/policiais-da-15a-prendem-traficante-com-150-mil-em-crack\\\/#article\",\"isPartOf\":{\"@id\":\"https:\\\/\\\/www.notibras.com\\\/site\\\/policiais-da-15a-prendem-traficante-com-150-mil-em-crack\\\/\"},\"author\":{\"name\":\"Reda\u00e7\u00e3o\",\"@id\":\"https:\\\/\\\/www.notibras.com\\\/site\\\/#\\\/schema\\\/person\\\/36ab0979449956132d3e5b517ea76ac8\"},\"headline\":\"Policiais da 15\u00aa prendem traficante com 150 mil em crack\",\"datePublished\":\"2024-05-15T03:20:35+00:00\",\"dateModified\":\"2024-05-15T11:22:08+00:00\",\"mainEntityOfPage\":{\"@id\":\"https:\\\/\\\/www.notibras.com\\\/site\\\/policiais-da-15a-prendem-traficante-com-150-mil-em-crack\\\/\"},\"wordCount\":283,\"publisher\":{\"@id\":\"https:\\\/\\\/www.notibras.com\\\/site\\\/#organization\"},\"image\":{\"@id\":\"https:\\\/\\\/www.notibras.com\\\/site\\\/policiais-da-15a-prendem-traficante-com-150-mil-em-crack\\\/#primaryimage\"},\"thumbnailUrl\":\"https:\\\/\\\/www.notibras.com\\\/site\\\/wp-content\\\/uploads\\\/2024\\\/05\\\/bf2d633f-76f2-43f8-b4ab-114cd93951b7.jpeg\",\"articleSection\":[\"Quadradinho em Foco\"],\"inLanguage\":\"pt-BR\"},{\"@type\":\"WebPage\",\"@id\":\"https:\\\/\\\/www.notibras.com\\\/site\\\/policiais-da-15a-prendem-traficante-com-150-mil-em-crack\\\/\",\"url\":\"https:\\\/\\\/www.notibras.com\\\/site\\\/policiais-da-15a-prendem-traficante-com-150-mil-em-crack\\\/\",\"name\":\"Policiais da 15\u00aa prendem traficante com 150 mil em crack - Notibras\",\"isPartOf\":{\"@id\":\"https:\\\/\\\/www.notibras.com\\\/site\\\/#website\"},\"primaryImageOfPage\":{\"@id\":\"https:\\\/\\\/www.notibras.com\\\/site\\\/policiais-da-15a-prendem-traficante-com-150-mil-em-crack\\\/#primaryimage\"},\"image\":{\"@id\":\"https:\\\/\\\/www.notibras.com\\\/site\\\/policiais-da-15a-prendem-traficante-com-150-mil-em-crack\\\/#primaryimage\"},\"thumbnailUrl\":\"https:\\\/\\\/www.notibras.com\\\/site\\\/wp-content\\\/uploads\\\/2024\\\/05\\\/bf2d633f-76f2-43f8-b4ab-114cd93951b7.jpeg\",\"datePublished\":\"2024-05-15T03:20:35+00:00\",\"dateModified\":\"2024-05-15T11:22:08+00:00\",\"breadcrumb\":{\"@id\":\"https:\\\/\\\/www.notibras.com\\\/site\\\/policiais-da-15a-prendem-traficante-com-150-mil-em-crack\\\/#breadcrumb\"},\"inLanguage\":\"pt-BR\",\"potentialAction\":[{\"@type\":\"ReadAction\",\"target\":[\"https:\\\/\\\/www.notibras.com\\\/site\\\/policiais-da-15a-prendem-traficante-com-150-mil-em-crack\\\/\"]}]},{\"@type\":\"ImageObject\",\"inLanguage\":\"pt-BR\",\"@id\":\"https:\\\/\\\/www.notibras.com\\\/site\\\/policiais-da-15a-prendem-traficante-com-150-mil-em-crack\\\/#primaryimage\",\"url\":\"https:\\\/\\\/www.notibras.com\\\/site\\\/wp-content\\\/uploads\\\/2024\\\/05\\\/bf2d633f-76f2-43f8-b4ab-114cd93951b7.jpeg\",\"contentUrl\":\"https:\\\/\\\/www.notibras.com\\\/site\\\/wp-content\\\/uploads\\\/2024\\\/05\\\/bf2d633f-76f2-43f8-b4ab-114cd93951b7.jpeg\",\"width\":2048,\"height\":1152},{\"@type\":\"BreadcrumbList\",\"@id\":\"https:\\\/\\\/www.notibras.com\\\/site\\\/policiais-da-15a-prendem-traficante-com-150-mil-em-crack\\\/#breadcrumb\",\"itemListElement\":[{\"@type\":\"ListItem\",\"position\":1,\"name\":\"In\u00edcio\",\"item\":\"https:\\\/\\\/www.notibras.com\\\/site\\\/\"},{\"@type\":\"ListItem\",\"position\":2,\"name\":\"Policiais da 15\u00aa prendem traficante com 150 mil em crack\"}]},{\"@type\":\"WebSite\",\"@id\":\"https:\\\/\\\/www.notibras.com\\\/site\\\/#website\",\"url\":\"https:\\\/\\\/www.notibras.com\\\/site\\\/\",\"name\":\"Notibras\",\"description\":\"Not\u00edcias de Bras\u00edlia, do Brasil e do Mundo\",\"publisher\":{\"@id\":\"https:\\\/\\\/www.notibras.com\\\/site\\\/#organization\"},\"potentialAction\":[{\"@type\":\"SearchAction\",\"target\":{\"@type\":\"EntryPoint\",\"urlTemplate\":\"https:\\\/\\\/www.notibras.com\\\/site\\\/?s={search_term_string}\"},\"query-input\":{\"@type\":\"PropertyValueSpecification\",\"valueRequired\":true,\"valueName\":\"search_term_string\"}}],\"inLanguage\":\"pt-BR\"},{\"@type\":\"Organization\",\"@id\":\"https:\\\/\\\/www.notibras.com\\\/site\\\/#organization\",\"name\":\"Grupo Notibras de Comunica\u00e7\u00e3o\",\"url\":\"https:\\\/\\\/www.notibras.com\\\/site\\\/\",\"logo\":{\"@type\":\"ImageObject\",\"inLanguage\":\"pt-BR\",\"@id\":\"https:\\\/\\\/www.notibras.com\\\/site\\\/#\\\/schema\\\/logo\\\/image\\\/\",\"url\":\"https:\\\/\\\/www.notibras.com\\\/site\\\/wp-content\\\/uploads\\\/2023\\\/01\\\/notibras23.png\",\"contentUrl\":\"https:\\\/\\\/www.notibras.com\\\/site\\\/wp-content\\\/uploads\\\/2023\\\/01\\\/notibras23.png\",\"width\":350,\"height\":87,\"caption\":\"Grupo Notibras de Comunica\u00e7\u00e3o\"},\"image\":{\"@id\":\"https:\\\/\\\/www.notibras.com\\\/site\\\/#\\\/schema\\\/logo\\\/image\\\/\"},\"sameAs\":[\"https:\\\/\\\/www.facebook.com\\\/notibras\\\/\",\"https:\\\/\\\/x.com\\\/Notibras\",\"https:\\\/\\\/www.instagram.com\\\/notibras\\\/\"]},{\"@type\":\"Person\",\"@id\":\"https:\\\/\\\/www.notibras.com\\\/site\\\/#\\\/schema\\\/person\\\/36ab0979449956132d3e5b517ea76ac8\",\"name\":\"Reda\u00e7\u00e3o\",\"image\":{\"@type\":\"ImageObject\",\"inLanguage\":\"pt-BR\",\"@id\":\"https:\\\/\\\/secure.gravatar.com\\\/avatar\\\/e0a867bdedb85fd243eadf09663511f96fc81e0720a4a42581f334ad4303aa6b?s=96&d=mm&r=g\",\"url\":\"https:\\\/\\\/secure.gravatar.com\\\/avatar\\\/e0a867bdedb85fd243eadf09663511f96fc81e0720a4a42581f334ad4303aa6b?s=96&d=mm&r=g\",\"contentUrl\":\"https:\\\/\\\/secure.gravatar.com\\\/avatar\\\/e0a867bdedb85fd243eadf09663511f96fc81e0720a4a42581f334ad4303aa6b?s=96&d=mm&r=g\",\"caption\":\"Reda\u00e7\u00e3o\"}}]}<\/script>\n<!-- \/ Yoast SEO plugin. -->","yoast_head_json":{"title":"Policiais da 15\u00aa prendem traficante com 150 mil em crack - Notibras","robots":{"index":"index","follow":"follow","max-snippet":"max-snippet:-1","max-image-preview":"max-image-preview:large","max-video-preview":"max-video-preview:-1"},"canonical":"https:\/\/www.notibras.com\/site\/policiais-da-15a-prendem-traficante-com-150-mil-em-crack\/","og_locale":"pt_BR","og_type":"article","og_title":"Policiais da 15\u00aa prendem traficante com 150 mil em crack - Notibras","og_description":"Agentes da 15\u00aa DP deflagrou a 2\u00aa fase da opera\u00e7\u00e3o Cap\u00edtulo I e prenderam um homem de 25 anos de idade, apontado como um dos principais traficantes de crack da QNN 03 de Ceil\u00e2ndia. O autor era um dos alvos da opera\u00e7\u00e3o policial deflagrada no dia 16 de abril, por\u00e9m conseguiu fugir momentos antes da [&hellip;]","og_url":"https:\/\/www.notibras.com\/site\/policiais-da-15a-prendem-traficante-com-150-mil-em-crack\/","og_site_name":"Notibras","article_publisher":"https:\/\/www.facebook.com\/notibras\/","article_published_time":"2024-05-15T03:20:35+00:00","article_modified_time":"2024-05-15T11:22:08+00:00","og_image":[{"width":2048,"height":1152,"url":"https:\/\/www.notibras.com\/site\/wp-content\/uploads\/2024\/05\/bf2d633f-76f2-43f8-b4ab-114cd93951b7.jpeg","type":"image\/jpeg"}],"author":"Reda\u00e7\u00e3o","twitter_card":"summary_large_image","twitter_creator":"@Notibras","twitter_site":"@Notibras","twitter_misc":{"Escrito por":"Reda\u00e7\u00e3o","Est. tempo de leitura":"2 minutos"},"schema":{"@context":"https:\/\/schema.org","@graph":[{"@type":"Article","@id":"https:\/\/www.notibras.com\/site\/policiais-da-15a-prendem-traficante-com-150-mil-em-crack\/#article","isPartOf":{"@id":"https:\/\/www.notibras.com\/site\/policiais-da-15a-prendem-traficante-com-150-mil-em-crack\/"},"author":{"name":"Reda\u00e7\u00e3o","@id":"https:\/\/www.notibras.com\/site\/#\/schema\/person\/36ab0979449956132d3e5b517ea76ac8"},"headline":"Policiais da 15\u00aa prendem traficante com 150 mil em crack","datePublished":"2024-05-15T03:20:35+00:00","dateModified":"2024-05-15T11:22:08+00:00","mainEntityOfPage":{"@id":"https:\/\/www.notibras.com\/site\/policiais-da-15a-prendem-traficante-com-150-mil-em-crack\/"},"wordCount":283,"publisher":{"@id":"https:\/\/www.notibras.com\/site\/#organization"},"image":{"@id":"https:\/\/www.notibras.com\/site\/policiais-da-15a-prendem-traficante-com-150-mil-em-crack\/#primaryimage"},"thumbnailUrl":"https:\/\/www.notibras.com\/site\/wp-content\/uploads\/2024\/05\/bf2d633f-76f2-43f8-b4ab-114cd93951b7.jpeg","articleSection":["Quadradinho em Foco"],"inLanguage":"pt-BR"},{"@type":"WebPage","@id":"https:\/\/www.notibras.com\/site\/policiais-da-15a-prendem-traficante-com-150-mil-em-crack\/","url":"https:\/\/www.notibras.com\/site\/policiais-da-15a-prendem-traficante-com-150-mil-em-crack\/","name":"Policiais da 15\u00aa prendem traficante com 150 mil em crack - Notibras","isPartOf":{"@id":"https:\/\/www.notibras.com\/site\/#website"},"primaryImageOfPage":{"@id":"https:\/\/www.notibras.com\/site\/policiais-da-15a-prendem-traficante-com-150-mil-em-crack\/#primaryimage"},"image":{"@id":"https:\/\/www.notibras.com\/site\/policiais-da-15a-prendem-traficante-com-150-mil-em-crack\/#primaryimage"},"thumbnailUrl":"https:\/\/www.notibras.com\/site\/wp-content\/uploads\/2024\/05\/bf2d633f-76f2-43f8-b4ab-114cd93951b7.jpeg","datePublished":"2024-05-15T03:20:35+00:00","dateModified":"2024-05-15T11:22:08+00:00","breadcrumb":{"@id":"https:\/\/www.notibras.com\/site\/policiais-da-15a-prendem-traficante-com-150-mil-em-crack\/#breadcrumb"},"inLanguage":"pt-BR","potentialAction":[{"@type":"ReadAction","target":["https:\/\/www.notibras.com\/site\/policiais-da-15a-prendem-traficante-com-150-mil-em-crack\/"]}]},{"@type":"ImageObject","inLanguage":"pt-BR","@id":"https:\/\/www.notibras.com\/site\/policiais-da-15a-prendem-traficante-com-150-mil-em-crack\/#primaryimage","url":"https:\/\/www.notibras.com\/site\/wp-content\/uploads\/2024\/05\/bf2d633f-76f2-43f8-b4ab-114cd93951b7.jpeg","contentUrl":"https:\/\/www.notibras.com\/site\/wp-content\/uploads\/2024\/05\/bf2d633f-76f2-43f8-b4ab-114cd93951b7.jpeg","width":2048,"height":1152},{"@type":"BreadcrumbList","@id":"https:\/\/www.notibras.com\/site\/policiais-da-15a-prendem-traficante-com-150-mil-em-crack\/#breadcrumb","itemListElement":[{"@type":"ListItem","position":1,"name":"In\u00edcio","item":"https:\/\/www.notibras.com\/site\/"},{"@type":"ListItem","position":2,"name":"Policiais da 15\u00aa prendem traficante com 150 mil em crack"}]},{"@type":"WebSite","@id":"https:\/\/www.notibras.com\/site\/#website","url":"https:\/\/www.notibras.com\/site\/","name":"Notibras","description":"Not\u00edcias de Bras\u00edlia, do Brasil e do Mundo","publisher":{"@id":"https:\/\/www.notibras.com\/site\/#organization"},"potentialAction":[{"@type":"SearchAction","target":{"@type":"EntryPoint","urlTemplate":"https:\/\/www.notibras.com\/site\/?s={search_term_string}"},"query-input":{"@type":"PropertyValueSpecification","valueRequired":true,"valueName":"search_term_string"}}],"inLanguage":"pt-BR"},{"@type":"Organization","@id":"https:\/\/www.notibras.com\/site\/#organization","name":"Grupo Notibras de Comunica\u00e7\u00e3o","url":"https:\/\/www.notibras.com\/site\/","logo":{"@type":"ImageObject","inLanguage":"pt-BR","@id":"https:\/\/www.notibras.com\/site\/#\/schema\/logo\/image\/","url":"https:\/\/www.notibras.com\/site\/wp-content\/uploads\/2023\/01\/notibras23.png","contentUrl":"https:\/\/www.notibras.com\/site\/wp-content\/uploads\/2023\/01\/notibras23.png","width":350,"height":87,"caption":"Grupo Notibras de Comunica\u00e7\u00e3o"},"image":{"@id":"https:\/\/www.notibras.com\/site\/#\/schema\/logo\/image\/"},"sameAs":["https:\/\/www.facebook.com\/notibras\/","https:\/\/x.com\/Notibras","https:\/\/www.instagram.com\/notibras\/"]},{"@type":"Person","@id":"https:\/\/www.notibras.com\/site\/#\/schema\/person\/36ab0979449956132d3e5b517ea76ac8","name":"Reda\u00e7\u00e3o","image":{"@type":"ImageObject","inLanguage":"pt-BR","@id":"https:\/\/secure.gravatar.com\/avatar\/e0a867bdedb85fd243eadf09663511f96fc81e0720a4a42581f334ad4303aa6b?s=96&d=mm&r=g","url":"https:\/\/secure.gravatar.com\/avatar\/e0a867bdedb85fd243eadf09663511f96fc81e0720a4a42581f334ad4303aa6b?s=96&d=mm&r=g","contentUrl":"https:\/\/secure.gravatar.com\/avatar\/e0a867bdedb85fd243eadf09663511f96fc81e0720a4a42581f334ad4303aa6b?s=96&d=mm&r=g","caption":"Reda\u00e7\u00e3o"}}]}},"amp_enabled":true,"_links":{"self":[{"href":"https:\/\/www.notibras.com\/site\/wp-json\/wp\/v2\/posts\/328746","targetHints":{"allow":["GET"]}}],"collection":[{"href":"https:\/\/www.notibras.com\/site\/wp-json\/wp\/v2\/posts"}],"about":[{"href":"https:\/\/www.notibras.com\/site\/wp-json\/wp\/v2\/types\/post"}],"author":[{"embeddable":true,"href":"https:\/\/www.notibras.com\/site\/wp-json\/wp\/v2\/users\/2"}],"replies":[{"embeddable":true,"href":"https:\/\/www.notibras.com\/site\/wp-json\/wp\/v2\/comments?post=328746"}],"version-history":[{"count":1,"href":"https:\/\/www.notibras.com\/site\/wp-json\/wp\/v2\/posts\/328746\/revisions"}],"predecessor-version":[{"id":328748,"href":"https:\/\/www.notibras.com\/site\/wp-json\/wp\/v2\/posts\/328746\/revisions\/328748"}],"wp:featuredmedia":[{"embeddable":true,"href":"https:\/\/www.notibras.com\/site\/wp-json\/wp\/v2\/media\/328747"}],"wp:attachment":[{"href":"https:\/\/www.notibras.com\/site\/wp-json\/wp\/v2\/media?parent=328746"}],"wp:term":[{"taxonomy":"category","embeddable":true,"href":"https:\/\/www.notibras.com\/site\/wp-json\/wp\/v2\/categories?post=328746"},{"taxonomy":"post_tag","embeddable":true,"href":"https:\/\/www.notibras.com\/site\/wp-json\/wp\/v2\/tags?post=328746"}],"curies":[{"name":"wp","href":"https:\/\/api.w.org\/{rel}","templated":true}]}}