{"id":328752,"date":"2024-05-15T00:00:39","date_gmt":"2024-05-15T03:00:39","guid":{"rendered":"https:\/\/www.notibras.com\/site\/?p=328752"},"modified":"2024-05-15T08:50:49","modified_gmt":"2024-05-15T11:50:49","slug":"dor-debate-avancos-recentes-na-area-de-hematologia","status":"publish","type":"post","link":"https:\/\/www.notibras.com\/site\/dor-debate-avancos-recentes-na-area-de-hematologia\/","title":{"rendered":"D\u2019Or debate avan\u00e7os recentes na \u00e1rea de hematologia"},"content":{"rendered":"<p>Avan\u00e7os tecnol\u00f3gicos no diagn\u00f3stico e estrat\u00e9gias atuais e emergentes para o tratamento das neoplasias hematol\u00f3gicas ser\u00e3o apresentados no IX Simp\u00f3sio Internacional de Hematologia da Oncologia D\u2019Or, que acontece nos dias 24 e 25 de maio, no B Hotel, em Bras\u00edlia. O evento tem como objetivo aprimorar o conhecimento dos participantes na aplica\u00e7\u00e3o de dados cl\u00ednicos e recomenda\u00e7\u00f5es de especialistas, que mudam a pr\u00e1tica e otimizam os resultados cl\u00ednicos dos pacientes com doen\u00e7as malignas hematol\u00f3gicas.<\/p>\n<p>O evento tem coordena\u00e7\u00e3o dos m\u00e9dicos Eduardo Rego, coordenador nacional da Hematologia da Oncologia D\u2019Or e chefe da equipe da Hematologia dos Hospitais Vila Nova Star e Hospital e Maternidade S\u00e3o Luiz Itaim, e Fl\u00e1via Dias Xavier, coordenadora de Hematologia da Regional DF da Oncologia D\u2019Or e supervisora do Fellow de Onco-hematologia e transplante de Medula \u00d3ssea da regional DF da Oncologia D\u2019Or.<\/p>\n<p>De acordo com o m\u00e9dico e coordenador do simp\u00f3sio Eduardo Rego, o evento \u00e9 voltado para o cl\u00ednico e que tem como grande virtude agregar diferentes especialistas. \u201cN\u00f3s temos uma participa\u00e7\u00e3o importante dos colegas da patologia, dos que fazem a parte de medicina transfusional e de terapia celular. Colegas especializados em t\u00e9cnicas de laborat\u00f3rio, incluindo gen\u00e9tica molecular. Dessa forma, n\u00f3s podemos ter uma vis\u00e3o muito ampla e atualizada e ao mesmo tempo aplic\u00e1vel \u00e0 pratica de casos mais desafiadores\u201d, explica.<\/p>\n<p>Segundo a hematologista e coordenadora do simp\u00f3sio Fl\u00e1via Dias Xavier, os presentes poder\u00e3o conferir novidades voltadas para a \u00e1rea de hematologia. \u201cApresentaremos inova\u00e7\u00f5es nas terapias de redirecionamento T, como CAR T-cells e anticorpos biespec\u00edficos nos tratamentos dos linfomas e mielomas. Al\u00e9m de diversos aspectos pr\u00e1ticos no diagn\u00f3stico e escolhas terap\u00eauticas em doen\u00e7as onco-hematol\u00f3gicas a partir de casos cl\u00ednicos reais\u201d, explica.<\/p>\n<p>Temas como novos avan\u00e7os no tratamento de pacientes com mielofibrose, estrat\u00e9gias de manuten\u00e7\u00e3o em LMA\/SMD ap\u00f3s transplante alog\u00eanico de c\u00e9lulas-tronco, novos avan\u00e7os em linfomas B agressivos al\u00e9m do CAR-T, atualiza\u00e7\u00f5es no tratamento de linfomas de c\u00e9lulas T: biologia e biomarcadores e discuss\u00e3o de casos cl\u00ednicos reais ser\u00e3o abordados durante os dois dias de congresso.<\/p>\n","protected":false},"excerpt":{"rendered":"<p>Avan\u00e7os tecnol\u00f3gicos no diagn\u00f3stico e estrat\u00e9gias atuais e emergentes para o tratamento das neoplasias hematol\u00f3gicas ser\u00e3o apresentados no IX Simp\u00f3sio Internacional de Hematologia da Oncologia D\u2019Or, que acontece nos dias 24 e 25 de maio, no B Hotel, em Bras\u00edlia. O evento tem como objetivo aprimorar o conhecimento dos participantes na aplica\u00e7\u00e3o de dados cl\u00ednicos [&hellip;]<\/p>\n","protected":false},"author":2,"featured_media":305349,"comment_status":"closed","ping_status":"closed","sticky":false,"template":"","format":"standard","meta":{"_acf_changed":false,"footnotes":""},"categories":[161],"tags":[],"class_list":["post-328752","post","type-post","status-publish","format-standard","has-post-thumbnail","hentry","category-quadradinho-em-foco"],"acf":[],"yoast_head":"<!-- This site is optimized with the Yoast SEO plugin v27.5 - https:\/\/yoast.com\/product\/yoast-seo-wordpress\/ -->\n<title>D\u2019Or debate avan\u00e7os recentes na \u00e1rea de hematologia - Notibras<\/title>\n<meta name=\"robots\" content=\"index, follow, max-snippet:-1, max-image-preview:large, max-video-preview:-1\" \/>\n<link rel=\"canonical\" href=\"https:\/\/www.notibras.com\/site\/dor-debate-avancos-recentes-na-area-de-hematologia\/\" \/>\n<meta property=\"og:locale\" content=\"pt_BR\" \/>\n<meta property=\"og:type\" content=\"article\" \/>\n<meta property=\"og:title\" content=\"D\u2019Or debate avan\u00e7os recentes na \u00e1rea de hematologia - Notibras\" \/>\n<meta property=\"og:description\" content=\"Avan\u00e7os tecnol\u00f3gicos no diagn\u00f3stico e estrat\u00e9gias atuais e emergentes para o tratamento das neoplasias hematol\u00f3gicas ser\u00e3o apresentados no IX Simp\u00f3sio Internacional de Hematologia da Oncologia D\u2019Or, que acontece nos dias 24 e 25 de maio, no B Hotel, em Bras\u00edlia. O evento tem como objetivo aprimorar o conhecimento dos participantes na aplica\u00e7\u00e3o de dados cl\u00ednicos [&hellip;]\" \/>\n<meta property=\"og:url\" content=\"https:\/\/www.notibras.com\/site\/dor-debate-avancos-recentes-na-area-de-hematologia\/\" \/>\n<meta property=\"og:site_name\" content=\"Notibras\" \/>\n<meta property=\"article:publisher\" content=\"https:\/\/www.facebook.com\/notibras\/\" \/>\n<meta property=\"article:published_time\" content=\"2024-05-15T03:00:39+00:00\" \/>\n<meta property=\"article:modified_time\" content=\"2024-05-15T11:50:49+00:00\" \/>\n<meta property=\"og:image\" content=\"https:\/\/www.notibras.com\/site\/wp-content\/uploads\/2023\/05\/pronto-socorro_do_hospital_de_santa_maria_recebe_30_enfermeiros_voluntarios_25556795627.jpg\" \/>\n\t<meta property=\"og:image:width\" content=\"1170\" \/>\n\t<meta property=\"og:image:height\" content=\"700\" \/>\n\t<meta property=\"og:image:type\" content=\"image\/jpeg\" \/>\n<meta name=\"author\" content=\"Reda\u00e7\u00e3o\" \/>\n<meta name=\"twitter:card\" content=\"summary_large_image\" \/>\n<meta name=\"twitter:creator\" content=\"@Notibras\" \/>\n<meta name=\"twitter:site\" content=\"@Notibras\" \/>\n<meta name=\"twitter:label1\" content=\"Escrito por\" \/>\n\t<meta name=\"twitter:data1\" content=\"Reda\u00e7\u00e3o\" \/>\n\t<meta name=\"twitter:label2\" content=\"Est. tempo de leitura\" \/>\n\t<meta name=\"twitter:data2\" content=\"3 minutos\" \/>\n<script type=\"application\/ld+json\" class=\"yoast-schema-graph\">{\"@context\":\"https:\\\/\\\/schema.org\",\"@graph\":[{\"@type\":\"Article\",\"@id\":\"https:\\\/\\\/www.notibras.com\\\/site\\\/dor-debate-avancos-recentes-na-area-de-hematologia\\\/#article\",\"isPartOf\":{\"@id\":\"https:\\\/\\\/www.notibras.com\\\/site\\\/dor-debate-avancos-recentes-na-area-de-hematologia\\\/\"},\"author\":{\"name\":\"Reda\u00e7\u00e3o\",\"@id\":\"https:\\\/\\\/www.notibras.com\\\/site\\\/#\\\/schema\\\/person\\\/36ab0979449956132d3e5b517ea76ac8\"},\"headline\":\"D\u2019Or debate avan\u00e7os recentes na \u00e1rea de hematologia\",\"datePublished\":\"2024-05-15T03:00:39+00:00\",\"dateModified\":\"2024-05-15T11:50:49+00:00\",\"mainEntityOfPage\":{\"@id\":\"https:\\\/\\\/www.notibras.com\\\/site\\\/dor-debate-avancos-recentes-na-area-de-hematologia\\\/\"},\"wordCount\":397,\"publisher\":{\"@id\":\"https:\\\/\\\/www.notibras.com\\\/site\\\/#organization\"},\"image\":{\"@id\":\"https:\\\/\\\/www.notibras.com\\\/site\\\/dor-debate-avancos-recentes-na-area-de-hematologia\\\/#primaryimage\"},\"thumbnailUrl\":\"https:\\\/\\\/www.notibras.com\\\/site\\\/wp-content\\\/uploads\\\/2023\\\/05\\\/pronto-socorro_do_hospital_de_santa_maria_recebe_30_enfermeiros_voluntarios_25556795627.jpg\",\"articleSection\":[\"Quadradinho em Foco\"],\"inLanguage\":\"pt-BR\"},{\"@type\":\"WebPage\",\"@id\":\"https:\\\/\\\/www.notibras.com\\\/site\\\/dor-debate-avancos-recentes-na-area-de-hematologia\\\/\",\"url\":\"https:\\\/\\\/www.notibras.com\\\/site\\\/dor-debate-avancos-recentes-na-area-de-hematologia\\\/\",\"name\":\"D\u2019Or debate avan\u00e7os recentes na \u00e1rea de hematologia - Notibras\",\"isPartOf\":{\"@id\":\"https:\\\/\\\/www.notibras.com\\\/site\\\/#website\"},\"primaryImageOfPage\":{\"@id\":\"https:\\\/\\\/www.notibras.com\\\/site\\\/dor-debate-avancos-recentes-na-area-de-hematologia\\\/#primaryimage\"},\"image\":{\"@id\":\"https:\\\/\\\/www.notibras.com\\\/site\\\/dor-debate-avancos-recentes-na-area-de-hematologia\\\/#primaryimage\"},\"thumbnailUrl\":\"https:\\\/\\\/www.notibras.com\\\/site\\\/wp-content\\\/uploads\\\/2023\\\/05\\\/pronto-socorro_do_hospital_de_santa_maria_recebe_30_enfermeiros_voluntarios_25556795627.jpg\",\"datePublished\":\"2024-05-15T03:00:39+00:00\",\"dateModified\":\"2024-05-15T11:50:49+00:00\",\"breadcrumb\":{\"@id\":\"https:\\\/\\\/www.notibras.com\\\/site\\\/dor-debate-avancos-recentes-na-area-de-hematologia\\\/#breadcrumb\"},\"inLanguage\":\"pt-BR\",\"potentialAction\":[{\"@type\":\"ReadAction\",\"target\":[\"https:\\\/\\\/www.notibras.com\\\/site\\\/dor-debate-avancos-recentes-na-area-de-hematologia\\\/\"]}]},{\"@type\":\"ImageObject\",\"inLanguage\":\"pt-BR\",\"@id\":\"https:\\\/\\\/www.notibras.com\\\/site\\\/dor-debate-avancos-recentes-na-area-de-hematologia\\\/#primaryimage\",\"url\":\"https:\\\/\\\/www.notibras.com\\\/site\\\/wp-content\\\/uploads\\\/2023\\\/05\\\/pronto-socorro_do_hospital_de_santa_maria_recebe_30_enfermeiros_voluntarios_25556795627.jpg\",\"contentUrl\":\"https:\\\/\\\/www.notibras.com\\\/site\\\/wp-content\\\/uploads\\\/2023\\\/05\\\/pronto-socorro_do_hospital_de_santa_maria_recebe_30_enfermeiros_voluntarios_25556795627.jpg\",\"width\":1170,\"height\":700,\"caption\":\"Bras\u00edlia (DF) - Supremo Tribunal Federal (STF) dar\u00e1 continuidade ao julgamento a lei que obriga hospitais a criarem uma sala de descompress\u00e3o para enfermeiros, t\u00e9cnicos e auxiliares de enfermagem. Foto: Pedro Ventura\\\/Ag\u00eancia Bras\u00edlia\\\/Divulga\u00e7\u0101o.\"},{\"@type\":\"BreadcrumbList\",\"@id\":\"https:\\\/\\\/www.notibras.com\\\/site\\\/dor-debate-avancos-recentes-na-area-de-hematologia\\\/#breadcrumb\",\"itemListElement\":[{\"@type\":\"ListItem\",\"position\":1,\"name\":\"In\u00edcio\",\"item\":\"https:\\\/\\\/www.notibras.com\\\/site\\\/\"},{\"@type\":\"ListItem\",\"position\":2,\"name\":\"D\u2019Or debate avan\u00e7os recentes na \u00e1rea de hematologia\"}]},{\"@type\":\"WebSite\",\"@id\":\"https:\\\/\\\/www.notibras.com\\\/site\\\/#website\",\"url\":\"https:\\\/\\\/www.notibras.com\\\/site\\\/\",\"name\":\"Notibras\",\"description\":\"Not\u00edcias de Bras\u00edlia, do Brasil e do Mundo\",\"publisher\":{\"@id\":\"https:\\\/\\\/www.notibras.com\\\/site\\\/#organization\"},\"potentialAction\":[{\"@type\":\"SearchAction\",\"target\":{\"@type\":\"EntryPoint\",\"urlTemplate\":\"https:\\\/\\\/www.notibras.com\\\/site\\\/?s={search_term_string}\"},\"query-input\":{\"@type\":\"PropertyValueSpecification\",\"valueRequired\":true,\"valueName\":\"search_term_string\"}}],\"inLanguage\":\"pt-BR\"},{\"@type\":\"Organization\",\"@id\":\"https:\\\/\\\/www.notibras.com\\\/site\\\/#organization\",\"name\":\"Grupo Notibras de Comunica\u00e7\u00e3o\",\"url\":\"https:\\\/\\\/www.notibras.com\\\/site\\\/\",\"logo\":{\"@type\":\"ImageObject\",\"inLanguage\":\"pt-BR\",\"@id\":\"https:\\\/\\\/www.notibras.com\\\/site\\\/#\\\/schema\\\/logo\\\/image\\\/\",\"url\":\"https:\\\/\\\/www.notibras.com\\\/site\\\/wp-content\\\/uploads\\\/2023\\\/01\\\/notibras23.png\",\"contentUrl\":\"https:\\\/\\\/www.notibras.com\\\/site\\\/wp-content\\\/uploads\\\/2023\\\/01\\\/notibras23.png\",\"width\":350,\"height\":87,\"caption\":\"Grupo Notibras de Comunica\u00e7\u00e3o\"},\"image\":{\"@id\":\"https:\\\/\\\/www.notibras.com\\\/site\\\/#\\\/schema\\\/logo\\\/image\\\/\"},\"sameAs\":[\"https:\\\/\\\/www.facebook.com\\\/notibras\\\/\",\"https:\\\/\\\/x.com\\\/Notibras\",\"https:\\\/\\\/www.instagram.com\\\/notibras\\\/\"]},{\"@type\":\"Person\",\"@id\":\"https:\\\/\\\/www.notibras.com\\\/site\\\/#\\\/schema\\\/person\\\/36ab0979449956132d3e5b517ea76ac8\",\"name\":\"Reda\u00e7\u00e3o\",\"image\":{\"@type\":\"ImageObject\",\"inLanguage\":\"pt-BR\",\"@id\":\"https:\\\/\\\/secure.gravatar.com\\\/avatar\\\/e0a867bdedb85fd243eadf09663511f96fc81e0720a4a42581f334ad4303aa6b?s=96&d=mm&r=g\",\"url\":\"https:\\\/\\\/secure.gravatar.com\\\/avatar\\\/e0a867bdedb85fd243eadf09663511f96fc81e0720a4a42581f334ad4303aa6b?s=96&d=mm&r=g\",\"contentUrl\":\"https:\\\/\\\/secure.gravatar.com\\\/avatar\\\/e0a867bdedb85fd243eadf09663511f96fc81e0720a4a42581f334ad4303aa6b?s=96&d=mm&r=g\",\"caption\":\"Reda\u00e7\u00e3o\"}}]}<\/script>\n<!-- \/ Yoast SEO plugin. -->","yoast_head_json":{"title":"D\u2019Or debate avan\u00e7os recentes na \u00e1rea de hematologia - Notibras","robots":{"index":"index","follow":"follow","max-snippet":"max-snippet:-1","max-image-preview":"max-image-preview:large","max-video-preview":"max-video-preview:-1"},"canonical":"https:\/\/www.notibras.com\/site\/dor-debate-avancos-recentes-na-area-de-hematologia\/","og_locale":"pt_BR","og_type":"article","og_title":"D\u2019Or debate avan\u00e7os recentes na \u00e1rea de hematologia - Notibras","og_description":"Avan\u00e7os tecnol\u00f3gicos no diagn\u00f3stico e estrat\u00e9gias atuais e emergentes para o tratamento das neoplasias hematol\u00f3gicas ser\u00e3o apresentados no IX Simp\u00f3sio Internacional de Hematologia da Oncologia D\u2019Or, que acontece nos dias 24 e 25 de maio, no B Hotel, em Bras\u00edlia. O evento tem como objetivo aprimorar o conhecimento dos participantes na aplica\u00e7\u00e3o de dados cl\u00ednicos [&hellip;]","og_url":"https:\/\/www.notibras.com\/site\/dor-debate-avancos-recentes-na-area-de-hematologia\/","og_site_name":"Notibras","article_publisher":"https:\/\/www.facebook.com\/notibras\/","article_published_time":"2024-05-15T03:00:39+00:00","article_modified_time":"2024-05-15T11:50:49+00:00","og_image":[{"width":1170,"height":700,"url":"https:\/\/www.notibras.com\/site\/wp-content\/uploads\/2023\/05\/pronto-socorro_do_hospital_de_santa_maria_recebe_30_enfermeiros_voluntarios_25556795627.jpg","type":"image\/jpeg"}],"author":"Reda\u00e7\u00e3o","twitter_card":"summary_large_image","twitter_creator":"@Notibras","twitter_site":"@Notibras","twitter_misc":{"Escrito por":"Reda\u00e7\u00e3o","Est. tempo de leitura":"3 minutos"},"schema":{"@context":"https:\/\/schema.org","@graph":[{"@type":"Article","@id":"https:\/\/www.notibras.com\/site\/dor-debate-avancos-recentes-na-area-de-hematologia\/#article","isPartOf":{"@id":"https:\/\/www.notibras.com\/site\/dor-debate-avancos-recentes-na-area-de-hematologia\/"},"author":{"name":"Reda\u00e7\u00e3o","@id":"https:\/\/www.notibras.com\/site\/#\/schema\/person\/36ab0979449956132d3e5b517ea76ac8"},"headline":"D\u2019Or debate avan\u00e7os recentes na \u00e1rea de hematologia","datePublished":"2024-05-15T03:00:39+00:00","dateModified":"2024-05-15T11:50:49+00:00","mainEntityOfPage":{"@id":"https:\/\/www.notibras.com\/site\/dor-debate-avancos-recentes-na-area-de-hematologia\/"},"wordCount":397,"publisher":{"@id":"https:\/\/www.notibras.com\/site\/#organization"},"image":{"@id":"https:\/\/www.notibras.com\/site\/dor-debate-avancos-recentes-na-area-de-hematologia\/#primaryimage"},"thumbnailUrl":"https:\/\/www.notibras.com\/site\/wp-content\/uploads\/2023\/05\/pronto-socorro_do_hospital_de_santa_maria_recebe_30_enfermeiros_voluntarios_25556795627.jpg","articleSection":["Quadradinho em Foco"],"inLanguage":"pt-BR"},{"@type":"WebPage","@id":"https:\/\/www.notibras.com\/site\/dor-debate-avancos-recentes-na-area-de-hematologia\/","url":"https:\/\/www.notibras.com\/site\/dor-debate-avancos-recentes-na-area-de-hematologia\/","name":"D\u2019Or debate avan\u00e7os recentes na \u00e1rea de hematologia - Notibras","isPartOf":{"@id":"https:\/\/www.notibras.com\/site\/#website"},"primaryImageOfPage":{"@id":"https:\/\/www.notibras.com\/site\/dor-debate-avancos-recentes-na-area-de-hematologia\/#primaryimage"},"image":{"@id":"https:\/\/www.notibras.com\/site\/dor-debate-avancos-recentes-na-area-de-hematologia\/#primaryimage"},"thumbnailUrl":"https:\/\/www.notibras.com\/site\/wp-content\/uploads\/2023\/05\/pronto-socorro_do_hospital_de_santa_maria_recebe_30_enfermeiros_voluntarios_25556795627.jpg","datePublished":"2024-05-15T03:00:39+00:00","dateModified":"2024-05-15T11:50:49+00:00","breadcrumb":{"@id":"https:\/\/www.notibras.com\/site\/dor-debate-avancos-recentes-na-area-de-hematologia\/#breadcrumb"},"inLanguage":"pt-BR","potentialAction":[{"@type":"ReadAction","target":["https:\/\/www.notibras.com\/site\/dor-debate-avancos-recentes-na-area-de-hematologia\/"]}]},{"@type":"ImageObject","inLanguage":"pt-BR","@id":"https:\/\/www.notibras.com\/site\/dor-debate-avancos-recentes-na-area-de-hematologia\/#primaryimage","url":"https:\/\/www.notibras.com\/site\/wp-content\/uploads\/2023\/05\/pronto-socorro_do_hospital_de_santa_maria_recebe_30_enfermeiros_voluntarios_25556795627.jpg","contentUrl":"https:\/\/www.notibras.com\/site\/wp-content\/uploads\/2023\/05\/pronto-socorro_do_hospital_de_santa_maria_recebe_30_enfermeiros_voluntarios_25556795627.jpg","width":1170,"height":700,"caption":"Bras\u00edlia (DF) - Supremo Tribunal Federal (STF) dar\u00e1 continuidade ao julgamento a lei que obriga hospitais a criarem uma sala de descompress\u00e3o para enfermeiros, t\u00e9cnicos e auxiliares de enfermagem. Foto: Pedro Ventura\/Ag\u00eancia Bras\u00edlia\/Divulga\u00e7\u0101o."},{"@type":"BreadcrumbList","@id":"https:\/\/www.notibras.com\/site\/dor-debate-avancos-recentes-na-area-de-hematologia\/#breadcrumb","itemListElement":[{"@type":"ListItem","position":1,"name":"In\u00edcio","item":"https:\/\/www.notibras.com\/site\/"},{"@type":"ListItem","position":2,"name":"D\u2019Or debate avan\u00e7os recentes na \u00e1rea de hematologia"}]},{"@type":"WebSite","@id":"https:\/\/www.notibras.com\/site\/#website","url":"https:\/\/www.notibras.com\/site\/","name":"Notibras","description":"Not\u00edcias de Bras\u00edlia, do Brasil e do Mundo","publisher":{"@id":"https:\/\/www.notibras.com\/site\/#organization"},"potentialAction":[{"@type":"SearchAction","target":{"@type":"EntryPoint","urlTemplate":"https:\/\/www.notibras.com\/site\/?s={search_term_string}"},"query-input":{"@type":"PropertyValueSpecification","valueRequired":true,"valueName":"search_term_string"}}],"inLanguage":"pt-BR"},{"@type":"Organization","@id":"https:\/\/www.notibras.com\/site\/#organization","name":"Grupo Notibras de Comunica\u00e7\u00e3o","url":"https:\/\/www.notibras.com\/site\/","logo":{"@type":"ImageObject","inLanguage":"pt-BR","@id":"https:\/\/www.notibras.com\/site\/#\/schema\/logo\/image\/","url":"https:\/\/www.notibras.com\/site\/wp-content\/uploads\/2023\/01\/notibras23.png","contentUrl":"https:\/\/www.notibras.com\/site\/wp-content\/uploads\/2023\/01\/notibras23.png","width":350,"height":87,"caption":"Grupo Notibras de Comunica\u00e7\u00e3o"},"image":{"@id":"https:\/\/www.notibras.com\/site\/#\/schema\/logo\/image\/"},"sameAs":["https:\/\/www.facebook.com\/notibras\/","https:\/\/x.com\/Notibras","https:\/\/www.instagram.com\/notibras\/"]},{"@type":"Person","@id":"https:\/\/www.notibras.com\/site\/#\/schema\/person\/36ab0979449956132d3e5b517ea76ac8","name":"Reda\u00e7\u00e3o","image":{"@type":"ImageObject","inLanguage":"pt-BR","@id":"https:\/\/secure.gravatar.com\/avatar\/e0a867bdedb85fd243eadf09663511f96fc81e0720a4a42581f334ad4303aa6b?s=96&d=mm&r=g","url":"https:\/\/secure.gravatar.com\/avatar\/e0a867bdedb85fd243eadf09663511f96fc81e0720a4a42581f334ad4303aa6b?s=96&d=mm&r=g","contentUrl":"https:\/\/secure.gravatar.com\/avatar\/e0a867bdedb85fd243eadf09663511f96fc81e0720a4a42581f334ad4303aa6b?s=96&d=mm&r=g","caption":"Reda\u00e7\u00e3o"}}]}},"amp_enabled":true,"_links":{"self":[{"href":"https:\/\/www.notibras.com\/site\/wp-json\/wp\/v2\/posts\/328752","targetHints":{"allow":["GET"]}}],"collection":[{"href":"https:\/\/www.notibras.com\/site\/wp-json\/wp\/v2\/posts"}],"about":[{"href":"https:\/\/www.notibras.com\/site\/wp-json\/wp\/v2\/types\/post"}],"author":[{"embeddable":true,"href":"https:\/\/www.notibras.com\/site\/wp-json\/wp\/v2\/users\/2"}],"replies":[{"embeddable":true,"href":"https:\/\/www.notibras.com\/site\/wp-json\/wp\/v2\/comments?post=328752"}],"version-history":[{"count":1,"href":"https:\/\/www.notibras.com\/site\/wp-json\/wp\/v2\/posts\/328752\/revisions"}],"predecessor-version":[{"id":328753,"href":"https:\/\/www.notibras.com\/site\/wp-json\/wp\/v2\/posts\/328752\/revisions\/328753"}],"wp:featuredmedia":[{"embeddable":true,"href":"https:\/\/www.notibras.com\/site\/wp-json\/wp\/v2\/media\/305349"}],"wp:attachment":[{"href":"https:\/\/www.notibras.com\/site\/wp-json\/wp\/v2\/media?parent=328752"}],"wp:term":[{"taxonomy":"category","embeddable":true,"href":"https:\/\/www.notibras.com\/site\/wp-json\/wp\/v2\/categories?post=328752"},{"taxonomy":"post_tag","embeddable":true,"href":"https:\/\/www.notibras.com\/site\/wp-json\/wp\/v2\/tags?post=328752"}],"curies":[{"name":"wp","href":"https:\/\/api.w.org\/{rel}","templated":true}]}}