{"id":328769,"date":"2024-05-15T00:57:15","date_gmt":"2024-05-15T03:57:15","guid":{"rendered":"https:\/\/www.notibras.com\/site\/?p=328769"},"modified":"2024-05-15T09:58:34","modified_gmt":"2024-05-15T12:58:34","slug":"tse-derruba-decisao-que-deixou-grass-inelegivel-por-oito-anos","status":"publish","type":"post","link":"https:\/\/www.notibras.com\/site\/tse-derruba-decisao-que-deixou-grass-inelegivel-por-oito-anos\/","title":{"rendered":"TSE derruba decis\u00e3o que deixou Grass ineleg\u00edvel por oito anos"},"content":{"rendered":"<p>O Tribunal Superior Eleitoral (TSE) decidiu nesta quarta-feira (14) derrubar a decis\u00e3o que tornou ineleg\u00edvel Leandro Grass, candidato ao governo do Distrito Federal nas elei\u00e7\u00f5es de 2022.<\/p>\n<p>Por unanimidade, a maioria dos ministros aceitou recurso protocolado pela defesa do pol\u00edtico, segundo colocado no pleito. Atualmente, Grass \u00e9 presidente do Instituto do Patrim\u00f4nio Hist\u00f3rico e Art\u00edstico Nacional (Iphan).<\/p>\n<p>Em mar\u00e7o deste ano, o Tribunal Regional Eleitoral (TRE) do DF condenou Grass e Olgamir Amancia Ferreira, candidata \u00e0 vice, \u00e0 inelegibilidade por oito anos ap\u00f3s concluir que o candidato realizou campanha negativa contra o governador Ibaneis Rocha no hor\u00e1rio eleitoral gratuito e na internet.<\/p>\n<p>Ao analisar o recurso, o TSE seguiu voto proferido pelo ministro Andr\u00e9 Ramos Tavares. Para o ministro, n\u00e3o \u00e9 poss\u00edvel concluir pelas provas do processo que houve divulga\u00e7\u00e3o de desinforma\u00e7\u00e3o contra a campanha de Ibaneis.<\/p>\n<p>&#8220;Os elementos trazidos aos autos n\u00e3o s\u00e3o suficientes para afirmar a exist\u00eancia de veicula\u00e7\u00e3o de propaganda contendo not\u00edcias falsas sabidamente inver\u00eddicas ou gravemente descontextualizadas&#8221;, afirmou o ministro.<\/p>\n<p>Durante o julgamento, o advogado Jonatas Moreth Mariano, representante da campanha de Grass, afirmou que a campanha fez coloca\u00e7\u00f5es sobre o descumprimento de promessas de campanha no primeiro mandato de Ibaneis e n\u00e3o divulgou fatos sabidamente inver\u00eddicos.<\/p>\n<p>&#8220;O que tentou a coliga\u00e7\u00e3o recorrida foi calar a chapa oposicionista. Para a chapa recorrida n\u00e3o \u00e9 admiss\u00edvel criticar a gest\u00e3o, uma qualifica\u00e7\u00e3o de um governo incompetente ou mentiroso&#8221;, afirmou a defesa.<\/p>\n","protected":false},"excerpt":{"rendered":"<p>O Tribunal Superior Eleitoral (TSE) decidiu nesta quarta-feira (14) derrubar a decis\u00e3o que tornou ineleg\u00edvel Leandro Grass, candidato ao governo do Distrito Federal nas elei\u00e7\u00f5es de 2022. Por unanimidade, a maioria dos ministros aceitou recurso protocolado pela defesa do pol\u00edtico, segundo colocado no pleito. Atualmente, Grass \u00e9 presidente do Instituto do Patrim\u00f4nio Hist\u00f3rico e Art\u00edstico [&hellip;]<\/p>\n","protected":false},"author":2,"featured_media":328770,"comment_status":"closed","ping_status":"closed","sticky":false,"template":"","format":"standard","meta":{"_acf_changed":false,"footnotes":""},"categories":[161],"tags":[],"class_list":["post-328769","post","type-post","status-publish","format-standard","has-post-thumbnail","hentry","category-quadradinho-em-foco"],"acf":[],"yoast_head":"<!-- This site is optimized with the Yoast SEO plugin v27.5 - https:\/\/yoast.com\/product\/yoast-seo-wordpress\/ -->\n<title>TSE derruba decis\u00e3o que deixou Grass ineleg\u00edvel por oito anos - Notibras<\/title>\n<meta name=\"robots\" content=\"index, follow, max-snippet:-1, max-image-preview:large, max-video-preview:-1\" \/>\n<link rel=\"canonical\" href=\"https:\/\/www.notibras.com\/site\/tse-derruba-decisao-que-deixou-grass-inelegivel-por-oito-anos\/\" \/>\n<meta property=\"og:locale\" content=\"pt_BR\" \/>\n<meta property=\"og:type\" content=\"article\" \/>\n<meta property=\"og:title\" content=\"TSE derruba decis\u00e3o que deixou Grass ineleg\u00edvel por oito anos - Notibras\" \/>\n<meta property=\"og:description\" content=\"O Tribunal Superior Eleitoral (TSE) decidiu nesta quarta-feira (14) derrubar a decis\u00e3o que tornou ineleg\u00edvel Leandro Grass, candidato ao governo do Distrito Federal nas elei\u00e7\u00f5es de 2022. Por unanimidade, a maioria dos ministros aceitou recurso protocolado pela defesa do pol\u00edtico, segundo colocado no pleito. Atualmente, Grass \u00e9 presidente do Instituto do Patrim\u00f4nio Hist\u00f3rico e Art\u00edstico [&hellip;]\" \/>\n<meta property=\"og:url\" content=\"https:\/\/www.notibras.com\/site\/tse-derruba-decisao-que-deixou-grass-inelegivel-por-oito-anos\/\" \/>\n<meta property=\"og:site_name\" content=\"Notibras\" \/>\n<meta property=\"article:publisher\" content=\"https:\/\/www.facebook.com\/notibras\/\" \/>\n<meta property=\"article:published_time\" content=\"2024-05-15T03:57:15+00:00\" \/>\n<meta property=\"article:modified_time\" content=\"2024-05-15T12:58:34+00:00\" \/>\n<meta property=\"og:image\" content=\"https:\/\/www.notibras.com\/site\/wp-content\/uploads\/2024\/05\/grasstse.webp\" \/>\n\t<meta property=\"og:image:width\" content=\"1170\" \/>\n\t<meta property=\"og:image:height\" content=\"700\" \/>\n\t<meta property=\"og:image:type\" content=\"image\/webp\" \/>\n<meta name=\"author\" content=\"Reda\u00e7\u00e3o\" \/>\n<meta name=\"twitter:card\" content=\"summary_large_image\" \/>\n<meta name=\"twitter:creator\" content=\"@Notibras\" \/>\n<meta name=\"twitter:site\" content=\"@Notibras\" \/>\n<meta name=\"twitter:label1\" content=\"Escrito por\" \/>\n\t<meta name=\"twitter:data1\" content=\"Reda\u00e7\u00e3o\" \/>\n\t<meta name=\"twitter:label2\" content=\"Est. tempo de leitura\" \/>\n\t<meta name=\"twitter:data2\" content=\"2 minutos\" \/>\n<script type=\"application\/ld+json\" class=\"yoast-schema-graph\">{\"@context\":\"https:\\\/\\\/schema.org\",\"@graph\":[{\"@type\":\"Article\",\"@id\":\"https:\\\/\\\/www.notibras.com\\\/site\\\/tse-derruba-decisao-que-deixou-grass-inelegivel-por-oito-anos\\\/#article\",\"isPartOf\":{\"@id\":\"https:\\\/\\\/www.notibras.com\\\/site\\\/tse-derruba-decisao-que-deixou-grass-inelegivel-por-oito-anos\\\/\"},\"author\":{\"name\":\"Reda\u00e7\u00e3o\",\"@id\":\"https:\\\/\\\/www.notibras.com\\\/site\\\/#\\\/schema\\\/person\\\/36ab0979449956132d3e5b517ea76ac8\"},\"headline\":\"TSE derruba decis\u00e3o que deixou Grass ineleg\u00edvel por oito anos\",\"datePublished\":\"2024-05-15T03:57:15+00:00\",\"dateModified\":\"2024-05-15T12:58:34+00:00\",\"mainEntityOfPage\":{\"@id\":\"https:\\\/\\\/www.notibras.com\\\/site\\\/tse-derruba-decisao-que-deixou-grass-inelegivel-por-oito-anos\\\/\"},\"wordCount\":266,\"publisher\":{\"@id\":\"https:\\\/\\\/www.notibras.com\\\/site\\\/#organization\"},\"image\":{\"@id\":\"https:\\\/\\\/www.notibras.com\\\/site\\\/tse-derruba-decisao-que-deixou-grass-inelegivel-por-oito-anos\\\/#primaryimage\"},\"thumbnailUrl\":\"https:\\\/\\\/www.notibras.com\\\/site\\\/wp-content\\\/uploads\\\/2024\\\/05\\\/grasstse.webp\",\"articleSection\":[\"Quadradinho em Foco\"],\"inLanguage\":\"pt-BR\"},{\"@type\":\"WebPage\",\"@id\":\"https:\\\/\\\/www.notibras.com\\\/site\\\/tse-derruba-decisao-que-deixou-grass-inelegivel-por-oito-anos\\\/\",\"url\":\"https:\\\/\\\/www.notibras.com\\\/site\\\/tse-derruba-decisao-que-deixou-grass-inelegivel-por-oito-anos\\\/\",\"name\":\"TSE derruba decis\u00e3o que deixou Grass ineleg\u00edvel por oito anos - Notibras\",\"isPartOf\":{\"@id\":\"https:\\\/\\\/www.notibras.com\\\/site\\\/#website\"},\"primaryImageOfPage\":{\"@id\":\"https:\\\/\\\/www.notibras.com\\\/site\\\/tse-derruba-decisao-que-deixou-grass-inelegivel-por-oito-anos\\\/#primaryimage\"},\"image\":{\"@id\":\"https:\\\/\\\/www.notibras.com\\\/site\\\/tse-derruba-decisao-que-deixou-grass-inelegivel-por-oito-anos\\\/#primaryimage\"},\"thumbnailUrl\":\"https:\\\/\\\/www.notibras.com\\\/site\\\/wp-content\\\/uploads\\\/2024\\\/05\\\/grasstse.webp\",\"datePublished\":\"2024-05-15T03:57:15+00:00\",\"dateModified\":\"2024-05-15T12:58:34+00:00\",\"breadcrumb\":{\"@id\":\"https:\\\/\\\/www.notibras.com\\\/site\\\/tse-derruba-decisao-que-deixou-grass-inelegivel-por-oito-anos\\\/#breadcrumb\"},\"inLanguage\":\"pt-BR\",\"potentialAction\":[{\"@type\":\"ReadAction\",\"target\":[\"https:\\\/\\\/www.notibras.com\\\/site\\\/tse-derruba-decisao-que-deixou-grass-inelegivel-por-oito-anos\\\/\"]}]},{\"@type\":\"ImageObject\",\"inLanguage\":\"pt-BR\",\"@id\":\"https:\\\/\\\/www.notibras.com\\\/site\\\/tse-derruba-decisao-que-deixou-grass-inelegivel-por-oito-anos\\\/#primaryimage\",\"url\":\"https:\\\/\\\/www.notibras.com\\\/site\\\/wp-content\\\/uploads\\\/2024\\\/05\\\/grasstse.webp\",\"contentUrl\":\"https:\\\/\\\/www.notibras.com\\\/site\\\/wp-content\\\/uploads\\\/2024\\\/05\\\/grasstse.webp\",\"width\":1170,\"height\":700},{\"@type\":\"BreadcrumbList\",\"@id\":\"https:\\\/\\\/www.notibras.com\\\/site\\\/tse-derruba-decisao-que-deixou-grass-inelegivel-por-oito-anos\\\/#breadcrumb\",\"itemListElement\":[{\"@type\":\"ListItem\",\"position\":1,\"name\":\"In\u00edcio\",\"item\":\"https:\\\/\\\/www.notibras.com\\\/site\\\/\"},{\"@type\":\"ListItem\",\"position\":2,\"name\":\"TSE derruba decis\u00e3o que deixou Grass ineleg\u00edvel por oito anos\"}]},{\"@type\":\"WebSite\",\"@id\":\"https:\\\/\\\/www.notibras.com\\\/site\\\/#website\",\"url\":\"https:\\\/\\\/www.notibras.com\\\/site\\\/\",\"name\":\"Notibras\",\"description\":\"Not\u00edcias de Bras\u00edlia, do Brasil e do Mundo\",\"publisher\":{\"@id\":\"https:\\\/\\\/www.notibras.com\\\/site\\\/#organization\"},\"potentialAction\":[{\"@type\":\"SearchAction\",\"target\":{\"@type\":\"EntryPoint\",\"urlTemplate\":\"https:\\\/\\\/www.notibras.com\\\/site\\\/?s={search_term_string}\"},\"query-input\":{\"@type\":\"PropertyValueSpecification\",\"valueRequired\":true,\"valueName\":\"search_term_string\"}}],\"inLanguage\":\"pt-BR\"},{\"@type\":\"Organization\",\"@id\":\"https:\\\/\\\/www.notibras.com\\\/site\\\/#organization\",\"name\":\"Grupo Notibras de Comunica\u00e7\u00e3o\",\"url\":\"https:\\\/\\\/www.notibras.com\\\/site\\\/\",\"logo\":{\"@type\":\"ImageObject\",\"inLanguage\":\"pt-BR\",\"@id\":\"https:\\\/\\\/www.notibras.com\\\/site\\\/#\\\/schema\\\/logo\\\/image\\\/\",\"url\":\"https:\\\/\\\/www.notibras.com\\\/site\\\/wp-content\\\/uploads\\\/2023\\\/01\\\/notibras23.png\",\"contentUrl\":\"https:\\\/\\\/www.notibras.com\\\/site\\\/wp-content\\\/uploads\\\/2023\\\/01\\\/notibras23.png\",\"width\":350,\"height\":87,\"caption\":\"Grupo Notibras de Comunica\u00e7\u00e3o\"},\"image\":{\"@id\":\"https:\\\/\\\/www.notibras.com\\\/site\\\/#\\\/schema\\\/logo\\\/image\\\/\"},\"sameAs\":[\"https:\\\/\\\/www.facebook.com\\\/notibras\\\/\",\"https:\\\/\\\/x.com\\\/Notibras\",\"https:\\\/\\\/www.instagram.com\\\/notibras\\\/\"]},{\"@type\":\"Person\",\"@id\":\"https:\\\/\\\/www.notibras.com\\\/site\\\/#\\\/schema\\\/person\\\/36ab0979449956132d3e5b517ea76ac8\",\"name\":\"Reda\u00e7\u00e3o\",\"image\":{\"@type\":\"ImageObject\",\"inLanguage\":\"pt-BR\",\"@id\":\"https:\\\/\\\/secure.gravatar.com\\\/avatar\\\/e0a867bdedb85fd243eadf09663511f96fc81e0720a4a42581f334ad4303aa6b?s=96&d=mm&r=g\",\"url\":\"https:\\\/\\\/secure.gravatar.com\\\/avatar\\\/e0a867bdedb85fd243eadf09663511f96fc81e0720a4a42581f334ad4303aa6b?s=96&d=mm&r=g\",\"contentUrl\":\"https:\\\/\\\/secure.gravatar.com\\\/avatar\\\/e0a867bdedb85fd243eadf09663511f96fc81e0720a4a42581f334ad4303aa6b?s=96&d=mm&r=g\",\"caption\":\"Reda\u00e7\u00e3o\"}}]}<\/script>\n<!-- \/ Yoast SEO plugin. -->","yoast_head_json":{"title":"TSE derruba decis\u00e3o que deixou Grass ineleg\u00edvel por oito anos - Notibras","robots":{"index":"index","follow":"follow","max-snippet":"max-snippet:-1","max-image-preview":"max-image-preview:large","max-video-preview":"max-video-preview:-1"},"canonical":"https:\/\/www.notibras.com\/site\/tse-derruba-decisao-que-deixou-grass-inelegivel-por-oito-anos\/","og_locale":"pt_BR","og_type":"article","og_title":"TSE derruba decis\u00e3o que deixou Grass ineleg\u00edvel por oito anos - Notibras","og_description":"O Tribunal Superior Eleitoral (TSE) decidiu nesta quarta-feira (14) derrubar a decis\u00e3o que tornou ineleg\u00edvel Leandro Grass, candidato ao governo do Distrito Federal nas elei\u00e7\u00f5es de 2022. Por unanimidade, a maioria dos ministros aceitou recurso protocolado pela defesa do pol\u00edtico, segundo colocado no pleito. Atualmente, Grass \u00e9 presidente do Instituto do Patrim\u00f4nio Hist\u00f3rico e Art\u00edstico [&hellip;]","og_url":"https:\/\/www.notibras.com\/site\/tse-derruba-decisao-que-deixou-grass-inelegivel-por-oito-anos\/","og_site_name":"Notibras","article_publisher":"https:\/\/www.facebook.com\/notibras\/","article_published_time":"2024-05-15T03:57:15+00:00","article_modified_time":"2024-05-15T12:58:34+00:00","og_image":[{"width":1170,"height":700,"url":"https:\/\/www.notibras.com\/site\/wp-content\/uploads\/2024\/05\/grasstse.webp","type":"image\/webp"}],"author":"Reda\u00e7\u00e3o","twitter_card":"summary_large_image","twitter_creator":"@Notibras","twitter_site":"@Notibras","twitter_misc":{"Escrito por":"Reda\u00e7\u00e3o","Est. tempo de leitura":"2 minutos"},"schema":{"@context":"https:\/\/schema.org","@graph":[{"@type":"Article","@id":"https:\/\/www.notibras.com\/site\/tse-derruba-decisao-que-deixou-grass-inelegivel-por-oito-anos\/#article","isPartOf":{"@id":"https:\/\/www.notibras.com\/site\/tse-derruba-decisao-que-deixou-grass-inelegivel-por-oito-anos\/"},"author":{"name":"Reda\u00e7\u00e3o","@id":"https:\/\/www.notibras.com\/site\/#\/schema\/person\/36ab0979449956132d3e5b517ea76ac8"},"headline":"TSE derruba decis\u00e3o que deixou Grass ineleg\u00edvel por oito anos","datePublished":"2024-05-15T03:57:15+00:00","dateModified":"2024-05-15T12:58:34+00:00","mainEntityOfPage":{"@id":"https:\/\/www.notibras.com\/site\/tse-derruba-decisao-que-deixou-grass-inelegivel-por-oito-anos\/"},"wordCount":266,"publisher":{"@id":"https:\/\/www.notibras.com\/site\/#organization"},"image":{"@id":"https:\/\/www.notibras.com\/site\/tse-derruba-decisao-que-deixou-grass-inelegivel-por-oito-anos\/#primaryimage"},"thumbnailUrl":"https:\/\/www.notibras.com\/site\/wp-content\/uploads\/2024\/05\/grasstse.webp","articleSection":["Quadradinho em Foco"],"inLanguage":"pt-BR"},{"@type":"WebPage","@id":"https:\/\/www.notibras.com\/site\/tse-derruba-decisao-que-deixou-grass-inelegivel-por-oito-anos\/","url":"https:\/\/www.notibras.com\/site\/tse-derruba-decisao-que-deixou-grass-inelegivel-por-oito-anos\/","name":"TSE derruba decis\u00e3o que deixou Grass ineleg\u00edvel por oito anos - Notibras","isPartOf":{"@id":"https:\/\/www.notibras.com\/site\/#website"},"primaryImageOfPage":{"@id":"https:\/\/www.notibras.com\/site\/tse-derruba-decisao-que-deixou-grass-inelegivel-por-oito-anos\/#primaryimage"},"image":{"@id":"https:\/\/www.notibras.com\/site\/tse-derruba-decisao-que-deixou-grass-inelegivel-por-oito-anos\/#primaryimage"},"thumbnailUrl":"https:\/\/www.notibras.com\/site\/wp-content\/uploads\/2024\/05\/grasstse.webp","datePublished":"2024-05-15T03:57:15+00:00","dateModified":"2024-05-15T12:58:34+00:00","breadcrumb":{"@id":"https:\/\/www.notibras.com\/site\/tse-derruba-decisao-que-deixou-grass-inelegivel-por-oito-anos\/#breadcrumb"},"inLanguage":"pt-BR","potentialAction":[{"@type":"ReadAction","target":["https:\/\/www.notibras.com\/site\/tse-derruba-decisao-que-deixou-grass-inelegivel-por-oito-anos\/"]}]},{"@type":"ImageObject","inLanguage":"pt-BR","@id":"https:\/\/www.notibras.com\/site\/tse-derruba-decisao-que-deixou-grass-inelegivel-por-oito-anos\/#primaryimage","url":"https:\/\/www.notibras.com\/site\/wp-content\/uploads\/2024\/05\/grasstse.webp","contentUrl":"https:\/\/www.notibras.com\/site\/wp-content\/uploads\/2024\/05\/grasstse.webp","width":1170,"height":700},{"@type":"BreadcrumbList","@id":"https:\/\/www.notibras.com\/site\/tse-derruba-decisao-que-deixou-grass-inelegivel-por-oito-anos\/#breadcrumb","itemListElement":[{"@type":"ListItem","position":1,"name":"In\u00edcio","item":"https:\/\/www.notibras.com\/site\/"},{"@type":"ListItem","position":2,"name":"TSE derruba decis\u00e3o que deixou Grass ineleg\u00edvel por oito anos"}]},{"@type":"WebSite","@id":"https:\/\/www.notibras.com\/site\/#website","url":"https:\/\/www.notibras.com\/site\/","name":"Notibras","description":"Not\u00edcias de Bras\u00edlia, do Brasil e do Mundo","publisher":{"@id":"https:\/\/www.notibras.com\/site\/#organization"},"potentialAction":[{"@type":"SearchAction","target":{"@type":"EntryPoint","urlTemplate":"https:\/\/www.notibras.com\/site\/?s={search_term_string}"},"query-input":{"@type":"PropertyValueSpecification","valueRequired":true,"valueName":"search_term_string"}}],"inLanguage":"pt-BR"},{"@type":"Organization","@id":"https:\/\/www.notibras.com\/site\/#organization","name":"Grupo Notibras de Comunica\u00e7\u00e3o","url":"https:\/\/www.notibras.com\/site\/","logo":{"@type":"ImageObject","inLanguage":"pt-BR","@id":"https:\/\/www.notibras.com\/site\/#\/schema\/logo\/image\/","url":"https:\/\/www.notibras.com\/site\/wp-content\/uploads\/2023\/01\/notibras23.png","contentUrl":"https:\/\/www.notibras.com\/site\/wp-content\/uploads\/2023\/01\/notibras23.png","width":350,"height":87,"caption":"Grupo Notibras de Comunica\u00e7\u00e3o"},"image":{"@id":"https:\/\/www.notibras.com\/site\/#\/schema\/logo\/image\/"},"sameAs":["https:\/\/www.facebook.com\/notibras\/","https:\/\/x.com\/Notibras","https:\/\/www.instagram.com\/notibras\/"]},{"@type":"Person","@id":"https:\/\/www.notibras.com\/site\/#\/schema\/person\/36ab0979449956132d3e5b517ea76ac8","name":"Reda\u00e7\u00e3o","image":{"@type":"ImageObject","inLanguage":"pt-BR","@id":"https:\/\/secure.gravatar.com\/avatar\/e0a867bdedb85fd243eadf09663511f96fc81e0720a4a42581f334ad4303aa6b?s=96&d=mm&r=g","url":"https:\/\/secure.gravatar.com\/avatar\/e0a867bdedb85fd243eadf09663511f96fc81e0720a4a42581f334ad4303aa6b?s=96&d=mm&r=g","contentUrl":"https:\/\/secure.gravatar.com\/avatar\/e0a867bdedb85fd243eadf09663511f96fc81e0720a4a42581f334ad4303aa6b?s=96&d=mm&r=g","caption":"Reda\u00e7\u00e3o"}}]}},"amp_enabled":true,"_links":{"self":[{"href":"https:\/\/www.notibras.com\/site\/wp-json\/wp\/v2\/posts\/328769","targetHints":{"allow":["GET"]}}],"collection":[{"href":"https:\/\/www.notibras.com\/site\/wp-json\/wp\/v2\/posts"}],"about":[{"href":"https:\/\/www.notibras.com\/site\/wp-json\/wp\/v2\/types\/post"}],"author":[{"embeddable":true,"href":"https:\/\/www.notibras.com\/site\/wp-json\/wp\/v2\/users\/2"}],"replies":[{"embeddable":true,"href":"https:\/\/www.notibras.com\/site\/wp-json\/wp\/v2\/comments?post=328769"}],"version-history":[{"count":1,"href":"https:\/\/www.notibras.com\/site\/wp-json\/wp\/v2\/posts\/328769\/revisions"}],"predecessor-version":[{"id":328771,"href":"https:\/\/www.notibras.com\/site\/wp-json\/wp\/v2\/posts\/328769\/revisions\/328771"}],"wp:featuredmedia":[{"embeddable":true,"href":"https:\/\/www.notibras.com\/site\/wp-json\/wp\/v2\/media\/328770"}],"wp:attachment":[{"href":"https:\/\/www.notibras.com\/site\/wp-json\/wp\/v2\/media?parent=328769"}],"wp:term":[{"taxonomy":"category","embeddable":true,"href":"https:\/\/www.notibras.com\/site\/wp-json\/wp\/v2\/categories?post=328769"},{"taxonomy":"post_tag","embeddable":true,"href":"https:\/\/www.notibras.com\/site\/wp-json\/wp\/v2\/tags?post=328769"}],"curies":[{"name":"wp","href":"https:\/\/api.w.org\/{rel}","templated":true}]}}