{"id":328793,"date":"2024-05-15T11:56:22","date_gmt":"2024-05-15T14:56:22","guid":{"rendered":"https:\/\/www.notibras.com\/site\/?p=328793"},"modified":"2024-05-15T17:02:23","modified_gmt":"2024-05-15T20:02:23","slug":"brasiliense-comeca-a-receber-nova-dose-contra-a-covid","status":"publish","type":"post","link":"https:\/\/www.notibras.com\/site\/brasiliense-comeca-a-receber-nova-dose-contra-a-covid\/","title":{"rendered":"Brasiliense come\u00e7a a receber nova dose contra a covid"},"content":{"rendered":"<p>A Secretaria de Sa\u00fade do Distrito Federal come\u00e7ou a aplicar nesta quarta-feira (15), a vacina contra a covid-19 SpikeVax, da farmac\u00eautica Moderna. Os imunizantes se destinam a crian\u00e7as de at\u00e9 4 anos, conforme calend\u00e1rio de rotina, e como dose de refor\u00e7o para os seguintes grupos priorit\u00e1rios:<\/p>\n<p>pessoas com 60 anos ou mais;<br \/>\npessoas que vivem em institui\u00e7\u00f5es de longa perman\u00eancia;<br \/>\npessoas imunocomprometidas;<br \/>\ngestantes e pu\u00e9rperas;<br \/>\ntrabalhadores da sa\u00fade;<br \/>\npessoas com defici\u00eancia permanente;<br \/>\npessoas com comorbidades;<br \/>\npessoas privadas de liberdade;<br \/>\nadolescentes cumprindo medidas socioeducativas;<br \/>\nfuncion\u00e1rios do sistema de priva\u00e7\u00e3o de liberdade;<br \/>\nribeirinhos;<br \/>\nquilombolas;<br \/>\nind\u00edgenas.<\/p>\n<p>Em nota, a Secretaria de Sa\u00fade destacou que, independentemente do n\u00famero de doses pr\u00e9vias contra a covid-19, todos que pertencem aos grupos priorit\u00e1rios devem tomar uma dose ao ano da SpikeVax. No caso de pessoas com mais de 60 anos, imunocomprometidos e gestantes ou pu\u00e9rperas, a orienta\u00e7\u00e3o \u00e9 receber uma dose a cada seis meses.<\/p>\n<p>\u201cQuem estiver nessas tr\u00eas condi\u00e7\u00f5es e tiver tomado a vacina Pfizer Bivalente em 2024 deve retornar tr\u00eas meses ap\u00f3s a dose aplicada\u201d, ressaltou o \u00f3rg\u00e3o.<\/p>\n<p>Para receber a dose, \u00e9 necess\u00e1rio apresentar documento com foto e a caderneta de vacina\u00e7\u00e3o. Pessoas dos grupos priorit\u00e1rios devem apresentar ainda laudos m\u00e9dicos que apontem as comorbidades listadas ou comprovantes das atividades profissionais previstas, conforme o caso.<\/p>\n<p>S\u00e3o classificados como indiv\u00edduos imunocomprometidos ou em condi\u00e7\u00e3o de imunossupress\u00e3o:<\/p>\n<p>pessoas transplantadas de \u00f3rg\u00e3o s\u00f3lido ou medula \u00f3ssea;<br \/>\npessoas vivendo com HIV;<br \/>\npessoas com doen\u00e7as inflamat\u00f3rias imunomediadas em atividade e em uso de corticoide em doses iguais ou maiores que 20 miligramas (mg) ao dia de prednisona, ou equivalente, por 14 dias ou mais;<br \/>\ncrian\u00e7as de at\u00e9 10 quilos que receberam 2 mg ou mais de prednisona por dia, por mais de 14 dias;<br \/>\npessoas em uso de imunossupressores e\/ou imunibiol\u00f3gicos que levem \u00e0 imunossupress\u00e3o;<br \/>\npessoas com erros inatos de imunidade (imunodefici\u00eancias prim\u00e1rias);<br \/>\npessoas com doen\u00e7a renal cr\u00f4nica em hemodi\u00e1lise;<br \/>\npacientes oncol\u00f3gicos que realizam ou realizaram tratamento;<br \/>\nquimioter\u00e1pico ou radioter\u00e1pico que est\u00e3o em acompanhamento;<br \/>\npessoas com neoplasias hematol\u00f3gicas.<\/p>\n<p>J\u00e1 as comorbidades inclu\u00eddas como priorit\u00e1rias para a vacina\u00e7\u00e3o com a SpikeVax s\u00e3o:<\/p>\n<p>diabetes mellitus;<br \/>\npneumopatias cr\u00f4nicas graves;<br \/>\nhipertens\u00e3o arterial resistente (HAR);<br \/>\nhipertens\u00e3o arterial est\u00e1gio 3;<br \/>\nhipertens\u00e3o arterial est\u00e1gios 1 e 2 com les\u00e3o em \u00f3rg\u00e3o-alvo;<br \/>\ninsufici\u00eancia card\u00edaca;<br \/>\ncor pulmonale e hipertens\u00e3o pulmonar;<br \/>\ncardiopatia hipertensiva;<br \/>\ns\u00edndromes coronarianas;<br \/>\nvalvopatias;<br \/>\nmiocardiopatias e pericardiopatias;<br \/>\ndoen\u00e7as da aorta, dos grandes vasos e f\u00edstulas arteriovenosas;<br \/>\narritmias card\u00edacas;<br \/>\ncardiopatias cong\u00eanitas em adultos;<br \/>\npr\u00f3teses valvares e dispositivos card\u00edacos implantados;<br \/>\ndoen\u00e7as neurol\u00f3gicas cr\u00f4nicas e distrofias musculares;<br \/>\ndoen\u00e7a renal cr\u00f4nica;<br \/>\nhemoglobinopatias e disfun\u00e7\u00f5es espl\u00eanicas graves;<br \/>\nobesidade m\u00f3rbida (\u00edndice de massa corporal maior ou igual a 40);<br \/>\ns\u00edndrome de Down e outras trissomias;<br \/>\ndoen\u00e7a hep\u00e1tica cr\u00f4nica.<\/p>\n<p><strong>Entenda<\/strong><br \/>\nA aquisi\u00e7\u00e3o da nova vacina tem como proposta atualizar a prote\u00e7\u00e3o contra a covid-19, j\u00e1 que a SpikeVax protege contra variantes do v\u00edrus que surgiram mais recentemente, al\u00e9m de suas sublinhagens, como a VOI JN.1 e a VOI XBB 1.5.<\/p>\n<p>Ainda de acordo com a Secretaria de Sa\u00fade, a dose produzida pela Moderna pode ser administrada juntamente com outras vacinas, exceto a da dengue. \u201cNa pr\u00e1tica, \u00e9 poss\u00edvel atualizar diversos esquemas vacinais simultaneamente, incluindo, por exemplo, a vacina contra a gripe (influenza), t\u00e9tano, febre amarela, sempre de acordo com o calend\u00e1rio vacinal\u201d.<\/p>\n<p>A lista dos locais de vacina\u00e7\u00e3o no Distrito Federal pode ser acessada aqui.<\/p>\n","protected":false},"excerpt":{"rendered":"<p>A Secretaria de Sa\u00fade do Distrito Federal come\u00e7ou a aplicar nesta quarta-feira (15), a vacina contra a covid-19 SpikeVax, da farmac\u00eautica Moderna. Os imunizantes se destinam a crian\u00e7as de at\u00e9 4 anos, conforme calend\u00e1rio de rotina, e como dose de refor\u00e7o para os seguintes grupos priorit\u00e1rios: pessoas com 60 anos ou mais; pessoas que vivem [&hellip;]<\/p>\n","protected":false},"author":2,"featured_media":328794,"comment_status":"closed","ping_status":"closed","sticky":false,"template":"","format":"standard","meta":{"_acf_changed":false,"footnotes":""},"categories":[161],"tags":[],"class_list":["post-328793","post","type-post","status-publish","format-standard","has-post-thumbnail","hentry","category-quadradinho-em-foco"],"acf":[],"yoast_head":"<!-- This site is optimized with the Yoast SEO plugin v27.5 - https:\/\/yoast.com\/product\/yoast-seo-wordpress\/ -->\n<title>Brasiliense come\u00e7a a receber nova dose contra a covid - Notibras<\/title>\n<meta name=\"robots\" content=\"index, follow, max-snippet:-1, max-image-preview:large, max-video-preview:-1\" \/>\n<link rel=\"canonical\" href=\"https:\/\/www.notibras.com\/site\/brasiliense-comeca-a-receber-nova-dose-contra-a-covid\/\" \/>\n<meta property=\"og:locale\" content=\"pt_BR\" \/>\n<meta property=\"og:type\" content=\"article\" \/>\n<meta property=\"og:title\" content=\"Brasiliense come\u00e7a a receber nova dose contra a covid - Notibras\" \/>\n<meta property=\"og:description\" content=\"A Secretaria de Sa\u00fade do Distrito Federal come\u00e7ou a aplicar nesta quarta-feira (15), a vacina contra a covid-19 SpikeVax, da farmac\u00eautica Moderna. Os imunizantes se destinam a crian\u00e7as de at\u00e9 4 anos, conforme calend\u00e1rio de rotina, e como dose de refor\u00e7o para os seguintes grupos priorit\u00e1rios: pessoas com 60 anos ou mais; pessoas que vivem [&hellip;]\" \/>\n<meta property=\"og:url\" content=\"https:\/\/www.notibras.com\/site\/brasiliense-comeca-a-receber-nova-dose-contra-a-covid\/\" \/>\n<meta property=\"og:site_name\" content=\"Notibras\" \/>\n<meta property=\"article:publisher\" content=\"https:\/\/www.facebook.com\/notibras\/\" \/>\n<meta property=\"article:published_time\" content=\"2024-05-15T14:56:22+00:00\" \/>\n<meta property=\"article:modified_time\" content=\"2024-05-15T20:02:23+00:00\" \/>\n<meta property=\"og:image\" content=\"https:\/\/www.notibras.com\/site\/wp-content\/uploads\/2024\/05\/spikvax.webp\" \/>\n\t<meta property=\"og:image:width\" content=\"1170\" \/>\n\t<meta property=\"og:image:height\" content=\"700\" \/>\n\t<meta property=\"og:image:type\" content=\"image\/webp\" \/>\n<meta name=\"author\" content=\"Reda\u00e7\u00e3o\" \/>\n<meta name=\"twitter:card\" content=\"summary_large_image\" \/>\n<meta name=\"twitter:creator\" content=\"@Notibras\" \/>\n<meta name=\"twitter:site\" content=\"@Notibras\" \/>\n<meta name=\"twitter:label1\" content=\"Escrito por\" \/>\n\t<meta name=\"twitter:data1\" content=\"Reda\u00e7\u00e3o\" \/>\n\t<meta name=\"twitter:label2\" content=\"Est. tempo de leitura\" \/>\n\t<meta name=\"twitter:data2\" content=\"4 minutos\" \/>\n<script type=\"application\/ld+json\" class=\"yoast-schema-graph\">{\"@context\":\"https:\\\/\\\/schema.org\",\"@graph\":[{\"@type\":\"Article\",\"@id\":\"https:\\\/\\\/www.notibras.com\\\/site\\\/brasiliense-comeca-a-receber-nova-dose-contra-a-covid\\\/#article\",\"isPartOf\":{\"@id\":\"https:\\\/\\\/www.notibras.com\\\/site\\\/brasiliense-comeca-a-receber-nova-dose-contra-a-covid\\\/\"},\"author\":{\"name\":\"Reda\u00e7\u00e3o\",\"@id\":\"https:\\\/\\\/www.notibras.com\\\/site\\\/#\\\/schema\\\/person\\\/36ab0979449956132d3e5b517ea76ac8\"},\"headline\":\"Brasiliense come\u00e7a a receber nova dose contra a covid\",\"datePublished\":\"2024-05-15T14:56:22+00:00\",\"dateModified\":\"2024-05-15T20:02:23+00:00\",\"mainEntityOfPage\":{\"@id\":\"https:\\\/\\\/www.notibras.com\\\/site\\\/brasiliense-comeca-a-receber-nova-dose-contra-a-covid\\\/\"},\"wordCount\":628,\"publisher\":{\"@id\":\"https:\\\/\\\/www.notibras.com\\\/site\\\/#organization\"},\"image\":{\"@id\":\"https:\\\/\\\/www.notibras.com\\\/site\\\/brasiliense-comeca-a-receber-nova-dose-contra-a-covid\\\/#primaryimage\"},\"thumbnailUrl\":\"https:\\\/\\\/www.notibras.com\\\/site\\\/wp-content\\\/uploads\\\/2024\\\/05\\\/spikvax.webp\",\"articleSection\":[\"Quadradinho em Foco\"],\"inLanguage\":\"pt-BR\"},{\"@type\":\"WebPage\",\"@id\":\"https:\\\/\\\/www.notibras.com\\\/site\\\/brasiliense-comeca-a-receber-nova-dose-contra-a-covid\\\/\",\"url\":\"https:\\\/\\\/www.notibras.com\\\/site\\\/brasiliense-comeca-a-receber-nova-dose-contra-a-covid\\\/\",\"name\":\"Brasiliense come\u00e7a a receber nova dose contra a covid - Notibras\",\"isPartOf\":{\"@id\":\"https:\\\/\\\/www.notibras.com\\\/site\\\/#website\"},\"primaryImageOfPage\":{\"@id\":\"https:\\\/\\\/www.notibras.com\\\/site\\\/brasiliense-comeca-a-receber-nova-dose-contra-a-covid\\\/#primaryimage\"},\"image\":{\"@id\":\"https:\\\/\\\/www.notibras.com\\\/site\\\/brasiliense-comeca-a-receber-nova-dose-contra-a-covid\\\/#primaryimage\"},\"thumbnailUrl\":\"https:\\\/\\\/www.notibras.com\\\/site\\\/wp-content\\\/uploads\\\/2024\\\/05\\\/spikvax.webp\",\"datePublished\":\"2024-05-15T14:56:22+00:00\",\"dateModified\":\"2024-05-15T20:02:23+00:00\",\"breadcrumb\":{\"@id\":\"https:\\\/\\\/www.notibras.com\\\/site\\\/brasiliense-comeca-a-receber-nova-dose-contra-a-covid\\\/#breadcrumb\"},\"inLanguage\":\"pt-BR\",\"potentialAction\":[{\"@type\":\"ReadAction\",\"target\":[\"https:\\\/\\\/www.notibras.com\\\/site\\\/brasiliense-comeca-a-receber-nova-dose-contra-a-covid\\\/\"]}]},{\"@type\":\"ImageObject\",\"inLanguage\":\"pt-BR\",\"@id\":\"https:\\\/\\\/www.notibras.com\\\/site\\\/brasiliense-comeca-a-receber-nova-dose-contra-a-covid\\\/#primaryimage\",\"url\":\"https:\\\/\\\/www.notibras.com\\\/site\\\/wp-content\\\/uploads\\\/2024\\\/05\\\/spikvax.webp\",\"contentUrl\":\"https:\\\/\\\/www.notibras.com\\\/site\\\/wp-content\\\/uploads\\\/2024\\\/05\\\/spikvax.webp\",\"width\":1170,\"height\":700},{\"@type\":\"BreadcrumbList\",\"@id\":\"https:\\\/\\\/www.notibras.com\\\/site\\\/brasiliense-comeca-a-receber-nova-dose-contra-a-covid\\\/#breadcrumb\",\"itemListElement\":[{\"@type\":\"ListItem\",\"position\":1,\"name\":\"In\u00edcio\",\"item\":\"https:\\\/\\\/www.notibras.com\\\/site\\\/\"},{\"@type\":\"ListItem\",\"position\":2,\"name\":\"Brasiliense come\u00e7a a receber nova dose contra a covid\"}]},{\"@type\":\"WebSite\",\"@id\":\"https:\\\/\\\/www.notibras.com\\\/site\\\/#website\",\"url\":\"https:\\\/\\\/www.notibras.com\\\/site\\\/\",\"name\":\"Notibras\",\"description\":\"Not\u00edcias de Bras\u00edlia, do Brasil e do Mundo\",\"publisher\":{\"@id\":\"https:\\\/\\\/www.notibras.com\\\/site\\\/#organization\"},\"potentialAction\":[{\"@type\":\"SearchAction\",\"target\":{\"@type\":\"EntryPoint\",\"urlTemplate\":\"https:\\\/\\\/www.notibras.com\\\/site\\\/?s={search_term_string}\"},\"query-input\":{\"@type\":\"PropertyValueSpecification\",\"valueRequired\":true,\"valueName\":\"search_term_string\"}}],\"inLanguage\":\"pt-BR\"},{\"@type\":\"Organization\",\"@id\":\"https:\\\/\\\/www.notibras.com\\\/site\\\/#organization\",\"name\":\"Grupo Notibras de Comunica\u00e7\u00e3o\",\"url\":\"https:\\\/\\\/www.notibras.com\\\/site\\\/\",\"logo\":{\"@type\":\"ImageObject\",\"inLanguage\":\"pt-BR\",\"@id\":\"https:\\\/\\\/www.notibras.com\\\/site\\\/#\\\/schema\\\/logo\\\/image\\\/\",\"url\":\"https:\\\/\\\/www.notibras.com\\\/site\\\/wp-content\\\/uploads\\\/2023\\\/01\\\/notibras23.png\",\"contentUrl\":\"https:\\\/\\\/www.notibras.com\\\/site\\\/wp-content\\\/uploads\\\/2023\\\/01\\\/notibras23.png\",\"width\":350,\"height\":87,\"caption\":\"Grupo Notibras de Comunica\u00e7\u00e3o\"},\"image\":{\"@id\":\"https:\\\/\\\/www.notibras.com\\\/site\\\/#\\\/schema\\\/logo\\\/image\\\/\"},\"sameAs\":[\"https:\\\/\\\/www.facebook.com\\\/notibras\\\/\",\"https:\\\/\\\/x.com\\\/Notibras\",\"https:\\\/\\\/www.instagram.com\\\/notibras\\\/\"]},{\"@type\":\"Person\",\"@id\":\"https:\\\/\\\/www.notibras.com\\\/site\\\/#\\\/schema\\\/person\\\/36ab0979449956132d3e5b517ea76ac8\",\"name\":\"Reda\u00e7\u00e3o\",\"image\":{\"@type\":\"ImageObject\",\"inLanguage\":\"pt-BR\",\"@id\":\"https:\\\/\\\/secure.gravatar.com\\\/avatar\\\/e0a867bdedb85fd243eadf09663511f96fc81e0720a4a42581f334ad4303aa6b?s=96&d=mm&r=g\",\"url\":\"https:\\\/\\\/secure.gravatar.com\\\/avatar\\\/e0a867bdedb85fd243eadf09663511f96fc81e0720a4a42581f334ad4303aa6b?s=96&d=mm&r=g\",\"contentUrl\":\"https:\\\/\\\/secure.gravatar.com\\\/avatar\\\/e0a867bdedb85fd243eadf09663511f96fc81e0720a4a42581f334ad4303aa6b?s=96&d=mm&r=g\",\"caption\":\"Reda\u00e7\u00e3o\"}}]}<\/script>\n<!-- \/ Yoast SEO plugin. -->","yoast_head_json":{"title":"Brasiliense come\u00e7a a receber nova dose contra a covid - Notibras","robots":{"index":"index","follow":"follow","max-snippet":"max-snippet:-1","max-image-preview":"max-image-preview:large","max-video-preview":"max-video-preview:-1"},"canonical":"https:\/\/www.notibras.com\/site\/brasiliense-comeca-a-receber-nova-dose-contra-a-covid\/","og_locale":"pt_BR","og_type":"article","og_title":"Brasiliense come\u00e7a a receber nova dose contra a covid - Notibras","og_description":"A Secretaria de Sa\u00fade do Distrito Federal come\u00e7ou a aplicar nesta quarta-feira (15), a vacina contra a covid-19 SpikeVax, da farmac\u00eautica Moderna. Os imunizantes se destinam a crian\u00e7as de at\u00e9 4 anos, conforme calend\u00e1rio de rotina, e como dose de refor\u00e7o para os seguintes grupos priorit\u00e1rios: pessoas com 60 anos ou mais; pessoas que vivem [&hellip;]","og_url":"https:\/\/www.notibras.com\/site\/brasiliense-comeca-a-receber-nova-dose-contra-a-covid\/","og_site_name":"Notibras","article_publisher":"https:\/\/www.facebook.com\/notibras\/","article_published_time":"2024-05-15T14:56:22+00:00","article_modified_time":"2024-05-15T20:02:23+00:00","og_image":[{"width":1170,"height":700,"url":"https:\/\/www.notibras.com\/site\/wp-content\/uploads\/2024\/05\/spikvax.webp","type":"image\/webp"}],"author":"Reda\u00e7\u00e3o","twitter_card":"summary_large_image","twitter_creator":"@Notibras","twitter_site":"@Notibras","twitter_misc":{"Escrito por":"Reda\u00e7\u00e3o","Est. tempo de leitura":"4 minutos"},"schema":{"@context":"https:\/\/schema.org","@graph":[{"@type":"Article","@id":"https:\/\/www.notibras.com\/site\/brasiliense-comeca-a-receber-nova-dose-contra-a-covid\/#article","isPartOf":{"@id":"https:\/\/www.notibras.com\/site\/brasiliense-comeca-a-receber-nova-dose-contra-a-covid\/"},"author":{"name":"Reda\u00e7\u00e3o","@id":"https:\/\/www.notibras.com\/site\/#\/schema\/person\/36ab0979449956132d3e5b517ea76ac8"},"headline":"Brasiliense come\u00e7a a receber nova dose contra a covid","datePublished":"2024-05-15T14:56:22+00:00","dateModified":"2024-05-15T20:02:23+00:00","mainEntityOfPage":{"@id":"https:\/\/www.notibras.com\/site\/brasiliense-comeca-a-receber-nova-dose-contra-a-covid\/"},"wordCount":628,"publisher":{"@id":"https:\/\/www.notibras.com\/site\/#organization"},"image":{"@id":"https:\/\/www.notibras.com\/site\/brasiliense-comeca-a-receber-nova-dose-contra-a-covid\/#primaryimage"},"thumbnailUrl":"https:\/\/www.notibras.com\/site\/wp-content\/uploads\/2024\/05\/spikvax.webp","articleSection":["Quadradinho em Foco"],"inLanguage":"pt-BR"},{"@type":"WebPage","@id":"https:\/\/www.notibras.com\/site\/brasiliense-comeca-a-receber-nova-dose-contra-a-covid\/","url":"https:\/\/www.notibras.com\/site\/brasiliense-comeca-a-receber-nova-dose-contra-a-covid\/","name":"Brasiliense come\u00e7a a receber nova dose contra a covid - Notibras","isPartOf":{"@id":"https:\/\/www.notibras.com\/site\/#website"},"primaryImageOfPage":{"@id":"https:\/\/www.notibras.com\/site\/brasiliense-comeca-a-receber-nova-dose-contra-a-covid\/#primaryimage"},"image":{"@id":"https:\/\/www.notibras.com\/site\/brasiliense-comeca-a-receber-nova-dose-contra-a-covid\/#primaryimage"},"thumbnailUrl":"https:\/\/www.notibras.com\/site\/wp-content\/uploads\/2024\/05\/spikvax.webp","datePublished":"2024-05-15T14:56:22+00:00","dateModified":"2024-05-15T20:02:23+00:00","breadcrumb":{"@id":"https:\/\/www.notibras.com\/site\/brasiliense-comeca-a-receber-nova-dose-contra-a-covid\/#breadcrumb"},"inLanguage":"pt-BR","potentialAction":[{"@type":"ReadAction","target":["https:\/\/www.notibras.com\/site\/brasiliense-comeca-a-receber-nova-dose-contra-a-covid\/"]}]},{"@type":"ImageObject","inLanguage":"pt-BR","@id":"https:\/\/www.notibras.com\/site\/brasiliense-comeca-a-receber-nova-dose-contra-a-covid\/#primaryimage","url":"https:\/\/www.notibras.com\/site\/wp-content\/uploads\/2024\/05\/spikvax.webp","contentUrl":"https:\/\/www.notibras.com\/site\/wp-content\/uploads\/2024\/05\/spikvax.webp","width":1170,"height":700},{"@type":"BreadcrumbList","@id":"https:\/\/www.notibras.com\/site\/brasiliense-comeca-a-receber-nova-dose-contra-a-covid\/#breadcrumb","itemListElement":[{"@type":"ListItem","position":1,"name":"In\u00edcio","item":"https:\/\/www.notibras.com\/site\/"},{"@type":"ListItem","position":2,"name":"Brasiliense come\u00e7a a receber nova dose contra a covid"}]},{"@type":"WebSite","@id":"https:\/\/www.notibras.com\/site\/#website","url":"https:\/\/www.notibras.com\/site\/","name":"Notibras","description":"Not\u00edcias de Bras\u00edlia, do Brasil e do Mundo","publisher":{"@id":"https:\/\/www.notibras.com\/site\/#organization"},"potentialAction":[{"@type":"SearchAction","target":{"@type":"EntryPoint","urlTemplate":"https:\/\/www.notibras.com\/site\/?s={search_term_string}"},"query-input":{"@type":"PropertyValueSpecification","valueRequired":true,"valueName":"search_term_string"}}],"inLanguage":"pt-BR"},{"@type":"Organization","@id":"https:\/\/www.notibras.com\/site\/#organization","name":"Grupo Notibras de Comunica\u00e7\u00e3o","url":"https:\/\/www.notibras.com\/site\/","logo":{"@type":"ImageObject","inLanguage":"pt-BR","@id":"https:\/\/www.notibras.com\/site\/#\/schema\/logo\/image\/","url":"https:\/\/www.notibras.com\/site\/wp-content\/uploads\/2023\/01\/notibras23.png","contentUrl":"https:\/\/www.notibras.com\/site\/wp-content\/uploads\/2023\/01\/notibras23.png","width":350,"height":87,"caption":"Grupo Notibras de Comunica\u00e7\u00e3o"},"image":{"@id":"https:\/\/www.notibras.com\/site\/#\/schema\/logo\/image\/"},"sameAs":["https:\/\/www.facebook.com\/notibras\/","https:\/\/x.com\/Notibras","https:\/\/www.instagram.com\/notibras\/"]},{"@type":"Person","@id":"https:\/\/www.notibras.com\/site\/#\/schema\/person\/36ab0979449956132d3e5b517ea76ac8","name":"Reda\u00e7\u00e3o","image":{"@type":"ImageObject","inLanguage":"pt-BR","@id":"https:\/\/secure.gravatar.com\/avatar\/e0a867bdedb85fd243eadf09663511f96fc81e0720a4a42581f334ad4303aa6b?s=96&d=mm&r=g","url":"https:\/\/secure.gravatar.com\/avatar\/e0a867bdedb85fd243eadf09663511f96fc81e0720a4a42581f334ad4303aa6b?s=96&d=mm&r=g","contentUrl":"https:\/\/secure.gravatar.com\/avatar\/e0a867bdedb85fd243eadf09663511f96fc81e0720a4a42581f334ad4303aa6b?s=96&d=mm&r=g","caption":"Reda\u00e7\u00e3o"}}]}},"amp_enabled":true,"_links":{"self":[{"href":"https:\/\/www.notibras.com\/site\/wp-json\/wp\/v2\/posts\/328793","targetHints":{"allow":["GET"]}}],"collection":[{"href":"https:\/\/www.notibras.com\/site\/wp-json\/wp\/v2\/posts"}],"about":[{"href":"https:\/\/www.notibras.com\/site\/wp-json\/wp\/v2\/types\/post"}],"author":[{"embeddable":true,"href":"https:\/\/www.notibras.com\/site\/wp-json\/wp\/v2\/users\/2"}],"replies":[{"embeddable":true,"href":"https:\/\/www.notibras.com\/site\/wp-json\/wp\/v2\/comments?post=328793"}],"version-history":[{"count":1,"href":"https:\/\/www.notibras.com\/site\/wp-json\/wp\/v2\/posts\/328793\/revisions"}],"predecessor-version":[{"id":328795,"href":"https:\/\/www.notibras.com\/site\/wp-json\/wp\/v2\/posts\/328793\/revisions\/328795"}],"wp:featuredmedia":[{"embeddable":true,"href":"https:\/\/www.notibras.com\/site\/wp-json\/wp\/v2\/media\/328794"}],"wp:attachment":[{"href":"https:\/\/www.notibras.com\/site\/wp-json\/wp\/v2\/media?parent=328793"}],"wp:term":[{"taxonomy":"category","embeddable":true,"href":"https:\/\/www.notibras.com\/site\/wp-json\/wp\/v2\/categories?post=328793"},{"taxonomy":"post_tag","embeddable":true,"href":"https:\/\/www.notibras.com\/site\/wp-json\/wp\/v2\/tags?post=328793"}],"curies":[{"name":"wp","href":"https:\/\/api.w.org\/{rel}","templated":true}]}}