{"id":328807,"date":"2024-05-15T18:42:30","date_gmt":"2024-05-15T21:42:30","guid":{"rendered":"https:\/\/www.notibras.com\/site\/?p=328807"},"modified":"2024-05-15T19:44:34","modified_gmt":"2024-05-15T22:44:34","slug":"governo-propoe-aumento-de-13-a-31-a-professores","status":"publish","type":"post","link":"https:\/\/www.notibras.com\/site\/governo-propoe-aumento-de-13-a-31-a-professores\/","title":{"rendered":"Governo prop\u00f5e aumento de 13% a 31% a professores"},"content":{"rendered":"<p>Em greve h\u00e1 um m\u00eas, os professores de universidades e col\u00e9gios federais receberam uma proposta de aumento de 13,3% a 31% at\u00e9 2026. No entanto, os aumentos s\u00f3 come\u00e7ariam em 2025.<\/p>\n<p>Os \u00edndices de reajustes deixar\u00e3o de ser unificados e variar\u00e3o com base na categoria. Os que ganham mais ter\u00e3o o aumento m\u00ednimo de 13,3%. Quem recebe menos ganhar\u00e1 o reajuste m\u00e1ximo de 31%. Segundo o Sindicato Nacional dos Docentes das Institui\u00e7\u00f5es de Ensino Superior (Andes), essa \u00e9 a \u00faltima oferta do Minist\u00e9rio da Gest\u00e3o e Inova\u00e7\u00e3o em Servi\u00e7os P\u00fablicos (MGI) aos professores de ensino superior.<\/p>\n<p>Com o reajuste linear de 9% concedido ao funcionalismo federal em 2023, o aumento total, informou o MGI, ficar\u00e1 entre 23% e 43% no acumulado de quatro anos. A pasta ressaltou que o governo melhorou a oferta em todos os cen\u00e1rios e que os professores ter\u00e3o aumento acima da infla\u00e7\u00e3o estimada em 15% entre 2023 e 2026.<\/p>\n<p>A proposta anterior previa reajuste zero em 2024, 9% em 2025 e 3,5% em 2026. Somado ao reajuste linear de 9% concedido ao funcionalismo federal no ano passado, o aumento total chegaria a 21,5% no acumulado de quatro anos.<\/p>\n<p>Com a proposta em m\u00e3os, o Andes far\u00e1 novas rodadas de assembleias para definir a resposta a ser dada at\u00e9 o pr\u00f3ximo dia 27. Originalmente, os professores esperam contraproposta \u00e0 reinvindica\u00e7\u00e3o de reajuste salarial de 22,71%, com pagamento ainda no segundo semestre deste ano.<\/p>\n<p>Os professores querem tamb\u00e9m que o governo recomponha o or\u00e7amento das universidades federais e revogue normas que prejudicam a carreira docente, baixadas no governo anterior. Na ter\u00e7a-feira (21), o MGI se reunir\u00e1 com os t\u00e9cnicos administrativos das institui\u00e7\u00f5es de ensino superior, que est\u00e3o em greve desde o in\u00edcio de mar\u00e7o, para apresentar uma proposta.<\/p>\n","protected":false},"excerpt":{"rendered":"<p>Em greve h\u00e1 um m\u00eas, os professores de universidades e col\u00e9gios federais receberam uma proposta de aumento de 13,3% a 31% at\u00e9 2026. No entanto, os aumentos s\u00f3 come\u00e7ariam em 2025. Os \u00edndices de reajustes deixar\u00e3o de ser unificados e variar\u00e3o com base na categoria. Os que ganham mais ter\u00e3o o aumento m\u00ednimo de 13,3%. [&hellip;]<\/p>\n","protected":false},"author":2,"featured_media":328808,"comment_status":"closed","ping_status":"closed","sticky":false,"template":"","format":"standard","meta":{"_acf_changed":false,"footnotes":""},"categories":[161],"tags":[],"class_list":["post-328807","post","type-post","status-publish","format-standard","has-post-thumbnail","hentry","category-quadradinho-em-foco"],"acf":[],"yoast_head":"<!-- This site is optimized with the Yoast SEO plugin v27.5 - https:\/\/yoast.com\/product\/yoast-seo-wordpress\/ -->\n<title>Governo prop\u00f5e aumento de 13% a 31% a professores - Notibras<\/title>\n<meta name=\"robots\" content=\"index, follow, max-snippet:-1, max-image-preview:large, max-video-preview:-1\" \/>\n<link rel=\"canonical\" href=\"https:\/\/www.notibras.com\/site\/governo-propoe-aumento-de-13-a-31-a-professores\/\" \/>\n<meta property=\"og:locale\" content=\"pt_BR\" \/>\n<meta property=\"og:type\" content=\"article\" \/>\n<meta property=\"og:title\" content=\"Governo prop\u00f5e aumento de 13% a 31% a professores - Notibras\" \/>\n<meta property=\"og:description\" content=\"Em greve h\u00e1 um m\u00eas, os professores de universidades e col\u00e9gios federais receberam uma proposta de aumento de 13,3% a 31% at\u00e9 2026. No entanto, os aumentos s\u00f3 come\u00e7ariam em 2025. Os \u00edndices de reajustes deixar\u00e3o de ser unificados e variar\u00e3o com base na categoria. Os que ganham mais ter\u00e3o o aumento m\u00ednimo de 13,3%. [&hellip;]\" \/>\n<meta property=\"og:url\" content=\"https:\/\/www.notibras.com\/site\/governo-propoe-aumento-de-13-a-31-a-professores\/\" \/>\n<meta property=\"og:site_name\" content=\"Notibras\" \/>\n<meta property=\"article:publisher\" content=\"https:\/\/www.facebook.com\/notibras\/\" \/>\n<meta property=\"article:published_time\" content=\"2024-05-15T21:42:30+00:00\" \/>\n<meta property=\"article:modified_time\" content=\"2024-05-15T22:44:34+00:00\" \/>\n<meta property=\"og:image\" content=\"https:\/\/www.notibras.com\/site\/wp-content\/uploads\/2024\/05\/greveprof.mecd_.webp\" \/>\n\t<meta property=\"og:image:width\" content=\"1170\" \/>\n\t<meta property=\"og:image:height\" content=\"700\" \/>\n\t<meta property=\"og:image:type\" content=\"image\/webp\" \/>\n<meta name=\"author\" content=\"Reda\u00e7\u00e3o\" \/>\n<meta name=\"twitter:card\" content=\"summary_large_image\" \/>\n<meta name=\"twitter:creator\" content=\"@Notibras\" \/>\n<meta name=\"twitter:site\" content=\"@Notibras\" \/>\n<meta name=\"twitter:label1\" content=\"Escrito por\" \/>\n\t<meta name=\"twitter:data1\" content=\"Reda\u00e7\u00e3o\" \/>\n\t<meta name=\"twitter:label2\" content=\"Est. tempo de leitura\" \/>\n\t<meta name=\"twitter:data2\" content=\"2 minutos\" \/>\n<script type=\"application\/ld+json\" class=\"yoast-schema-graph\">{\"@context\":\"https:\\\/\\\/schema.org\",\"@graph\":[{\"@type\":\"Article\",\"@id\":\"https:\\\/\\\/www.notibras.com\\\/site\\\/governo-propoe-aumento-de-13-a-31-a-professores\\\/#article\",\"isPartOf\":{\"@id\":\"https:\\\/\\\/www.notibras.com\\\/site\\\/governo-propoe-aumento-de-13-a-31-a-professores\\\/\"},\"author\":{\"name\":\"Reda\u00e7\u00e3o\",\"@id\":\"https:\\\/\\\/www.notibras.com\\\/site\\\/#\\\/schema\\\/person\\\/36ab0979449956132d3e5b517ea76ac8\"},\"headline\":\"Governo prop\u00f5e aumento de 13% a 31% a professores\",\"datePublished\":\"2024-05-15T21:42:30+00:00\",\"dateModified\":\"2024-05-15T22:44:34+00:00\",\"mainEntityOfPage\":{\"@id\":\"https:\\\/\\\/www.notibras.com\\\/site\\\/governo-propoe-aumento-de-13-a-31-a-professores\\\/\"},\"wordCount\":301,\"publisher\":{\"@id\":\"https:\\\/\\\/www.notibras.com\\\/site\\\/#organization\"},\"image\":{\"@id\":\"https:\\\/\\\/www.notibras.com\\\/site\\\/governo-propoe-aumento-de-13-a-31-a-professores\\\/#primaryimage\"},\"thumbnailUrl\":\"https:\\\/\\\/www.notibras.com\\\/site\\\/wp-content\\\/uploads\\\/2024\\\/05\\\/greveprof.mecd_.webp\",\"articleSection\":[\"Quadradinho em Foco\"],\"inLanguage\":\"pt-BR\"},{\"@type\":\"WebPage\",\"@id\":\"https:\\\/\\\/www.notibras.com\\\/site\\\/governo-propoe-aumento-de-13-a-31-a-professores\\\/\",\"url\":\"https:\\\/\\\/www.notibras.com\\\/site\\\/governo-propoe-aumento-de-13-a-31-a-professores\\\/\",\"name\":\"Governo prop\u00f5e aumento de 13% a 31% a professores - Notibras\",\"isPartOf\":{\"@id\":\"https:\\\/\\\/www.notibras.com\\\/site\\\/#website\"},\"primaryImageOfPage\":{\"@id\":\"https:\\\/\\\/www.notibras.com\\\/site\\\/governo-propoe-aumento-de-13-a-31-a-professores\\\/#primaryimage\"},\"image\":{\"@id\":\"https:\\\/\\\/www.notibras.com\\\/site\\\/governo-propoe-aumento-de-13-a-31-a-professores\\\/#primaryimage\"},\"thumbnailUrl\":\"https:\\\/\\\/www.notibras.com\\\/site\\\/wp-content\\\/uploads\\\/2024\\\/05\\\/greveprof.mecd_.webp\",\"datePublished\":\"2024-05-15T21:42:30+00:00\",\"dateModified\":\"2024-05-15T22:44:34+00:00\",\"breadcrumb\":{\"@id\":\"https:\\\/\\\/www.notibras.com\\\/site\\\/governo-propoe-aumento-de-13-a-31-a-professores\\\/#breadcrumb\"},\"inLanguage\":\"pt-BR\",\"potentialAction\":[{\"@type\":\"ReadAction\",\"target\":[\"https:\\\/\\\/www.notibras.com\\\/site\\\/governo-propoe-aumento-de-13-a-31-a-professores\\\/\"]}]},{\"@type\":\"ImageObject\",\"inLanguage\":\"pt-BR\",\"@id\":\"https:\\\/\\\/www.notibras.com\\\/site\\\/governo-propoe-aumento-de-13-a-31-a-professores\\\/#primaryimage\",\"url\":\"https:\\\/\\\/www.notibras.com\\\/site\\\/wp-content\\\/uploads\\\/2024\\\/05\\\/greveprof.mecd_.webp\",\"contentUrl\":\"https:\\\/\\\/www.notibras.com\\\/site\\\/wp-content\\\/uploads\\\/2024\\\/05\\\/greveprof.mecd_.webp\",\"width\":1170,\"height\":700},{\"@type\":\"BreadcrumbList\",\"@id\":\"https:\\\/\\\/www.notibras.com\\\/site\\\/governo-propoe-aumento-de-13-a-31-a-professores\\\/#breadcrumb\",\"itemListElement\":[{\"@type\":\"ListItem\",\"position\":1,\"name\":\"In\u00edcio\",\"item\":\"https:\\\/\\\/www.notibras.com\\\/site\\\/\"},{\"@type\":\"ListItem\",\"position\":2,\"name\":\"Governo prop\u00f5e aumento de 13% a 31% a professores\"}]},{\"@type\":\"WebSite\",\"@id\":\"https:\\\/\\\/www.notibras.com\\\/site\\\/#website\",\"url\":\"https:\\\/\\\/www.notibras.com\\\/site\\\/\",\"name\":\"Notibras\",\"description\":\"Not\u00edcias de Bras\u00edlia, do Brasil e do Mundo\",\"publisher\":{\"@id\":\"https:\\\/\\\/www.notibras.com\\\/site\\\/#organization\"},\"potentialAction\":[{\"@type\":\"SearchAction\",\"target\":{\"@type\":\"EntryPoint\",\"urlTemplate\":\"https:\\\/\\\/www.notibras.com\\\/site\\\/?s={search_term_string}\"},\"query-input\":{\"@type\":\"PropertyValueSpecification\",\"valueRequired\":true,\"valueName\":\"search_term_string\"}}],\"inLanguage\":\"pt-BR\"},{\"@type\":\"Organization\",\"@id\":\"https:\\\/\\\/www.notibras.com\\\/site\\\/#organization\",\"name\":\"Grupo Notibras de Comunica\u00e7\u00e3o\",\"url\":\"https:\\\/\\\/www.notibras.com\\\/site\\\/\",\"logo\":{\"@type\":\"ImageObject\",\"inLanguage\":\"pt-BR\",\"@id\":\"https:\\\/\\\/www.notibras.com\\\/site\\\/#\\\/schema\\\/logo\\\/image\\\/\",\"url\":\"https:\\\/\\\/www.notibras.com\\\/site\\\/wp-content\\\/uploads\\\/2023\\\/01\\\/notibras23.png\",\"contentUrl\":\"https:\\\/\\\/www.notibras.com\\\/site\\\/wp-content\\\/uploads\\\/2023\\\/01\\\/notibras23.png\",\"width\":350,\"height\":87,\"caption\":\"Grupo Notibras de Comunica\u00e7\u00e3o\"},\"image\":{\"@id\":\"https:\\\/\\\/www.notibras.com\\\/site\\\/#\\\/schema\\\/logo\\\/image\\\/\"},\"sameAs\":[\"https:\\\/\\\/www.facebook.com\\\/notibras\\\/\",\"https:\\\/\\\/x.com\\\/Notibras\",\"https:\\\/\\\/www.instagram.com\\\/notibras\\\/\"]},{\"@type\":\"Person\",\"@id\":\"https:\\\/\\\/www.notibras.com\\\/site\\\/#\\\/schema\\\/person\\\/36ab0979449956132d3e5b517ea76ac8\",\"name\":\"Reda\u00e7\u00e3o\",\"image\":{\"@type\":\"ImageObject\",\"inLanguage\":\"pt-BR\",\"@id\":\"https:\\\/\\\/secure.gravatar.com\\\/avatar\\\/e0a867bdedb85fd243eadf09663511f96fc81e0720a4a42581f334ad4303aa6b?s=96&d=mm&r=g\",\"url\":\"https:\\\/\\\/secure.gravatar.com\\\/avatar\\\/e0a867bdedb85fd243eadf09663511f96fc81e0720a4a42581f334ad4303aa6b?s=96&d=mm&r=g\",\"contentUrl\":\"https:\\\/\\\/secure.gravatar.com\\\/avatar\\\/e0a867bdedb85fd243eadf09663511f96fc81e0720a4a42581f334ad4303aa6b?s=96&d=mm&r=g\",\"caption\":\"Reda\u00e7\u00e3o\"}}]}<\/script>\n<!-- \/ Yoast SEO plugin. -->","yoast_head_json":{"title":"Governo prop\u00f5e aumento de 13% a 31% a professores - Notibras","robots":{"index":"index","follow":"follow","max-snippet":"max-snippet:-1","max-image-preview":"max-image-preview:large","max-video-preview":"max-video-preview:-1"},"canonical":"https:\/\/www.notibras.com\/site\/governo-propoe-aumento-de-13-a-31-a-professores\/","og_locale":"pt_BR","og_type":"article","og_title":"Governo prop\u00f5e aumento de 13% a 31% a professores - Notibras","og_description":"Em greve h\u00e1 um m\u00eas, os professores de universidades e col\u00e9gios federais receberam uma proposta de aumento de 13,3% a 31% at\u00e9 2026. No entanto, os aumentos s\u00f3 come\u00e7ariam em 2025. Os \u00edndices de reajustes deixar\u00e3o de ser unificados e variar\u00e3o com base na categoria. Os que ganham mais ter\u00e3o o aumento m\u00ednimo de 13,3%. [&hellip;]","og_url":"https:\/\/www.notibras.com\/site\/governo-propoe-aumento-de-13-a-31-a-professores\/","og_site_name":"Notibras","article_publisher":"https:\/\/www.facebook.com\/notibras\/","article_published_time":"2024-05-15T21:42:30+00:00","article_modified_time":"2024-05-15T22:44:34+00:00","og_image":[{"width":1170,"height":700,"url":"https:\/\/www.notibras.com\/site\/wp-content\/uploads\/2024\/05\/greveprof.mecd_.webp","type":"image\/webp"}],"author":"Reda\u00e7\u00e3o","twitter_card":"summary_large_image","twitter_creator":"@Notibras","twitter_site":"@Notibras","twitter_misc":{"Escrito por":"Reda\u00e7\u00e3o","Est. tempo de leitura":"2 minutos"},"schema":{"@context":"https:\/\/schema.org","@graph":[{"@type":"Article","@id":"https:\/\/www.notibras.com\/site\/governo-propoe-aumento-de-13-a-31-a-professores\/#article","isPartOf":{"@id":"https:\/\/www.notibras.com\/site\/governo-propoe-aumento-de-13-a-31-a-professores\/"},"author":{"name":"Reda\u00e7\u00e3o","@id":"https:\/\/www.notibras.com\/site\/#\/schema\/person\/36ab0979449956132d3e5b517ea76ac8"},"headline":"Governo prop\u00f5e aumento de 13% a 31% a professores","datePublished":"2024-05-15T21:42:30+00:00","dateModified":"2024-05-15T22:44:34+00:00","mainEntityOfPage":{"@id":"https:\/\/www.notibras.com\/site\/governo-propoe-aumento-de-13-a-31-a-professores\/"},"wordCount":301,"publisher":{"@id":"https:\/\/www.notibras.com\/site\/#organization"},"image":{"@id":"https:\/\/www.notibras.com\/site\/governo-propoe-aumento-de-13-a-31-a-professores\/#primaryimage"},"thumbnailUrl":"https:\/\/www.notibras.com\/site\/wp-content\/uploads\/2024\/05\/greveprof.mecd_.webp","articleSection":["Quadradinho em Foco"],"inLanguage":"pt-BR"},{"@type":"WebPage","@id":"https:\/\/www.notibras.com\/site\/governo-propoe-aumento-de-13-a-31-a-professores\/","url":"https:\/\/www.notibras.com\/site\/governo-propoe-aumento-de-13-a-31-a-professores\/","name":"Governo prop\u00f5e aumento de 13% a 31% a professores - Notibras","isPartOf":{"@id":"https:\/\/www.notibras.com\/site\/#website"},"primaryImageOfPage":{"@id":"https:\/\/www.notibras.com\/site\/governo-propoe-aumento-de-13-a-31-a-professores\/#primaryimage"},"image":{"@id":"https:\/\/www.notibras.com\/site\/governo-propoe-aumento-de-13-a-31-a-professores\/#primaryimage"},"thumbnailUrl":"https:\/\/www.notibras.com\/site\/wp-content\/uploads\/2024\/05\/greveprof.mecd_.webp","datePublished":"2024-05-15T21:42:30+00:00","dateModified":"2024-05-15T22:44:34+00:00","breadcrumb":{"@id":"https:\/\/www.notibras.com\/site\/governo-propoe-aumento-de-13-a-31-a-professores\/#breadcrumb"},"inLanguage":"pt-BR","potentialAction":[{"@type":"ReadAction","target":["https:\/\/www.notibras.com\/site\/governo-propoe-aumento-de-13-a-31-a-professores\/"]}]},{"@type":"ImageObject","inLanguage":"pt-BR","@id":"https:\/\/www.notibras.com\/site\/governo-propoe-aumento-de-13-a-31-a-professores\/#primaryimage","url":"https:\/\/www.notibras.com\/site\/wp-content\/uploads\/2024\/05\/greveprof.mecd_.webp","contentUrl":"https:\/\/www.notibras.com\/site\/wp-content\/uploads\/2024\/05\/greveprof.mecd_.webp","width":1170,"height":700},{"@type":"BreadcrumbList","@id":"https:\/\/www.notibras.com\/site\/governo-propoe-aumento-de-13-a-31-a-professores\/#breadcrumb","itemListElement":[{"@type":"ListItem","position":1,"name":"In\u00edcio","item":"https:\/\/www.notibras.com\/site\/"},{"@type":"ListItem","position":2,"name":"Governo prop\u00f5e aumento de 13% a 31% a professores"}]},{"@type":"WebSite","@id":"https:\/\/www.notibras.com\/site\/#website","url":"https:\/\/www.notibras.com\/site\/","name":"Notibras","description":"Not\u00edcias de Bras\u00edlia, do Brasil e do Mundo","publisher":{"@id":"https:\/\/www.notibras.com\/site\/#organization"},"potentialAction":[{"@type":"SearchAction","target":{"@type":"EntryPoint","urlTemplate":"https:\/\/www.notibras.com\/site\/?s={search_term_string}"},"query-input":{"@type":"PropertyValueSpecification","valueRequired":true,"valueName":"search_term_string"}}],"inLanguage":"pt-BR"},{"@type":"Organization","@id":"https:\/\/www.notibras.com\/site\/#organization","name":"Grupo Notibras de Comunica\u00e7\u00e3o","url":"https:\/\/www.notibras.com\/site\/","logo":{"@type":"ImageObject","inLanguage":"pt-BR","@id":"https:\/\/www.notibras.com\/site\/#\/schema\/logo\/image\/","url":"https:\/\/www.notibras.com\/site\/wp-content\/uploads\/2023\/01\/notibras23.png","contentUrl":"https:\/\/www.notibras.com\/site\/wp-content\/uploads\/2023\/01\/notibras23.png","width":350,"height":87,"caption":"Grupo Notibras de Comunica\u00e7\u00e3o"},"image":{"@id":"https:\/\/www.notibras.com\/site\/#\/schema\/logo\/image\/"},"sameAs":["https:\/\/www.facebook.com\/notibras\/","https:\/\/x.com\/Notibras","https:\/\/www.instagram.com\/notibras\/"]},{"@type":"Person","@id":"https:\/\/www.notibras.com\/site\/#\/schema\/person\/36ab0979449956132d3e5b517ea76ac8","name":"Reda\u00e7\u00e3o","image":{"@type":"ImageObject","inLanguage":"pt-BR","@id":"https:\/\/secure.gravatar.com\/avatar\/e0a867bdedb85fd243eadf09663511f96fc81e0720a4a42581f334ad4303aa6b?s=96&d=mm&r=g","url":"https:\/\/secure.gravatar.com\/avatar\/e0a867bdedb85fd243eadf09663511f96fc81e0720a4a42581f334ad4303aa6b?s=96&d=mm&r=g","contentUrl":"https:\/\/secure.gravatar.com\/avatar\/e0a867bdedb85fd243eadf09663511f96fc81e0720a4a42581f334ad4303aa6b?s=96&d=mm&r=g","caption":"Reda\u00e7\u00e3o"}}]}},"amp_enabled":true,"_links":{"self":[{"href":"https:\/\/www.notibras.com\/site\/wp-json\/wp\/v2\/posts\/328807","targetHints":{"allow":["GET"]}}],"collection":[{"href":"https:\/\/www.notibras.com\/site\/wp-json\/wp\/v2\/posts"}],"about":[{"href":"https:\/\/www.notibras.com\/site\/wp-json\/wp\/v2\/types\/post"}],"author":[{"embeddable":true,"href":"https:\/\/www.notibras.com\/site\/wp-json\/wp\/v2\/users\/2"}],"replies":[{"embeddable":true,"href":"https:\/\/www.notibras.com\/site\/wp-json\/wp\/v2\/comments?post=328807"}],"version-history":[{"count":1,"href":"https:\/\/www.notibras.com\/site\/wp-json\/wp\/v2\/posts\/328807\/revisions"}],"predecessor-version":[{"id":328809,"href":"https:\/\/www.notibras.com\/site\/wp-json\/wp\/v2\/posts\/328807\/revisions\/328809"}],"wp:featuredmedia":[{"embeddable":true,"href":"https:\/\/www.notibras.com\/site\/wp-json\/wp\/v2\/media\/328808"}],"wp:attachment":[{"href":"https:\/\/www.notibras.com\/site\/wp-json\/wp\/v2\/media?parent=328807"}],"wp:term":[{"taxonomy":"category","embeddable":true,"href":"https:\/\/www.notibras.com\/site\/wp-json\/wp\/v2\/categories?post=328807"},{"taxonomy":"post_tag","embeddable":true,"href":"https:\/\/www.notibras.com\/site\/wp-json\/wp\/v2\/tags?post=328807"}],"curies":[{"name":"wp","href":"https:\/\/api.w.org\/{rel}","templated":true}]}}