{"id":328886,"date":"2024-05-17T07:24:25","date_gmt":"2024-05-17T10:24:25","guid":{"rendered":"https:\/\/www.notibras.com\/site\/?p=328886"},"modified":"2024-05-17T07:25:17","modified_gmt":"2024-05-17T10:25:17","slug":"benvindo-ve-felicidade-em-convite-para-assistir-vasco","status":"publish","type":"post","link":"https:\/\/www.notibras.com\/site\/benvindo-ve-felicidade-em-convite-para-assistir-vasco\/","title":{"rendered":"Benvindo v\u00ea felicidade em convite para assistir Vasco"},"content":{"rendered":"<p>\u00c9, o dia estava bom at\u00e9 eu sair da cama: um amigo em surto de ansiedade, outro em luto, um terceiro tomou um fora. E, para piorar, descobri que esses tr\u00eas amigos sou eu. Al\u00e9m do mais, o destino parece que me pregou uma pe\u00e7a, pois me chamo Benvindo Jos\u00e9 da Felicidade dos Santos. Quanta ironia em um nome t\u00e3o comum! Aposto que voc\u00ea conhece, no m\u00ednimo, uns tr\u00eas.<\/p>\n<p>Meu pai, que queria repetir o pr\u00f3prio nome no primog\u00eanito, acabou convencido por mam\u00e3e a mudar de ideia. Tudo por conta da data do meu nascimento, dois de novembro l\u00e1 pelos idos de 1973. Do meu pai, restou apenas Jos\u00e9 e dos Santos. Felicidade, que mam\u00e3e nunca teve, foi inven\u00e7\u00e3o de minha av\u00f3, j\u00e1 acometida pela catarata. Mesmo assim, ela, at\u00e9 o \u00faltimo suspiro, jurava que havia enxergado esse sentimento nos meus olhos.<\/p>\n<p>Pois perdi vov\u00f3 e, ao buscar conforto no colo da minha ent\u00e3o namorada, a Rita, percebi uma mensagem h\u00e1 pouco recebida no celular: &#8220;Benvindo, n\u00e3o te amo mais. Creio que nunca o amei de verdade. Ent\u00e3o, adeus!&#8221; Diante de tais not\u00edcias devastadoras, como \u00e9 que algu\u00e9m n\u00e3o fica deprimido? Ta\u00ed o motivo de tanta ansiedade.<\/p>\n<p>Nessas horas, queria ter a coragem do meu bisav\u00f4, cuja dem\u00eancia avan\u00e7ada o atormentou pelos anos 1940. Garrucha na m\u00e3o, nem precisou pensar para puxar o gatilho. Foi aquele festival de sangue e massa encef\u00e1lica para todo lado. Minha m\u00e3e me disse que foi necess\u00e1rio mais de ano de sab\u00e3o e esponja para tirar as manchas na parede da antiga casa. No final, acabaram dando uma boa m\u00e3o de tinta branca para esquecer tamanha desgra\u00e7a.<\/p>\n<p>Para falar a verdade, mam\u00e3e, a despeito do ocorrido com o av\u00f4, sempre me disse que essa vontade de andar armado era coisa de homem pequeno. N\u00e3o no tamanho, mas por conta da masculinidade abalada. Ela at\u00e9 hoje gosta de dizer que sujeito fraco \u00e9 o que precisa ostentar na cintura algo que lhe falta na virilha.<\/p>\n<p>Pois n\u00e3o serei eu a dar mais esse desgosto \u00e0 minha m\u00e3e. Que sab\u00e3o e esponja tenham outro destino mais nobre do que limpar as paredes daqui de casa. Al\u00e9m do mais, n\u00e3o tenho rev\u00f3lver, nem mesmo um simples estilingue. E, antes que eu possa pensar em outra alternativa para meu fim, eis que sou salvo por uma mensagem no celular. \u00c9 meu grande amigo Leo, apaixonado por futebol: &#8220;Benvindo, que tal ver o nosso Vasc\u00e3o l\u00e1 na casa do Seabra?&#8221;<\/p>\n","protected":false},"excerpt":{"rendered":"<p>\u00c9, o dia estava bom at\u00e9 eu sair da cama: um amigo em surto de ansiedade, outro em luto, um terceiro tomou um fora. E, para piorar, descobri que esses tr\u00eas amigos sou eu. Al\u00e9m do mais, o destino parece que me pregou uma pe\u00e7a, pois me chamo Benvindo Jos\u00e9 da Felicidade dos Santos. Quanta [&hellip;]<\/p>\n","protected":false},"author":2,"featured_media":328887,"comment_status":"closed","ping_status":"closed","sticky":false,"template":"","format":"standard","meta":{"_acf_changed":false,"footnotes":""},"categories":[161],"tags":[],"class_list":["post-328886","post","type-post","status-publish","format-standard","has-post-thumbnail","hentry","category-quadradinho-em-foco"],"acf":[],"yoast_head":"<!-- This site is optimized with the Yoast SEO plugin v27.5 - https:\/\/yoast.com\/product\/yoast-seo-wordpress\/ -->\n<title>Benvindo v\u00ea felicidade em convite para assistir Vasco - Notibras<\/title>\n<meta name=\"robots\" content=\"index, follow, max-snippet:-1, max-image-preview:large, max-video-preview:-1\" \/>\n<link rel=\"canonical\" href=\"https:\/\/www.notibras.com\/site\/benvindo-ve-felicidade-em-convite-para-assistir-vasco\/\" \/>\n<meta property=\"og:locale\" content=\"pt_BR\" \/>\n<meta property=\"og:type\" content=\"article\" \/>\n<meta property=\"og:title\" content=\"Benvindo v\u00ea felicidade em convite para assistir Vasco - Notibras\" \/>\n<meta property=\"og:description\" content=\"\u00c9, o dia estava bom at\u00e9 eu sair da cama: um amigo em surto de ansiedade, outro em luto, um terceiro tomou um fora. E, para piorar, descobri que esses tr\u00eas amigos sou eu. Al\u00e9m do mais, o destino parece que me pregou uma pe\u00e7a, pois me chamo Benvindo Jos\u00e9 da Felicidade dos Santos. Quanta [&hellip;]\" \/>\n<meta property=\"og:url\" content=\"https:\/\/www.notibras.com\/site\/benvindo-ve-felicidade-em-convite-para-assistir-vasco\/\" \/>\n<meta property=\"og:site_name\" content=\"Notibras\" \/>\n<meta property=\"article:publisher\" content=\"https:\/\/www.facebook.com\/notibras\/\" \/>\n<meta property=\"article:published_time\" content=\"2024-05-17T10:24:25+00:00\" \/>\n<meta property=\"article:modified_time\" content=\"2024-05-17T10:25:17+00:00\" \/>\n<meta property=\"og:image\" content=\"https:\/\/www.notibras.com\/site\/wp-content\/uploads\/2024\/05\/4f142963-2ac5-4262-b958-bb7e39094155.jpeg\" \/>\n\t<meta property=\"og:image:width\" content=\"1024\" \/>\n\t<meta property=\"og:image:height\" content=\"1024\" \/>\n\t<meta property=\"og:image:type\" content=\"image\/jpeg\" \/>\n<meta name=\"author\" content=\"Reda\u00e7\u00e3o\" \/>\n<meta name=\"twitter:card\" content=\"summary_large_image\" \/>\n<meta name=\"twitter:creator\" content=\"@Notibras\" \/>\n<meta name=\"twitter:site\" content=\"@Notibras\" \/>\n<meta name=\"twitter:label1\" content=\"Escrito por\" \/>\n\t<meta name=\"twitter:data1\" content=\"Reda\u00e7\u00e3o\" \/>\n\t<meta name=\"twitter:label2\" content=\"Est. tempo de leitura\" \/>\n\t<meta name=\"twitter:data2\" content=\"3 minutos\" \/>\n<script type=\"application\/ld+json\" class=\"yoast-schema-graph\">{\"@context\":\"https:\\\/\\\/schema.org\",\"@graph\":[{\"@type\":\"Article\",\"@id\":\"https:\\\/\\\/www.notibras.com\\\/site\\\/benvindo-ve-felicidade-em-convite-para-assistir-vasco\\\/#article\",\"isPartOf\":{\"@id\":\"https:\\\/\\\/www.notibras.com\\\/site\\\/benvindo-ve-felicidade-em-convite-para-assistir-vasco\\\/\"},\"author\":{\"name\":\"Reda\u00e7\u00e3o\",\"@id\":\"https:\\\/\\\/www.notibras.com\\\/site\\\/#\\\/schema\\\/person\\\/36ab0979449956132d3e5b517ea76ac8\"},\"headline\":\"Benvindo v\u00ea felicidade em convite para assistir Vasco\",\"datePublished\":\"2024-05-17T10:24:25+00:00\",\"dateModified\":\"2024-05-17T10:25:17+00:00\",\"mainEntityOfPage\":{\"@id\":\"https:\\\/\\\/www.notibras.com\\\/site\\\/benvindo-ve-felicidade-em-convite-para-assistir-vasco\\\/\"},\"wordCount\":446,\"publisher\":{\"@id\":\"https:\\\/\\\/www.notibras.com\\\/site\\\/#organization\"},\"image\":{\"@id\":\"https:\\\/\\\/www.notibras.com\\\/site\\\/benvindo-ve-felicidade-em-convite-para-assistir-vasco\\\/#primaryimage\"},\"thumbnailUrl\":\"https:\\\/\\\/www.notibras.com\\\/site\\\/wp-content\\\/uploads\\\/2024\\\/05\\\/4f142963-2ac5-4262-b958-bb7e39094155.jpeg\",\"articleSection\":[\"Quadradinho em Foco\"],\"inLanguage\":\"pt-BR\"},{\"@type\":\"WebPage\",\"@id\":\"https:\\\/\\\/www.notibras.com\\\/site\\\/benvindo-ve-felicidade-em-convite-para-assistir-vasco\\\/\",\"url\":\"https:\\\/\\\/www.notibras.com\\\/site\\\/benvindo-ve-felicidade-em-convite-para-assistir-vasco\\\/\",\"name\":\"Benvindo v\u00ea felicidade em convite para assistir Vasco - Notibras\",\"isPartOf\":{\"@id\":\"https:\\\/\\\/www.notibras.com\\\/site\\\/#website\"},\"primaryImageOfPage\":{\"@id\":\"https:\\\/\\\/www.notibras.com\\\/site\\\/benvindo-ve-felicidade-em-convite-para-assistir-vasco\\\/#primaryimage\"},\"image\":{\"@id\":\"https:\\\/\\\/www.notibras.com\\\/site\\\/benvindo-ve-felicidade-em-convite-para-assistir-vasco\\\/#primaryimage\"},\"thumbnailUrl\":\"https:\\\/\\\/www.notibras.com\\\/site\\\/wp-content\\\/uploads\\\/2024\\\/05\\\/4f142963-2ac5-4262-b958-bb7e39094155.jpeg\",\"datePublished\":\"2024-05-17T10:24:25+00:00\",\"dateModified\":\"2024-05-17T10:25:17+00:00\",\"breadcrumb\":{\"@id\":\"https:\\\/\\\/www.notibras.com\\\/site\\\/benvindo-ve-felicidade-em-convite-para-assistir-vasco\\\/#breadcrumb\"},\"inLanguage\":\"pt-BR\",\"potentialAction\":[{\"@type\":\"ReadAction\",\"target\":[\"https:\\\/\\\/www.notibras.com\\\/site\\\/benvindo-ve-felicidade-em-convite-para-assistir-vasco\\\/\"]}]},{\"@type\":\"ImageObject\",\"inLanguage\":\"pt-BR\",\"@id\":\"https:\\\/\\\/www.notibras.com\\\/site\\\/benvindo-ve-felicidade-em-convite-para-assistir-vasco\\\/#primaryimage\",\"url\":\"https:\\\/\\\/www.notibras.com\\\/site\\\/wp-content\\\/uploads\\\/2024\\\/05\\\/4f142963-2ac5-4262-b958-bb7e39094155.jpeg\",\"contentUrl\":\"https:\\\/\\\/www.notibras.com\\\/site\\\/wp-content\\\/uploads\\\/2024\\\/05\\\/4f142963-2ac5-4262-b958-bb7e39094155.jpeg\",\"width\":1024,\"height\":1024},{\"@type\":\"BreadcrumbList\",\"@id\":\"https:\\\/\\\/www.notibras.com\\\/site\\\/benvindo-ve-felicidade-em-convite-para-assistir-vasco\\\/#breadcrumb\",\"itemListElement\":[{\"@type\":\"ListItem\",\"position\":1,\"name\":\"In\u00edcio\",\"item\":\"https:\\\/\\\/www.notibras.com\\\/site\\\/\"},{\"@type\":\"ListItem\",\"position\":2,\"name\":\"Benvindo v\u00ea felicidade em convite para assistir Vasco\"}]},{\"@type\":\"WebSite\",\"@id\":\"https:\\\/\\\/www.notibras.com\\\/site\\\/#website\",\"url\":\"https:\\\/\\\/www.notibras.com\\\/site\\\/\",\"name\":\"Notibras\",\"description\":\"Not\u00edcias de Bras\u00edlia, do Brasil e do Mundo\",\"publisher\":{\"@id\":\"https:\\\/\\\/www.notibras.com\\\/site\\\/#organization\"},\"potentialAction\":[{\"@type\":\"SearchAction\",\"target\":{\"@type\":\"EntryPoint\",\"urlTemplate\":\"https:\\\/\\\/www.notibras.com\\\/site\\\/?s={search_term_string}\"},\"query-input\":{\"@type\":\"PropertyValueSpecification\",\"valueRequired\":true,\"valueName\":\"search_term_string\"}}],\"inLanguage\":\"pt-BR\"},{\"@type\":\"Organization\",\"@id\":\"https:\\\/\\\/www.notibras.com\\\/site\\\/#organization\",\"name\":\"Grupo Notibras de Comunica\u00e7\u00e3o\",\"url\":\"https:\\\/\\\/www.notibras.com\\\/site\\\/\",\"logo\":{\"@type\":\"ImageObject\",\"inLanguage\":\"pt-BR\",\"@id\":\"https:\\\/\\\/www.notibras.com\\\/site\\\/#\\\/schema\\\/logo\\\/image\\\/\",\"url\":\"https:\\\/\\\/www.notibras.com\\\/site\\\/wp-content\\\/uploads\\\/2023\\\/01\\\/notibras23.png\",\"contentUrl\":\"https:\\\/\\\/www.notibras.com\\\/site\\\/wp-content\\\/uploads\\\/2023\\\/01\\\/notibras23.png\",\"width\":350,\"height\":87,\"caption\":\"Grupo Notibras de Comunica\u00e7\u00e3o\"},\"image\":{\"@id\":\"https:\\\/\\\/www.notibras.com\\\/site\\\/#\\\/schema\\\/logo\\\/image\\\/\"},\"sameAs\":[\"https:\\\/\\\/www.facebook.com\\\/notibras\\\/\",\"https:\\\/\\\/x.com\\\/Notibras\",\"https:\\\/\\\/www.instagram.com\\\/notibras\\\/\"]},{\"@type\":\"Person\",\"@id\":\"https:\\\/\\\/www.notibras.com\\\/site\\\/#\\\/schema\\\/person\\\/36ab0979449956132d3e5b517ea76ac8\",\"name\":\"Reda\u00e7\u00e3o\",\"image\":{\"@type\":\"ImageObject\",\"inLanguage\":\"pt-BR\",\"@id\":\"https:\\\/\\\/secure.gravatar.com\\\/avatar\\\/e0a867bdedb85fd243eadf09663511f96fc81e0720a4a42581f334ad4303aa6b?s=96&d=mm&r=g\",\"url\":\"https:\\\/\\\/secure.gravatar.com\\\/avatar\\\/e0a867bdedb85fd243eadf09663511f96fc81e0720a4a42581f334ad4303aa6b?s=96&d=mm&r=g\",\"contentUrl\":\"https:\\\/\\\/secure.gravatar.com\\\/avatar\\\/e0a867bdedb85fd243eadf09663511f96fc81e0720a4a42581f334ad4303aa6b?s=96&d=mm&r=g\",\"caption\":\"Reda\u00e7\u00e3o\"}}]}<\/script>\n<!-- \/ Yoast SEO plugin. -->","yoast_head_json":{"title":"Benvindo v\u00ea felicidade em convite para assistir Vasco - Notibras","robots":{"index":"index","follow":"follow","max-snippet":"max-snippet:-1","max-image-preview":"max-image-preview:large","max-video-preview":"max-video-preview:-1"},"canonical":"https:\/\/www.notibras.com\/site\/benvindo-ve-felicidade-em-convite-para-assistir-vasco\/","og_locale":"pt_BR","og_type":"article","og_title":"Benvindo v\u00ea felicidade em convite para assistir Vasco - Notibras","og_description":"\u00c9, o dia estava bom at\u00e9 eu sair da cama: um amigo em surto de ansiedade, outro em luto, um terceiro tomou um fora. E, para piorar, descobri que esses tr\u00eas amigos sou eu. Al\u00e9m do mais, o destino parece que me pregou uma pe\u00e7a, pois me chamo Benvindo Jos\u00e9 da Felicidade dos Santos. Quanta [&hellip;]","og_url":"https:\/\/www.notibras.com\/site\/benvindo-ve-felicidade-em-convite-para-assistir-vasco\/","og_site_name":"Notibras","article_publisher":"https:\/\/www.facebook.com\/notibras\/","article_published_time":"2024-05-17T10:24:25+00:00","article_modified_time":"2024-05-17T10:25:17+00:00","og_image":[{"width":1024,"height":1024,"url":"https:\/\/www.notibras.com\/site\/wp-content\/uploads\/2024\/05\/4f142963-2ac5-4262-b958-bb7e39094155.jpeg","type":"image\/jpeg"}],"author":"Reda\u00e7\u00e3o","twitter_card":"summary_large_image","twitter_creator":"@Notibras","twitter_site":"@Notibras","twitter_misc":{"Escrito por":"Reda\u00e7\u00e3o","Est. tempo de leitura":"3 minutos"},"schema":{"@context":"https:\/\/schema.org","@graph":[{"@type":"Article","@id":"https:\/\/www.notibras.com\/site\/benvindo-ve-felicidade-em-convite-para-assistir-vasco\/#article","isPartOf":{"@id":"https:\/\/www.notibras.com\/site\/benvindo-ve-felicidade-em-convite-para-assistir-vasco\/"},"author":{"name":"Reda\u00e7\u00e3o","@id":"https:\/\/www.notibras.com\/site\/#\/schema\/person\/36ab0979449956132d3e5b517ea76ac8"},"headline":"Benvindo v\u00ea felicidade em convite para assistir Vasco","datePublished":"2024-05-17T10:24:25+00:00","dateModified":"2024-05-17T10:25:17+00:00","mainEntityOfPage":{"@id":"https:\/\/www.notibras.com\/site\/benvindo-ve-felicidade-em-convite-para-assistir-vasco\/"},"wordCount":446,"publisher":{"@id":"https:\/\/www.notibras.com\/site\/#organization"},"image":{"@id":"https:\/\/www.notibras.com\/site\/benvindo-ve-felicidade-em-convite-para-assistir-vasco\/#primaryimage"},"thumbnailUrl":"https:\/\/www.notibras.com\/site\/wp-content\/uploads\/2024\/05\/4f142963-2ac5-4262-b958-bb7e39094155.jpeg","articleSection":["Quadradinho em Foco"],"inLanguage":"pt-BR"},{"@type":"WebPage","@id":"https:\/\/www.notibras.com\/site\/benvindo-ve-felicidade-em-convite-para-assistir-vasco\/","url":"https:\/\/www.notibras.com\/site\/benvindo-ve-felicidade-em-convite-para-assistir-vasco\/","name":"Benvindo v\u00ea felicidade em convite para assistir Vasco - Notibras","isPartOf":{"@id":"https:\/\/www.notibras.com\/site\/#website"},"primaryImageOfPage":{"@id":"https:\/\/www.notibras.com\/site\/benvindo-ve-felicidade-em-convite-para-assistir-vasco\/#primaryimage"},"image":{"@id":"https:\/\/www.notibras.com\/site\/benvindo-ve-felicidade-em-convite-para-assistir-vasco\/#primaryimage"},"thumbnailUrl":"https:\/\/www.notibras.com\/site\/wp-content\/uploads\/2024\/05\/4f142963-2ac5-4262-b958-bb7e39094155.jpeg","datePublished":"2024-05-17T10:24:25+00:00","dateModified":"2024-05-17T10:25:17+00:00","breadcrumb":{"@id":"https:\/\/www.notibras.com\/site\/benvindo-ve-felicidade-em-convite-para-assistir-vasco\/#breadcrumb"},"inLanguage":"pt-BR","potentialAction":[{"@type":"ReadAction","target":["https:\/\/www.notibras.com\/site\/benvindo-ve-felicidade-em-convite-para-assistir-vasco\/"]}]},{"@type":"ImageObject","inLanguage":"pt-BR","@id":"https:\/\/www.notibras.com\/site\/benvindo-ve-felicidade-em-convite-para-assistir-vasco\/#primaryimage","url":"https:\/\/www.notibras.com\/site\/wp-content\/uploads\/2024\/05\/4f142963-2ac5-4262-b958-bb7e39094155.jpeg","contentUrl":"https:\/\/www.notibras.com\/site\/wp-content\/uploads\/2024\/05\/4f142963-2ac5-4262-b958-bb7e39094155.jpeg","width":1024,"height":1024},{"@type":"BreadcrumbList","@id":"https:\/\/www.notibras.com\/site\/benvindo-ve-felicidade-em-convite-para-assistir-vasco\/#breadcrumb","itemListElement":[{"@type":"ListItem","position":1,"name":"In\u00edcio","item":"https:\/\/www.notibras.com\/site\/"},{"@type":"ListItem","position":2,"name":"Benvindo v\u00ea felicidade em convite para assistir Vasco"}]},{"@type":"WebSite","@id":"https:\/\/www.notibras.com\/site\/#website","url":"https:\/\/www.notibras.com\/site\/","name":"Notibras","description":"Not\u00edcias de Bras\u00edlia, do Brasil e do Mundo","publisher":{"@id":"https:\/\/www.notibras.com\/site\/#organization"},"potentialAction":[{"@type":"SearchAction","target":{"@type":"EntryPoint","urlTemplate":"https:\/\/www.notibras.com\/site\/?s={search_term_string}"},"query-input":{"@type":"PropertyValueSpecification","valueRequired":true,"valueName":"search_term_string"}}],"inLanguage":"pt-BR"},{"@type":"Organization","@id":"https:\/\/www.notibras.com\/site\/#organization","name":"Grupo Notibras de Comunica\u00e7\u00e3o","url":"https:\/\/www.notibras.com\/site\/","logo":{"@type":"ImageObject","inLanguage":"pt-BR","@id":"https:\/\/www.notibras.com\/site\/#\/schema\/logo\/image\/","url":"https:\/\/www.notibras.com\/site\/wp-content\/uploads\/2023\/01\/notibras23.png","contentUrl":"https:\/\/www.notibras.com\/site\/wp-content\/uploads\/2023\/01\/notibras23.png","width":350,"height":87,"caption":"Grupo Notibras de Comunica\u00e7\u00e3o"},"image":{"@id":"https:\/\/www.notibras.com\/site\/#\/schema\/logo\/image\/"},"sameAs":["https:\/\/www.facebook.com\/notibras\/","https:\/\/x.com\/Notibras","https:\/\/www.instagram.com\/notibras\/"]},{"@type":"Person","@id":"https:\/\/www.notibras.com\/site\/#\/schema\/person\/36ab0979449956132d3e5b517ea76ac8","name":"Reda\u00e7\u00e3o","image":{"@type":"ImageObject","inLanguage":"pt-BR","@id":"https:\/\/secure.gravatar.com\/avatar\/e0a867bdedb85fd243eadf09663511f96fc81e0720a4a42581f334ad4303aa6b?s=96&d=mm&r=g","url":"https:\/\/secure.gravatar.com\/avatar\/e0a867bdedb85fd243eadf09663511f96fc81e0720a4a42581f334ad4303aa6b?s=96&d=mm&r=g","contentUrl":"https:\/\/secure.gravatar.com\/avatar\/e0a867bdedb85fd243eadf09663511f96fc81e0720a4a42581f334ad4303aa6b?s=96&d=mm&r=g","caption":"Reda\u00e7\u00e3o"}}]}},"amp_enabled":true,"_links":{"self":[{"href":"https:\/\/www.notibras.com\/site\/wp-json\/wp\/v2\/posts\/328886","targetHints":{"allow":["GET"]}}],"collection":[{"href":"https:\/\/www.notibras.com\/site\/wp-json\/wp\/v2\/posts"}],"about":[{"href":"https:\/\/www.notibras.com\/site\/wp-json\/wp\/v2\/types\/post"}],"author":[{"embeddable":true,"href":"https:\/\/www.notibras.com\/site\/wp-json\/wp\/v2\/users\/2"}],"replies":[{"embeddable":true,"href":"https:\/\/www.notibras.com\/site\/wp-json\/wp\/v2\/comments?post=328886"}],"version-history":[{"count":2,"href":"https:\/\/www.notibras.com\/site\/wp-json\/wp\/v2\/posts\/328886\/revisions"}],"predecessor-version":[{"id":328889,"href":"https:\/\/www.notibras.com\/site\/wp-json\/wp\/v2\/posts\/328886\/revisions\/328889"}],"wp:featuredmedia":[{"embeddable":true,"href":"https:\/\/www.notibras.com\/site\/wp-json\/wp\/v2\/media\/328887"}],"wp:attachment":[{"href":"https:\/\/www.notibras.com\/site\/wp-json\/wp\/v2\/media?parent=328886"}],"wp:term":[{"taxonomy":"category","embeddable":true,"href":"https:\/\/www.notibras.com\/site\/wp-json\/wp\/v2\/categories?post=328886"},{"taxonomy":"post_tag","embeddable":true,"href":"https:\/\/www.notibras.com\/site\/wp-json\/wp\/v2\/tags?post=328886"}],"curies":[{"name":"wp","href":"https:\/\/api.w.org\/{rel}","templated":true}]}}