{"id":328890,"date":"2024-05-17T00:00:51","date_gmt":"2024-05-17T03:00:51","guid":{"rendered":"https:\/\/www.notibras.com\/site\/?p=328890"},"modified":"2024-05-17T08:09:34","modified_gmt":"2024-05-17T11:09:34","slug":"buriti-vai-trabalhar-com-orcamento-de-63-bilhoes-em-2025","status":"publish","type":"post","link":"https:\/\/www.notibras.com\/site\/buriti-vai-trabalhar-com-orcamento-de-63-bilhoes-em-2025\/","title":{"rendered":"Buriti vai trabalhar com or\u00e7amento de 63 bilh\u00f5es em 2025"},"content":{"rendered":"<p>J\u00e1 est\u00e1 na C\u00e2mara Legislativa o projeto de Lei de Diretrizes Or\u00e7ament\u00e1rias (PLDO) de 2025 \u00e0 C\u00e2mara Legislativa. A proposta traz estimativa de R$ 63,631 bilh\u00f5es de receita total nos cofres p\u00fablicos locais para o pr\u00f3ximo ano. S\u00e3o 60,83% de receita pr\u00f3pria, totalizando R$ 38,103 bilh\u00f5es.<\/p>\n<p>J\u00e1 a receita proveniente do Fundo Constitucional do Distrito Federal (FCDF) est\u00e1 estimada em cerca de R$ 24 bilh\u00f5es, sendo R$ 11,338 bilh\u00f5es destinados \u00e0 \u00e1rea de Seguran\u00e7a P\u00fablica; R$ 7,4 bilh\u00f5es para a Sa\u00fade e R$ 5,7 bilh\u00f5es para a Educa\u00e7\u00e3o. A lei faz a liga\u00e7\u00e3o entre os programas e estrat\u00e9gias do Plano Plurianual (PPA) e a Lei Or\u00e7ament\u00e1ria Anual (LOA) 2025. Esta \u00faltima que ser\u00e1 entregue ao Legislativo at\u00e9 setembro.<\/p>\n<p>\u201cSe comparado ao or\u00e7amento projetado para 2024, a LDO 2025 reflete um acr\u00e9scimo m\u00e9dio de 6,1% em termos de recursos. Mas esse percentual pode ser maior ou menor a depender da arrecada\u00e7\u00e3o e do cen\u00e1rio econ\u00f4mico do pa\u00eds\u201d, explica o secret\u00e1rio-executivo de Finan\u00e7as da Secretaria de Economia do Distrito Federal (Seec-DF), Thiago Conde.<\/p>\n<p>De acordo com Conde, o texto enumerou v\u00e1rias a\u00e7\u00f5es e programas priorit\u00e1rios, com intuito de garantir a continuidade das pol\u00edticas p\u00fablicas que o governo j\u00e1 tem oferecido. \u201cMantivemos os programas sociais como \u00e9 o caso do restaurante comunit\u00e1rios com tr\u00eas refei\u00e7\u00f5es di\u00e1rias e tamb\u00e9m as obras em execu\u00e7\u00e3o para que n\u00e3o haja interrup\u00e7\u00e3o nas entregas previstas\u201d, acrescenta o secret\u00e1rio-executivo.<\/p>\n<p>Agora, na C\u00e2mara Legislativa, o texto dever\u00e1 ser analisado na comiss\u00e3o de or\u00e7amento. Em seguida, o texto deve passar por nova audi\u00eancia p\u00fablica, em 5 de junho, e depois ser\u00e1 levado \u00e0 vota\u00e7\u00e3o no plen\u00e1rio dos deputados at\u00e9 30 de junho. Ap\u00f3s aprova\u00e7\u00e3o, o texto segue para san\u00e7\u00e3o do governador<\/p>\n<p>O subsecret\u00e1rio de Or\u00e7amento P\u00fablico, Andr\u00e9 Oliveira, lembra que a LDO 2025 elenca uma s\u00e9rie de regras para elaborar, organizar e executar o or\u00e7amento. \u201cEla \u00e9 como um balizador para a constru\u00e7\u00e3o da Lei Or\u00e7ament\u00e1ria propriamente dita\u201d, complementa. Para o pr\u00f3ximo exerc\u00edcio, o GDF prev\u00ea cerca de R$ 20,2 bilh\u00f5es para pagamento de pessoal; R$ 13,1 bilh\u00f5es para despesas correntes; e R$ 1,8 bilh\u00e3o para investimentos. \u201cPriorizamos no texto as despesas com a manuten\u00e7\u00e3o dos servi\u00e7os p\u00fablicos relevantes, em especial dos que resultam em benef\u00edcios diretos \u00e0 sociedade, a exemplo de Sa\u00fade, Assist\u00eancia Social e Educa\u00e7\u00e3o\u201d, garante Oliveira.<\/p>\n<p>A proposta para a LDO 2025 j\u00e1 passou pelo crivo da popula\u00e7\u00e3o. Em 30 de abril, t\u00e9cnicos da Seec-DF organizaram audi\u00eancia p\u00fablica por meio das redes sociais. A pasta tamb\u00e9m recolheu contribui\u00e7\u00f5es populares, por meio do site ParticipaDF e pela Central da Ouvidoria 162, entre os dias 29 de abril e 8 de maio.<\/p>\n<p>Agora, na C\u00e2mara Legislativa, o texto dever\u00e1 ser analisado na comiss\u00e3o de or\u00e7amento. Em seguida, o texto deve passar por nova audi\u00eancia p\u00fablica, em 5 de junho, e depois ser\u00e1 levado \u00e0 vota\u00e7\u00e3o no plen\u00e1rio dos deputados at\u00e9 30 de junho. Ap\u00f3s aprova\u00e7\u00e3o, o texto segue para san\u00e7\u00e3o do governador.<\/p>\n","protected":false},"excerpt":{"rendered":"<p>J\u00e1 est\u00e1 na C\u00e2mara Legislativa o projeto de Lei de Diretrizes Or\u00e7ament\u00e1rias (PLDO) de 2025 \u00e0 C\u00e2mara Legislativa. A proposta traz estimativa de R$ 63,631 bilh\u00f5es de receita total nos cofres p\u00fablicos locais para o pr\u00f3ximo ano. S\u00e3o 60,83% de receita pr\u00f3pria, totalizando R$ 38,103 bilh\u00f5es. J\u00e1 a receita proveniente do Fundo Constitucional do Distrito [&hellip;]<\/p>\n","protected":false},"author":2,"featured_media":328891,"comment_status":"closed","ping_status":"closed","sticky":false,"template":"","format":"standard","meta":{"_acf_changed":false,"footnotes":""},"categories":[161],"tags":[],"class_list":["post-328890","post","type-post","status-publish","format-standard","has-post-thumbnail","hentry","category-quadradinho-em-foco"],"acf":[],"yoast_head":"<!-- This site is optimized with the Yoast SEO plugin v27.5 - https:\/\/yoast.com\/product\/yoast-seo-wordpress\/ -->\n<title>Buriti vai trabalhar com or\u00e7amento de 63 bilh\u00f5es em 2025 - Notibras<\/title>\n<meta name=\"robots\" content=\"index, follow, max-snippet:-1, max-image-preview:large, max-video-preview:-1\" \/>\n<link rel=\"canonical\" href=\"https:\/\/www.notibras.com\/site\/buriti-vai-trabalhar-com-orcamento-de-63-bilhoes-em-2025\/\" \/>\n<meta property=\"og:locale\" content=\"pt_BR\" \/>\n<meta property=\"og:type\" content=\"article\" \/>\n<meta property=\"og:title\" content=\"Buriti vai trabalhar com or\u00e7amento de 63 bilh\u00f5es em 2025 - Notibras\" \/>\n<meta property=\"og:description\" content=\"J\u00e1 est\u00e1 na C\u00e2mara Legislativa o projeto de Lei de Diretrizes Or\u00e7ament\u00e1rias (PLDO) de 2025 \u00e0 C\u00e2mara Legislativa. A proposta traz estimativa de R$ 63,631 bilh\u00f5es de receita total nos cofres p\u00fablicos locais para o pr\u00f3ximo ano. S\u00e3o 60,83% de receita pr\u00f3pria, totalizando R$ 38,103 bilh\u00f5es. J\u00e1 a receita proveniente do Fundo Constitucional do Distrito [&hellip;]\" \/>\n<meta property=\"og:url\" content=\"https:\/\/www.notibras.com\/site\/buriti-vai-trabalhar-com-orcamento-de-63-bilhoes-em-2025\/\" \/>\n<meta property=\"og:site_name\" content=\"Notibras\" \/>\n<meta property=\"article:publisher\" content=\"https:\/\/www.facebook.com\/notibras\/\" \/>\n<meta property=\"article:published_time\" content=\"2024-05-17T03:00:51+00:00\" \/>\n<meta property=\"article:modified_time\" content=\"2024-05-17T11:09:34+00:00\" \/>\n<meta property=\"og:image\" content=\"https:\/\/www.notibras.com\/site\/wp-content\/uploads\/2024\/05\/WhatsApp-Image-2024-05-16-at-18.47.42.jpeg\" \/>\n\t<meta property=\"og:image:width\" content=\"1280\" \/>\n\t<meta property=\"og:image:height\" content=\"850\" \/>\n\t<meta property=\"og:image:type\" content=\"image\/jpeg\" \/>\n<meta name=\"author\" content=\"Reda\u00e7\u00e3o\" \/>\n<meta name=\"twitter:card\" content=\"summary_large_image\" \/>\n<meta name=\"twitter:creator\" content=\"@Notibras\" \/>\n<meta name=\"twitter:site\" content=\"@Notibras\" \/>\n<meta name=\"twitter:label1\" content=\"Escrito por\" \/>\n\t<meta name=\"twitter:data1\" content=\"Reda\u00e7\u00e3o\" \/>\n\t<meta name=\"twitter:label2\" content=\"Est. tempo de leitura\" \/>\n\t<meta name=\"twitter:data2\" content=\"3 minutos\" \/>\n<script type=\"application\/ld+json\" class=\"yoast-schema-graph\">{\"@context\":\"https:\\\/\\\/schema.org\",\"@graph\":[{\"@type\":\"Article\",\"@id\":\"https:\\\/\\\/www.notibras.com\\\/site\\\/buriti-vai-trabalhar-com-orcamento-de-63-bilhoes-em-2025\\\/#article\",\"isPartOf\":{\"@id\":\"https:\\\/\\\/www.notibras.com\\\/site\\\/buriti-vai-trabalhar-com-orcamento-de-63-bilhoes-em-2025\\\/\"},\"author\":{\"name\":\"Reda\u00e7\u00e3o\",\"@id\":\"https:\\\/\\\/www.notibras.com\\\/site\\\/#\\\/schema\\\/person\\\/36ab0979449956132d3e5b517ea76ac8\"},\"headline\":\"Buriti vai trabalhar com or\u00e7amento de 63 bilh\u00f5es em 2025\",\"datePublished\":\"2024-05-17T03:00:51+00:00\",\"dateModified\":\"2024-05-17T11:09:34+00:00\",\"mainEntityOfPage\":{\"@id\":\"https:\\\/\\\/www.notibras.com\\\/site\\\/buriti-vai-trabalhar-com-orcamento-de-63-bilhoes-em-2025\\\/\"},\"wordCount\":551,\"publisher\":{\"@id\":\"https:\\\/\\\/www.notibras.com\\\/site\\\/#organization\"},\"image\":{\"@id\":\"https:\\\/\\\/www.notibras.com\\\/site\\\/buriti-vai-trabalhar-com-orcamento-de-63-bilhoes-em-2025\\\/#primaryimage\"},\"thumbnailUrl\":\"https:\\\/\\\/www.notibras.com\\\/site\\\/wp-content\\\/uploads\\\/2024\\\/05\\\/WhatsApp-Image-2024-05-16-at-18.47.42.jpeg\",\"articleSection\":[\"Quadradinho em Foco\"],\"inLanguage\":\"pt-BR\"},{\"@type\":\"WebPage\",\"@id\":\"https:\\\/\\\/www.notibras.com\\\/site\\\/buriti-vai-trabalhar-com-orcamento-de-63-bilhoes-em-2025\\\/\",\"url\":\"https:\\\/\\\/www.notibras.com\\\/site\\\/buriti-vai-trabalhar-com-orcamento-de-63-bilhoes-em-2025\\\/\",\"name\":\"Buriti vai trabalhar com or\u00e7amento de 63 bilh\u00f5es em 2025 - Notibras\",\"isPartOf\":{\"@id\":\"https:\\\/\\\/www.notibras.com\\\/site\\\/#website\"},\"primaryImageOfPage\":{\"@id\":\"https:\\\/\\\/www.notibras.com\\\/site\\\/buriti-vai-trabalhar-com-orcamento-de-63-bilhoes-em-2025\\\/#primaryimage\"},\"image\":{\"@id\":\"https:\\\/\\\/www.notibras.com\\\/site\\\/buriti-vai-trabalhar-com-orcamento-de-63-bilhoes-em-2025\\\/#primaryimage\"},\"thumbnailUrl\":\"https:\\\/\\\/www.notibras.com\\\/site\\\/wp-content\\\/uploads\\\/2024\\\/05\\\/WhatsApp-Image-2024-05-16-at-18.47.42.jpeg\",\"datePublished\":\"2024-05-17T03:00:51+00:00\",\"dateModified\":\"2024-05-17T11:09:34+00:00\",\"breadcrumb\":{\"@id\":\"https:\\\/\\\/www.notibras.com\\\/site\\\/buriti-vai-trabalhar-com-orcamento-de-63-bilhoes-em-2025\\\/#breadcrumb\"},\"inLanguage\":\"pt-BR\",\"potentialAction\":[{\"@type\":\"ReadAction\",\"target\":[\"https:\\\/\\\/www.notibras.com\\\/site\\\/buriti-vai-trabalhar-com-orcamento-de-63-bilhoes-em-2025\\\/\"]}]},{\"@type\":\"ImageObject\",\"inLanguage\":\"pt-BR\",\"@id\":\"https:\\\/\\\/www.notibras.com\\\/site\\\/buriti-vai-trabalhar-com-orcamento-de-63-bilhoes-em-2025\\\/#primaryimage\",\"url\":\"https:\\\/\\\/www.notibras.com\\\/site\\\/wp-content\\\/uploads\\\/2024\\\/05\\\/WhatsApp-Image-2024-05-16-at-18.47.42.jpeg\",\"contentUrl\":\"https:\\\/\\\/www.notibras.com\\\/site\\\/wp-content\\\/uploads\\\/2024\\\/05\\\/WhatsApp-Image-2024-05-16-at-18.47.42.jpeg\",\"width\":1280,\"height\":850},{\"@type\":\"BreadcrumbList\",\"@id\":\"https:\\\/\\\/www.notibras.com\\\/site\\\/buriti-vai-trabalhar-com-orcamento-de-63-bilhoes-em-2025\\\/#breadcrumb\",\"itemListElement\":[{\"@type\":\"ListItem\",\"position\":1,\"name\":\"In\u00edcio\",\"item\":\"https:\\\/\\\/www.notibras.com\\\/site\\\/\"},{\"@type\":\"ListItem\",\"position\":2,\"name\":\"Buriti vai trabalhar com or\u00e7amento de 63 bilh\u00f5es em 2025\"}]},{\"@type\":\"WebSite\",\"@id\":\"https:\\\/\\\/www.notibras.com\\\/site\\\/#website\",\"url\":\"https:\\\/\\\/www.notibras.com\\\/site\\\/\",\"name\":\"Notibras\",\"description\":\"Not\u00edcias de Bras\u00edlia, do Brasil e do Mundo\",\"publisher\":{\"@id\":\"https:\\\/\\\/www.notibras.com\\\/site\\\/#organization\"},\"potentialAction\":[{\"@type\":\"SearchAction\",\"target\":{\"@type\":\"EntryPoint\",\"urlTemplate\":\"https:\\\/\\\/www.notibras.com\\\/site\\\/?s={search_term_string}\"},\"query-input\":{\"@type\":\"PropertyValueSpecification\",\"valueRequired\":true,\"valueName\":\"search_term_string\"}}],\"inLanguage\":\"pt-BR\"},{\"@type\":\"Organization\",\"@id\":\"https:\\\/\\\/www.notibras.com\\\/site\\\/#organization\",\"name\":\"Grupo Notibras de Comunica\u00e7\u00e3o\",\"url\":\"https:\\\/\\\/www.notibras.com\\\/site\\\/\",\"logo\":{\"@type\":\"ImageObject\",\"inLanguage\":\"pt-BR\",\"@id\":\"https:\\\/\\\/www.notibras.com\\\/site\\\/#\\\/schema\\\/logo\\\/image\\\/\",\"url\":\"https:\\\/\\\/www.notibras.com\\\/site\\\/wp-content\\\/uploads\\\/2023\\\/01\\\/notibras23.png\",\"contentUrl\":\"https:\\\/\\\/www.notibras.com\\\/site\\\/wp-content\\\/uploads\\\/2023\\\/01\\\/notibras23.png\",\"width\":350,\"height\":87,\"caption\":\"Grupo Notibras de Comunica\u00e7\u00e3o\"},\"image\":{\"@id\":\"https:\\\/\\\/www.notibras.com\\\/site\\\/#\\\/schema\\\/logo\\\/image\\\/\"},\"sameAs\":[\"https:\\\/\\\/www.facebook.com\\\/notibras\\\/\",\"https:\\\/\\\/x.com\\\/Notibras\",\"https:\\\/\\\/www.instagram.com\\\/notibras\\\/\"]},{\"@type\":\"Person\",\"@id\":\"https:\\\/\\\/www.notibras.com\\\/site\\\/#\\\/schema\\\/person\\\/36ab0979449956132d3e5b517ea76ac8\",\"name\":\"Reda\u00e7\u00e3o\",\"image\":{\"@type\":\"ImageObject\",\"inLanguage\":\"pt-BR\",\"@id\":\"https:\\\/\\\/secure.gravatar.com\\\/avatar\\\/e0a867bdedb85fd243eadf09663511f96fc81e0720a4a42581f334ad4303aa6b?s=96&d=mm&r=g\",\"url\":\"https:\\\/\\\/secure.gravatar.com\\\/avatar\\\/e0a867bdedb85fd243eadf09663511f96fc81e0720a4a42581f334ad4303aa6b?s=96&d=mm&r=g\",\"contentUrl\":\"https:\\\/\\\/secure.gravatar.com\\\/avatar\\\/e0a867bdedb85fd243eadf09663511f96fc81e0720a4a42581f334ad4303aa6b?s=96&d=mm&r=g\",\"caption\":\"Reda\u00e7\u00e3o\"}}]}<\/script>\n<!-- \/ Yoast SEO plugin. -->","yoast_head_json":{"title":"Buriti vai trabalhar com or\u00e7amento de 63 bilh\u00f5es em 2025 - Notibras","robots":{"index":"index","follow":"follow","max-snippet":"max-snippet:-1","max-image-preview":"max-image-preview:large","max-video-preview":"max-video-preview:-1"},"canonical":"https:\/\/www.notibras.com\/site\/buriti-vai-trabalhar-com-orcamento-de-63-bilhoes-em-2025\/","og_locale":"pt_BR","og_type":"article","og_title":"Buriti vai trabalhar com or\u00e7amento de 63 bilh\u00f5es em 2025 - Notibras","og_description":"J\u00e1 est\u00e1 na C\u00e2mara Legislativa o projeto de Lei de Diretrizes Or\u00e7ament\u00e1rias (PLDO) de 2025 \u00e0 C\u00e2mara Legislativa. A proposta traz estimativa de R$ 63,631 bilh\u00f5es de receita total nos cofres p\u00fablicos locais para o pr\u00f3ximo ano. S\u00e3o 60,83% de receita pr\u00f3pria, totalizando R$ 38,103 bilh\u00f5es. J\u00e1 a receita proveniente do Fundo Constitucional do Distrito [&hellip;]","og_url":"https:\/\/www.notibras.com\/site\/buriti-vai-trabalhar-com-orcamento-de-63-bilhoes-em-2025\/","og_site_name":"Notibras","article_publisher":"https:\/\/www.facebook.com\/notibras\/","article_published_time":"2024-05-17T03:00:51+00:00","article_modified_time":"2024-05-17T11:09:34+00:00","og_image":[{"width":1280,"height":850,"url":"https:\/\/www.notibras.com\/site\/wp-content\/uploads\/2024\/05\/WhatsApp-Image-2024-05-16-at-18.47.42.jpeg","type":"image\/jpeg"}],"author":"Reda\u00e7\u00e3o","twitter_card":"summary_large_image","twitter_creator":"@Notibras","twitter_site":"@Notibras","twitter_misc":{"Escrito por":"Reda\u00e7\u00e3o","Est. tempo de leitura":"3 minutos"},"schema":{"@context":"https:\/\/schema.org","@graph":[{"@type":"Article","@id":"https:\/\/www.notibras.com\/site\/buriti-vai-trabalhar-com-orcamento-de-63-bilhoes-em-2025\/#article","isPartOf":{"@id":"https:\/\/www.notibras.com\/site\/buriti-vai-trabalhar-com-orcamento-de-63-bilhoes-em-2025\/"},"author":{"name":"Reda\u00e7\u00e3o","@id":"https:\/\/www.notibras.com\/site\/#\/schema\/person\/36ab0979449956132d3e5b517ea76ac8"},"headline":"Buriti vai trabalhar com or\u00e7amento de 63 bilh\u00f5es em 2025","datePublished":"2024-05-17T03:00:51+00:00","dateModified":"2024-05-17T11:09:34+00:00","mainEntityOfPage":{"@id":"https:\/\/www.notibras.com\/site\/buriti-vai-trabalhar-com-orcamento-de-63-bilhoes-em-2025\/"},"wordCount":551,"publisher":{"@id":"https:\/\/www.notibras.com\/site\/#organization"},"image":{"@id":"https:\/\/www.notibras.com\/site\/buriti-vai-trabalhar-com-orcamento-de-63-bilhoes-em-2025\/#primaryimage"},"thumbnailUrl":"https:\/\/www.notibras.com\/site\/wp-content\/uploads\/2024\/05\/WhatsApp-Image-2024-05-16-at-18.47.42.jpeg","articleSection":["Quadradinho em Foco"],"inLanguage":"pt-BR"},{"@type":"WebPage","@id":"https:\/\/www.notibras.com\/site\/buriti-vai-trabalhar-com-orcamento-de-63-bilhoes-em-2025\/","url":"https:\/\/www.notibras.com\/site\/buriti-vai-trabalhar-com-orcamento-de-63-bilhoes-em-2025\/","name":"Buriti vai trabalhar com or\u00e7amento de 63 bilh\u00f5es em 2025 - Notibras","isPartOf":{"@id":"https:\/\/www.notibras.com\/site\/#website"},"primaryImageOfPage":{"@id":"https:\/\/www.notibras.com\/site\/buriti-vai-trabalhar-com-orcamento-de-63-bilhoes-em-2025\/#primaryimage"},"image":{"@id":"https:\/\/www.notibras.com\/site\/buriti-vai-trabalhar-com-orcamento-de-63-bilhoes-em-2025\/#primaryimage"},"thumbnailUrl":"https:\/\/www.notibras.com\/site\/wp-content\/uploads\/2024\/05\/WhatsApp-Image-2024-05-16-at-18.47.42.jpeg","datePublished":"2024-05-17T03:00:51+00:00","dateModified":"2024-05-17T11:09:34+00:00","breadcrumb":{"@id":"https:\/\/www.notibras.com\/site\/buriti-vai-trabalhar-com-orcamento-de-63-bilhoes-em-2025\/#breadcrumb"},"inLanguage":"pt-BR","potentialAction":[{"@type":"ReadAction","target":["https:\/\/www.notibras.com\/site\/buriti-vai-trabalhar-com-orcamento-de-63-bilhoes-em-2025\/"]}]},{"@type":"ImageObject","inLanguage":"pt-BR","@id":"https:\/\/www.notibras.com\/site\/buriti-vai-trabalhar-com-orcamento-de-63-bilhoes-em-2025\/#primaryimage","url":"https:\/\/www.notibras.com\/site\/wp-content\/uploads\/2024\/05\/WhatsApp-Image-2024-05-16-at-18.47.42.jpeg","contentUrl":"https:\/\/www.notibras.com\/site\/wp-content\/uploads\/2024\/05\/WhatsApp-Image-2024-05-16-at-18.47.42.jpeg","width":1280,"height":850},{"@type":"BreadcrumbList","@id":"https:\/\/www.notibras.com\/site\/buriti-vai-trabalhar-com-orcamento-de-63-bilhoes-em-2025\/#breadcrumb","itemListElement":[{"@type":"ListItem","position":1,"name":"In\u00edcio","item":"https:\/\/www.notibras.com\/site\/"},{"@type":"ListItem","position":2,"name":"Buriti vai trabalhar com or\u00e7amento de 63 bilh\u00f5es em 2025"}]},{"@type":"WebSite","@id":"https:\/\/www.notibras.com\/site\/#website","url":"https:\/\/www.notibras.com\/site\/","name":"Notibras","description":"Not\u00edcias de Bras\u00edlia, do Brasil e do Mundo","publisher":{"@id":"https:\/\/www.notibras.com\/site\/#organization"},"potentialAction":[{"@type":"SearchAction","target":{"@type":"EntryPoint","urlTemplate":"https:\/\/www.notibras.com\/site\/?s={search_term_string}"},"query-input":{"@type":"PropertyValueSpecification","valueRequired":true,"valueName":"search_term_string"}}],"inLanguage":"pt-BR"},{"@type":"Organization","@id":"https:\/\/www.notibras.com\/site\/#organization","name":"Grupo Notibras de Comunica\u00e7\u00e3o","url":"https:\/\/www.notibras.com\/site\/","logo":{"@type":"ImageObject","inLanguage":"pt-BR","@id":"https:\/\/www.notibras.com\/site\/#\/schema\/logo\/image\/","url":"https:\/\/www.notibras.com\/site\/wp-content\/uploads\/2023\/01\/notibras23.png","contentUrl":"https:\/\/www.notibras.com\/site\/wp-content\/uploads\/2023\/01\/notibras23.png","width":350,"height":87,"caption":"Grupo Notibras de Comunica\u00e7\u00e3o"},"image":{"@id":"https:\/\/www.notibras.com\/site\/#\/schema\/logo\/image\/"},"sameAs":["https:\/\/www.facebook.com\/notibras\/","https:\/\/x.com\/Notibras","https:\/\/www.instagram.com\/notibras\/"]},{"@type":"Person","@id":"https:\/\/www.notibras.com\/site\/#\/schema\/person\/36ab0979449956132d3e5b517ea76ac8","name":"Reda\u00e7\u00e3o","image":{"@type":"ImageObject","inLanguage":"pt-BR","@id":"https:\/\/secure.gravatar.com\/avatar\/e0a867bdedb85fd243eadf09663511f96fc81e0720a4a42581f334ad4303aa6b?s=96&d=mm&r=g","url":"https:\/\/secure.gravatar.com\/avatar\/e0a867bdedb85fd243eadf09663511f96fc81e0720a4a42581f334ad4303aa6b?s=96&d=mm&r=g","contentUrl":"https:\/\/secure.gravatar.com\/avatar\/e0a867bdedb85fd243eadf09663511f96fc81e0720a4a42581f334ad4303aa6b?s=96&d=mm&r=g","caption":"Reda\u00e7\u00e3o"}}]}},"amp_enabled":true,"_links":{"self":[{"href":"https:\/\/www.notibras.com\/site\/wp-json\/wp\/v2\/posts\/328890","targetHints":{"allow":["GET"]}}],"collection":[{"href":"https:\/\/www.notibras.com\/site\/wp-json\/wp\/v2\/posts"}],"about":[{"href":"https:\/\/www.notibras.com\/site\/wp-json\/wp\/v2\/types\/post"}],"author":[{"embeddable":true,"href":"https:\/\/www.notibras.com\/site\/wp-json\/wp\/v2\/users\/2"}],"replies":[{"embeddable":true,"href":"https:\/\/www.notibras.com\/site\/wp-json\/wp\/v2\/comments?post=328890"}],"version-history":[{"count":1,"href":"https:\/\/www.notibras.com\/site\/wp-json\/wp\/v2\/posts\/328890\/revisions"}],"predecessor-version":[{"id":328892,"href":"https:\/\/www.notibras.com\/site\/wp-json\/wp\/v2\/posts\/328890\/revisions\/328892"}],"wp:featuredmedia":[{"embeddable":true,"href":"https:\/\/www.notibras.com\/site\/wp-json\/wp\/v2\/media\/328891"}],"wp:attachment":[{"href":"https:\/\/www.notibras.com\/site\/wp-json\/wp\/v2\/media?parent=328890"}],"wp:term":[{"taxonomy":"category","embeddable":true,"href":"https:\/\/www.notibras.com\/site\/wp-json\/wp\/v2\/categories?post=328890"},{"taxonomy":"post_tag","embeddable":true,"href":"https:\/\/www.notibras.com\/site\/wp-json\/wp\/v2\/tags?post=328890"}],"curies":[{"name":"wp","href":"https:\/\/api.w.org\/{rel}","templated":true}]}}