{"id":328896,"date":"2024-05-17T00:18:56","date_gmt":"2024-05-17T03:18:56","guid":{"rendered":"https:\/\/www.notibras.com\/site\/?p=328896"},"modified":"2024-05-17T08:21:04","modified_gmt":"2024-05-17T11:21:04","slug":"festa-do-divino-circo-e-brincadeiras-de-rua-na-agenda-cultural","status":"publish","type":"post","link":"https:\/\/www.notibras.com\/site\/festa-do-divino-circo-e-brincadeiras-de-rua-na-agenda-cultural\/","title":{"rendered":"Festa do Divino, circo e brincadeiras de rua na agenda cultural"},"content":{"rendered":"<p>De festivais de rua a espet\u00e1culos de circo, diversas programa\u00e7\u00f5es contam com o fomento da Secretaria de Cultura e Economia Criativa, por meio de recursos do Fundo de Apoio \u00e0 Cultura do Distrito Federal (FAC-DF), al\u00e9m do apoio da Secretaria de Turismo do DF.<\/p>\n<p>Confira as atra\u00e7\u00f5es que preenchem a agenda dos brasilienses de sexta-feira (17) a domingo (19).<\/p>\n<p>De sexta (17) a domingo (19), das 7h \u00e0s 20h, Planaltina recebe a etapa final da segunda maior celebra\u00e7\u00e3o religiosa de Bras\u00edlia, reunindo fi\u00e9is para dias de festejos, cavalgadas e missas em homenagem ao Divino Esp\u00edrito Santo.<\/p>\n<p>No s\u00e1bado (18), \u00e0s 13h, as novenas se re\u00fanem para o Encontro das Bandeiras na Pra\u00e7a da Par\u00f3quia S\u00e3o Sebasti\u00e3o para o Giro da Folia, o ponto alto da Festa do Divino. Neste encontro, \u00e9 servido um grande almo\u00e7o para os cavaleiros, preparado por volunt\u00e1rios e entusiastas das festividades.<\/p>\n<p>No domingo de Pentecostes, a Prociss\u00e3o da Coroa aproxima-se da igreja matriz, celebrando com fogos de artif\u00edcio e m\u00fasicas. O Imperador do Divino e seu cortejo entram pela porta principal e se colocam junto ao altar, de frente para o povo, dando continuidade ao festejo at\u00e9 a celebra\u00e7\u00e3o da missa pelo padre. Ap\u00f3s a missa, as tradicionais cantigas da festa s\u00e3o cantadas e tocadas.<\/p>\n<p><strong>Circo e brincadeiras de rua<\/strong><br \/>\nA segunda edi\u00e7\u00e3o rural do Festival de Brincadeiras de Rua vai acontecer neste s\u00e1bado (18) no C\u00f3rrego do Ouro, regi\u00e3o rural da Fercal. Com in\u00edcio \u00e0s 15h, ser\u00e3o esta\u00e7\u00f5es de brincadeiras onde crian\u00e7as e adultos poder\u00e3o brincar de pular corda, futebol, corrida de tampinha, queimada, bola de gude, bete e outras brincadeiras populares.<\/p>\n<p>Aproveitando a data, o Conselho Tutelar da Fercal far\u00e1 uma palestra sobre o Dia Nacional de Combate ao Abuso e \u00e0 Explora\u00e7\u00e3o Sexual de Crian\u00e7as e Adolescentes. Para finalizar o dia, o Coletivo Ambidestro apresentar\u00e1 o Palco Aberto, um espet\u00e1culo de variedades circenses. Haver\u00e1, ainda, sorteio de brinquedos populares ao final do evento.<\/p>\n<p>E para quem gosta de circo, os palha\u00e7os Chaubraubrau e Raquaqu\u00e1 se preparam para mais uma caravana, que come\u00e7a nesta sexta (17), na Estrutural. As apresenta\u00e7\u00f5es s\u00e3o \u00e0s 10h no Centro de Educa\u00e7\u00e3o Infantil 01 e \u00e0s 17h no Coletivo da Cidade.<\/p>\n<p>A temporada inclui pra\u00e7as p\u00fablicas e escolas, com seis apresenta\u00e7\u00f5es do espet\u00e1culo O Circo dos Irm\u00e3os Sa\u00fade, sempre seguidas da exibi\u00e7\u00e3o do filme Cuidado! Palha\u00e7os, do cineasta Pablo Peixoto que conta um pouco da hist\u00f3ria dos irm\u00e3os palha\u00e7os. Para garantir acesso integral da popula\u00e7\u00e3o, todas as apresenta\u00e7\u00f5es ser\u00e3o gratuitas, ter\u00e3o int\u00e9rprete de Libras e os locais selecionados oferecem condi\u00e7\u00f5es para cadeirantes.<\/p>\n<p><strong>Shows<\/strong><br \/>\nNeste s\u00e1bado (18) e no domingo (19), ocorre o encerramento da segunda edi\u00e7\u00e3o do Afro em Movimento, uma grande celebra\u00e7\u00e3o da cultura e do empreendedorismo negro no Sesc 504 Sul, com entrada gratuita.<\/p>\n<p>A programa\u00e7\u00e3o conta com DJ, shows, aulas abertas e a Feira Afro \u2013 que vai reunir moda, artesanato e diversos outros artigos de 12 produtores negros que estar\u00e3o em exposi\u00e7\u00e3o nos dias 18 e 19 de maio, a partir das 14h. A programa\u00e7\u00e3o musical tem abertura do DJ \u00c1frika e tamb\u00e9m contempla artistas como Flor Furac\u00e3o e Ellen Ol\u00e9ria.<\/p>\n","protected":false},"excerpt":{"rendered":"<p>De festivais de rua a espet\u00e1culos de circo, diversas programa\u00e7\u00f5es contam com o fomento da Secretaria de Cultura e Economia Criativa, por meio de recursos do Fundo de Apoio \u00e0 Cultura do Distrito Federal (FAC-DF), al\u00e9m do apoio da Secretaria de Turismo do DF. Confira as atra\u00e7\u00f5es que preenchem a agenda dos brasilienses de sexta-feira [&hellip;]<\/p>\n","protected":false},"author":2,"featured_media":328897,"comment_status":"closed","ping_status":"closed","sticky":false,"template":"","format":"standard","meta":{"_acf_changed":false,"footnotes":""},"categories":[161],"tags":[],"class_list":["post-328896","post","type-post","status-publish","format-standard","has-post-thumbnail","hentry","category-quadradinho-em-foco"],"acf":[],"yoast_head":"<!-- This site is optimized with the Yoast SEO plugin v27.5 - https:\/\/yoast.com\/product\/yoast-seo-wordpress\/ -->\n<title>Festa do Divino, circo e brincadeiras de rua na agenda cultural - Notibras<\/title>\n<meta name=\"robots\" content=\"index, follow, max-snippet:-1, max-image-preview:large, max-video-preview:-1\" \/>\n<link rel=\"canonical\" href=\"https:\/\/www.notibras.com\/site\/festa-do-divino-circo-e-brincadeiras-de-rua-na-agenda-cultural\/\" \/>\n<meta property=\"og:locale\" content=\"pt_BR\" \/>\n<meta property=\"og:type\" content=\"article\" \/>\n<meta property=\"og:title\" content=\"Festa do Divino, circo e brincadeiras de rua na agenda cultural - Notibras\" \/>\n<meta property=\"og:description\" content=\"De festivais de rua a espet\u00e1culos de circo, diversas programa\u00e7\u00f5es contam com o fomento da Secretaria de Cultura e Economia Criativa, por meio de recursos do Fundo de Apoio \u00e0 Cultura do Distrito Federal (FAC-DF), al\u00e9m do apoio da Secretaria de Turismo do DF. Confira as atra\u00e7\u00f5es que preenchem a agenda dos brasilienses de sexta-feira [&hellip;]\" \/>\n<meta property=\"og:url\" content=\"https:\/\/www.notibras.com\/site\/festa-do-divino-circo-e-brincadeiras-de-rua-na-agenda-cultural\/\" \/>\n<meta property=\"og:site_name\" content=\"Notibras\" \/>\n<meta property=\"article:publisher\" content=\"https:\/\/www.facebook.com\/notibras\/\" \/>\n<meta property=\"article:published_time\" content=\"2024-05-17T03:18:56+00:00\" \/>\n<meta property=\"article:modified_time\" content=\"2024-05-17T11:21:04+00:00\" \/>\n<meta property=\"og:image\" content=\"https:\/\/www.notibras.com\/site\/wp-content\/uploads\/2024\/05\/Festa-do-Divino.-Foto-Renato-Alves-2-1536x1024-1.jpg\" \/>\n\t<meta property=\"og:image:width\" content=\"1536\" \/>\n\t<meta property=\"og:image:height\" content=\"1024\" \/>\n\t<meta property=\"og:image:type\" content=\"image\/jpeg\" \/>\n<meta name=\"author\" content=\"Reda\u00e7\u00e3o\" \/>\n<meta name=\"twitter:card\" content=\"summary_large_image\" \/>\n<meta name=\"twitter:creator\" content=\"@Notibras\" \/>\n<meta name=\"twitter:site\" content=\"@Notibras\" \/>\n<meta name=\"twitter:label1\" content=\"Escrito por\" \/>\n\t<meta name=\"twitter:data1\" content=\"Reda\u00e7\u00e3o\" \/>\n\t<meta name=\"twitter:label2\" content=\"Est. tempo de leitura\" \/>\n\t<meta name=\"twitter:data2\" content=\"4 minutos\" \/>\n<script type=\"application\/ld+json\" class=\"yoast-schema-graph\">{\"@context\":\"https:\\\/\\\/schema.org\",\"@graph\":[{\"@type\":\"Article\",\"@id\":\"https:\\\/\\\/www.notibras.com\\\/site\\\/festa-do-divino-circo-e-brincadeiras-de-rua-na-agenda-cultural\\\/#article\",\"isPartOf\":{\"@id\":\"https:\\\/\\\/www.notibras.com\\\/site\\\/festa-do-divino-circo-e-brincadeiras-de-rua-na-agenda-cultural\\\/\"},\"author\":{\"name\":\"Reda\u00e7\u00e3o\",\"@id\":\"https:\\\/\\\/www.notibras.com\\\/site\\\/#\\\/schema\\\/person\\\/36ab0979449956132d3e5b517ea76ac8\"},\"headline\":\"Festa do Divino, circo e brincadeiras de rua na agenda cultural\",\"datePublished\":\"2024-05-17T03:18:56+00:00\",\"dateModified\":\"2024-05-17T11:21:04+00:00\",\"mainEntityOfPage\":{\"@id\":\"https:\\\/\\\/www.notibras.com\\\/site\\\/festa-do-divino-circo-e-brincadeiras-de-rua-na-agenda-cultural\\\/\"},\"wordCount\":575,\"publisher\":{\"@id\":\"https:\\\/\\\/www.notibras.com\\\/site\\\/#organization\"},\"image\":{\"@id\":\"https:\\\/\\\/www.notibras.com\\\/site\\\/festa-do-divino-circo-e-brincadeiras-de-rua-na-agenda-cultural\\\/#primaryimage\"},\"thumbnailUrl\":\"https:\\\/\\\/www.notibras.com\\\/site\\\/wp-content\\\/uploads\\\/2024\\\/05\\\/Festa-do-Divino.-Foto-Renato-Alves-2-1536x1024-1.jpg\",\"articleSection\":[\"Quadradinho em Foco\"],\"inLanguage\":\"pt-BR\"},{\"@type\":\"WebPage\",\"@id\":\"https:\\\/\\\/www.notibras.com\\\/site\\\/festa-do-divino-circo-e-brincadeiras-de-rua-na-agenda-cultural\\\/\",\"url\":\"https:\\\/\\\/www.notibras.com\\\/site\\\/festa-do-divino-circo-e-brincadeiras-de-rua-na-agenda-cultural\\\/\",\"name\":\"Festa do Divino, circo e brincadeiras de rua na agenda cultural - Notibras\",\"isPartOf\":{\"@id\":\"https:\\\/\\\/www.notibras.com\\\/site\\\/#website\"},\"primaryImageOfPage\":{\"@id\":\"https:\\\/\\\/www.notibras.com\\\/site\\\/festa-do-divino-circo-e-brincadeiras-de-rua-na-agenda-cultural\\\/#primaryimage\"},\"image\":{\"@id\":\"https:\\\/\\\/www.notibras.com\\\/site\\\/festa-do-divino-circo-e-brincadeiras-de-rua-na-agenda-cultural\\\/#primaryimage\"},\"thumbnailUrl\":\"https:\\\/\\\/www.notibras.com\\\/site\\\/wp-content\\\/uploads\\\/2024\\\/05\\\/Festa-do-Divino.-Foto-Renato-Alves-2-1536x1024-1.jpg\",\"datePublished\":\"2024-05-17T03:18:56+00:00\",\"dateModified\":\"2024-05-17T11:21:04+00:00\",\"breadcrumb\":{\"@id\":\"https:\\\/\\\/www.notibras.com\\\/site\\\/festa-do-divino-circo-e-brincadeiras-de-rua-na-agenda-cultural\\\/#breadcrumb\"},\"inLanguage\":\"pt-BR\",\"potentialAction\":[{\"@type\":\"ReadAction\",\"target\":[\"https:\\\/\\\/www.notibras.com\\\/site\\\/festa-do-divino-circo-e-brincadeiras-de-rua-na-agenda-cultural\\\/\"]}]},{\"@type\":\"ImageObject\",\"inLanguage\":\"pt-BR\",\"@id\":\"https:\\\/\\\/www.notibras.com\\\/site\\\/festa-do-divino-circo-e-brincadeiras-de-rua-na-agenda-cultural\\\/#primaryimage\",\"url\":\"https:\\\/\\\/www.notibras.com\\\/site\\\/wp-content\\\/uploads\\\/2024\\\/05\\\/Festa-do-Divino.-Foto-Renato-Alves-2-1536x1024-1.jpg\",\"contentUrl\":\"https:\\\/\\\/www.notibras.com\\\/site\\\/wp-content\\\/uploads\\\/2024\\\/05\\\/Festa-do-Divino.-Foto-Renato-Alves-2-1536x1024-1.jpg\",\"width\":1536,\"height\":1024},{\"@type\":\"BreadcrumbList\",\"@id\":\"https:\\\/\\\/www.notibras.com\\\/site\\\/festa-do-divino-circo-e-brincadeiras-de-rua-na-agenda-cultural\\\/#breadcrumb\",\"itemListElement\":[{\"@type\":\"ListItem\",\"position\":1,\"name\":\"In\u00edcio\",\"item\":\"https:\\\/\\\/www.notibras.com\\\/site\\\/\"},{\"@type\":\"ListItem\",\"position\":2,\"name\":\"Festa do Divino, circo e brincadeiras de rua na agenda cultural\"}]},{\"@type\":\"WebSite\",\"@id\":\"https:\\\/\\\/www.notibras.com\\\/site\\\/#website\",\"url\":\"https:\\\/\\\/www.notibras.com\\\/site\\\/\",\"name\":\"Notibras\",\"description\":\"Not\u00edcias de Bras\u00edlia, do Brasil e do Mundo\",\"publisher\":{\"@id\":\"https:\\\/\\\/www.notibras.com\\\/site\\\/#organization\"},\"potentialAction\":[{\"@type\":\"SearchAction\",\"target\":{\"@type\":\"EntryPoint\",\"urlTemplate\":\"https:\\\/\\\/www.notibras.com\\\/site\\\/?s={search_term_string}\"},\"query-input\":{\"@type\":\"PropertyValueSpecification\",\"valueRequired\":true,\"valueName\":\"search_term_string\"}}],\"inLanguage\":\"pt-BR\"},{\"@type\":\"Organization\",\"@id\":\"https:\\\/\\\/www.notibras.com\\\/site\\\/#organization\",\"name\":\"Grupo Notibras de Comunica\u00e7\u00e3o\",\"url\":\"https:\\\/\\\/www.notibras.com\\\/site\\\/\",\"logo\":{\"@type\":\"ImageObject\",\"inLanguage\":\"pt-BR\",\"@id\":\"https:\\\/\\\/www.notibras.com\\\/site\\\/#\\\/schema\\\/logo\\\/image\\\/\",\"url\":\"https:\\\/\\\/www.notibras.com\\\/site\\\/wp-content\\\/uploads\\\/2023\\\/01\\\/notibras23.png\",\"contentUrl\":\"https:\\\/\\\/www.notibras.com\\\/site\\\/wp-content\\\/uploads\\\/2023\\\/01\\\/notibras23.png\",\"width\":350,\"height\":87,\"caption\":\"Grupo Notibras de Comunica\u00e7\u00e3o\"},\"image\":{\"@id\":\"https:\\\/\\\/www.notibras.com\\\/site\\\/#\\\/schema\\\/logo\\\/image\\\/\"},\"sameAs\":[\"https:\\\/\\\/www.facebook.com\\\/notibras\\\/\",\"https:\\\/\\\/x.com\\\/Notibras\",\"https:\\\/\\\/www.instagram.com\\\/notibras\\\/\"]},{\"@type\":\"Person\",\"@id\":\"https:\\\/\\\/www.notibras.com\\\/site\\\/#\\\/schema\\\/person\\\/36ab0979449956132d3e5b517ea76ac8\",\"name\":\"Reda\u00e7\u00e3o\",\"image\":{\"@type\":\"ImageObject\",\"inLanguage\":\"pt-BR\",\"@id\":\"https:\\\/\\\/secure.gravatar.com\\\/avatar\\\/e0a867bdedb85fd243eadf09663511f96fc81e0720a4a42581f334ad4303aa6b?s=96&d=mm&r=g\",\"url\":\"https:\\\/\\\/secure.gravatar.com\\\/avatar\\\/e0a867bdedb85fd243eadf09663511f96fc81e0720a4a42581f334ad4303aa6b?s=96&d=mm&r=g\",\"contentUrl\":\"https:\\\/\\\/secure.gravatar.com\\\/avatar\\\/e0a867bdedb85fd243eadf09663511f96fc81e0720a4a42581f334ad4303aa6b?s=96&d=mm&r=g\",\"caption\":\"Reda\u00e7\u00e3o\"}}]}<\/script>\n<!-- \/ Yoast SEO plugin. -->","yoast_head_json":{"title":"Festa do Divino, circo e brincadeiras de rua na agenda cultural - Notibras","robots":{"index":"index","follow":"follow","max-snippet":"max-snippet:-1","max-image-preview":"max-image-preview:large","max-video-preview":"max-video-preview:-1"},"canonical":"https:\/\/www.notibras.com\/site\/festa-do-divino-circo-e-brincadeiras-de-rua-na-agenda-cultural\/","og_locale":"pt_BR","og_type":"article","og_title":"Festa do Divino, circo e brincadeiras de rua na agenda cultural - Notibras","og_description":"De festivais de rua a espet\u00e1culos de circo, diversas programa\u00e7\u00f5es contam com o fomento da Secretaria de Cultura e Economia Criativa, por meio de recursos do Fundo de Apoio \u00e0 Cultura do Distrito Federal (FAC-DF), al\u00e9m do apoio da Secretaria de Turismo do DF. Confira as atra\u00e7\u00f5es que preenchem a agenda dos brasilienses de sexta-feira [&hellip;]","og_url":"https:\/\/www.notibras.com\/site\/festa-do-divino-circo-e-brincadeiras-de-rua-na-agenda-cultural\/","og_site_name":"Notibras","article_publisher":"https:\/\/www.facebook.com\/notibras\/","article_published_time":"2024-05-17T03:18:56+00:00","article_modified_time":"2024-05-17T11:21:04+00:00","og_image":[{"width":1536,"height":1024,"url":"https:\/\/www.notibras.com\/site\/wp-content\/uploads\/2024\/05\/Festa-do-Divino.-Foto-Renato-Alves-2-1536x1024-1.jpg","type":"image\/jpeg"}],"author":"Reda\u00e7\u00e3o","twitter_card":"summary_large_image","twitter_creator":"@Notibras","twitter_site":"@Notibras","twitter_misc":{"Escrito por":"Reda\u00e7\u00e3o","Est. tempo de leitura":"4 minutos"},"schema":{"@context":"https:\/\/schema.org","@graph":[{"@type":"Article","@id":"https:\/\/www.notibras.com\/site\/festa-do-divino-circo-e-brincadeiras-de-rua-na-agenda-cultural\/#article","isPartOf":{"@id":"https:\/\/www.notibras.com\/site\/festa-do-divino-circo-e-brincadeiras-de-rua-na-agenda-cultural\/"},"author":{"name":"Reda\u00e7\u00e3o","@id":"https:\/\/www.notibras.com\/site\/#\/schema\/person\/36ab0979449956132d3e5b517ea76ac8"},"headline":"Festa do Divino, circo e brincadeiras de rua na agenda cultural","datePublished":"2024-05-17T03:18:56+00:00","dateModified":"2024-05-17T11:21:04+00:00","mainEntityOfPage":{"@id":"https:\/\/www.notibras.com\/site\/festa-do-divino-circo-e-brincadeiras-de-rua-na-agenda-cultural\/"},"wordCount":575,"publisher":{"@id":"https:\/\/www.notibras.com\/site\/#organization"},"image":{"@id":"https:\/\/www.notibras.com\/site\/festa-do-divino-circo-e-brincadeiras-de-rua-na-agenda-cultural\/#primaryimage"},"thumbnailUrl":"https:\/\/www.notibras.com\/site\/wp-content\/uploads\/2024\/05\/Festa-do-Divino.-Foto-Renato-Alves-2-1536x1024-1.jpg","articleSection":["Quadradinho em Foco"],"inLanguage":"pt-BR"},{"@type":"WebPage","@id":"https:\/\/www.notibras.com\/site\/festa-do-divino-circo-e-brincadeiras-de-rua-na-agenda-cultural\/","url":"https:\/\/www.notibras.com\/site\/festa-do-divino-circo-e-brincadeiras-de-rua-na-agenda-cultural\/","name":"Festa do Divino, circo e brincadeiras de rua na agenda cultural - Notibras","isPartOf":{"@id":"https:\/\/www.notibras.com\/site\/#website"},"primaryImageOfPage":{"@id":"https:\/\/www.notibras.com\/site\/festa-do-divino-circo-e-brincadeiras-de-rua-na-agenda-cultural\/#primaryimage"},"image":{"@id":"https:\/\/www.notibras.com\/site\/festa-do-divino-circo-e-brincadeiras-de-rua-na-agenda-cultural\/#primaryimage"},"thumbnailUrl":"https:\/\/www.notibras.com\/site\/wp-content\/uploads\/2024\/05\/Festa-do-Divino.-Foto-Renato-Alves-2-1536x1024-1.jpg","datePublished":"2024-05-17T03:18:56+00:00","dateModified":"2024-05-17T11:21:04+00:00","breadcrumb":{"@id":"https:\/\/www.notibras.com\/site\/festa-do-divino-circo-e-brincadeiras-de-rua-na-agenda-cultural\/#breadcrumb"},"inLanguage":"pt-BR","potentialAction":[{"@type":"ReadAction","target":["https:\/\/www.notibras.com\/site\/festa-do-divino-circo-e-brincadeiras-de-rua-na-agenda-cultural\/"]}]},{"@type":"ImageObject","inLanguage":"pt-BR","@id":"https:\/\/www.notibras.com\/site\/festa-do-divino-circo-e-brincadeiras-de-rua-na-agenda-cultural\/#primaryimage","url":"https:\/\/www.notibras.com\/site\/wp-content\/uploads\/2024\/05\/Festa-do-Divino.-Foto-Renato-Alves-2-1536x1024-1.jpg","contentUrl":"https:\/\/www.notibras.com\/site\/wp-content\/uploads\/2024\/05\/Festa-do-Divino.-Foto-Renato-Alves-2-1536x1024-1.jpg","width":1536,"height":1024},{"@type":"BreadcrumbList","@id":"https:\/\/www.notibras.com\/site\/festa-do-divino-circo-e-brincadeiras-de-rua-na-agenda-cultural\/#breadcrumb","itemListElement":[{"@type":"ListItem","position":1,"name":"In\u00edcio","item":"https:\/\/www.notibras.com\/site\/"},{"@type":"ListItem","position":2,"name":"Festa do Divino, circo e brincadeiras de rua na agenda cultural"}]},{"@type":"WebSite","@id":"https:\/\/www.notibras.com\/site\/#website","url":"https:\/\/www.notibras.com\/site\/","name":"Notibras","description":"Not\u00edcias de Bras\u00edlia, do Brasil e do Mundo","publisher":{"@id":"https:\/\/www.notibras.com\/site\/#organization"},"potentialAction":[{"@type":"SearchAction","target":{"@type":"EntryPoint","urlTemplate":"https:\/\/www.notibras.com\/site\/?s={search_term_string}"},"query-input":{"@type":"PropertyValueSpecification","valueRequired":true,"valueName":"search_term_string"}}],"inLanguage":"pt-BR"},{"@type":"Organization","@id":"https:\/\/www.notibras.com\/site\/#organization","name":"Grupo Notibras de Comunica\u00e7\u00e3o","url":"https:\/\/www.notibras.com\/site\/","logo":{"@type":"ImageObject","inLanguage":"pt-BR","@id":"https:\/\/www.notibras.com\/site\/#\/schema\/logo\/image\/","url":"https:\/\/www.notibras.com\/site\/wp-content\/uploads\/2023\/01\/notibras23.png","contentUrl":"https:\/\/www.notibras.com\/site\/wp-content\/uploads\/2023\/01\/notibras23.png","width":350,"height":87,"caption":"Grupo Notibras de Comunica\u00e7\u00e3o"},"image":{"@id":"https:\/\/www.notibras.com\/site\/#\/schema\/logo\/image\/"},"sameAs":["https:\/\/www.facebook.com\/notibras\/","https:\/\/x.com\/Notibras","https:\/\/www.instagram.com\/notibras\/"]},{"@type":"Person","@id":"https:\/\/www.notibras.com\/site\/#\/schema\/person\/36ab0979449956132d3e5b517ea76ac8","name":"Reda\u00e7\u00e3o","image":{"@type":"ImageObject","inLanguage":"pt-BR","@id":"https:\/\/secure.gravatar.com\/avatar\/e0a867bdedb85fd243eadf09663511f96fc81e0720a4a42581f334ad4303aa6b?s=96&d=mm&r=g","url":"https:\/\/secure.gravatar.com\/avatar\/e0a867bdedb85fd243eadf09663511f96fc81e0720a4a42581f334ad4303aa6b?s=96&d=mm&r=g","contentUrl":"https:\/\/secure.gravatar.com\/avatar\/e0a867bdedb85fd243eadf09663511f96fc81e0720a4a42581f334ad4303aa6b?s=96&d=mm&r=g","caption":"Reda\u00e7\u00e3o"}}]}},"amp_enabled":true,"_links":{"self":[{"href":"https:\/\/www.notibras.com\/site\/wp-json\/wp\/v2\/posts\/328896","targetHints":{"allow":["GET"]}}],"collection":[{"href":"https:\/\/www.notibras.com\/site\/wp-json\/wp\/v2\/posts"}],"about":[{"href":"https:\/\/www.notibras.com\/site\/wp-json\/wp\/v2\/types\/post"}],"author":[{"embeddable":true,"href":"https:\/\/www.notibras.com\/site\/wp-json\/wp\/v2\/users\/2"}],"replies":[{"embeddable":true,"href":"https:\/\/www.notibras.com\/site\/wp-json\/wp\/v2\/comments?post=328896"}],"version-history":[{"count":1,"href":"https:\/\/www.notibras.com\/site\/wp-json\/wp\/v2\/posts\/328896\/revisions"}],"predecessor-version":[{"id":328898,"href":"https:\/\/www.notibras.com\/site\/wp-json\/wp\/v2\/posts\/328896\/revisions\/328898"}],"wp:featuredmedia":[{"embeddable":true,"href":"https:\/\/www.notibras.com\/site\/wp-json\/wp\/v2\/media\/328897"}],"wp:attachment":[{"href":"https:\/\/www.notibras.com\/site\/wp-json\/wp\/v2\/media?parent=328896"}],"wp:term":[{"taxonomy":"category","embeddable":true,"href":"https:\/\/www.notibras.com\/site\/wp-json\/wp\/v2\/categories?post=328896"},{"taxonomy":"post_tag","embeddable":true,"href":"https:\/\/www.notibras.com\/site\/wp-json\/wp\/v2\/tags?post=328896"}],"curies":[{"name":"wp","href":"https:\/\/api.w.org\/{rel}","templated":true}]}}