{"id":328899,"date":"2024-05-17T00:00:51","date_gmt":"2024-05-17T03:00:51","guid":{"rendered":"https:\/\/www.notibras.com\/site\/?p=328899"},"modified":"2024-05-17T08:31:48","modified_gmt":"2024-05-17T11:31:48","slug":"dinheiro-em-especie-sai-do-sistema-de-bilhetagem-dos-onibus","status":"publish","type":"post","link":"https:\/\/www.notibras.com\/site\/dinheiro-em-especie-sai-do-sistema-de-bilhetagem-dos-onibus\/","title":{"rendered":"Dinheiro em esp\u00e9cie sai do sistema de bilhetagem dos \u00f4nibus"},"content":{"rendered":"<p>A partir de 1\u00ba de julho, os m\u00e9todos de pagamento das tarifas individuais de \u00f4nibus do Distrito Federal (DF) ser\u00e3o alterados. Conforme portaria publicada no Di\u00e1rio Oficial desta quinta-feira (16), o dinheiro em esp\u00e9cie n\u00e3o ser\u00e1 mais aceito para adquirir as passagens diretamente dentro dos \u00f4nibus.<\/p>\n<p>Os cart\u00f5es Mobilidade e Vale Transporte ser\u00e3o os \u00fanicos meios aceitos diretamente nas catracas dos coletivos. Os acessos poder\u00e3o ser comprados pelo aplicativo BRB Mobilidade, caso j\u00e1 tenha o cart\u00e3o, ou em um dos 128 pontos de vendas espalhados pelo DF com cart\u00e3o de cr\u00e9dito ou d\u00e9bito, Pix e dinheiro em esp\u00e9cie.<\/p>\n<p>A reportagem selecionou os principais trechos da coletiva de imprensa concedida, na tarde desta quinta-feira (16), pelo secret\u00e1rio de Transporte e Mobilidade (Semob-DF), Zeno Gon\u00e7alves; pelo presidente do Banco de Bras\u00edlia (BRB), Paulo Henrique Costa; e pela subsecret\u00e1ria de Opera\u00e7\u00f5es Integradas da Secretaria de Seguran\u00e7a P\u00fablica, coronel C\u00edntia Queiroz. Confira:<\/p>\n<p><strong>Objetivo<\/strong><br \/>\nA nova medida visa modernizar o Sistema de Transporte P\u00fablico Coletivo do Distrito Federal (STPC-DF), al\u00e9m de garantir mais seguran\u00e7a e transpar\u00eancia tanto aos usu\u00e1rios quanto aos prestadores de servi\u00e7os.<\/p>\n<p>Com o fim do pagamento da tarifa individual em esp\u00e9cie, a expectativa \u00e9 que o desempenho das linhas fique ainda melhor com viagens mais r\u00e1pidas, uma vez que ser\u00e1 reduzido o tempo de cobran\u00e7a da passagem<\/p>\n<p>\u201cEstamos implantando um sistema moderno e seguro, retirando a circula\u00e7\u00e3o de dinheiro dos \u00f4nibus e oferecendo diversas op\u00e7\u00f5es para o pagamento das passagens por meio eletr\u00f4nico. Isso \u00e9 importante para reduzir o risco de assaltos, agilizar o embarque e dar mais efici\u00eancia ao servi\u00e7o com redu\u00e7\u00e3o no tempo das viagens\u201d, explicou o secret\u00e1rio da Semob, Zeno Gon\u00e7alves.<\/p>\n<p><strong>Mais seguran\u00e7a<\/strong><br \/>\n\u201cEntre janeiro e abril deste ano, foram registradas 69 ocorr\u00eancias de roubos em coletivos, um n\u00famero 61,9% menor do que o mesmo per\u00edodo do ano passado, que contabilizou 181 ocorr\u00eancias desta natureza\u201d, relatou a coronel C\u00edntia Queiroz. A expectativa \u00e9 que, com o fim do pagamento da tarifa em esp\u00e9cie, os coletivos n\u00e3o sejam mais alvos de roubos.<\/p>\n<p>\u201cEssa medida ser\u00e1 de extrema import\u00e2ncia para a melhoria da seguran\u00e7a dos usu\u00e1rios de transporte p\u00fablico no DF. Aliada \u00e0s a\u00e7\u00f5es que v\u00eam sendo desenvolvidas pelas for\u00e7as de seguran\u00e7a do DF, com refor\u00e7o da seguran\u00e7a em \u00e1reas, hor\u00e1rios e dias cr\u00edticos, detectados por meio de estudos de manchas criminais elaboradas pela Seguran\u00e7a P\u00fablica do DF, vamos reduzir ainda mais a incid\u00eancia dos roubos a transporte coletivo\u201d, destacou o secret\u00e1rio de Seguran\u00e7a P\u00fablica, Sandro Avelar.<\/p>\n<p><strong>Funcionamento<\/strong><br \/>\nA portaria prev\u00ea a extin\u00e7\u00e3o do pagamento em esp\u00e9cie nas catracas dos \u00f4nibus. Os 128 postos de atendimento para recarga continuar\u00e3o aceitando essa forma de pagamento, al\u00e9m dos cart\u00f5es de cr\u00e9dito e d\u00e9bito e Pix.<\/p>\n<p>\u201cN\u00f3s come\u00e7aremos a agir a partir de agora com campanhas publicit\u00e1rias para conscientizar a popula\u00e7\u00e3o. A partir do dia 1\u00ba de julho, iremos implantar a nova medida em linhas nas quais o pagamento em esp\u00e9cie \u00e9 pequeno. \u00c0 medida que for tendo ades\u00e3o, iremos ampliar para as outras linhas a retirada do dinheiro em esp\u00e9cie. A proje\u00e7\u00e3o \u00e9 que at\u00e9 o fim do ano n\u00f3s estejamos com ades\u00e3o 100% por parte do usu\u00e1rio, com um sistema totalmente automatizado\u201d, detalhou o secret\u00e1rio Zeno.<\/p>\n<p><strong>Dinheiro em esp\u00e9cie extinto aos poucos<\/strong><br \/>\nEm 2023, o pagamento da passagem com dinheiro em esp\u00e9cie representava um montante de R$ 278.501.638, o equivalente a 31% do total de acessos. Em 2024, o volume, at\u00e9 o momento, \u00e9 de R$ 84.937971, que equivale a 29% do total de viagens. Com a implementa\u00e7\u00e3o do pagamento via cart\u00f5es de cr\u00e9dito e d\u00e9bito e QR Code, a possibilidade do pagamento das passagens com dinheiro ser\u00e1 reduzida gradualmente at\u00e9 atingir todas as linhas de \u00f4nibus do transporte p\u00fablico coletivo do DF.<\/p>\n<p>A medida vai valer na maioria das linhas do DF. H\u00e1 algumas regi\u00f5es onde os sinais de internet dificultam a opera\u00e7\u00e3o e, por isso, a Semob vai divulgar uma lista com poucas linhas onde excepcionalmente ainda ser\u00e1 permitido o pagamento da tarifa com dinheiro.<\/p>\n<p><strong>Formas de pagamento<\/strong><br \/>\nNos quase cinco anos desde que o BRB assumiu a operacionaliza\u00e7\u00e3o do Sistema de Bilhetagem Autom\u00e1tica (SBA), j\u00e1 foram registrados 1,3 bilh\u00e3o de acessos ao transporte urbano, gerando uma movimenta\u00e7\u00e3o de R$ 3,6 bilh\u00f5es.<\/p>\n<p>Os validadores nos cerca de 900 \u00f4nibus do DF j\u00e1 foram trocados para aceitarem o pagamento com os cart\u00f5es, mas a pr\u00e1tica depende da publica\u00e7\u00e3o de um decreto para regulamentar a atividade, que deve ser publicado nos pr\u00f3ximos dias pelo governador Ibaneis Rocha.<\/p>\n<p>\u201cOs \u00f4nibus do DF j\u00e1 possuem validadores que aceitam o pagamento da passagem por aproxima\u00e7\u00e3o. O pagamento poder\u00e1 ser realizado por meio de cart\u00e3o Mobilidade, cart\u00e3o Vale-transporte, cart\u00e3o banc\u00e1rio de d\u00e9bito e cr\u00e9dito ou QR Code. Os passageiros tamb\u00e9m poder\u00e3o utilizar smartphones, smartwatches ou pulseiras inteligentes para fazer o pagamento via aproxima\u00e7\u00e3o\u201d, destacou Zeno Gon\u00e7alves.<\/p>\n<p>\u201cNenhuma capital do pa\u00eds tem tantas formas de pagamento quanto n\u00f3s disponibilizamos aos usu\u00e1rios do DF. N\u00f3s temos boleto, Pix, cart\u00f5es, al\u00e9m dos m\u00e9todos tradicionais, como Vale Transporte\u201d, destacou o presidente do BRB, Paulo Henrique durante a coletiva (assista \u00e0 \u00edntegra abaixo).<\/p>\n<p><strong>Melhorias para o usu\u00e1rio<\/strong><br \/>\nCom o fim do pagamento da tarifa individual em esp\u00e9cie, a expectativa \u00e9 que o desempenho das linhas fique ainda melhor com viagens mais r\u00e1pidas, uma vez que ser\u00e1 reduzido o tempo de cobran\u00e7a da passagem.<\/p>\n<p>\u201cA gente espera que tenha uma agilidade e melhoria no servi\u00e7o prestado ao cidad\u00e3o. Quando o usu\u00e1rio consegue entrar no coletivo de forma r\u00e1pida, sem precisar de troco, isso traz um impacto enorme na viagem, porque a gente ganha no n\u00famero de trajetos realizados, ampliamos as ofertas, al\u00e9m de darmos mais rapidez no atendimento ao usu\u00e1rio\u201d, afirmou o secret\u00e1rio Zeno Gon\u00e7alves.<\/p>\n<p><strong>Processo de integra\u00e7\u00e3o<\/strong><br \/>\nA integra\u00e7\u00e3o tarif\u00e1ria \u00e9 um benef\u00edcio concedido aos usu\u00e1rios que necessitam utilizar at\u00e9 tr\u00eas linhas no mesmo sentido, dentro de um per\u00edodo pr\u00e9-estabelecido, pagando pelos deslocamentos somente o valor da tarifa de integra\u00e7\u00e3o (R$ 5,50).<\/p>\n<p>\u201cO usu\u00e1rio do transporte coletivo, seja metr\u00f4 ou \u00f4nibus, tem direito, pagando apenas uma passagem, a mais duas viagens no mesmo sentido no intervalo de tr\u00eas horas. Se ele for pagar a viagem em esp\u00e9cie, seria necess\u00e1rio arcar com o valor de cada viagem avulsa, sem a integra\u00e7\u00e3o. Esse benef\u00edcio \u00e9 disponibilizado apenas para quem tem o cart\u00e3o BRB Mobilidade. Para pagamentos em esp\u00e9cie, n\u00e3o h\u00e1 como utilizar a integra\u00e7\u00e3o. Por isso, a melhor op\u00e7\u00e3o \u00e9 que todos tenham o cart\u00e3o Mobilidade\u201d, esclareceu Zeno.<\/p>\n","protected":false},"excerpt":{"rendered":"<p>A partir de 1\u00ba de julho, os m\u00e9todos de pagamento das tarifas individuais de \u00f4nibus do Distrito Federal (DF) ser\u00e3o alterados. Conforme portaria publicada no Di\u00e1rio Oficial desta quinta-feira (16), o dinheiro em esp\u00e9cie n\u00e3o ser\u00e1 mais aceito para adquirir as passagens diretamente dentro dos \u00f4nibus. Os cart\u00f5es Mobilidade e Vale Transporte ser\u00e3o os \u00fanicos [&hellip;]<\/p>\n","protected":false},"author":2,"featured_media":322896,"comment_status":"closed","ping_status":"closed","sticky":false,"template":"","format":"standard","meta":{"_acf_changed":false,"footnotes":""},"categories":[161],"tags":[],"class_list":["post-328899","post","type-post","status-publish","format-standard","has-post-thumbnail","hentry","category-quadradinho-em-foco"],"acf":[],"yoast_head":"<!-- This site is optimized with the Yoast SEO plugin v27.5 - https:\/\/yoast.com\/product\/yoast-seo-wordpress\/ -->\n<title>Dinheiro em esp\u00e9cie sai do sistema de bilhetagem dos \u00f4nibus - Notibras<\/title>\n<meta name=\"robots\" content=\"index, follow, max-snippet:-1, max-image-preview:large, max-video-preview:-1\" \/>\n<link rel=\"canonical\" href=\"https:\/\/www.notibras.com\/site\/dinheiro-em-especie-sai-do-sistema-de-bilhetagem-dos-onibus\/\" \/>\n<meta property=\"og:locale\" content=\"pt_BR\" \/>\n<meta property=\"og:type\" content=\"article\" \/>\n<meta property=\"og:title\" content=\"Dinheiro em esp\u00e9cie sai do sistema de bilhetagem dos \u00f4nibus - Notibras\" \/>\n<meta property=\"og:description\" content=\"A partir de 1\u00ba de julho, os m\u00e9todos de pagamento das tarifas individuais de \u00f4nibus do Distrito Federal (DF) ser\u00e3o alterados. Conforme portaria publicada no Di\u00e1rio Oficial desta quinta-feira (16), o dinheiro em esp\u00e9cie n\u00e3o ser\u00e1 mais aceito para adquirir as passagens diretamente dentro dos \u00f4nibus. Os cart\u00f5es Mobilidade e Vale Transporte ser\u00e3o os \u00fanicos [&hellip;]\" \/>\n<meta property=\"og:url\" content=\"https:\/\/www.notibras.com\/site\/dinheiro-em-especie-sai-do-sistema-de-bilhetagem-dos-onibus\/\" \/>\n<meta property=\"og:site_name\" content=\"Notibras\" \/>\n<meta property=\"article:publisher\" content=\"https:\/\/www.facebook.com\/notibras\/\" \/>\n<meta property=\"article:published_time\" content=\"2024-05-17T03:00:51+00:00\" \/>\n<meta property=\"article:modified_time\" content=\"2024-05-17T11:31:48+00:00\" \/>\n<meta property=\"og:image\" content=\"https:\/\/www.notibras.com\/site\/wp-content\/uploads\/2024\/02\/brbonibus.jpg\" \/>\n\t<meta property=\"og:image:width\" content=\"768\" \/>\n\t<meta property=\"og:image:height\" content=\"512\" \/>\n\t<meta property=\"og:image:type\" content=\"image\/jpeg\" \/>\n<meta name=\"author\" content=\"Reda\u00e7\u00e3o\" \/>\n<meta name=\"twitter:card\" content=\"summary_large_image\" \/>\n<meta name=\"twitter:creator\" content=\"@Notibras\" \/>\n<meta name=\"twitter:site\" content=\"@Notibras\" \/>\n<meta name=\"twitter:label1\" content=\"Escrito por\" \/>\n\t<meta name=\"twitter:data1\" content=\"Reda\u00e7\u00e3o\" \/>\n\t<meta name=\"twitter:label2\" content=\"Est. tempo de leitura\" \/>\n\t<meta name=\"twitter:data2\" content=\"7 minutos\" \/>\n<script type=\"application\/ld+json\" class=\"yoast-schema-graph\">{\"@context\":\"https:\\\/\\\/schema.org\",\"@graph\":[{\"@type\":\"Article\",\"@id\":\"https:\\\/\\\/www.notibras.com\\\/site\\\/dinheiro-em-especie-sai-do-sistema-de-bilhetagem-dos-onibus\\\/#article\",\"isPartOf\":{\"@id\":\"https:\\\/\\\/www.notibras.com\\\/site\\\/dinheiro-em-especie-sai-do-sistema-de-bilhetagem-dos-onibus\\\/\"},\"author\":{\"name\":\"Reda\u00e7\u00e3o\",\"@id\":\"https:\\\/\\\/www.notibras.com\\\/site\\\/#\\\/schema\\\/person\\\/36ab0979449956132d3e5b517ea76ac8\"},\"headline\":\"Dinheiro em esp\u00e9cie sai do sistema de bilhetagem dos \u00f4nibus\",\"datePublished\":\"2024-05-17T03:00:51+00:00\",\"dateModified\":\"2024-05-17T11:31:48+00:00\",\"mainEntityOfPage\":{\"@id\":\"https:\\\/\\\/www.notibras.com\\\/site\\\/dinheiro-em-especie-sai-do-sistema-de-bilhetagem-dos-onibus\\\/\"},\"wordCount\":1187,\"publisher\":{\"@id\":\"https:\\\/\\\/www.notibras.com\\\/site\\\/#organization\"},\"image\":{\"@id\":\"https:\\\/\\\/www.notibras.com\\\/site\\\/dinheiro-em-especie-sai-do-sistema-de-bilhetagem-dos-onibus\\\/#primaryimage\"},\"thumbnailUrl\":\"https:\\\/\\\/www.notibras.com\\\/site\\\/wp-content\\\/uploads\\\/2024\\\/02\\\/brbonibus.jpg\",\"articleSection\":[\"Quadradinho em Foco\"],\"inLanguage\":\"pt-BR\"},{\"@type\":\"WebPage\",\"@id\":\"https:\\\/\\\/www.notibras.com\\\/site\\\/dinheiro-em-especie-sai-do-sistema-de-bilhetagem-dos-onibus\\\/\",\"url\":\"https:\\\/\\\/www.notibras.com\\\/site\\\/dinheiro-em-especie-sai-do-sistema-de-bilhetagem-dos-onibus\\\/\",\"name\":\"Dinheiro em esp\u00e9cie sai do sistema de bilhetagem dos \u00f4nibus - Notibras\",\"isPartOf\":{\"@id\":\"https:\\\/\\\/www.notibras.com\\\/site\\\/#website\"},\"primaryImageOfPage\":{\"@id\":\"https:\\\/\\\/www.notibras.com\\\/site\\\/dinheiro-em-especie-sai-do-sistema-de-bilhetagem-dos-onibus\\\/#primaryimage\"},\"image\":{\"@id\":\"https:\\\/\\\/www.notibras.com\\\/site\\\/dinheiro-em-especie-sai-do-sistema-de-bilhetagem-dos-onibus\\\/#primaryimage\"},\"thumbnailUrl\":\"https:\\\/\\\/www.notibras.com\\\/site\\\/wp-content\\\/uploads\\\/2024\\\/02\\\/brbonibus.jpg\",\"datePublished\":\"2024-05-17T03:00:51+00:00\",\"dateModified\":\"2024-05-17T11:31:48+00:00\",\"breadcrumb\":{\"@id\":\"https:\\\/\\\/www.notibras.com\\\/site\\\/dinheiro-em-especie-sai-do-sistema-de-bilhetagem-dos-onibus\\\/#breadcrumb\"},\"inLanguage\":\"pt-BR\",\"potentialAction\":[{\"@type\":\"ReadAction\",\"target\":[\"https:\\\/\\\/www.notibras.com\\\/site\\\/dinheiro-em-especie-sai-do-sistema-de-bilhetagem-dos-onibus\\\/\"]}]},{\"@type\":\"ImageObject\",\"inLanguage\":\"pt-BR\",\"@id\":\"https:\\\/\\\/www.notibras.com\\\/site\\\/dinheiro-em-especie-sai-do-sistema-de-bilhetagem-dos-onibus\\\/#primaryimage\",\"url\":\"https:\\\/\\\/www.notibras.com\\\/site\\\/wp-content\\\/uploads\\\/2024\\\/02\\\/brbonibus.jpg\",\"contentUrl\":\"https:\\\/\\\/www.notibras.com\\\/site\\\/wp-content\\\/uploads\\\/2024\\\/02\\\/brbonibus.jpg\",\"width\":768,\"height\":512},{\"@type\":\"BreadcrumbList\",\"@id\":\"https:\\\/\\\/www.notibras.com\\\/site\\\/dinheiro-em-especie-sai-do-sistema-de-bilhetagem-dos-onibus\\\/#breadcrumb\",\"itemListElement\":[{\"@type\":\"ListItem\",\"position\":1,\"name\":\"In\u00edcio\",\"item\":\"https:\\\/\\\/www.notibras.com\\\/site\\\/\"},{\"@type\":\"ListItem\",\"position\":2,\"name\":\"Dinheiro em esp\u00e9cie sai do sistema de bilhetagem dos \u00f4nibus\"}]},{\"@type\":\"WebSite\",\"@id\":\"https:\\\/\\\/www.notibras.com\\\/site\\\/#website\",\"url\":\"https:\\\/\\\/www.notibras.com\\\/site\\\/\",\"name\":\"Notibras\",\"description\":\"Not\u00edcias de Bras\u00edlia, do Brasil e do Mundo\",\"publisher\":{\"@id\":\"https:\\\/\\\/www.notibras.com\\\/site\\\/#organization\"},\"potentialAction\":[{\"@type\":\"SearchAction\",\"target\":{\"@type\":\"EntryPoint\",\"urlTemplate\":\"https:\\\/\\\/www.notibras.com\\\/site\\\/?s={search_term_string}\"},\"query-input\":{\"@type\":\"PropertyValueSpecification\",\"valueRequired\":true,\"valueName\":\"search_term_string\"}}],\"inLanguage\":\"pt-BR\"},{\"@type\":\"Organization\",\"@id\":\"https:\\\/\\\/www.notibras.com\\\/site\\\/#organization\",\"name\":\"Grupo Notibras de Comunica\u00e7\u00e3o\",\"url\":\"https:\\\/\\\/www.notibras.com\\\/site\\\/\",\"logo\":{\"@type\":\"ImageObject\",\"inLanguage\":\"pt-BR\",\"@id\":\"https:\\\/\\\/www.notibras.com\\\/site\\\/#\\\/schema\\\/logo\\\/image\\\/\",\"url\":\"https:\\\/\\\/www.notibras.com\\\/site\\\/wp-content\\\/uploads\\\/2023\\\/01\\\/notibras23.png\",\"contentUrl\":\"https:\\\/\\\/www.notibras.com\\\/site\\\/wp-content\\\/uploads\\\/2023\\\/01\\\/notibras23.png\",\"width\":350,\"height\":87,\"caption\":\"Grupo Notibras de Comunica\u00e7\u00e3o\"},\"image\":{\"@id\":\"https:\\\/\\\/www.notibras.com\\\/site\\\/#\\\/schema\\\/logo\\\/image\\\/\"},\"sameAs\":[\"https:\\\/\\\/www.facebook.com\\\/notibras\\\/\",\"https:\\\/\\\/x.com\\\/Notibras\",\"https:\\\/\\\/www.instagram.com\\\/notibras\\\/\"]},{\"@type\":\"Person\",\"@id\":\"https:\\\/\\\/www.notibras.com\\\/site\\\/#\\\/schema\\\/person\\\/36ab0979449956132d3e5b517ea76ac8\",\"name\":\"Reda\u00e7\u00e3o\",\"image\":{\"@type\":\"ImageObject\",\"inLanguage\":\"pt-BR\",\"@id\":\"https:\\\/\\\/secure.gravatar.com\\\/avatar\\\/e0a867bdedb85fd243eadf09663511f96fc81e0720a4a42581f334ad4303aa6b?s=96&d=mm&r=g\",\"url\":\"https:\\\/\\\/secure.gravatar.com\\\/avatar\\\/e0a867bdedb85fd243eadf09663511f96fc81e0720a4a42581f334ad4303aa6b?s=96&d=mm&r=g\",\"contentUrl\":\"https:\\\/\\\/secure.gravatar.com\\\/avatar\\\/e0a867bdedb85fd243eadf09663511f96fc81e0720a4a42581f334ad4303aa6b?s=96&d=mm&r=g\",\"caption\":\"Reda\u00e7\u00e3o\"}}]}<\/script>\n<!-- \/ Yoast SEO plugin. -->","yoast_head_json":{"title":"Dinheiro em esp\u00e9cie sai do sistema de bilhetagem dos \u00f4nibus - Notibras","robots":{"index":"index","follow":"follow","max-snippet":"max-snippet:-1","max-image-preview":"max-image-preview:large","max-video-preview":"max-video-preview:-1"},"canonical":"https:\/\/www.notibras.com\/site\/dinheiro-em-especie-sai-do-sistema-de-bilhetagem-dos-onibus\/","og_locale":"pt_BR","og_type":"article","og_title":"Dinheiro em esp\u00e9cie sai do sistema de bilhetagem dos \u00f4nibus - Notibras","og_description":"A partir de 1\u00ba de julho, os m\u00e9todos de pagamento das tarifas individuais de \u00f4nibus do Distrito Federal (DF) ser\u00e3o alterados. Conforme portaria publicada no Di\u00e1rio Oficial desta quinta-feira (16), o dinheiro em esp\u00e9cie n\u00e3o ser\u00e1 mais aceito para adquirir as passagens diretamente dentro dos \u00f4nibus. Os cart\u00f5es Mobilidade e Vale Transporte ser\u00e3o os \u00fanicos [&hellip;]","og_url":"https:\/\/www.notibras.com\/site\/dinheiro-em-especie-sai-do-sistema-de-bilhetagem-dos-onibus\/","og_site_name":"Notibras","article_publisher":"https:\/\/www.facebook.com\/notibras\/","article_published_time":"2024-05-17T03:00:51+00:00","article_modified_time":"2024-05-17T11:31:48+00:00","og_image":[{"width":768,"height":512,"url":"https:\/\/www.notibras.com\/site\/wp-content\/uploads\/2024\/02\/brbonibus.jpg","type":"image\/jpeg"}],"author":"Reda\u00e7\u00e3o","twitter_card":"summary_large_image","twitter_creator":"@Notibras","twitter_site":"@Notibras","twitter_misc":{"Escrito por":"Reda\u00e7\u00e3o","Est. tempo de leitura":"7 minutos"},"schema":{"@context":"https:\/\/schema.org","@graph":[{"@type":"Article","@id":"https:\/\/www.notibras.com\/site\/dinheiro-em-especie-sai-do-sistema-de-bilhetagem-dos-onibus\/#article","isPartOf":{"@id":"https:\/\/www.notibras.com\/site\/dinheiro-em-especie-sai-do-sistema-de-bilhetagem-dos-onibus\/"},"author":{"name":"Reda\u00e7\u00e3o","@id":"https:\/\/www.notibras.com\/site\/#\/schema\/person\/36ab0979449956132d3e5b517ea76ac8"},"headline":"Dinheiro em esp\u00e9cie sai do sistema de bilhetagem dos \u00f4nibus","datePublished":"2024-05-17T03:00:51+00:00","dateModified":"2024-05-17T11:31:48+00:00","mainEntityOfPage":{"@id":"https:\/\/www.notibras.com\/site\/dinheiro-em-especie-sai-do-sistema-de-bilhetagem-dos-onibus\/"},"wordCount":1187,"publisher":{"@id":"https:\/\/www.notibras.com\/site\/#organization"},"image":{"@id":"https:\/\/www.notibras.com\/site\/dinheiro-em-especie-sai-do-sistema-de-bilhetagem-dos-onibus\/#primaryimage"},"thumbnailUrl":"https:\/\/www.notibras.com\/site\/wp-content\/uploads\/2024\/02\/brbonibus.jpg","articleSection":["Quadradinho em Foco"],"inLanguage":"pt-BR"},{"@type":"WebPage","@id":"https:\/\/www.notibras.com\/site\/dinheiro-em-especie-sai-do-sistema-de-bilhetagem-dos-onibus\/","url":"https:\/\/www.notibras.com\/site\/dinheiro-em-especie-sai-do-sistema-de-bilhetagem-dos-onibus\/","name":"Dinheiro em esp\u00e9cie sai do sistema de bilhetagem dos \u00f4nibus - Notibras","isPartOf":{"@id":"https:\/\/www.notibras.com\/site\/#website"},"primaryImageOfPage":{"@id":"https:\/\/www.notibras.com\/site\/dinheiro-em-especie-sai-do-sistema-de-bilhetagem-dos-onibus\/#primaryimage"},"image":{"@id":"https:\/\/www.notibras.com\/site\/dinheiro-em-especie-sai-do-sistema-de-bilhetagem-dos-onibus\/#primaryimage"},"thumbnailUrl":"https:\/\/www.notibras.com\/site\/wp-content\/uploads\/2024\/02\/brbonibus.jpg","datePublished":"2024-05-17T03:00:51+00:00","dateModified":"2024-05-17T11:31:48+00:00","breadcrumb":{"@id":"https:\/\/www.notibras.com\/site\/dinheiro-em-especie-sai-do-sistema-de-bilhetagem-dos-onibus\/#breadcrumb"},"inLanguage":"pt-BR","potentialAction":[{"@type":"ReadAction","target":["https:\/\/www.notibras.com\/site\/dinheiro-em-especie-sai-do-sistema-de-bilhetagem-dos-onibus\/"]}]},{"@type":"ImageObject","inLanguage":"pt-BR","@id":"https:\/\/www.notibras.com\/site\/dinheiro-em-especie-sai-do-sistema-de-bilhetagem-dos-onibus\/#primaryimage","url":"https:\/\/www.notibras.com\/site\/wp-content\/uploads\/2024\/02\/brbonibus.jpg","contentUrl":"https:\/\/www.notibras.com\/site\/wp-content\/uploads\/2024\/02\/brbonibus.jpg","width":768,"height":512},{"@type":"BreadcrumbList","@id":"https:\/\/www.notibras.com\/site\/dinheiro-em-especie-sai-do-sistema-de-bilhetagem-dos-onibus\/#breadcrumb","itemListElement":[{"@type":"ListItem","position":1,"name":"In\u00edcio","item":"https:\/\/www.notibras.com\/site\/"},{"@type":"ListItem","position":2,"name":"Dinheiro em esp\u00e9cie sai do sistema de bilhetagem dos \u00f4nibus"}]},{"@type":"WebSite","@id":"https:\/\/www.notibras.com\/site\/#website","url":"https:\/\/www.notibras.com\/site\/","name":"Notibras","description":"Not\u00edcias de Bras\u00edlia, do Brasil e do Mundo","publisher":{"@id":"https:\/\/www.notibras.com\/site\/#organization"},"potentialAction":[{"@type":"SearchAction","target":{"@type":"EntryPoint","urlTemplate":"https:\/\/www.notibras.com\/site\/?s={search_term_string}"},"query-input":{"@type":"PropertyValueSpecification","valueRequired":true,"valueName":"search_term_string"}}],"inLanguage":"pt-BR"},{"@type":"Organization","@id":"https:\/\/www.notibras.com\/site\/#organization","name":"Grupo Notibras de Comunica\u00e7\u00e3o","url":"https:\/\/www.notibras.com\/site\/","logo":{"@type":"ImageObject","inLanguage":"pt-BR","@id":"https:\/\/www.notibras.com\/site\/#\/schema\/logo\/image\/","url":"https:\/\/www.notibras.com\/site\/wp-content\/uploads\/2023\/01\/notibras23.png","contentUrl":"https:\/\/www.notibras.com\/site\/wp-content\/uploads\/2023\/01\/notibras23.png","width":350,"height":87,"caption":"Grupo Notibras de Comunica\u00e7\u00e3o"},"image":{"@id":"https:\/\/www.notibras.com\/site\/#\/schema\/logo\/image\/"},"sameAs":["https:\/\/www.facebook.com\/notibras\/","https:\/\/x.com\/Notibras","https:\/\/www.instagram.com\/notibras\/"]},{"@type":"Person","@id":"https:\/\/www.notibras.com\/site\/#\/schema\/person\/36ab0979449956132d3e5b517ea76ac8","name":"Reda\u00e7\u00e3o","image":{"@type":"ImageObject","inLanguage":"pt-BR","@id":"https:\/\/secure.gravatar.com\/avatar\/e0a867bdedb85fd243eadf09663511f96fc81e0720a4a42581f334ad4303aa6b?s=96&d=mm&r=g","url":"https:\/\/secure.gravatar.com\/avatar\/e0a867bdedb85fd243eadf09663511f96fc81e0720a4a42581f334ad4303aa6b?s=96&d=mm&r=g","contentUrl":"https:\/\/secure.gravatar.com\/avatar\/e0a867bdedb85fd243eadf09663511f96fc81e0720a4a42581f334ad4303aa6b?s=96&d=mm&r=g","caption":"Reda\u00e7\u00e3o"}}]}},"amp_enabled":true,"_links":{"self":[{"href":"https:\/\/www.notibras.com\/site\/wp-json\/wp\/v2\/posts\/328899","targetHints":{"allow":["GET"]}}],"collection":[{"href":"https:\/\/www.notibras.com\/site\/wp-json\/wp\/v2\/posts"}],"about":[{"href":"https:\/\/www.notibras.com\/site\/wp-json\/wp\/v2\/types\/post"}],"author":[{"embeddable":true,"href":"https:\/\/www.notibras.com\/site\/wp-json\/wp\/v2\/users\/2"}],"replies":[{"embeddable":true,"href":"https:\/\/www.notibras.com\/site\/wp-json\/wp\/v2\/comments?post=328899"}],"version-history":[{"count":1,"href":"https:\/\/www.notibras.com\/site\/wp-json\/wp\/v2\/posts\/328899\/revisions"}],"predecessor-version":[{"id":328900,"href":"https:\/\/www.notibras.com\/site\/wp-json\/wp\/v2\/posts\/328899\/revisions\/328900"}],"wp:featuredmedia":[{"embeddable":true,"href":"https:\/\/www.notibras.com\/site\/wp-json\/wp\/v2\/media\/322896"}],"wp:attachment":[{"href":"https:\/\/www.notibras.com\/site\/wp-json\/wp\/v2\/media?parent=328899"}],"wp:term":[{"taxonomy":"category","embeddable":true,"href":"https:\/\/www.notibras.com\/site\/wp-json\/wp\/v2\/categories?post=328899"},{"taxonomy":"post_tag","embeddable":true,"href":"https:\/\/www.notibras.com\/site\/wp-json\/wp\/v2\/tags?post=328899"}],"curies":[{"name":"wp","href":"https:\/\/api.w.org\/{rel}","templated":true}]}}