{"id":328943,"date":"2024-05-18T13:12:33","date_gmt":"2024-05-18T16:12:33","guid":{"rendered":"https:\/\/www.notibras.com\/site\/?p=328943"},"modified":"2024-05-18T13:12:57","modified_gmt":"2024-05-18T16:12:57","slug":"dani-ganha-tesouro-com-presenca-em-novas-feiras","status":"publish","type":"post","link":"https:\/\/www.notibras.com\/site\/dani-ganha-tesouro-com-presenca-em-novas-feiras\/","title":{"rendered":"Dani ganha tesouro com presen\u00e7a em novas feiras"},"content":{"rendered":"<p>No canto mais acolhedor da Praia de Itapuama, no Cabo de Santo Agostinho, em Pernambuco, um universo m\u00e1gico se revela na forma de uma pequena barraca de artesanato e aromas. \u00c9 ali que uma mo\u00e7a de sorriso doce e olhos brilhantes que refletem uma alma vibrante, passa os fins de semana.<\/p>\n<p>Ela atende por Dani, apelido carinhoso de quem sempre teve uma liga\u00e7\u00e3o especial com a natureza e a arte. Desde pequena ela \u00e9 apaixonada por artesanato, aromas suaves, florais e todo um celeiro m\u00edstico. Dani conta que, curiosa, aprendeu a arte de transformar materiais simples em objetos cheios de vida e significado. Do que viu na inf\u00e2ncia, agora recebe toques de modernidade e inova\u00e7\u00e3o.<\/p>\n<p>&#8211; Hoje o dia promete, diz, apontando para a fila de carros estacionados nas proximidades da Brisa de Itapuama, aconchegante pousada que recebe os turistas que v\u00eam em busca da \u00e1gua azul do mar e do C\u00e9u cintilante com os raios do Sol.<\/p>\n<p>Sua barraca \u00e9 um ref\u00fagio de cores e perfumes. Tecidos pintados \u00e0 m\u00e3o, bijuterias feitas com pedras e conchas do mar, incensos artesanais, produtos naturais e \u00f3leos com ess\u00eancias \u00fanicas enchem o espa\u00e7o com uma energia especial. Cada item \u00e9 meticulosamente criado ou ent\u00e3o buscado longe por Dani, que coloca um pouco de sua vida em cada pe\u00e7a, tornando cada compra uma experi\u00eancia pessoal para o cliente.<\/p>\n<p>Os turistas que passam pela barraca de Dani s\u00e3o imediatamente capturados pelo ambiente acolhedor e pela simpatia da artes\u00e3. \u00c9 imposs\u00edvel n\u00e3o se deixar envolver pelas hist\u00f3rias que ela conta sobre a origem dos materiais e as t\u00e9cnicas usadas. Dani \u00e9 mais que uma vendedora; ela \u00e9 uma guardi\u00e3 de tradi\u00e7\u00f5es.<\/p>\n<p>A barraca de Dani \u00e9 tamb\u00e9m um ponto de encontro para moradores locais, que l\u00e1 buscam n\u00e3o apenas produtos, mas tamb\u00e9m conselhos e boas conversas. A mo\u00e7a tem um vasto conhecimento sobre ervas e perfumes, condi\u00e7\u00e3o que lhe permitem recomendar um ch\u00e1 calmante ou um \u00f3leo para aliviar tens\u00f5es. Sua sabedoria popular parece um tesouro que ganhou para compartilhar generosamente.<\/p>\n<p>Al\u00e9m do artesanato, Dani promove pequenos workshops, ensinando crian\u00e7as e adultos a arte da cria\u00e7\u00e3o manual. Para ela, essas oficinas s\u00e3o uma maneira de devolver \u00e0 sociedade um pouco do que ela recebe. \u00c9 um momento de troca, de aprendizado e de fortalecimento dos la\u00e7os comunit\u00e1rios.<\/p>\n<p>Dani n\u00e3o enxerga sua barraca apenas como um meio de sustento, mas como uma extens\u00e3o de sua alma, um lugar onde pode expressar sua criatividade e sua paix\u00e3o pela cultura pernambucana. Cada detalhe \u00e9 pensado com carinho, desde a disposi\u00e7\u00e3o dos produtos at\u00e9 a escolha das m\u00fasicas que embalam o ambiente, sempre uma sele\u00e7\u00e3o de ritmos brasileiros que complementam perfeitamente a experi\u00eancia sensorial.<\/p>\n<p>Neste mundo cada vez mais digital e impessoal, a barraca de Dani \u00e9 um lembrete da beleza das pequenas coisas e do poder do contato com as pessoas. \u00c9 um o\u00e1sis de autenticidade e calor humano que convida todos a desacelerar e apreciar os encantos da vida simples.<\/p>\n<p>Ao final do dia, quando o sol come\u00e7a a se p\u00f4r e as ondas do mar trazem uma brisa suave, Dani fecha sua barraca com um sorriso no rosto, grata por mais um dia de partilhas e encontros. Ela sabe que sua pequena barraca \u00e9 um ponto de luz na praia, um lugar onde os sonhos se encontram e onde a arte e a natureza se unem em perfeita harmonia.<\/p>\n<p>A certeza de estar no caminho certo \u00e9 tanta, que Dani acaba de conquistar o que considera verdadeiros tesouros: presen\u00e7a garantida na Feira Vale da Lua, em Nazar\u00e9, e feira da Aurora, na rua da Aurora, no Recife. Uma estreia, diz ela, que abrir\u00e1 novas portas, enquanto a de Itapuama fica apenas encostada, sempre pronta para receber quem sonha e vive al\u00e9m da imagina\u00e7\u00e3o.<\/p>\n","protected":false},"excerpt":{"rendered":"<p>No canto mais acolhedor da Praia de Itapuama, no Cabo de Santo Agostinho, em Pernambuco, um universo m\u00e1gico se revela na forma de uma pequena barraca de artesanato e aromas. \u00c9 ali que uma mo\u00e7a de sorriso doce e olhos brilhantes que refletem uma alma vibrante, passa os fins de semana. Ela atende por Dani, [&hellip;]<\/p>\n","protected":false},"author":2,"featured_media":328976,"comment_status":"closed","ping_status":"closed","sticky":false,"template":"","format":"standard","meta":{"_acf_changed":false,"footnotes":""},"categories":[165,171],"tags":[],"class_list":["post-328943","post","type-post","status-publish","format-standard","has-post-thumbnail","hentry","category-nordeste","category-pernambuco-nordeste"],"acf":[],"_links":{"self":[{"href":"https:\/\/www.notibras.com\/site\/wp-json\/wp\/v2\/posts\/328943","targetHints":{"allow":["GET"]}}],"collection":[{"href":"https:\/\/www.notibras.com\/site\/wp-json\/wp\/v2\/posts"}],"about":[{"href":"https:\/\/www.notibras.com\/site\/wp-json\/wp\/v2\/types\/post"}],"author":[{"embeddable":true,"href":"https:\/\/www.notibras.com\/site\/wp-json\/wp\/v2\/users\/2"}],"replies":[{"embeddable":true,"href":"https:\/\/www.notibras.com\/site\/wp-json\/wp\/v2\/comments?post=328943"}],"version-history":[{"count":2,"href":"https:\/\/www.notibras.com\/site\/wp-json\/wp\/v2\/posts\/328943\/revisions"}],"predecessor-version":[{"id":328977,"href":"https:\/\/www.notibras.com\/site\/wp-json\/wp\/v2\/posts\/328943\/revisions\/328977"}],"wp:featuredmedia":[{"embeddable":true,"href":"https:\/\/www.notibras.com\/site\/wp-json\/wp\/v2\/media\/328976"}],"wp:attachment":[{"href":"https:\/\/www.notibras.com\/site\/wp-json\/wp\/v2\/media?parent=328943"}],"wp:term":[{"taxonomy":"category","embeddable":true,"href":"https:\/\/www.notibras.com\/site\/wp-json\/wp\/v2\/categories?post=328943"},{"taxonomy":"post_tag","embeddable":true,"href":"https:\/\/www.notibras.com\/site\/wp-json\/wp\/v2\/tags?post=328943"}],"curies":[{"name":"wp","href":"https:\/\/api.w.org\/{rel}","templated":true}]}}