{"id":328952,"date":"2024-05-18T07:59:32","date_gmt":"2024-05-18T10:59:32","guid":{"rendered":"https:\/\/www.notibras.com\/site\/?p=328952"},"modified":"2024-05-18T07:59:32","modified_gmt":"2024-05-18T10:59:32","slug":"mamae-e-a-conversa-que-nunca-teve-com-papai","status":"publish","type":"post","link":"https:\/\/www.notibras.com\/site\/mamae-e-a-conversa-que-nunca-teve-com-papai\/","title":{"rendered":"Mam\u00e3e e a conversa que nunca teve com papai"},"content":{"rendered":"<p>Toda vez que meus netos me visitam, fa\u00e7o quest\u00e3o de irmos para a varanda e bater longos papos. \u00c9 a oportunidade de me inteirar sobre o mundo deles, bem como as crian\u00e7as descobrirem um pouco como era meu tempo de menino. N\u00e3o sei se eles conseguem captar exatamente como eu vivia naquela \u00e9poca t\u00e3o distante, talvez nem eu possua tamanho entendimento. \u00c9 quase certo que muitas coisas deixei para tr\u00e1s e, n\u00e3o duvido, minha mem\u00f3ria fez quest\u00e3o de fantasiar outras tantas.<\/p>\n<p>Com uma carga de 70 anos acima da dos pequenos ao meu redor, convidei-os a entrar na imagin\u00e1ria m\u00e1quina do tempo que criamos em forma de rede presa aos ganchos na parede e numa das vigas que sustenta o teto. A cada balan\u00e7ada, regred\u00edamos um ano at\u00e9 chegar a 1954. Nessa \u00e9poca, corria descal\u00e7o pelas ruas de paralelep\u00edpedos cercadas de casas coloridas. Uma topada aqui, outra acol\u00e1, joelhos esfolados, a pele precisava engrossar rapidamente.<\/p>\n<p>Aos 8 anos, meus p\u00e9s eram como cascos. Os espinhos precisavam ser firmes para feri-los. Hoje, depois de tantos e tantos anos de meias e sapatos, eles se rasgam que nem papel fino. Se estou descal\u00e7o, at\u00e9 o felpudo tapete da sala me causa c\u00f3cegas.<\/p>\n<p>N\u00e3o gostava de pipa, mas cansei de correr atr\u00e1s das que, linha cortada, voavam ao bel-prazer do vento. Se ca\u00edsse sobre uma \u00e1rvore ou o telhado de alguma casa, era ligeiro que nem macaco-prego. Mas se a danada se enganchasse em fia\u00e7\u00e3o de posto de energia, nem chegava perto. Minha m\u00e3e, de tanto me contar de gente eletrocutada, me fez ficar bem longe. At\u00e9 hoje, quando ando pelo bairro, basta olhar para cima e ou\u00e7o a voz da mam\u00e3e: &#8220;Reinaldo, se eu te pegar metido com fio, voc\u00ea vai ter aquela conversa com seu pai!&#8221;<\/p>\n<p>O pavor de tomar taca de papai era maior do que levar choque e cair durinho. Cresci temendo meu pai, at\u00e9 que, l\u00e1 pelos 45 anos, tive coragem de perguntar para meu velho quantas vezes ele havia tido as tais conversas comigo. Mam\u00e3e, que estava ao lado com minha esposa, come\u00e7ou a rir. Fiquei sem entender aquela rea\u00e7\u00e3o, mesmo porque, talvez traumatizado pelas surras tomadas, n\u00e3o conseguia me recordar de nenhuma.<\/p>\n<p>\u2014 Conversa? Que conversa, Reinaldo?<\/p>\n<p>\u2014 L\u00facio, ele est\u00e1 perguntando das vezes que voc\u00ea bateu nele.<\/p>\n<p>\u2014 Bater? Como assim? Nunca levantei um dedo pros meus filhos. Sempre fui totalmente contr\u00e1rio \u00e0 viol\u00eancia, voc\u00ea sabe muito bem disso, \u00c1urea.<\/p>\n<p>Incr\u00e9dulo com tal revela\u00e7\u00e3o, levei algumas semanas para digerir aquilo tudo. Seja como for, percebi que mam\u00e3e quis me proteger de um perigo, que, afinal, era real. M\u00e3es, de vez em quando, agem assim. Creio que, a partir de ent\u00e3o, ficamos mais pr\u00f3ximos. E, qualquer coisa que eu aprontasse, ela se virava para mim e falava: &#8220;Reinaldo, seu pai j\u00e1 est\u00e1 chegando para ter aquela conversa com voc\u00ea!&#8221;<\/p>\n","protected":false},"excerpt":{"rendered":"<p>Toda vez que meus netos me visitam, fa\u00e7o quest\u00e3o de irmos para a varanda e bater longos papos. \u00c9 a oportunidade de me inteirar sobre o mundo deles, bem como as crian\u00e7as descobrirem um pouco como era meu tempo de menino. N\u00e3o sei se eles conseguem captar exatamente como eu vivia naquela \u00e9poca t\u00e3o distante, [&hellip;]<\/p>\n","protected":false},"author":2,"featured_media":328953,"comment_status":"closed","ping_status":"closed","sticky":false,"template":"","format":"standard","meta":{"_acf_changed":false,"footnotes":""},"categories":[161],"tags":[],"class_list":["post-328952","post","type-post","status-publish","format-standard","has-post-thumbnail","hentry","category-quadradinho-em-foco"],"acf":[],"yoast_head":"<!-- This site is optimized with the Yoast SEO plugin v27.5 - https:\/\/yoast.com\/product\/yoast-seo-wordpress\/ -->\n<title>Mam\u00e3e e a conversa que nunca teve com papai - Notibras<\/title>\n<meta name=\"robots\" content=\"index, follow, max-snippet:-1, max-image-preview:large, max-video-preview:-1\" \/>\n<link rel=\"canonical\" href=\"https:\/\/www.notibras.com\/site\/mamae-e-a-conversa-que-nunca-teve-com-papai\/\" \/>\n<meta property=\"og:locale\" content=\"pt_BR\" \/>\n<meta property=\"og:type\" content=\"article\" \/>\n<meta property=\"og:title\" content=\"Mam\u00e3e e a conversa que nunca teve com papai - Notibras\" \/>\n<meta property=\"og:description\" content=\"Toda vez que meus netos me visitam, fa\u00e7o quest\u00e3o de irmos para a varanda e bater longos papos. \u00c9 a oportunidade de me inteirar sobre o mundo deles, bem como as crian\u00e7as descobrirem um pouco como era meu tempo de menino. N\u00e3o sei se eles conseguem captar exatamente como eu vivia naquela \u00e9poca t\u00e3o distante, [&hellip;]\" \/>\n<meta property=\"og:url\" content=\"https:\/\/www.notibras.com\/site\/mamae-e-a-conversa-que-nunca-teve-com-papai\/\" \/>\n<meta property=\"og:site_name\" content=\"Notibras\" \/>\n<meta property=\"article:publisher\" content=\"https:\/\/www.facebook.com\/notibras\/\" \/>\n<meta property=\"article:published_time\" content=\"2024-05-18T10:59:32+00:00\" \/>\n<meta property=\"og:image\" content=\"https:\/\/www.notibras.com\/site\/wp-content\/uploads\/2024\/05\/a1fe6b72-a71e-4a12-93b5-faf798785985.jpeg\" \/>\n\t<meta property=\"og:image:width\" content=\"1080\" \/>\n\t<meta property=\"og:image:height\" content=\"1080\" \/>\n\t<meta property=\"og:image:type\" content=\"image\/jpeg\" \/>\n<meta name=\"author\" content=\"Reda\u00e7\u00e3o\" \/>\n<meta name=\"twitter:card\" content=\"summary_large_image\" \/>\n<meta name=\"twitter:creator\" content=\"@Notibras\" \/>\n<meta name=\"twitter:site\" content=\"@Notibras\" \/>\n<meta name=\"twitter:label1\" content=\"Escrito por\" \/>\n\t<meta name=\"twitter:data1\" content=\"Reda\u00e7\u00e3o\" \/>\n\t<meta name=\"twitter:label2\" content=\"Est. tempo de leitura\" \/>\n\t<meta name=\"twitter:data2\" content=\"3 minutos\" \/>\n<script type=\"application\/ld+json\" class=\"yoast-schema-graph\">{\"@context\":\"https:\\\/\\\/schema.org\",\"@graph\":[{\"@type\":\"Article\",\"@id\":\"https:\\\/\\\/www.notibras.com\\\/site\\\/mamae-e-a-conversa-que-nunca-teve-com-papai\\\/#article\",\"isPartOf\":{\"@id\":\"https:\\\/\\\/www.notibras.com\\\/site\\\/mamae-e-a-conversa-que-nunca-teve-com-papai\\\/\"},\"author\":{\"name\":\"Reda\u00e7\u00e3o\",\"@id\":\"https:\\\/\\\/www.notibras.com\\\/site\\\/#\\\/schema\\\/person\\\/36ab0979449956132d3e5b517ea76ac8\"},\"headline\":\"Mam\u00e3e e a conversa que nunca teve com papai\",\"datePublished\":\"2024-05-18T10:59:32+00:00\",\"mainEntityOfPage\":{\"@id\":\"https:\\\/\\\/www.notibras.com\\\/site\\\/mamae-e-a-conversa-que-nunca-teve-com-papai\\\/\"},\"wordCount\":511,\"publisher\":{\"@id\":\"https:\\\/\\\/www.notibras.com\\\/site\\\/#organization\"},\"image\":{\"@id\":\"https:\\\/\\\/www.notibras.com\\\/site\\\/mamae-e-a-conversa-que-nunca-teve-com-papai\\\/#primaryimage\"},\"thumbnailUrl\":\"https:\\\/\\\/www.notibras.com\\\/site\\\/wp-content\\\/uploads\\\/2024\\\/05\\\/a1fe6b72-a71e-4a12-93b5-faf798785985.jpeg\",\"articleSection\":[\"Quadradinho em Foco\"],\"inLanguage\":\"pt-BR\"},{\"@type\":\"WebPage\",\"@id\":\"https:\\\/\\\/www.notibras.com\\\/site\\\/mamae-e-a-conversa-que-nunca-teve-com-papai\\\/\",\"url\":\"https:\\\/\\\/www.notibras.com\\\/site\\\/mamae-e-a-conversa-que-nunca-teve-com-papai\\\/\",\"name\":\"Mam\u00e3e e a conversa que nunca teve com papai - Notibras\",\"isPartOf\":{\"@id\":\"https:\\\/\\\/www.notibras.com\\\/site\\\/#website\"},\"primaryImageOfPage\":{\"@id\":\"https:\\\/\\\/www.notibras.com\\\/site\\\/mamae-e-a-conversa-que-nunca-teve-com-papai\\\/#primaryimage\"},\"image\":{\"@id\":\"https:\\\/\\\/www.notibras.com\\\/site\\\/mamae-e-a-conversa-que-nunca-teve-com-papai\\\/#primaryimage\"},\"thumbnailUrl\":\"https:\\\/\\\/www.notibras.com\\\/site\\\/wp-content\\\/uploads\\\/2024\\\/05\\\/a1fe6b72-a71e-4a12-93b5-faf798785985.jpeg\",\"datePublished\":\"2024-05-18T10:59:32+00:00\",\"breadcrumb\":{\"@id\":\"https:\\\/\\\/www.notibras.com\\\/site\\\/mamae-e-a-conversa-que-nunca-teve-com-papai\\\/#breadcrumb\"},\"inLanguage\":\"pt-BR\",\"potentialAction\":[{\"@type\":\"ReadAction\",\"target\":[\"https:\\\/\\\/www.notibras.com\\\/site\\\/mamae-e-a-conversa-que-nunca-teve-com-papai\\\/\"]}]},{\"@type\":\"ImageObject\",\"inLanguage\":\"pt-BR\",\"@id\":\"https:\\\/\\\/www.notibras.com\\\/site\\\/mamae-e-a-conversa-que-nunca-teve-com-papai\\\/#primaryimage\",\"url\":\"https:\\\/\\\/www.notibras.com\\\/site\\\/wp-content\\\/uploads\\\/2024\\\/05\\\/a1fe6b72-a71e-4a12-93b5-faf798785985.jpeg\",\"contentUrl\":\"https:\\\/\\\/www.notibras.com\\\/site\\\/wp-content\\\/uploads\\\/2024\\\/05\\\/a1fe6b72-a71e-4a12-93b5-faf798785985.jpeg\",\"width\":1080,\"height\":1080},{\"@type\":\"BreadcrumbList\",\"@id\":\"https:\\\/\\\/www.notibras.com\\\/site\\\/mamae-e-a-conversa-que-nunca-teve-com-papai\\\/#breadcrumb\",\"itemListElement\":[{\"@type\":\"ListItem\",\"position\":1,\"name\":\"In\u00edcio\",\"item\":\"https:\\\/\\\/www.notibras.com\\\/site\\\/\"},{\"@type\":\"ListItem\",\"position\":2,\"name\":\"Mam\u00e3e e a conversa que nunca teve com papai\"}]},{\"@type\":\"WebSite\",\"@id\":\"https:\\\/\\\/www.notibras.com\\\/site\\\/#website\",\"url\":\"https:\\\/\\\/www.notibras.com\\\/site\\\/\",\"name\":\"Notibras\",\"description\":\"Not\u00edcias de Bras\u00edlia, do Brasil e do Mundo\",\"publisher\":{\"@id\":\"https:\\\/\\\/www.notibras.com\\\/site\\\/#organization\"},\"potentialAction\":[{\"@type\":\"SearchAction\",\"target\":{\"@type\":\"EntryPoint\",\"urlTemplate\":\"https:\\\/\\\/www.notibras.com\\\/site\\\/?s={search_term_string}\"},\"query-input\":{\"@type\":\"PropertyValueSpecification\",\"valueRequired\":true,\"valueName\":\"search_term_string\"}}],\"inLanguage\":\"pt-BR\"},{\"@type\":\"Organization\",\"@id\":\"https:\\\/\\\/www.notibras.com\\\/site\\\/#organization\",\"name\":\"Grupo Notibras de Comunica\u00e7\u00e3o\",\"url\":\"https:\\\/\\\/www.notibras.com\\\/site\\\/\",\"logo\":{\"@type\":\"ImageObject\",\"inLanguage\":\"pt-BR\",\"@id\":\"https:\\\/\\\/www.notibras.com\\\/site\\\/#\\\/schema\\\/logo\\\/image\\\/\",\"url\":\"https:\\\/\\\/www.notibras.com\\\/site\\\/wp-content\\\/uploads\\\/2023\\\/01\\\/notibras23.png\",\"contentUrl\":\"https:\\\/\\\/www.notibras.com\\\/site\\\/wp-content\\\/uploads\\\/2023\\\/01\\\/notibras23.png\",\"width\":350,\"height\":87,\"caption\":\"Grupo Notibras de Comunica\u00e7\u00e3o\"},\"image\":{\"@id\":\"https:\\\/\\\/www.notibras.com\\\/site\\\/#\\\/schema\\\/logo\\\/image\\\/\"},\"sameAs\":[\"https:\\\/\\\/www.facebook.com\\\/notibras\\\/\",\"https:\\\/\\\/x.com\\\/Notibras\",\"https:\\\/\\\/www.instagram.com\\\/notibras\\\/\"]},{\"@type\":\"Person\",\"@id\":\"https:\\\/\\\/www.notibras.com\\\/site\\\/#\\\/schema\\\/person\\\/36ab0979449956132d3e5b517ea76ac8\",\"name\":\"Reda\u00e7\u00e3o\",\"image\":{\"@type\":\"ImageObject\",\"inLanguage\":\"pt-BR\",\"@id\":\"https:\\\/\\\/secure.gravatar.com\\\/avatar\\\/e0a867bdedb85fd243eadf09663511f96fc81e0720a4a42581f334ad4303aa6b?s=96&d=mm&r=g\",\"url\":\"https:\\\/\\\/secure.gravatar.com\\\/avatar\\\/e0a867bdedb85fd243eadf09663511f96fc81e0720a4a42581f334ad4303aa6b?s=96&d=mm&r=g\",\"contentUrl\":\"https:\\\/\\\/secure.gravatar.com\\\/avatar\\\/e0a867bdedb85fd243eadf09663511f96fc81e0720a4a42581f334ad4303aa6b?s=96&d=mm&r=g\",\"caption\":\"Reda\u00e7\u00e3o\"}}]}<\/script>\n<!-- \/ Yoast SEO plugin. -->","yoast_head_json":{"title":"Mam\u00e3e e a conversa que nunca teve com papai - Notibras","robots":{"index":"index","follow":"follow","max-snippet":"max-snippet:-1","max-image-preview":"max-image-preview:large","max-video-preview":"max-video-preview:-1"},"canonical":"https:\/\/www.notibras.com\/site\/mamae-e-a-conversa-que-nunca-teve-com-papai\/","og_locale":"pt_BR","og_type":"article","og_title":"Mam\u00e3e e a conversa que nunca teve com papai - Notibras","og_description":"Toda vez que meus netos me visitam, fa\u00e7o quest\u00e3o de irmos para a varanda e bater longos papos. \u00c9 a oportunidade de me inteirar sobre o mundo deles, bem como as crian\u00e7as descobrirem um pouco como era meu tempo de menino. N\u00e3o sei se eles conseguem captar exatamente como eu vivia naquela \u00e9poca t\u00e3o distante, [&hellip;]","og_url":"https:\/\/www.notibras.com\/site\/mamae-e-a-conversa-que-nunca-teve-com-papai\/","og_site_name":"Notibras","article_publisher":"https:\/\/www.facebook.com\/notibras\/","article_published_time":"2024-05-18T10:59:32+00:00","og_image":[{"width":1080,"height":1080,"url":"https:\/\/www.notibras.com\/site\/wp-content\/uploads\/2024\/05\/a1fe6b72-a71e-4a12-93b5-faf798785985.jpeg","type":"image\/jpeg"}],"author":"Reda\u00e7\u00e3o","twitter_card":"summary_large_image","twitter_creator":"@Notibras","twitter_site":"@Notibras","twitter_misc":{"Escrito por":"Reda\u00e7\u00e3o","Est. tempo de leitura":"3 minutos"},"schema":{"@context":"https:\/\/schema.org","@graph":[{"@type":"Article","@id":"https:\/\/www.notibras.com\/site\/mamae-e-a-conversa-que-nunca-teve-com-papai\/#article","isPartOf":{"@id":"https:\/\/www.notibras.com\/site\/mamae-e-a-conversa-que-nunca-teve-com-papai\/"},"author":{"name":"Reda\u00e7\u00e3o","@id":"https:\/\/www.notibras.com\/site\/#\/schema\/person\/36ab0979449956132d3e5b517ea76ac8"},"headline":"Mam\u00e3e e a conversa que nunca teve com papai","datePublished":"2024-05-18T10:59:32+00:00","mainEntityOfPage":{"@id":"https:\/\/www.notibras.com\/site\/mamae-e-a-conversa-que-nunca-teve-com-papai\/"},"wordCount":511,"publisher":{"@id":"https:\/\/www.notibras.com\/site\/#organization"},"image":{"@id":"https:\/\/www.notibras.com\/site\/mamae-e-a-conversa-que-nunca-teve-com-papai\/#primaryimage"},"thumbnailUrl":"https:\/\/www.notibras.com\/site\/wp-content\/uploads\/2024\/05\/a1fe6b72-a71e-4a12-93b5-faf798785985.jpeg","articleSection":["Quadradinho em Foco"],"inLanguage":"pt-BR"},{"@type":"WebPage","@id":"https:\/\/www.notibras.com\/site\/mamae-e-a-conversa-que-nunca-teve-com-papai\/","url":"https:\/\/www.notibras.com\/site\/mamae-e-a-conversa-que-nunca-teve-com-papai\/","name":"Mam\u00e3e e a conversa que nunca teve com papai - Notibras","isPartOf":{"@id":"https:\/\/www.notibras.com\/site\/#website"},"primaryImageOfPage":{"@id":"https:\/\/www.notibras.com\/site\/mamae-e-a-conversa-que-nunca-teve-com-papai\/#primaryimage"},"image":{"@id":"https:\/\/www.notibras.com\/site\/mamae-e-a-conversa-que-nunca-teve-com-papai\/#primaryimage"},"thumbnailUrl":"https:\/\/www.notibras.com\/site\/wp-content\/uploads\/2024\/05\/a1fe6b72-a71e-4a12-93b5-faf798785985.jpeg","datePublished":"2024-05-18T10:59:32+00:00","breadcrumb":{"@id":"https:\/\/www.notibras.com\/site\/mamae-e-a-conversa-que-nunca-teve-com-papai\/#breadcrumb"},"inLanguage":"pt-BR","potentialAction":[{"@type":"ReadAction","target":["https:\/\/www.notibras.com\/site\/mamae-e-a-conversa-que-nunca-teve-com-papai\/"]}]},{"@type":"ImageObject","inLanguage":"pt-BR","@id":"https:\/\/www.notibras.com\/site\/mamae-e-a-conversa-que-nunca-teve-com-papai\/#primaryimage","url":"https:\/\/www.notibras.com\/site\/wp-content\/uploads\/2024\/05\/a1fe6b72-a71e-4a12-93b5-faf798785985.jpeg","contentUrl":"https:\/\/www.notibras.com\/site\/wp-content\/uploads\/2024\/05\/a1fe6b72-a71e-4a12-93b5-faf798785985.jpeg","width":1080,"height":1080},{"@type":"BreadcrumbList","@id":"https:\/\/www.notibras.com\/site\/mamae-e-a-conversa-que-nunca-teve-com-papai\/#breadcrumb","itemListElement":[{"@type":"ListItem","position":1,"name":"In\u00edcio","item":"https:\/\/www.notibras.com\/site\/"},{"@type":"ListItem","position":2,"name":"Mam\u00e3e e a conversa que nunca teve com papai"}]},{"@type":"WebSite","@id":"https:\/\/www.notibras.com\/site\/#website","url":"https:\/\/www.notibras.com\/site\/","name":"Notibras","description":"Not\u00edcias de Bras\u00edlia, do Brasil e do Mundo","publisher":{"@id":"https:\/\/www.notibras.com\/site\/#organization"},"potentialAction":[{"@type":"SearchAction","target":{"@type":"EntryPoint","urlTemplate":"https:\/\/www.notibras.com\/site\/?s={search_term_string}"},"query-input":{"@type":"PropertyValueSpecification","valueRequired":true,"valueName":"search_term_string"}}],"inLanguage":"pt-BR"},{"@type":"Organization","@id":"https:\/\/www.notibras.com\/site\/#organization","name":"Grupo Notibras de Comunica\u00e7\u00e3o","url":"https:\/\/www.notibras.com\/site\/","logo":{"@type":"ImageObject","inLanguage":"pt-BR","@id":"https:\/\/www.notibras.com\/site\/#\/schema\/logo\/image\/","url":"https:\/\/www.notibras.com\/site\/wp-content\/uploads\/2023\/01\/notibras23.png","contentUrl":"https:\/\/www.notibras.com\/site\/wp-content\/uploads\/2023\/01\/notibras23.png","width":350,"height":87,"caption":"Grupo Notibras de Comunica\u00e7\u00e3o"},"image":{"@id":"https:\/\/www.notibras.com\/site\/#\/schema\/logo\/image\/"},"sameAs":["https:\/\/www.facebook.com\/notibras\/","https:\/\/x.com\/Notibras","https:\/\/www.instagram.com\/notibras\/"]},{"@type":"Person","@id":"https:\/\/www.notibras.com\/site\/#\/schema\/person\/36ab0979449956132d3e5b517ea76ac8","name":"Reda\u00e7\u00e3o","image":{"@type":"ImageObject","inLanguage":"pt-BR","@id":"https:\/\/secure.gravatar.com\/avatar\/e0a867bdedb85fd243eadf09663511f96fc81e0720a4a42581f334ad4303aa6b?s=96&d=mm&r=g","url":"https:\/\/secure.gravatar.com\/avatar\/e0a867bdedb85fd243eadf09663511f96fc81e0720a4a42581f334ad4303aa6b?s=96&d=mm&r=g","contentUrl":"https:\/\/secure.gravatar.com\/avatar\/e0a867bdedb85fd243eadf09663511f96fc81e0720a4a42581f334ad4303aa6b?s=96&d=mm&r=g","caption":"Reda\u00e7\u00e3o"}}]}},"amp_enabled":true,"_links":{"self":[{"href":"https:\/\/www.notibras.com\/site\/wp-json\/wp\/v2\/posts\/328952","targetHints":{"allow":["GET"]}}],"collection":[{"href":"https:\/\/www.notibras.com\/site\/wp-json\/wp\/v2\/posts"}],"about":[{"href":"https:\/\/www.notibras.com\/site\/wp-json\/wp\/v2\/types\/post"}],"author":[{"embeddable":true,"href":"https:\/\/www.notibras.com\/site\/wp-json\/wp\/v2\/users\/2"}],"replies":[{"embeddable":true,"href":"https:\/\/www.notibras.com\/site\/wp-json\/wp\/v2\/comments?post=328952"}],"version-history":[{"count":1,"href":"https:\/\/www.notibras.com\/site\/wp-json\/wp\/v2\/posts\/328952\/revisions"}],"predecessor-version":[{"id":328954,"href":"https:\/\/www.notibras.com\/site\/wp-json\/wp\/v2\/posts\/328952\/revisions\/328954"}],"wp:featuredmedia":[{"embeddable":true,"href":"https:\/\/www.notibras.com\/site\/wp-json\/wp\/v2\/media\/328953"}],"wp:attachment":[{"href":"https:\/\/www.notibras.com\/site\/wp-json\/wp\/v2\/media?parent=328952"}],"wp:term":[{"taxonomy":"category","embeddable":true,"href":"https:\/\/www.notibras.com\/site\/wp-json\/wp\/v2\/categories?post=328952"},{"taxonomy":"post_tag","embeddable":true,"href":"https:\/\/www.notibras.com\/site\/wp-json\/wp\/v2\/tags?post=328952"}],"curies":[{"name":"wp","href":"https:\/\/api.w.org\/{rel}","templated":true}]}}