{"id":329005,"date":"2024-05-19T08:38:24","date_gmt":"2024-05-19T11:38:24","guid":{"rendered":"https:\/\/www.notibras.com\/site\/?p=329005"},"modified":"2024-05-19T08:53:32","modified_gmt":"2024-05-19T11:53:32","slug":"apolo-e-adonis-belos-exalam-odor-de-gamba","status":"publish","type":"post","link":"https:\/\/www.notibras.com\/site\/apolo-e-adonis-belos-exalam-odor-de-gamba\/","title":{"rendered":"Apolo e Ad\u00f4nis, belos, exalam odor de gamb\u00e1"},"content":{"rendered":"<p>N\u00e3o se pode dizer que a amizade seja algo que se inicia apenas por virtudes, sentimentos nobres, honrarias e todas aquelas bobagens que, creio, estamos cansados de ver em pel\u00edculas hollywoodianas. Tanto \u00e9 que, n\u00e3o raro, ela pode acontecer por conex\u00f5es nada dignificantes, ou seja, bem mais pr\u00f3ximas \u00e0 realidade da natureza humana.<\/p>\n<p>Apolo, rapaz boa pinta, desses que atraem olhares dos mais diversos tipos, ora desejos, ora da mais pura inveja. Por conta de tamanha beleza, era mais do que \u00f3bvio que ele se achasse o \u00faltimo biscoito do pacote, como precisam ser esses raros esp\u00e9cimes nascidos g\u00eameos de Ad\u00f4nis. Poder\u00edamos afirmar, sem sombra de proferir qualquer blasf\u00eamia, que o gajo n\u00e3o andava, mas flutuava sobre a esburacada cal\u00e7ada daquele bairro t\u00e3o afamado por tanta mis\u00e9ria.<\/p>\n<p>Por uma dessas coincid\u00eancias rar\u00edssimas, mas que acontecem a todo instante, eis que, naquela mesma quadra, morava um outro rapaz, cuja beleza tamb\u00e9m se destacava das demais. Era um deus nos acuda para suportar tanta perfei\u00e7\u00e3o num s\u00f3 ser. Seu nome? Pois \u00e9, nada mais apropriado do que Ad\u00f4nis, nome escolhido pela m\u00e3e, certa de que o filho seria, de fato, a maior cria\u00e7\u00e3o da natureza desde que inventaram a empadinha de camar\u00e3o.<\/p>\n<p>N\u00e3o se sabe ao certo como isso aconteceu, mas aconteceu, como s\u00e3o testemunhas os milhares de moradores das redondezas. \u00c9 que Apolo e Ad\u00f4nis jamais haviam se esbarrado at\u00e9 aquele fat\u00eddico dia, quando ocorreu uma aglomera\u00e7\u00e3o por causa de grav\u00edssimo acidente envolvendo dois ciclistas n\u00e3o muito atentos. Quem eram? Justamente aqueles dois esp\u00e9cimes superiores da ra\u00e7a humana.<\/p>\n<p>Como consequ\u00eancia daquela colis\u00e3o, os dois rapazes tiveram les\u00f5es grav\u00edssimas: cada um precisou tomar dois pontos no dedo mindinho da m\u00e3o esquerda, justamente a mais pr\u00f3xima ao cora\u00e7\u00e3o. Seja como for, ap\u00f3s serem socorridos ao hospital, Apolo e Ad\u00f4nis, talvez pelo infort\u00fanio comum, tornaram-se amigos quase insepar\u00e1veis.<\/p>\n<p>Se um estava no bar da esquina, certamente o outro lhe fazia companhia. Se a pra\u00e7a tivesse a sorte de contar com a presen\u00e7a do Apolo, l\u00e1 estava o Ad\u00f4nis elevando ainda mais a beleza do local. Tanto \u00e9 que o ocorrido que foi presenciado pela av\u00f3 de uma amiga se deu bem ali naquele banco ao redor do parque onde as crian\u00e7as sobem a escada e se esbaldam com a descida no escorregador, balan\u00e7am de l\u00e1 para c\u00e1 nos balan\u00e7os, correm cheias de energia n\u00e3o se sabe de onde.<\/p>\n<p>L\u00e1 estava a vov\u00f3 da minha querida Grace, uma quase irm\u00e3, na companhia de velhas amigas, todas j\u00e1 passadas dos 70 anos, quando avistaram Apolo e Ad\u00f4nis desfilando pela mais famosa pra\u00e7a. Laura, a mais ing\u00eanua do grupo, enalteceu a amizade de t\u00e3o belos rapazes. Nisso, a Gertrudes, que dizem ter fama de mal-humorada, n\u00e3o perdeu a oportunidade de rebat\u00ea-la.<\/p>\n<p>\u2014 Pois \u00e9, um gamb\u00e1 conhece o cheiro do outro.<\/p>\n","protected":false},"excerpt":{"rendered":"<p>N\u00e3o se pode dizer que a amizade seja algo que se inicia apenas por virtudes, sentimentos nobres, honrarias e todas aquelas bobagens que, creio, estamos cansados de ver em pel\u00edculas hollywoodianas. Tanto \u00e9 que, n\u00e3o raro, ela pode acontecer por conex\u00f5es nada dignificantes, ou seja, bem mais pr\u00f3ximas \u00e0 realidade da natureza humana. Apolo, rapaz [&hellip;]<\/p>\n","protected":false},"author":2,"featured_media":329006,"comment_status":"closed","ping_status":"closed","sticky":false,"template":"","format":"standard","meta":{"_acf_changed":false,"footnotes":""},"categories":[161],"tags":[],"class_list":["post-329005","post","type-post","status-publish","format-standard","has-post-thumbnail","hentry","category-quadradinho-em-foco"],"acf":[],"yoast_head":"<!-- This site is optimized with the Yoast SEO plugin v27.5 - https:\/\/yoast.com\/product\/yoast-seo-wordpress\/ -->\n<title>Apolo e Ad\u00f4nis, belos, exalam odor de gamb\u00e1 - Notibras<\/title>\n<meta name=\"robots\" content=\"index, follow, max-snippet:-1, max-image-preview:large, max-video-preview:-1\" \/>\n<link rel=\"canonical\" href=\"https:\/\/www.notibras.com\/site\/apolo-e-adonis-belos-exalam-odor-de-gamba\/\" \/>\n<meta property=\"og:locale\" content=\"pt_BR\" \/>\n<meta property=\"og:type\" content=\"article\" \/>\n<meta property=\"og:title\" content=\"Apolo e Ad\u00f4nis, belos, exalam odor de gamb\u00e1 - Notibras\" \/>\n<meta property=\"og:description\" content=\"N\u00e3o se pode dizer que a amizade seja algo que se inicia apenas por virtudes, sentimentos nobres, honrarias e todas aquelas bobagens que, creio, estamos cansados de ver em pel\u00edculas hollywoodianas. Tanto \u00e9 que, n\u00e3o raro, ela pode acontecer por conex\u00f5es nada dignificantes, ou seja, bem mais pr\u00f3ximas \u00e0 realidade da natureza humana. Apolo, rapaz [&hellip;]\" \/>\n<meta property=\"og:url\" content=\"https:\/\/www.notibras.com\/site\/apolo-e-adonis-belos-exalam-odor-de-gamba\/\" \/>\n<meta property=\"og:site_name\" content=\"Notibras\" \/>\n<meta property=\"article:publisher\" content=\"https:\/\/www.facebook.com\/notibras\/\" \/>\n<meta property=\"article:published_time\" content=\"2024-05-19T11:38:24+00:00\" \/>\n<meta property=\"article:modified_time\" content=\"2024-05-19T11:53:32+00:00\" \/>\n<meta property=\"og:image\" content=\"https:\/\/www.notibras.com\/site\/wp-content\/uploads\/2024\/05\/789bff70-e102-4b6d-861f-30397d2778cc.jpeg\" \/>\n\t<meta property=\"og:image:width\" content=\"1024\" \/>\n\t<meta property=\"og:image:height\" content=\"1024\" \/>\n\t<meta property=\"og:image:type\" content=\"image\/jpeg\" \/>\n<meta name=\"author\" content=\"Reda\u00e7\u00e3o\" \/>\n<meta name=\"twitter:card\" content=\"summary_large_image\" \/>\n<meta name=\"twitter:creator\" content=\"@Notibras\" \/>\n<meta name=\"twitter:site\" content=\"@Notibras\" \/>\n<meta name=\"twitter:label1\" content=\"Escrito por\" \/>\n\t<meta name=\"twitter:data1\" content=\"Reda\u00e7\u00e3o\" \/>\n\t<meta name=\"twitter:label2\" content=\"Est. tempo de leitura\" \/>\n\t<meta name=\"twitter:data2\" content=\"3 minutos\" \/>\n<script type=\"application\/ld+json\" class=\"yoast-schema-graph\">{\"@context\":\"https:\\\/\\\/schema.org\",\"@graph\":[{\"@type\":\"Article\",\"@id\":\"https:\\\/\\\/www.notibras.com\\\/site\\\/apolo-e-adonis-belos-exalam-odor-de-gamba\\\/#article\",\"isPartOf\":{\"@id\":\"https:\\\/\\\/www.notibras.com\\\/site\\\/apolo-e-adonis-belos-exalam-odor-de-gamba\\\/\"},\"author\":{\"name\":\"Reda\u00e7\u00e3o\",\"@id\":\"https:\\\/\\\/www.notibras.com\\\/site\\\/#\\\/schema\\\/person\\\/36ab0979449956132d3e5b517ea76ac8\"},\"headline\":\"Apolo e Ad\u00f4nis, belos, exalam odor de gamb\u00e1\",\"datePublished\":\"2024-05-19T11:38:24+00:00\",\"dateModified\":\"2024-05-19T11:53:32+00:00\",\"mainEntityOfPage\":{\"@id\":\"https:\\\/\\\/www.notibras.com\\\/site\\\/apolo-e-adonis-belos-exalam-odor-de-gamba\\\/\"},\"wordCount\":520,\"publisher\":{\"@id\":\"https:\\\/\\\/www.notibras.com\\\/site\\\/#organization\"},\"image\":{\"@id\":\"https:\\\/\\\/www.notibras.com\\\/site\\\/apolo-e-adonis-belos-exalam-odor-de-gamba\\\/#primaryimage\"},\"thumbnailUrl\":\"https:\\\/\\\/www.notibras.com\\\/site\\\/wp-content\\\/uploads\\\/2024\\\/05\\\/789bff70-e102-4b6d-861f-30397d2778cc.jpeg\",\"articleSection\":[\"Quadradinho em Foco\"],\"inLanguage\":\"pt-BR\"},{\"@type\":\"WebPage\",\"@id\":\"https:\\\/\\\/www.notibras.com\\\/site\\\/apolo-e-adonis-belos-exalam-odor-de-gamba\\\/\",\"url\":\"https:\\\/\\\/www.notibras.com\\\/site\\\/apolo-e-adonis-belos-exalam-odor-de-gamba\\\/\",\"name\":\"Apolo e Ad\u00f4nis, belos, exalam odor de gamb\u00e1 - Notibras\",\"isPartOf\":{\"@id\":\"https:\\\/\\\/www.notibras.com\\\/site\\\/#website\"},\"primaryImageOfPage\":{\"@id\":\"https:\\\/\\\/www.notibras.com\\\/site\\\/apolo-e-adonis-belos-exalam-odor-de-gamba\\\/#primaryimage\"},\"image\":{\"@id\":\"https:\\\/\\\/www.notibras.com\\\/site\\\/apolo-e-adonis-belos-exalam-odor-de-gamba\\\/#primaryimage\"},\"thumbnailUrl\":\"https:\\\/\\\/www.notibras.com\\\/site\\\/wp-content\\\/uploads\\\/2024\\\/05\\\/789bff70-e102-4b6d-861f-30397d2778cc.jpeg\",\"datePublished\":\"2024-05-19T11:38:24+00:00\",\"dateModified\":\"2024-05-19T11:53:32+00:00\",\"breadcrumb\":{\"@id\":\"https:\\\/\\\/www.notibras.com\\\/site\\\/apolo-e-adonis-belos-exalam-odor-de-gamba\\\/#breadcrumb\"},\"inLanguage\":\"pt-BR\",\"potentialAction\":[{\"@type\":\"ReadAction\",\"target\":[\"https:\\\/\\\/www.notibras.com\\\/site\\\/apolo-e-adonis-belos-exalam-odor-de-gamba\\\/\"]}]},{\"@type\":\"ImageObject\",\"inLanguage\":\"pt-BR\",\"@id\":\"https:\\\/\\\/www.notibras.com\\\/site\\\/apolo-e-adonis-belos-exalam-odor-de-gamba\\\/#primaryimage\",\"url\":\"https:\\\/\\\/www.notibras.com\\\/site\\\/wp-content\\\/uploads\\\/2024\\\/05\\\/789bff70-e102-4b6d-861f-30397d2778cc.jpeg\",\"contentUrl\":\"https:\\\/\\\/www.notibras.com\\\/site\\\/wp-content\\\/uploads\\\/2024\\\/05\\\/789bff70-e102-4b6d-861f-30397d2778cc.jpeg\",\"width\":1024,\"height\":1024},{\"@type\":\"BreadcrumbList\",\"@id\":\"https:\\\/\\\/www.notibras.com\\\/site\\\/apolo-e-adonis-belos-exalam-odor-de-gamba\\\/#breadcrumb\",\"itemListElement\":[{\"@type\":\"ListItem\",\"position\":1,\"name\":\"In\u00edcio\",\"item\":\"https:\\\/\\\/www.notibras.com\\\/site\\\/\"},{\"@type\":\"ListItem\",\"position\":2,\"name\":\"Apolo e Ad\u00f4nis, belos, exalam odor de gamb\u00e1\"}]},{\"@type\":\"WebSite\",\"@id\":\"https:\\\/\\\/www.notibras.com\\\/site\\\/#website\",\"url\":\"https:\\\/\\\/www.notibras.com\\\/site\\\/\",\"name\":\"Notibras\",\"description\":\"Not\u00edcias de Bras\u00edlia, do Brasil e do Mundo\",\"publisher\":{\"@id\":\"https:\\\/\\\/www.notibras.com\\\/site\\\/#organization\"},\"potentialAction\":[{\"@type\":\"SearchAction\",\"target\":{\"@type\":\"EntryPoint\",\"urlTemplate\":\"https:\\\/\\\/www.notibras.com\\\/site\\\/?s={search_term_string}\"},\"query-input\":{\"@type\":\"PropertyValueSpecification\",\"valueRequired\":true,\"valueName\":\"search_term_string\"}}],\"inLanguage\":\"pt-BR\"},{\"@type\":\"Organization\",\"@id\":\"https:\\\/\\\/www.notibras.com\\\/site\\\/#organization\",\"name\":\"Grupo Notibras de Comunica\u00e7\u00e3o\",\"url\":\"https:\\\/\\\/www.notibras.com\\\/site\\\/\",\"logo\":{\"@type\":\"ImageObject\",\"inLanguage\":\"pt-BR\",\"@id\":\"https:\\\/\\\/www.notibras.com\\\/site\\\/#\\\/schema\\\/logo\\\/image\\\/\",\"url\":\"https:\\\/\\\/www.notibras.com\\\/site\\\/wp-content\\\/uploads\\\/2023\\\/01\\\/notibras23.png\",\"contentUrl\":\"https:\\\/\\\/www.notibras.com\\\/site\\\/wp-content\\\/uploads\\\/2023\\\/01\\\/notibras23.png\",\"width\":350,\"height\":87,\"caption\":\"Grupo Notibras de Comunica\u00e7\u00e3o\"},\"image\":{\"@id\":\"https:\\\/\\\/www.notibras.com\\\/site\\\/#\\\/schema\\\/logo\\\/image\\\/\"},\"sameAs\":[\"https:\\\/\\\/www.facebook.com\\\/notibras\\\/\",\"https:\\\/\\\/x.com\\\/Notibras\",\"https:\\\/\\\/www.instagram.com\\\/notibras\\\/\"]},{\"@type\":\"Person\",\"@id\":\"https:\\\/\\\/www.notibras.com\\\/site\\\/#\\\/schema\\\/person\\\/36ab0979449956132d3e5b517ea76ac8\",\"name\":\"Reda\u00e7\u00e3o\",\"image\":{\"@type\":\"ImageObject\",\"inLanguage\":\"pt-BR\",\"@id\":\"https:\\\/\\\/secure.gravatar.com\\\/avatar\\\/e0a867bdedb85fd243eadf09663511f96fc81e0720a4a42581f334ad4303aa6b?s=96&d=mm&r=g\",\"url\":\"https:\\\/\\\/secure.gravatar.com\\\/avatar\\\/e0a867bdedb85fd243eadf09663511f96fc81e0720a4a42581f334ad4303aa6b?s=96&d=mm&r=g\",\"contentUrl\":\"https:\\\/\\\/secure.gravatar.com\\\/avatar\\\/e0a867bdedb85fd243eadf09663511f96fc81e0720a4a42581f334ad4303aa6b?s=96&d=mm&r=g\",\"caption\":\"Reda\u00e7\u00e3o\"}}]}<\/script>\n<!-- \/ Yoast SEO plugin. -->","yoast_head_json":{"title":"Apolo e Ad\u00f4nis, belos, exalam odor de gamb\u00e1 - Notibras","robots":{"index":"index","follow":"follow","max-snippet":"max-snippet:-1","max-image-preview":"max-image-preview:large","max-video-preview":"max-video-preview:-1"},"canonical":"https:\/\/www.notibras.com\/site\/apolo-e-adonis-belos-exalam-odor-de-gamba\/","og_locale":"pt_BR","og_type":"article","og_title":"Apolo e Ad\u00f4nis, belos, exalam odor de gamb\u00e1 - Notibras","og_description":"N\u00e3o se pode dizer que a amizade seja algo que se inicia apenas por virtudes, sentimentos nobres, honrarias e todas aquelas bobagens que, creio, estamos cansados de ver em pel\u00edculas hollywoodianas. Tanto \u00e9 que, n\u00e3o raro, ela pode acontecer por conex\u00f5es nada dignificantes, ou seja, bem mais pr\u00f3ximas \u00e0 realidade da natureza humana. Apolo, rapaz [&hellip;]","og_url":"https:\/\/www.notibras.com\/site\/apolo-e-adonis-belos-exalam-odor-de-gamba\/","og_site_name":"Notibras","article_publisher":"https:\/\/www.facebook.com\/notibras\/","article_published_time":"2024-05-19T11:38:24+00:00","article_modified_time":"2024-05-19T11:53:32+00:00","og_image":[{"width":1024,"height":1024,"url":"https:\/\/www.notibras.com\/site\/wp-content\/uploads\/2024\/05\/789bff70-e102-4b6d-861f-30397d2778cc.jpeg","type":"image\/jpeg"}],"author":"Reda\u00e7\u00e3o","twitter_card":"summary_large_image","twitter_creator":"@Notibras","twitter_site":"@Notibras","twitter_misc":{"Escrito por":"Reda\u00e7\u00e3o","Est. tempo de leitura":"3 minutos"},"schema":{"@context":"https:\/\/schema.org","@graph":[{"@type":"Article","@id":"https:\/\/www.notibras.com\/site\/apolo-e-adonis-belos-exalam-odor-de-gamba\/#article","isPartOf":{"@id":"https:\/\/www.notibras.com\/site\/apolo-e-adonis-belos-exalam-odor-de-gamba\/"},"author":{"name":"Reda\u00e7\u00e3o","@id":"https:\/\/www.notibras.com\/site\/#\/schema\/person\/36ab0979449956132d3e5b517ea76ac8"},"headline":"Apolo e Ad\u00f4nis, belos, exalam odor de gamb\u00e1","datePublished":"2024-05-19T11:38:24+00:00","dateModified":"2024-05-19T11:53:32+00:00","mainEntityOfPage":{"@id":"https:\/\/www.notibras.com\/site\/apolo-e-adonis-belos-exalam-odor-de-gamba\/"},"wordCount":520,"publisher":{"@id":"https:\/\/www.notibras.com\/site\/#organization"},"image":{"@id":"https:\/\/www.notibras.com\/site\/apolo-e-adonis-belos-exalam-odor-de-gamba\/#primaryimage"},"thumbnailUrl":"https:\/\/www.notibras.com\/site\/wp-content\/uploads\/2024\/05\/789bff70-e102-4b6d-861f-30397d2778cc.jpeg","articleSection":["Quadradinho em Foco"],"inLanguage":"pt-BR"},{"@type":"WebPage","@id":"https:\/\/www.notibras.com\/site\/apolo-e-adonis-belos-exalam-odor-de-gamba\/","url":"https:\/\/www.notibras.com\/site\/apolo-e-adonis-belos-exalam-odor-de-gamba\/","name":"Apolo e Ad\u00f4nis, belos, exalam odor de gamb\u00e1 - Notibras","isPartOf":{"@id":"https:\/\/www.notibras.com\/site\/#website"},"primaryImageOfPage":{"@id":"https:\/\/www.notibras.com\/site\/apolo-e-adonis-belos-exalam-odor-de-gamba\/#primaryimage"},"image":{"@id":"https:\/\/www.notibras.com\/site\/apolo-e-adonis-belos-exalam-odor-de-gamba\/#primaryimage"},"thumbnailUrl":"https:\/\/www.notibras.com\/site\/wp-content\/uploads\/2024\/05\/789bff70-e102-4b6d-861f-30397d2778cc.jpeg","datePublished":"2024-05-19T11:38:24+00:00","dateModified":"2024-05-19T11:53:32+00:00","breadcrumb":{"@id":"https:\/\/www.notibras.com\/site\/apolo-e-adonis-belos-exalam-odor-de-gamba\/#breadcrumb"},"inLanguage":"pt-BR","potentialAction":[{"@type":"ReadAction","target":["https:\/\/www.notibras.com\/site\/apolo-e-adonis-belos-exalam-odor-de-gamba\/"]}]},{"@type":"ImageObject","inLanguage":"pt-BR","@id":"https:\/\/www.notibras.com\/site\/apolo-e-adonis-belos-exalam-odor-de-gamba\/#primaryimage","url":"https:\/\/www.notibras.com\/site\/wp-content\/uploads\/2024\/05\/789bff70-e102-4b6d-861f-30397d2778cc.jpeg","contentUrl":"https:\/\/www.notibras.com\/site\/wp-content\/uploads\/2024\/05\/789bff70-e102-4b6d-861f-30397d2778cc.jpeg","width":1024,"height":1024},{"@type":"BreadcrumbList","@id":"https:\/\/www.notibras.com\/site\/apolo-e-adonis-belos-exalam-odor-de-gamba\/#breadcrumb","itemListElement":[{"@type":"ListItem","position":1,"name":"In\u00edcio","item":"https:\/\/www.notibras.com\/site\/"},{"@type":"ListItem","position":2,"name":"Apolo e Ad\u00f4nis, belos, exalam odor de gamb\u00e1"}]},{"@type":"WebSite","@id":"https:\/\/www.notibras.com\/site\/#website","url":"https:\/\/www.notibras.com\/site\/","name":"Notibras","description":"Not\u00edcias de Bras\u00edlia, do Brasil e do Mundo","publisher":{"@id":"https:\/\/www.notibras.com\/site\/#organization"},"potentialAction":[{"@type":"SearchAction","target":{"@type":"EntryPoint","urlTemplate":"https:\/\/www.notibras.com\/site\/?s={search_term_string}"},"query-input":{"@type":"PropertyValueSpecification","valueRequired":true,"valueName":"search_term_string"}}],"inLanguage":"pt-BR"},{"@type":"Organization","@id":"https:\/\/www.notibras.com\/site\/#organization","name":"Grupo Notibras de Comunica\u00e7\u00e3o","url":"https:\/\/www.notibras.com\/site\/","logo":{"@type":"ImageObject","inLanguage":"pt-BR","@id":"https:\/\/www.notibras.com\/site\/#\/schema\/logo\/image\/","url":"https:\/\/www.notibras.com\/site\/wp-content\/uploads\/2023\/01\/notibras23.png","contentUrl":"https:\/\/www.notibras.com\/site\/wp-content\/uploads\/2023\/01\/notibras23.png","width":350,"height":87,"caption":"Grupo Notibras de Comunica\u00e7\u00e3o"},"image":{"@id":"https:\/\/www.notibras.com\/site\/#\/schema\/logo\/image\/"},"sameAs":["https:\/\/www.facebook.com\/notibras\/","https:\/\/x.com\/Notibras","https:\/\/www.instagram.com\/notibras\/"]},{"@type":"Person","@id":"https:\/\/www.notibras.com\/site\/#\/schema\/person\/36ab0979449956132d3e5b517ea76ac8","name":"Reda\u00e7\u00e3o","image":{"@type":"ImageObject","inLanguage":"pt-BR","@id":"https:\/\/secure.gravatar.com\/avatar\/e0a867bdedb85fd243eadf09663511f96fc81e0720a4a42581f334ad4303aa6b?s=96&d=mm&r=g","url":"https:\/\/secure.gravatar.com\/avatar\/e0a867bdedb85fd243eadf09663511f96fc81e0720a4a42581f334ad4303aa6b?s=96&d=mm&r=g","contentUrl":"https:\/\/secure.gravatar.com\/avatar\/e0a867bdedb85fd243eadf09663511f96fc81e0720a4a42581f334ad4303aa6b?s=96&d=mm&r=g","caption":"Reda\u00e7\u00e3o"}}]}},"amp_enabled":true,"_links":{"self":[{"href":"https:\/\/www.notibras.com\/site\/wp-json\/wp\/v2\/posts\/329005","targetHints":{"allow":["GET"]}}],"collection":[{"href":"https:\/\/www.notibras.com\/site\/wp-json\/wp\/v2\/posts"}],"about":[{"href":"https:\/\/www.notibras.com\/site\/wp-json\/wp\/v2\/types\/post"}],"author":[{"embeddable":true,"href":"https:\/\/www.notibras.com\/site\/wp-json\/wp\/v2\/users\/2"}],"replies":[{"embeddable":true,"href":"https:\/\/www.notibras.com\/site\/wp-json\/wp\/v2\/comments?post=329005"}],"version-history":[{"count":5,"href":"https:\/\/www.notibras.com\/site\/wp-json\/wp\/v2\/posts\/329005\/revisions"}],"predecessor-version":[{"id":329011,"href":"https:\/\/www.notibras.com\/site\/wp-json\/wp\/v2\/posts\/329005\/revisions\/329011"}],"wp:featuredmedia":[{"embeddable":true,"href":"https:\/\/www.notibras.com\/site\/wp-json\/wp\/v2\/media\/329006"}],"wp:attachment":[{"href":"https:\/\/www.notibras.com\/site\/wp-json\/wp\/v2\/media?parent=329005"}],"wp:term":[{"taxonomy":"category","embeddable":true,"href":"https:\/\/www.notibras.com\/site\/wp-json\/wp\/v2\/categories?post=329005"},{"taxonomy":"post_tag","embeddable":true,"href":"https:\/\/www.notibras.com\/site\/wp-json\/wp\/v2\/tags?post=329005"}],"curies":[{"name":"wp","href":"https:\/\/api.w.org\/{rel}","templated":true}]}}