{"id":329091,"date":"2024-05-20T07:21:48","date_gmt":"2024-05-20T10:21:48","guid":{"rendered":"https:\/\/www.notibras.com\/site\/?p=329091"},"modified":"2024-05-20T09:41:32","modified_gmt":"2024-05-20T12:41:32","slug":"furtos-e-vandalismo-desafiam-integridade-da-rede-eletrica","status":"publish","type":"post","link":"https:\/\/www.notibras.com\/site\/furtos-e-vandalismo-desafiam-integridade-da-rede-eletrica\/","title":{"rendered":"Furtos e vandalismo desafiam integridade da rede el\u00e9trica"},"content":{"rendered":"<p>Os furtos de cabos e atos de vandalismo a postes de ilumina\u00e7\u00e3o p\u00fablica comprometem a integridade da rede el\u00e9trica da capital e aumentam significativamente os riscos de choques el\u00e9tricos para a popula\u00e7\u00e3o. Somente ano passado, a Companhia Energ\u00e9tica de Bras\u00edlia (CEB Ipes) contabilizou o furto de mais de 89 km de cabos \u2013 um preju\u00edzo estimado em R$ 1,8 milh\u00e3o aos cofres p\u00fablicos. At\u00e9 mar\u00e7o deste ano, segundo a empresa, outros 9 km de fia\u00e7\u00f5es foram furtados, implicando um gasto adicional de R$ 200 mil para reposi\u00e7\u00e3o dos materiais.<\/p>\n<p>A regi\u00e3o administrativa l\u00edder em incid\u00eancia de casos \u00e9 o Plano Piloto. Foram 270 ocorr\u00eancias registradas na localidade ao longo do ano passado e outras 50 apenas nos tr\u00eas primeiros meses de 2024. Em seguida, est\u00e1 Sobradinho, com 70 epis\u00f3dios em 2023 e sete neste ano.<\/p>\n<p>O presidente da CEB Ipes, Edison Garcia, adverte que, al\u00e9m do preju\u00edzo aos cofres p\u00fablicos, os ataques \u00e0 infraestrutura el\u00e9trica de ilumina\u00e7\u00e3o p\u00fablica da capital representam uma amea\u00e7a direta \u00e0 seguran\u00e7a dos cidad\u00e3os. \u201cOs criminosos quebram as portas de acesso para manuten\u00e7\u00e3o e cortam a fia\u00e7\u00e3o. Com o vandalismo, os fios ficam expostos e podem encostar na estrutura de metal, eletrificando o poste\u201d, explica.<\/p>\n<p><strong>Cuidado redobrado<\/strong><br \/>\nSegundo o tenente Mauro Coimbra, do Corpo de Bombeiros Militar do DF (CBMDF), os atendimentos a v\u00edtimas de choques el\u00e9tricos fazem parte da rotina da corpora\u00e7\u00e3o. \u201cEspecialmente em \u00e9poca de chuva, \u00e9 muito comum atuarmos nesse tipo de ocorr\u00eancia\u201d, detalha.<\/p>\n<p>O bombeiro afirma que os casos mais graves envolvem situa\u00e7\u00f5es em que a v\u00edtima n\u00e3o consegue se desprender da fonte da descarga el\u00e9trica. \u201cO choque pode levar a uma contra\u00e7\u00e3o muscular. Nessas situa\u00e7\u00f5es, o ideal \u00e9 n\u00e3o interferir, pois o risco de receber esse mesmo choque el\u00e9trico \u00e9 imediato\u201d, enfatiza, acrescentando que \u00e9 preciso acionar o socorro do CBMDF pelo telefone 193.<\/p>\n<p>O m\u00e9dico Franklin Pereira dos Santos, chefe do servi\u00e7o de cirurgia-geral do Hospital Regional de Santa Maria (HRSM), alerta para as diferentes rea\u00e7\u00f5es que o organismo pode apresentar ap\u00f3s um epis\u00f3dio de exposi\u00e7\u00e3o \u00e0 energia el\u00e9trica: \u201cDependendo da corrente el\u00e9trica, de qual foi a fonte ao qual o paciente foi exposto, a intensidade muda. Choques podem causar desde uma simples queimadura no ponto de contato at\u00e9 a parada cardiorrespirat\u00f3ria, perda da consci\u00eancia e queimaduras de grande extens\u00e3o\u201d.<\/p>\n<p>O profissional de sa\u00fade afirma que, em caso de choques el\u00e9tricos, o monitoramento da v\u00edtima \u00e9 imprescind\u00edvel. \u201cIsso porque a queimadura pode n\u00e3o estar limitada \u00e0quele ponto de contato. A energia el\u00e9trica percorre todo o corpo do paciente. Um sinal muito comum em casos graves \u00e9 a urina na cor escura, indicando que houve uma les\u00e3o grave no organismo. Trata-se de um reflexo mais grave com repercuss\u00e3o no m\u00fasculo esquel\u00e9tico e renal do paciente\u201d, acrescenta.<\/p>\n<p>Flagrou alguma ocorr\u00eancia de furto de cabos ou vandalismo a postes de ilumina\u00e7\u00e3o p\u00fablica? Denuncie a pr\u00e1tica \u00e0 Pol\u00edcia Militar do Distrito Federal (PMDF) pelo telefone 190.<\/p>\n","protected":false},"excerpt":{"rendered":"<p>Os furtos de cabos e atos de vandalismo a postes de ilumina\u00e7\u00e3o p\u00fablica comprometem a integridade da rede el\u00e9trica da capital e aumentam significativamente os riscos de choques el\u00e9tricos para a popula\u00e7\u00e3o. Somente ano passado, a Companhia Energ\u00e9tica de Bras\u00edlia (CEB Ipes) contabilizou o furto de mais de 89 km de cabos \u2013 um preju\u00edzo [&hellip;]<\/p>\n","protected":false},"author":2,"featured_media":329092,"comment_status":"closed","ping_status":"closed","sticky":false,"template":"","format":"standard","meta":{"_acf_changed":false,"footnotes":""},"categories":[161],"tags":[],"class_list":["post-329091","post","type-post","status-publish","format-standard","has-post-thumbnail","hentry","category-quadradinho-em-foco"],"acf":[],"yoast_head":"<!-- This site is optimized with the Yoast SEO plugin v27.5 - https:\/\/yoast.com\/product\/yoast-seo-wordpress\/ -->\n<title>Furtos e vandalismo desafiam integridade da rede el\u00e9trica - Notibras<\/title>\n<meta name=\"robots\" content=\"index, follow, max-snippet:-1, max-image-preview:large, max-video-preview:-1\" \/>\n<link rel=\"canonical\" href=\"https:\/\/www.notibras.com\/site\/furtos-e-vandalismo-desafiam-integridade-da-rede-eletrica\/\" \/>\n<meta property=\"og:locale\" content=\"pt_BR\" \/>\n<meta property=\"og:type\" content=\"article\" \/>\n<meta property=\"og:title\" content=\"Furtos e vandalismo desafiam integridade da rede el\u00e9trica - Notibras\" \/>\n<meta property=\"og:description\" content=\"Os furtos de cabos e atos de vandalismo a postes de ilumina\u00e7\u00e3o p\u00fablica comprometem a integridade da rede el\u00e9trica da capital e aumentam significativamente os riscos de choques el\u00e9tricos para a popula\u00e7\u00e3o. Somente ano passado, a Companhia Energ\u00e9tica de Bras\u00edlia (CEB Ipes) contabilizou o furto de mais de 89 km de cabos \u2013 um preju\u00edzo [&hellip;]\" \/>\n<meta property=\"og:url\" content=\"https:\/\/www.notibras.com\/site\/furtos-e-vandalismo-desafiam-integridade-da-rede-eletrica\/\" \/>\n<meta property=\"og:site_name\" content=\"Notibras\" \/>\n<meta property=\"article:publisher\" content=\"https:\/\/www.facebook.com\/notibras\/\" \/>\n<meta property=\"article:published_time\" content=\"2024-05-20T10:21:48+00:00\" \/>\n<meta property=\"article:modified_time\" content=\"2024-05-20T12:41:32+00:00\" \/>\n<meta property=\"og:image\" content=\"https:\/\/www.notibras.com\/site\/wp-content\/uploads\/2024\/05\/Lucio-Bernardo-JrAgencia-Brasilia-3-1536x1024-1.jpg\" \/>\n\t<meta property=\"og:image:width\" content=\"1536\" \/>\n\t<meta property=\"og:image:height\" content=\"1024\" \/>\n\t<meta property=\"og:image:type\" content=\"image\/jpeg\" \/>\n<meta name=\"author\" content=\"Reda\u00e7\u00e3o\" \/>\n<meta name=\"twitter:card\" content=\"summary_large_image\" \/>\n<meta name=\"twitter:creator\" content=\"@Notibras\" \/>\n<meta name=\"twitter:site\" content=\"@Notibras\" \/>\n<meta name=\"twitter:label1\" content=\"Escrito por\" \/>\n\t<meta name=\"twitter:data1\" content=\"Reda\u00e7\u00e3o\" \/>\n\t<meta name=\"twitter:label2\" content=\"Est. tempo de leitura\" \/>\n\t<meta name=\"twitter:data2\" content=\"3 minutos\" \/>\n<script type=\"application\/ld+json\" class=\"yoast-schema-graph\">{\"@context\":\"https:\\\/\\\/schema.org\",\"@graph\":[{\"@type\":\"Article\",\"@id\":\"https:\\\/\\\/www.notibras.com\\\/site\\\/furtos-e-vandalismo-desafiam-integridade-da-rede-eletrica\\\/#article\",\"isPartOf\":{\"@id\":\"https:\\\/\\\/www.notibras.com\\\/site\\\/furtos-e-vandalismo-desafiam-integridade-da-rede-eletrica\\\/\"},\"author\":{\"name\":\"Reda\u00e7\u00e3o\",\"@id\":\"https:\\\/\\\/www.notibras.com\\\/site\\\/#\\\/schema\\\/person\\\/36ab0979449956132d3e5b517ea76ac8\"},\"headline\":\"Furtos e vandalismo desafiam integridade da rede el\u00e9trica\",\"datePublished\":\"2024-05-20T10:21:48+00:00\",\"dateModified\":\"2024-05-20T12:41:32+00:00\",\"mainEntityOfPage\":{\"@id\":\"https:\\\/\\\/www.notibras.com\\\/site\\\/furtos-e-vandalismo-desafiam-integridade-da-rede-eletrica\\\/\"},\"wordCount\":536,\"publisher\":{\"@id\":\"https:\\\/\\\/www.notibras.com\\\/site\\\/#organization\"},\"image\":{\"@id\":\"https:\\\/\\\/www.notibras.com\\\/site\\\/furtos-e-vandalismo-desafiam-integridade-da-rede-eletrica\\\/#primaryimage\"},\"thumbnailUrl\":\"https:\\\/\\\/www.notibras.com\\\/site\\\/wp-content\\\/uploads\\\/2024\\\/05\\\/Lucio-Bernardo-JrAgencia-Brasilia-3-1536x1024-1.jpg\",\"articleSection\":[\"Quadradinho em Foco\"],\"inLanguage\":\"pt-BR\"},{\"@type\":\"WebPage\",\"@id\":\"https:\\\/\\\/www.notibras.com\\\/site\\\/furtos-e-vandalismo-desafiam-integridade-da-rede-eletrica\\\/\",\"url\":\"https:\\\/\\\/www.notibras.com\\\/site\\\/furtos-e-vandalismo-desafiam-integridade-da-rede-eletrica\\\/\",\"name\":\"Furtos e vandalismo desafiam integridade da rede el\u00e9trica - Notibras\",\"isPartOf\":{\"@id\":\"https:\\\/\\\/www.notibras.com\\\/site\\\/#website\"},\"primaryImageOfPage\":{\"@id\":\"https:\\\/\\\/www.notibras.com\\\/site\\\/furtos-e-vandalismo-desafiam-integridade-da-rede-eletrica\\\/#primaryimage\"},\"image\":{\"@id\":\"https:\\\/\\\/www.notibras.com\\\/site\\\/furtos-e-vandalismo-desafiam-integridade-da-rede-eletrica\\\/#primaryimage\"},\"thumbnailUrl\":\"https:\\\/\\\/www.notibras.com\\\/site\\\/wp-content\\\/uploads\\\/2024\\\/05\\\/Lucio-Bernardo-JrAgencia-Brasilia-3-1536x1024-1.jpg\",\"datePublished\":\"2024-05-20T10:21:48+00:00\",\"dateModified\":\"2024-05-20T12:41:32+00:00\",\"breadcrumb\":{\"@id\":\"https:\\\/\\\/www.notibras.com\\\/site\\\/furtos-e-vandalismo-desafiam-integridade-da-rede-eletrica\\\/#breadcrumb\"},\"inLanguage\":\"pt-BR\",\"potentialAction\":[{\"@type\":\"ReadAction\",\"target\":[\"https:\\\/\\\/www.notibras.com\\\/site\\\/furtos-e-vandalismo-desafiam-integridade-da-rede-eletrica\\\/\"]}]},{\"@type\":\"ImageObject\",\"inLanguage\":\"pt-BR\",\"@id\":\"https:\\\/\\\/www.notibras.com\\\/site\\\/furtos-e-vandalismo-desafiam-integridade-da-rede-eletrica\\\/#primaryimage\",\"url\":\"https:\\\/\\\/www.notibras.com\\\/site\\\/wp-content\\\/uploads\\\/2024\\\/05\\\/Lucio-Bernardo-JrAgencia-Brasilia-3-1536x1024-1.jpg\",\"contentUrl\":\"https:\\\/\\\/www.notibras.com\\\/site\\\/wp-content\\\/uploads\\\/2024\\\/05\\\/Lucio-Bernardo-JrAgencia-Brasilia-3-1536x1024-1.jpg\",\"width\":1536,\"height\":1024},{\"@type\":\"BreadcrumbList\",\"@id\":\"https:\\\/\\\/www.notibras.com\\\/site\\\/furtos-e-vandalismo-desafiam-integridade-da-rede-eletrica\\\/#breadcrumb\",\"itemListElement\":[{\"@type\":\"ListItem\",\"position\":1,\"name\":\"In\u00edcio\",\"item\":\"https:\\\/\\\/www.notibras.com\\\/site\\\/\"},{\"@type\":\"ListItem\",\"position\":2,\"name\":\"Furtos e vandalismo desafiam integridade da rede el\u00e9trica\"}]},{\"@type\":\"WebSite\",\"@id\":\"https:\\\/\\\/www.notibras.com\\\/site\\\/#website\",\"url\":\"https:\\\/\\\/www.notibras.com\\\/site\\\/\",\"name\":\"Notibras\",\"description\":\"Not\u00edcias de Bras\u00edlia, do Brasil e do Mundo\",\"publisher\":{\"@id\":\"https:\\\/\\\/www.notibras.com\\\/site\\\/#organization\"},\"potentialAction\":[{\"@type\":\"SearchAction\",\"target\":{\"@type\":\"EntryPoint\",\"urlTemplate\":\"https:\\\/\\\/www.notibras.com\\\/site\\\/?s={search_term_string}\"},\"query-input\":{\"@type\":\"PropertyValueSpecification\",\"valueRequired\":true,\"valueName\":\"search_term_string\"}}],\"inLanguage\":\"pt-BR\"},{\"@type\":\"Organization\",\"@id\":\"https:\\\/\\\/www.notibras.com\\\/site\\\/#organization\",\"name\":\"Grupo Notibras de Comunica\u00e7\u00e3o\",\"url\":\"https:\\\/\\\/www.notibras.com\\\/site\\\/\",\"logo\":{\"@type\":\"ImageObject\",\"inLanguage\":\"pt-BR\",\"@id\":\"https:\\\/\\\/www.notibras.com\\\/site\\\/#\\\/schema\\\/logo\\\/image\\\/\",\"url\":\"https:\\\/\\\/www.notibras.com\\\/site\\\/wp-content\\\/uploads\\\/2023\\\/01\\\/notibras23.png\",\"contentUrl\":\"https:\\\/\\\/www.notibras.com\\\/site\\\/wp-content\\\/uploads\\\/2023\\\/01\\\/notibras23.png\",\"width\":350,\"height\":87,\"caption\":\"Grupo Notibras de Comunica\u00e7\u00e3o\"},\"image\":{\"@id\":\"https:\\\/\\\/www.notibras.com\\\/site\\\/#\\\/schema\\\/logo\\\/image\\\/\"},\"sameAs\":[\"https:\\\/\\\/www.facebook.com\\\/notibras\\\/\",\"https:\\\/\\\/x.com\\\/Notibras\",\"https:\\\/\\\/www.instagram.com\\\/notibras\\\/\"]},{\"@type\":\"Person\",\"@id\":\"https:\\\/\\\/www.notibras.com\\\/site\\\/#\\\/schema\\\/person\\\/36ab0979449956132d3e5b517ea76ac8\",\"name\":\"Reda\u00e7\u00e3o\",\"image\":{\"@type\":\"ImageObject\",\"inLanguage\":\"pt-BR\",\"@id\":\"https:\\\/\\\/secure.gravatar.com\\\/avatar\\\/e0a867bdedb85fd243eadf09663511f96fc81e0720a4a42581f334ad4303aa6b?s=96&d=mm&r=g\",\"url\":\"https:\\\/\\\/secure.gravatar.com\\\/avatar\\\/e0a867bdedb85fd243eadf09663511f96fc81e0720a4a42581f334ad4303aa6b?s=96&d=mm&r=g\",\"contentUrl\":\"https:\\\/\\\/secure.gravatar.com\\\/avatar\\\/e0a867bdedb85fd243eadf09663511f96fc81e0720a4a42581f334ad4303aa6b?s=96&d=mm&r=g\",\"caption\":\"Reda\u00e7\u00e3o\"}}]}<\/script>\n<!-- \/ Yoast SEO plugin. -->","yoast_head_json":{"title":"Furtos e vandalismo desafiam integridade da rede el\u00e9trica - Notibras","robots":{"index":"index","follow":"follow","max-snippet":"max-snippet:-1","max-image-preview":"max-image-preview:large","max-video-preview":"max-video-preview:-1"},"canonical":"https:\/\/www.notibras.com\/site\/furtos-e-vandalismo-desafiam-integridade-da-rede-eletrica\/","og_locale":"pt_BR","og_type":"article","og_title":"Furtos e vandalismo desafiam integridade da rede el\u00e9trica - Notibras","og_description":"Os furtos de cabos e atos de vandalismo a postes de ilumina\u00e7\u00e3o p\u00fablica comprometem a integridade da rede el\u00e9trica da capital e aumentam significativamente os riscos de choques el\u00e9tricos para a popula\u00e7\u00e3o. Somente ano passado, a Companhia Energ\u00e9tica de Bras\u00edlia (CEB Ipes) contabilizou o furto de mais de 89 km de cabos \u2013 um preju\u00edzo [&hellip;]","og_url":"https:\/\/www.notibras.com\/site\/furtos-e-vandalismo-desafiam-integridade-da-rede-eletrica\/","og_site_name":"Notibras","article_publisher":"https:\/\/www.facebook.com\/notibras\/","article_published_time":"2024-05-20T10:21:48+00:00","article_modified_time":"2024-05-20T12:41:32+00:00","og_image":[{"width":1536,"height":1024,"url":"https:\/\/www.notibras.com\/site\/wp-content\/uploads\/2024\/05\/Lucio-Bernardo-JrAgencia-Brasilia-3-1536x1024-1.jpg","type":"image\/jpeg"}],"author":"Reda\u00e7\u00e3o","twitter_card":"summary_large_image","twitter_creator":"@Notibras","twitter_site":"@Notibras","twitter_misc":{"Escrito por":"Reda\u00e7\u00e3o","Est. tempo de leitura":"3 minutos"},"schema":{"@context":"https:\/\/schema.org","@graph":[{"@type":"Article","@id":"https:\/\/www.notibras.com\/site\/furtos-e-vandalismo-desafiam-integridade-da-rede-eletrica\/#article","isPartOf":{"@id":"https:\/\/www.notibras.com\/site\/furtos-e-vandalismo-desafiam-integridade-da-rede-eletrica\/"},"author":{"name":"Reda\u00e7\u00e3o","@id":"https:\/\/www.notibras.com\/site\/#\/schema\/person\/36ab0979449956132d3e5b517ea76ac8"},"headline":"Furtos e vandalismo desafiam integridade da rede el\u00e9trica","datePublished":"2024-05-20T10:21:48+00:00","dateModified":"2024-05-20T12:41:32+00:00","mainEntityOfPage":{"@id":"https:\/\/www.notibras.com\/site\/furtos-e-vandalismo-desafiam-integridade-da-rede-eletrica\/"},"wordCount":536,"publisher":{"@id":"https:\/\/www.notibras.com\/site\/#organization"},"image":{"@id":"https:\/\/www.notibras.com\/site\/furtos-e-vandalismo-desafiam-integridade-da-rede-eletrica\/#primaryimage"},"thumbnailUrl":"https:\/\/www.notibras.com\/site\/wp-content\/uploads\/2024\/05\/Lucio-Bernardo-JrAgencia-Brasilia-3-1536x1024-1.jpg","articleSection":["Quadradinho em Foco"],"inLanguage":"pt-BR"},{"@type":"WebPage","@id":"https:\/\/www.notibras.com\/site\/furtos-e-vandalismo-desafiam-integridade-da-rede-eletrica\/","url":"https:\/\/www.notibras.com\/site\/furtos-e-vandalismo-desafiam-integridade-da-rede-eletrica\/","name":"Furtos e vandalismo desafiam integridade da rede el\u00e9trica - Notibras","isPartOf":{"@id":"https:\/\/www.notibras.com\/site\/#website"},"primaryImageOfPage":{"@id":"https:\/\/www.notibras.com\/site\/furtos-e-vandalismo-desafiam-integridade-da-rede-eletrica\/#primaryimage"},"image":{"@id":"https:\/\/www.notibras.com\/site\/furtos-e-vandalismo-desafiam-integridade-da-rede-eletrica\/#primaryimage"},"thumbnailUrl":"https:\/\/www.notibras.com\/site\/wp-content\/uploads\/2024\/05\/Lucio-Bernardo-JrAgencia-Brasilia-3-1536x1024-1.jpg","datePublished":"2024-05-20T10:21:48+00:00","dateModified":"2024-05-20T12:41:32+00:00","breadcrumb":{"@id":"https:\/\/www.notibras.com\/site\/furtos-e-vandalismo-desafiam-integridade-da-rede-eletrica\/#breadcrumb"},"inLanguage":"pt-BR","potentialAction":[{"@type":"ReadAction","target":["https:\/\/www.notibras.com\/site\/furtos-e-vandalismo-desafiam-integridade-da-rede-eletrica\/"]}]},{"@type":"ImageObject","inLanguage":"pt-BR","@id":"https:\/\/www.notibras.com\/site\/furtos-e-vandalismo-desafiam-integridade-da-rede-eletrica\/#primaryimage","url":"https:\/\/www.notibras.com\/site\/wp-content\/uploads\/2024\/05\/Lucio-Bernardo-JrAgencia-Brasilia-3-1536x1024-1.jpg","contentUrl":"https:\/\/www.notibras.com\/site\/wp-content\/uploads\/2024\/05\/Lucio-Bernardo-JrAgencia-Brasilia-3-1536x1024-1.jpg","width":1536,"height":1024},{"@type":"BreadcrumbList","@id":"https:\/\/www.notibras.com\/site\/furtos-e-vandalismo-desafiam-integridade-da-rede-eletrica\/#breadcrumb","itemListElement":[{"@type":"ListItem","position":1,"name":"In\u00edcio","item":"https:\/\/www.notibras.com\/site\/"},{"@type":"ListItem","position":2,"name":"Furtos e vandalismo desafiam integridade da rede el\u00e9trica"}]},{"@type":"WebSite","@id":"https:\/\/www.notibras.com\/site\/#website","url":"https:\/\/www.notibras.com\/site\/","name":"Notibras","description":"Not\u00edcias de Bras\u00edlia, do Brasil e do Mundo","publisher":{"@id":"https:\/\/www.notibras.com\/site\/#organization"},"potentialAction":[{"@type":"SearchAction","target":{"@type":"EntryPoint","urlTemplate":"https:\/\/www.notibras.com\/site\/?s={search_term_string}"},"query-input":{"@type":"PropertyValueSpecification","valueRequired":true,"valueName":"search_term_string"}}],"inLanguage":"pt-BR"},{"@type":"Organization","@id":"https:\/\/www.notibras.com\/site\/#organization","name":"Grupo Notibras de Comunica\u00e7\u00e3o","url":"https:\/\/www.notibras.com\/site\/","logo":{"@type":"ImageObject","inLanguage":"pt-BR","@id":"https:\/\/www.notibras.com\/site\/#\/schema\/logo\/image\/","url":"https:\/\/www.notibras.com\/site\/wp-content\/uploads\/2023\/01\/notibras23.png","contentUrl":"https:\/\/www.notibras.com\/site\/wp-content\/uploads\/2023\/01\/notibras23.png","width":350,"height":87,"caption":"Grupo Notibras de Comunica\u00e7\u00e3o"},"image":{"@id":"https:\/\/www.notibras.com\/site\/#\/schema\/logo\/image\/"},"sameAs":["https:\/\/www.facebook.com\/notibras\/","https:\/\/x.com\/Notibras","https:\/\/www.instagram.com\/notibras\/"]},{"@type":"Person","@id":"https:\/\/www.notibras.com\/site\/#\/schema\/person\/36ab0979449956132d3e5b517ea76ac8","name":"Reda\u00e7\u00e3o","image":{"@type":"ImageObject","inLanguage":"pt-BR","@id":"https:\/\/secure.gravatar.com\/avatar\/e0a867bdedb85fd243eadf09663511f96fc81e0720a4a42581f334ad4303aa6b?s=96&d=mm&r=g","url":"https:\/\/secure.gravatar.com\/avatar\/e0a867bdedb85fd243eadf09663511f96fc81e0720a4a42581f334ad4303aa6b?s=96&d=mm&r=g","contentUrl":"https:\/\/secure.gravatar.com\/avatar\/e0a867bdedb85fd243eadf09663511f96fc81e0720a4a42581f334ad4303aa6b?s=96&d=mm&r=g","caption":"Reda\u00e7\u00e3o"}}]}},"amp_enabled":true,"_links":{"self":[{"href":"https:\/\/www.notibras.com\/site\/wp-json\/wp\/v2\/posts\/329091","targetHints":{"allow":["GET"]}}],"collection":[{"href":"https:\/\/www.notibras.com\/site\/wp-json\/wp\/v2\/posts"}],"about":[{"href":"https:\/\/www.notibras.com\/site\/wp-json\/wp\/v2\/types\/post"}],"author":[{"embeddable":true,"href":"https:\/\/www.notibras.com\/site\/wp-json\/wp\/v2\/users\/2"}],"replies":[{"embeddable":true,"href":"https:\/\/www.notibras.com\/site\/wp-json\/wp\/v2\/comments?post=329091"}],"version-history":[{"count":1,"href":"https:\/\/www.notibras.com\/site\/wp-json\/wp\/v2\/posts\/329091\/revisions"}],"predecessor-version":[{"id":329093,"href":"https:\/\/www.notibras.com\/site\/wp-json\/wp\/v2\/posts\/329091\/revisions\/329093"}],"wp:featuredmedia":[{"embeddable":true,"href":"https:\/\/www.notibras.com\/site\/wp-json\/wp\/v2\/media\/329092"}],"wp:attachment":[{"href":"https:\/\/www.notibras.com\/site\/wp-json\/wp\/v2\/media?parent=329091"}],"wp:term":[{"taxonomy":"category","embeddable":true,"href":"https:\/\/www.notibras.com\/site\/wp-json\/wp\/v2\/categories?post=329091"},{"taxonomy":"post_tag","embeddable":true,"href":"https:\/\/www.notibras.com\/site\/wp-json\/wp\/v2\/tags?post=329091"}],"curies":[{"name":"wp","href":"https:\/\/api.w.org\/{rel}","templated":true}]}}