{"id":329097,"date":"2024-05-20T00:53:12","date_gmt":"2024-05-20T03:53:12","guid":{"rendered":"https:\/\/www.notibras.com\/site\/?p=329097"},"modified":"2024-05-20T10:00:16","modified_gmt":"2024-05-20T13:00:16","slug":"chegada-da-seca-liga-o-alerta-para-consumo-responsavel-de-agua","status":"publish","type":"post","link":"https:\/\/www.notibras.com\/site\/chegada-da-seca-liga-o-alerta-para-consumo-responsavel-de-agua\/","title":{"rendered":"Chegada da seca liga o alerta para consumo respons\u00e1vel de \u00e1gua"},"content":{"rendered":"<p>A seca est\u00e1 de volta e, com ela, os cuidados que j\u00e1 fazem parte da rotina do brasiliense. Nesta \u00e9poca do ano, de temperaturas mais elevadas e baixa umidade relativa do ar, a hidrata\u00e7\u00e3o \u00e9 um h\u00e1bito essencial para passar pela estiagem sem complica\u00e7\u00f5es. No entanto, \u00e9 preciso estar atento para que o consumo de \u00e1gua ocorra de maneira respons\u00e1vel no per\u00edodo, quando o uso tende a aumentar justamente quando as chuvas cessam.<\/p>\n<p>Dados da Companhia Ambiental de Saneamento do Distrito Federal (Caesb) apontam, durante os dias de estiagem, um incremento de 7% a 10% no consumo de \u00e1gua em algumas regi\u00f5es administrativas. Essa eleva\u00e7\u00e3o no gasto do recurso h\u00eddrico amea\u00e7a o n\u00edvel dos reservat\u00f3rios de abastecimento da capital.<\/p>\n<p>At\u00e9 o \u00faltimo dia 16 de maio, segundo a Ag\u00eancia Reguladora de \u00c1guas, Energia e Saneamento B\u00e1sico (Adasa), o reservat\u00f3rio do Descoberto operava com capacidade m\u00e1xima (103 milh\u00f5es de metros c\u00fabicos), enquanto o de Santa Maria apresentava 62,5% do volume \u00fatil. Hoje, os sistemas s\u00e3o respons\u00e1veis por cerca de 90% do abastecimento do DF; o restante depende de redes menores.<\/p>\n<p>Atualmente, Bras\u00edlia conta com 780 mil liga\u00e7\u00f5es abastecidas com \u00e1gua tratada e de excelente qualidade. Apesar dos n\u00fameros positivos, o superintendente de recursos h\u00eddricos da Adasa, Gustavo Antonio Carneiro, alerta para os riscos do consumo desenfreado de \u00e1gua. \u201cO consumo racional \u00e9 uma regra que deve ser seguida, seja na seca ou no per\u00edodo chuvoso\u201d, enfatiza. \u201cTemos uma certa folga, mas n\u00e3o podemos ter um consumo muito acima dos valores indicados porque poderemos ter problemas.\u201d<\/p>\n<p>Segundo o servidor, o DF apresenta uma baixa produ\u00e7\u00e3o de \u00e1gua per capita. \u201cTrata-se de uma popula\u00e7\u00e3o muito grande em compara\u00e7\u00e3o com o volume produzido pelo nosso ciclo natural hidrol\u00f3gico, que apresenta \u00edndices pr\u00f3ximos do semi\u00e1rido\u201d, ressalta. \u201cPor isso, temos de ter essa vigil\u00e2ncia constante e racional da \u00e1gua.\u201d<\/p>\n<p><strong>Investimento<\/strong><br \/>\nA Caesb trata como prioridade a ado\u00e7\u00e3o de medidas para reduzir radicalmente a perda de \u00e1gua no DF. Apenas para 2024, a companhia planeja investir mais de R$ 250 milh\u00f5es em obras de saneamento e distribui\u00e7\u00e3o de recursos h\u00eddricos \u2013 investimento que se soma aos mais de R$ 1 bilh\u00e3o investidos desde 2019 em obras para garantir o fornecimento de \u00e1gua a 2,8 milh\u00f5es de usu\u00e1rios.<\/p>\n<p>Outro enfoque da atua\u00e7\u00e3o da empresa \u00e9 na seguran\u00e7a h\u00eddrica do DF. \u201cIsso significa ter um volume de \u00e1gua maior dispon\u00edvel, mesmo em uma eventual crise h\u00eddrica ou em situa\u00e7\u00e3o de estiagem mais rigorosa, para o DF, atrav\u00e9s da Caesb, garantir o atendimento a toda popula\u00e7\u00e3o com o menor sacrif\u00edcio poss\u00edvel\u201d, defende o presidente da companhia, Lu\u00eds Ant\u00f4nio Almeida Reis.<\/p>\n<p>As regi\u00f5es abastecidas pela empresa contam com um incremento de capacidade de produ\u00e7\u00e3o instalada 30% superior \u00e0s condi\u00e7\u00f5es existentes em 2016. O ano foi marcado pelo per\u00edodo de crise h\u00eddrica aguda no DF, resultando na necessidade de racionamento do consumo de \u00e1gua.<\/p>\n<p>Desde 2019, houve refor\u00e7o nos sistemas de capta\u00e7\u00e3o do Bananal, Lago Norte, Gama e Corumb\u00e1, ampliando a oferta do recurso h\u00eddrico a moradores de diferentes regi\u00f5es. \u201cE estamos trabalhando para ampliar essa capacidade. Isso nos permite ter um potencial de gest\u00e3o maior em rela\u00e7\u00e3o \u00e0quela \u00e9poca, o que me permite tirar, por exemplo, \u00e1gua do Corumb\u00e1 e levar para o Lago Sul, trazendo um al\u00edvio para a capacidade de reserva do reservat\u00f3rio de Santa Maria\u201d, prossegue o presidente da Caesb.<\/p>\n<p><strong>H\u00e1bitos sustent\u00e1veis<\/strong><br \/>\nO uso racional dos recursos h\u00eddricos \u00e9 uma pr\u00e1tica essencial e requer mudan\u00e7as de comportamento. Algumas dicas simples ajudam a economizar e evitar o desperd\u00edcio de \u00e1gua, tais como verificar regularmente poss\u00edveis vazamentos nas tubula\u00e7\u00f5es dos im\u00f3veis, que podem ocasionar a perda de at\u00e9 sete mil litros por dia.<\/p>\n<p>Quem mora em casa e \u00e9 amante da jardinagem pode optar por plantas nativas do Cerrado. Elas s\u00e3o mais resistentes e demandam menos consumo de \u00e1gua. Regar as plantas \u00e0 noite tamb\u00e9m \u00e9 uma boa pr\u00e1tica, pois ajuda a evitar a evapora\u00e7\u00e3o excessiva no per\u00edodo de calor. Para isso, utilize um regador ao inv\u00e9s de uma mangueira.<\/p>\n<p>Outra dica \u00e9 instalar arejadores nas torneiras. Um registro aberto continuamente durante tr\u00eas minutos consome 18 litros de \u00e1gua. Quando for lavar a lou\u00e7a, retire os restos de comida antes de lavar pratos e panelas, e opte por uma bacia para ensaboar e enxaguar todas de uma s\u00f3 vez.<\/p>\n<p><strong>Confira outras dicas<\/strong><br \/>\n\u2013 Para a limpeza de janelas, opte por realizar a tarefa em dias nublados, pois a luz solar direta seca os produtos de limpeza antes do vidro ser polido corretamente, o que pode levar ao uso excessivo de \u00e1gua e produtos.<\/p>\n<p>\u2013 A m\u00e1quina de lavar roupas tamb\u00e9m pode ser um vil\u00e3o do desperd\u00edcio. Um ciclo completo pode utilizar at\u00e9 200 litros de \u00e1gua. Portanto, acumule v\u00e1rias pe\u00e7as e utilize a m\u00e1quina apenas quando estiver com a capacidade total.<\/p>\n<p>\u2013 Reutilizar a \u00e1gua da m\u00e1quina de lavar roupas \u00e9 uma maneira inteligente de economizar. Essa \u00e1gua pode ser utilizada para limpar a garagem ou lavar o carro.<\/p>\n<p>\u2013 Por fim, mantenha a piscina coberta quando n\u00e3o estiver em uso. Isso evita a evapora\u00e7\u00e3o e a necessidade de reposi\u00e7\u00e3o frequente de \u00e1gua.<\/p>\n<p>Adotar essas pr\u00e1ticas simples pode fazer uma grande diferen\u00e7a no consumo de \u00e1gua e contribuir para a preserva\u00e7\u00e3o deste recurso vital<\/p>\n","protected":false},"excerpt":{"rendered":"<p>A seca est\u00e1 de volta e, com ela, os cuidados que j\u00e1 fazem parte da rotina do brasiliense. Nesta \u00e9poca do ano, de temperaturas mais elevadas e baixa umidade relativa do ar, a hidrata\u00e7\u00e3o \u00e9 um h\u00e1bito essencial para passar pela estiagem sem complica\u00e7\u00f5es. No entanto, \u00e9 preciso estar atento para que o consumo de [&hellip;]<\/p>\n","protected":false},"author":2,"featured_media":329098,"comment_status":"closed","ping_status":"closed","sticky":false,"template":"","format":"standard","meta":{"_acf_changed":false,"footnotes":""},"categories":[161],"tags":[],"class_list":["post-329097","post","type-post","status-publish","format-standard","has-post-thumbnail","hentry","category-quadradinho-em-foco"],"acf":[],"yoast_head":"<!-- This site is optimized with the Yoast SEO plugin v27.5 - https:\/\/yoast.com\/product\/yoast-seo-wordpress\/ -->\n<title>Chegada da seca liga o alerta para consumo respons\u00e1vel de \u00e1gua - Notibras<\/title>\n<meta name=\"robots\" content=\"index, follow, max-snippet:-1, max-image-preview:large, max-video-preview:-1\" \/>\n<link rel=\"canonical\" href=\"https:\/\/www.notibras.com\/site\/chegada-da-seca-liga-o-alerta-para-consumo-responsavel-de-agua\/\" \/>\n<meta property=\"og:locale\" content=\"pt_BR\" \/>\n<meta property=\"og:type\" content=\"article\" \/>\n<meta property=\"og:title\" content=\"Chegada da seca liga o alerta para consumo respons\u00e1vel de \u00e1gua - Notibras\" \/>\n<meta property=\"og:description\" content=\"A seca est\u00e1 de volta e, com ela, os cuidados que j\u00e1 fazem parte da rotina do brasiliense. Nesta \u00e9poca do ano, de temperaturas mais elevadas e baixa umidade relativa do ar, a hidrata\u00e7\u00e3o \u00e9 um h\u00e1bito essencial para passar pela estiagem sem complica\u00e7\u00f5es. No entanto, \u00e9 preciso estar atento para que o consumo de [&hellip;]\" \/>\n<meta property=\"og:url\" content=\"https:\/\/www.notibras.com\/site\/chegada-da-seca-liga-o-alerta-para-consumo-responsavel-de-agua\/\" \/>\n<meta property=\"og:site_name\" content=\"Notibras\" \/>\n<meta property=\"article:publisher\" content=\"https:\/\/www.facebook.com\/notibras\/\" \/>\n<meta property=\"article:published_time\" content=\"2024-05-20T03:53:12+00:00\" \/>\n<meta property=\"article:modified_time\" content=\"2024-05-20T13:00:16+00:00\" \/>\n<meta property=\"og:image\" content=\"https:\/\/www.notibras.com\/site\/wp-content\/uploads\/2024\/05\/WhatsApp-Image-2024-05-16-at-17.36.47-1536x1023-1.jpeg\" \/>\n\t<meta property=\"og:image:width\" content=\"1536\" \/>\n\t<meta property=\"og:image:height\" content=\"1023\" \/>\n\t<meta property=\"og:image:type\" content=\"image\/jpeg\" \/>\n<meta name=\"author\" content=\"Reda\u00e7\u00e3o\" \/>\n<meta name=\"twitter:card\" content=\"summary_large_image\" \/>\n<meta name=\"twitter:creator\" content=\"@Notibras\" \/>\n<meta name=\"twitter:site\" content=\"@Notibras\" \/>\n<meta name=\"twitter:label1\" content=\"Escrito por\" \/>\n\t<meta name=\"twitter:data1\" content=\"Reda\u00e7\u00e3o\" \/>\n\t<meta name=\"twitter:label2\" content=\"Est. tempo de leitura\" \/>\n\t<meta name=\"twitter:data2\" content=\"5 minutos\" \/>\n<script type=\"application\/ld+json\" class=\"yoast-schema-graph\">{\"@context\":\"https:\\\/\\\/schema.org\",\"@graph\":[{\"@type\":\"Article\",\"@id\":\"https:\\\/\\\/www.notibras.com\\\/site\\\/chegada-da-seca-liga-o-alerta-para-consumo-responsavel-de-agua\\\/#article\",\"isPartOf\":{\"@id\":\"https:\\\/\\\/www.notibras.com\\\/site\\\/chegada-da-seca-liga-o-alerta-para-consumo-responsavel-de-agua\\\/\"},\"author\":{\"name\":\"Reda\u00e7\u00e3o\",\"@id\":\"https:\\\/\\\/www.notibras.com\\\/site\\\/#\\\/schema\\\/person\\\/36ab0979449956132d3e5b517ea76ac8\"},\"headline\":\"Chegada da seca liga o alerta para consumo respons\u00e1vel de \u00e1gua\",\"datePublished\":\"2024-05-20T03:53:12+00:00\",\"dateModified\":\"2024-05-20T13:00:16+00:00\",\"mainEntityOfPage\":{\"@id\":\"https:\\\/\\\/www.notibras.com\\\/site\\\/chegada-da-seca-liga-o-alerta-para-consumo-responsavel-de-agua\\\/\"},\"wordCount\":939,\"publisher\":{\"@id\":\"https:\\\/\\\/www.notibras.com\\\/site\\\/#organization\"},\"image\":{\"@id\":\"https:\\\/\\\/www.notibras.com\\\/site\\\/chegada-da-seca-liga-o-alerta-para-consumo-responsavel-de-agua\\\/#primaryimage\"},\"thumbnailUrl\":\"https:\\\/\\\/www.notibras.com\\\/site\\\/wp-content\\\/uploads\\\/2024\\\/05\\\/WhatsApp-Image-2024-05-16-at-17.36.47-1536x1023-1.jpeg\",\"articleSection\":[\"Quadradinho em Foco\"],\"inLanguage\":\"pt-BR\"},{\"@type\":\"WebPage\",\"@id\":\"https:\\\/\\\/www.notibras.com\\\/site\\\/chegada-da-seca-liga-o-alerta-para-consumo-responsavel-de-agua\\\/\",\"url\":\"https:\\\/\\\/www.notibras.com\\\/site\\\/chegada-da-seca-liga-o-alerta-para-consumo-responsavel-de-agua\\\/\",\"name\":\"Chegada da seca liga o alerta para consumo respons\u00e1vel de \u00e1gua - Notibras\",\"isPartOf\":{\"@id\":\"https:\\\/\\\/www.notibras.com\\\/site\\\/#website\"},\"primaryImageOfPage\":{\"@id\":\"https:\\\/\\\/www.notibras.com\\\/site\\\/chegada-da-seca-liga-o-alerta-para-consumo-responsavel-de-agua\\\/#primaryimage\"},\"image\":{\"@id\":\"https:\\\/\\\/www.notibras.com\\\/site\\\/chegada-da-seca-liga-o-alerta-para-consumo-responsavel-de-agua\\\/#primaryimage\"},\"thumbnailUrl\":\"https:\\\/\\\/www.notibras.com\\\/site\\\/wp-content\\\/uploads\\\/2024\\\/05\\\/WhatsApp-Image-2024-05-16-at-17.36.47-1536x1023-1.jpeg\",\"datePublished\":\"2024-05-20T03:53:12+00:00\",\"dateModified\":\"2024-05-20T13:00:16+00:00\",\"breadcrumb\":{\"@id\":\"https:\\\/\\\/www.notibras.com\\\/site\\\/chegada-da-seca-liga-o-alerta-para-consumo-responsavel-de-agua\\\/#breadcrumb\"},\"inLanguage\":\"pt-BR\",\"potentialAction\":[{\"@type\":\"ReadAction\",\"target\":[\"https:\\\/\\\/www.notibras.com\\\/site\\\/chegada-da-seca-liga-o-alerta-para-consumo-responsavel-de-agua\\\/\"]}]},{\"@type\":\"ImageObject\",\"inLanguage\":\"pt-BR\",\"@id\":\"https:\\\/\\\/www.notibras.com\\\/site\\\/chegada-da-seca-liga-o-alerta-para-consumo-responsavel-de-agua\\\/#primaryimage\",\"url\":\"https:\\\/\\\/www.notibras.com\\\/site\\\/wp-content\\\/uploads\\\/2024\\\/05\\\/WhatsApp-Image-2024-05-16-at-17.36.47-1536x1023-1.jpeg\",\"contentUrl\":\"https:\\\/\\\/www.notibras.com\\\/site\\\/wp-content\\\/uploads\\\/2024\\\/05\\\/WhatsApp-Image-2024-05-16-at-17.36.47-1536x1023-1.jpeg\",\"width\":1536,\"height\":1023},{\"@type\":\"BreadcrumbList\",\"@id\":\"https:\\\/\\\/www.notibras.com\\\/site\\\/chegada-da-seca-liga-o-alerta-para-consumo-responsavel-de-agua\\\/#breadcrumb\",\"itemListElement\":[{\"@type\":\"ListItem\",\"position\":1,\"name\":\"In\u00edcio\",\"item\":\"https:\\\/\\\/www.notibras.com\\\/site\\\/\"},{\"@type\":\"ListItem\",\"position\":2,\"name\":\"Chegada da seca liga o alerta para consumo respons\u00e1vel de \u00e1gua\"}]},{\"@type\":\"WebSite\",\"@id\":\"https:\\\/\\\/www.notibras.com\\\/site\\\/#website\",\"url\":\"https:\\\/\\\/www.notibras.com\\\/site\\\/\",\"name\":\"Notibras\",\"description\":\"Not\u00edcias de Bras\u00edlia, do Brasil e do Mundo\",\"publisher\":{\"@id\":\"https:\\\/\\\/www.notibras.com\\\/site\\\/#organization\"},\"potentialAction\":[{\"@type\":\"SearchAction\",\"target\":{\"@type\":\"EntryPoint\",\"urlTemplate\":\"https:\\\/\\\/www.notibras.com\\\/site\\\/?s={search_term_string}\"},\"query-input\":{\"@type\":\"PropertyValueSpecification\",\"valueRequired\":true,\"valueName\":\"search_term_string\"}}],\"inLanguage\":\"pt-BR\"},{\"@type\":\"Organization\",\"@id\":\"https:\\\/\\\/www.notibras.com\\\/site\\\/#organization\",\"name\":\"Grupo Notibras de Comunica\u00e7\u00e3o\",\"url\":\"https:\\\/\\\/www.notibras.com\\\/site\\\/\",\"logo\":{\"@type\":\"ImageObject\",\"inLanguage\":\"pt-BR\",\"@id\":\"https:\\\/\\\/www.notibras.com\\\/site\\\/#\\\/schema\\\/logo\\\/image\\\/\",\"url\":\"https:\\\/\\\/www.notibras.com\\\/site\\\/wp-content\\\/uploads\\\/2023\\\/01\\\/notibras23.png\",\"contentUrl\":\"https:\\\/\\\/www.notibras.com\\\/site\\\/wp-content\\\/uploads\\\/2023\\\/01\\\/notibras23.png\",\"width\":350,\"height\":87,\"caption\":\"Grupo Notibras de Comunica\u00e7\u00e3o\"},\"image\":{\"@id\":\"https:\\\/\\\/www.notibras.com\\\/site\\\/#\\\/schema\\\/logo\\\/image\\\/\"},\"sameAs\":[\"https:\\\/\\\/www.facebook.com\\\/notibras\\\/\",\"https:\\\/\\\/x.com\\\/Notibras\",\"https:\\\/\\\/www.instagram.com\\\/notibras\\\/\"]},{\"@type\":\"Person\",\"@id\":\"https:\\\/\\\/www.notibras.com\\\/site\\\/#\\\/schema\\\/person\\\/36ab0979449956132d3e5b517ea76ac8\",\"name\":\"Reda\u00e7\u00e3o\",\"image\":{\"@type\":\"ImageObject\",\"inLanguage\":\"pt-BR\",\"@id\":\"https:\\\/\\\/secure.gravatar.com\\\/avatar\\\/e0a867bdedb85fd243eadf09663511f96fc81e0720a4a42581f334ad4303aa6b?s=96&d=mm&r=g\",\"url\":\"https:\\\/\\\/secure.gravatar.com\\\/avatar\\\/e0a867bdedb85fd243eadf09663511f96fc81e0720a4a42581f334ad4303aa6b?s=96&d=mm&r=g\",\"contentUrl\":\"https:\\\/\\\/secure.gravatar.com\\\/avatar\\\/e0a867bdedb85fd243eadf09663511f96fc81e0720a4a42581f334ad4303aa6b?s=96&d=mm&r=g\",\"caption\":\"Reda\u00e7\u00e3o\"}}]}<\/script>\n<!-- \/ Yoast SEO plugin. -->","yoast_head_json":{"title":"Chegada da seca liga o alerta para consumo respons\u00e1vel de \u00e1gua - Notibras","robots":{"index":"index","follow":"follow","max-snippet":"max-snippet:-1","max-image-preview":"max-image-preview:large","max-video-preview":"max-video-preview:-1"},"canonical":"https:\/\/www.notibras.com\/site\/chegada-da-seca-liga-o-alerta-para-consumo-responsavel-de-agua\/","og_locale":"pt_BR","og_type":"article","og_title":"Chegada da seca liga o alerta para consumo respons\u00e1vel de \u00e1gua - Notibras","og_description":"A seca est\u00e1 de volta e, com ela, os cuidados que j\u00e1 fazem parte da rotina do brasiliense. Nesta \u00e9poca do ano, de temperaturas mais elevadas e baixa umidade relativa do ar, a hidrata\u00e7\u00e3o \u00e9 um h\u00e1bito essencial para passar pela estiagem sem complica\u00e7\u00f5es. No entanto, \u00e9 preciso estar atento para que o consumo de [&hellip;]","og_url":"https:\/\/www.notibras.com\/site\/chegada-da-seca-liga-o-alerta-para-consumo-responsavel-de-agua\/","og_site_name":"Notibras","article_publisher":"https:\/\/www.facebook.com\/notibras\/","article_published_time":"2024-05-20T03:53:12+00:00","article_modified_time":"2024-05-20T13:00:16+00:00","og_image":[{"width":1536,"height":1023,"url":"https:\/\/www.notibras.com\/site\/wp-content\/uploads\/2024\/05\/WhatsApp-Image-2024-05-16-at-17.36.47-1536x1023-1.jpeg","type":"image\/jpeg"}],"author":"Reda\u00e7\u00e3o","twitter_card":"summary_large_image","twitter_creator":"@Notibras","twitter_site":"@Notibras","twitter_misc":{"Escrito por":"Reda\u00e7\u00e3o","Est. tempo de leitura":"5 minutos"},"schema":{"@context":"https:\/\/schema.org","@graph":[{"@type":"Article","@id":"https:\/\/www.notibras.com\/site\/chegada-da-seca-liga-o-alerta-para-consumo-responsavel-de-agua\/#article","isPartOf":{"@id":"https:\/\/www.notibras.com\/site\/chegada-da-seca-liga-o-alerta-para-consumo-responsavel-de-agua\/"},"author":{"name":"Reda\u00e7\u00e3o","@id":"https:\/\/www.notibras.com\/site\/#\/schema\/person\/36ab0979449956132d3e5b517ea76ac8"},"headline":"Chegada da seca liga o alerta para consumo respons\u00e1vel de \u00e1gua","datePublished":"2024-05-20T03:53:12+00:00","dateModified":"2024-05-20T13:00:16+00:00","mainEntityOfPage":{"@id":"https:\/\/www.notibras.com\/site\/chegada-da-seca-liga-o-alerta-para-consumo-responsavel-de-agua\/"},"wordCount":939,"publisher":{"@id":"https:\/\/www.notibras.com\/site\/#organization"},"image":{"@id":"https:\/\/www.notibras.com\/site\/chegada-da-seca-liga-o-alerta-para-consumo-responsavel-de-agua\/#primaryimage"},"thumbnailUrl":"https:\/\/www.notibras.com\/site\/wp-content\/uploads\/2024\/05\/WhatsApp-Image-2024-05-16-at-17.36.47-1536x1023-1.jpeg","articleSection":["Quadradinho em Foco"],"inLanguage":"pt-BR"},{"@type":"WebPage","@id":"https:\/\/www.notibras.com\/site\/chegada-da-seca-liga-o-alerta-para-consumo-responsavel-de-agua\/","url":"https:\/\/www.notibras.com\/site\/chegada-da-seca-liga-o-alerta-para-consumo-responsavel-de-agua\/","name":"Chegada da seca liga o alerta para consumo respons\u00e1vel de \u00e1gua - Notibras","isPartOf":{"@id":"https:\/\/www.notibras.com\/site\/#website"},"primaryImageOfPage":{"@id":"https:\/\/www.notibras.com\/site\/chegada-da-seca-liga-o-alerta-para-consumo-responsavel-de-agua\/#primaryimage"},"image":{"@id":"https:\/\/www.notibras.com\/site\/chegada-da-seca-liga-o-alerta-para-consumo-responsavel-de-agua\/#primaryimage"},"thumbnailUrl":"https:\/\/www.notibras.com\/site\/wp-content\/uploads\/2024\/05\/WhatsApp-Image-2024-05-16-at-17.36.47-1536x1023-1.jpeg","datePublished":"2024-05-20T03:53:12+00:00","dateModified":"2024-05-20T13:00:16+00:00","breadcrumb":{"@id":"https:\/\/www.notibras.com\/site\/chegada-da-seca-liga-o-alerta-para-consumo-responsavel-de-agua\/#breadcrumb"},"inLanguage":"pt-BR","potentialAction":[{"@type":"ReadAction","target":["https:\/\/www.notibras.com\/site\/chegada-da-seca-liga-o-alerta-para-consumo-responsavel-de-agua\/"]}]},{"@type":"ImageObject","inLanguage":"pt-BR","@id":"https:\/\/www.notibras.com\/site\/chegada-da-seca-liga-o-alerta-para-consumo-responsavel-de-agua\/#primaryimage","url":"https:\/\/www.notibras.com\/site\/wp-content\/uploads\/2024\/05\/WhatsApp-Image-2024-05-16-at-17.36.47-1536x1023-1.jpeg","contentUrl":"https:\/\/www.notibras.com\/site\/wp-content\/uploads\/2024\/05\/WhatsApp-Image-2024-05-16-at-17.36.47-1536x1023-1.jpeg","width":1536,"height":1023},{"@type":"BreadcrumbList","@id":"https:\/\/www.notibras.com\/site\/chegada-da-seca-liga-o-alerta-para-consumo-responsavel-de-agua\/#breadcrumb","itemListElement":[{"@type":"ListItem","position":1,"name":"In\u00edcio","item":"https:\/\/www.notibras.com\/site\/"},{"@type":"ListItem","position":2,"name":"Chegada da seca liga o alerta para consumo respons\u00e1vel de \u00e1gua"}]},{"@type":"WebSite","@id":"https:\/\/www.notibras.com\/site\/#website","url":"https:\/\/www.notibras.com\/site\/","name":"Notibras","description":"Not\u00edcias de Bras\u00edlia, do Brasil e do Mundo","publisher":{"@id":"https:\/\/www.notibras.com\/site\/#organization"},"potentialAction":[{"@type":"SearchAction","target":{"@type":"EntryPoint","urlTemplate":"https:\/\/www.notibras.com\/site\/?s={search_term_string}"},"query-input":{"@type":"PropertyValueSpecification","valueRequired":true,"valueName":"search_term_string"}}],"inLanguage":"pt-BR"},{"@type":"Organization","@id":"https:\/\/www.notibras.com\/site\/#organization","name":"Grupo Notibras de Comunica\u00e7\u00e3o","url":"https:\/\/www.notibras.com\/site\/","logo":{"@type":"ImageObject","inLanguage":"pt-BR","@id":"https:\/\/www.notibras.com\/site\/#\/schema\/logo\/image\/","url":"https:\/\/www.notibras.com\/site\/wp-content\/uploads\/2023\/01\/notibras23.png","contentUrl":"https:\/\/www.notibras.com\/site\/wp-content\/uploads\/2023\/01\/notibras23.png","width":350,"height":87,"caption":"Grupo Notibras de Comunica\u00e7\u00e3o"},"image":{"@id":"https:\/\/www.notibras.com\/site\/#\/schema\/logo\/image\/"},"sameAs":["https:\/\/www.facebook.com\/notibras\/","https:\/\/x.com\/Notibras","https:\/\/www.instagram.com\/notibras\/"]},{"@type":"Person","@id":"https:\/\/www.notibras.com\/site\/#\/schema\/person\/36ab0979449956132d3e5b517ea76ac8","name":"Reda\u00e7\u00e3o","image":{"@type":"ImageObject","inLanguage":"pt-BR","@id":"https:\/\/secure.gravatar.com\/avatar\/e0a867bdedb85fd243eadf09663511f96fc81e0720a4a42581f334ad4303aa6b?s=96&d=mm&r=g","url":"https:\/\/secure.gravatar.com\/avatar\/e0a867bdedb85fd243eadf09663511f96fc81e0720a4a42581f334ad4303aa6b?s=96&d=mm&r=g","contentUrl":"https:\/\/secure.gravatar.com\/avatar\/e0a867bdedb85fd243eadf09663511f96fc81e0720a4a42581f334ad4303aa6b?s=96&d=mm&r=g","caption":"Reda\u00e7\u00e3o"}}]}},"amp_enabled":true,"_links":{"self":[{"href":"https:\/\/www.notibras.com\/site\/wp-json\/wp\/v2\/posts\/329097","targetHints":{"allow":["GET"]}}],"collection":[{"href":"https:\/\/www.notibras.com\/site\/wp-json\/wp\/v2\/posts"}],"about":[{"href":"https:\/\/www.notibras.com\/site\/wp-json\/wp\/v2\/types\/post"}],"author":[{"embeddable":true,"href":"https:\/\/www.notibras.com\/site\/wp-json\/wp\/v2\/users\/2"}],"replies":[{"embeddable":true,"href":"https:\/\/www.notibras.com\/site\/wp-json\/wp\/v2\/comments?post=329097"}],"version-history":[{"count":1,"href":"https:\/\/www.notibras.com\/site\/wp-json\/wp\/v2\/posts\/329097\/revisions"}],"predecessor-version":[{"id":329099,"href":"https:\/\/www.notibras.com\/site\/wp-json\/wp\/v2\/posts\/329097\/revisions\/329099"}],"wp:featuredmedia":[{"embeddable":true,"href":"https:\/\/www.notibras.com\/site\/wp-json\/wp\/v2\/media\/329098"}],"wp:attachment":[{"href":"https:\/\/www.notibras.com\/site\/wp-json\/wp\/v2\/media?parent=329097"}],"wp:term":[{"taxonomy":"category","embeddable":true,"href":"https:\/\/www.notibras.com\/site\/wp-json\/wp\/v2\/categories?post=329097"},{"taxonomy":"post_tag","embeddable":true,"href":"https:\/\/www.notibras.com\/site\/wp-json\/wp\/v2\/tags?post=329097"}],"curies":[{"name":"wp","href":"https:\/\/api.w.org\/{rel}","templated":true}]}}