{"id":329130,"date":"2024-05-21T07:46:36","date_gmt":"2024-05-21T10:46:36","guid":{"rendered":"https:\/\/www.notibras.com\/site\/?p=329130"},"modified":"2024-05-21T07:46:36","modified_gmt":"2024-05-21T10:46:36","slug":"morte-de-joaquim-mostra-que-o-destino-esta-tracado","status":"publish","type":"post","link":"https:\/\/www.notibras.com\/site\/morte-de-joaquim-mostra-que-o-destino-esta-tracado\/","title":{"rendered":"Morte de Joaquim mostra que o destino est\u00e1 tra\u00e7ado"},"content":{"rendered":"<p>Uma das vantagens de ser adulta e morar sozinha \u00e9 chegar no s\u00e1bado \u00e0 noite, deixar o aparelho celular no silencioso e se jogar na cama sem tempo para acordar. \u00c9 verdade que, vez ou outra, tenho companhia, mesmo porque ningu\u00e9m \u00e9 de ferro. Mas, naquele dia, n\u00e3o foi o caso.<\/p>\n<p>Acordei quando o domingo j\u00e1 convidava para o almo\u00e7o. Fui at\u00e9 o banheiro, onde dei uma boa olhada no espelho. Dei aquela puxada na pele para tentar enxergar o rosto. Que cara de sono! Os olhos pareciam duas jabuticabas murchas.<\/p>\n<p>Voltei para cama, de onde peguei o celular na cabeceira. In\u00fameras chamadas n\u00e3o atendidas e mensagens da tia Alice. Devolvi o aparelho para o lugar que ele deveria permanecer at\u00e9 meu sono ir embora. N\u00e3o funcionou. Tia Alice? Ela nunca me ligava ou mandava mensagens. O que ela queria justamente no meu dia de folga?<\/p>\n<p>Curiosa, li as mensagens. Na verdade, eram duas da minha tia, al\u00e9m de outras de parentes, sem contar uma do Francisco, colega de trabalho que estava se esfor\u00e7ando para sairmos juntos. Se ele se esfor\u00e7asse um pouquinho mais, talvez rolasse algo. Quem sabe?<\/p>\n<p>Tia Alice \u00e9 uma pessoa fundamental na minha vida. Ap\u00f3s eu ficar \u00f3rf\u00e3 de pai e m\u00e3e aos 14 anos, foi ela quem me criou. Quase 40 anos desse drama familiar, ainda somos muito pr\u00f3ximas, apesar de quase n\u00e3o nos falarmos. De vez em quando, uma ou duas vezes a cada seis meses, apare\u00e7o na sua casa, onde tomamos ch\u00e1 acompanhado de torradas com geleia.<\/p>\n<p>O motivo de tantas liga\u00e7\u00f5es foi o falecimento do tio Joaquim, ex-marido da minha tia. Apesar de separados h\u00e1 quase 15 anos, os dois ainda eram amigos. Aos 84 anos, meu querido tio resolveu nos deixar naquela madrugada de s\u00e1bado para domingo.<\/p>\n<p>O enterro seria \u00e0s 17 horas. Olhei o rel\u00f3gio e percebi que precisaria me arrumar o mais r\u00e1pido poss\u00edvel. Entrei debaixo do chuveiro, o que talvez tenha me feito recordar de uma viagem que fiz com meus tios para a cachoeira do Pinga, aqui mesmo no meu Sergipe. Fomos de carro e levamos quase oito horas para chegar, mas foi um passeio maravilhoso. Estava eu com 16 ou 17 anos.<\/p>\n<p>Assim que cheguei ao vel\u00f3rio, percebi o quanto de gente gostava do tio Joaquim. N\u00e3o s\u00f3 a fam\u00edlia, mas muitos amigos. Foi dif\u00edcil olhar o homem que me criou naquele caix\u00e3o cheio de flores. Chorei abra\u00e7ada \u00e0 minha tia. Ela, talvez tentando me consolar, envolveu meu rosto com as m\u00e3os.<\/p>\n<p>\u2014 Tia, como \u00e9 que vamos viver sem o tio Joaquim?<\/p>\n<p>\u2014 A vida \u00e9 assim mesmo, minha filha. De vez em quando, ela vem cheia de mortes.<\/p>\n","protected":false},"excerpt":{"rendered":"<p>Uma das vantagens de ser adulta e morar sozinha \u00e9 chegar no s\u00e1bado \u00e0 noite, deixar o aparelho celular no silencioso e se jogar na cama sem tempo para acordar. \u00c9 verdade que, vez ou outra, tenho companhia, mesmo porque ningu\u00e9m \u00e9 de ferro. Mas, naquele dia, n\u00e3o foi o caso. Acordei quando o domingo [&hellip;]<\/p>\n","protected":false},"author":2,"featured_media":329131,"comment_status":"closed","ping_status":"closed","sticky":false,"template":"","format":"standard","meta":{"_acf_changed":false,"footnotes":""},"categories":[165,174],"tags":[],"class_list":["post-329130","post","type-post","status-publish","format-standard","has-post-thumbnail","hentry","category-nordeste","category-sergipe"],"acf":[],"yoast_head":"<!-- This site is optimized with the Yoast SEO plugin v27.5 - https:\/\/yoast.com\/product\/yoast-seo-wordpress\/ -->\n<title>Morte de Joaquim mostra que o destino est\u00e1 tra\u00e7ado - Notibras<\/title>\n<meta name=\"robots\" content=\"index, follow, max-snippet:-1, max-image-preview:large, max-video-preview:-1\" \/>\n<link rel=\"canonical\" href=\"https:\/\/www.notibras.com\/site\/morte-de-joaquim-mostra-que-o-destino-esta-tracado\/\" \/>\n<meta property=\"og:locale\" content=\"pt_BR\" \/>\n<meta property=\"og:type\" content=\"article\" \/>\n<meta property=\"og:title\" content=\"Morte de Joaquim mostra que o destino est\u00e1 tra\u00e7ado - Notibras\" \/>\n<meta property=\"og:description\" content=\"Uma das vantagens de ser adulta e morar sozinha \u00e9 chegar no s\u00e1bado \u00e0 noite, deixar o aparelho celular no silencioso e se jogar na cama sem tempo para acordar. \u00c9 verdade que, vez ou outra, tenho companhia, mesmo porque ningu\u00e9m \u00e9 de ferro. Mas, naquele dia, n\u00e3o foi o caso. Acordei quando o domingo [&hellip;]\" \/>\n<meta property=\"og:url\" content=\"https:\/\/www.notibras.com\/site\/morte-de-joaquim-mostra-que-o-destino-esta-tracado\/\" \/>\n<meta property=\"og:site_name\" content=\"Notibras\" \/>\n<meta property=\"article:publisher\" content=\"https:\/\/www.facebook.com\/notibras\/\" \/>\n<meta property=\"article:published_time\" content=\"2024-05-21T10:46:36+00:00\" \/>\n<meta property=\"og:image\" content=\"https:\/\/www.notibras.com\/site\/wp-content\/uploads\/2024\/05\/27fe4300-8cdd-45eb-9a76-a61c6d83755b.jpeg\" \/>\n\t<meta property=\"og:image:width\" content=\"1080\" \/>\n\t<meta property=\"og:image:height\" content=\"1080\" \/>\n\t<meta property=\"og:image:type\" content=\"image\/jpeg\" \/>\n<meta name=\"author\" content=\"Reda\u00e7\u00e3o\" \/>\n<meta name=\"twitter:card\" content=\"summary_large_image\" \/>\n<meta name=\"twitter:creator\" content=\"@Notibras\" \/>\n<meta name=\"twitter:site\" content=\"@Notibras\" \/>\n<meta name=\"twitter:label1\" content=\"Escrito por\" \/>\n\t<meta name=\"twitter:data1\" content=\"Reda\u00e7\u00e3o\" \/>\n\t<meta name=\"twitter:label2\" content=\"Est. tempo de leitura\" \/>\n\t<meta name=\"twitter:data2\" content=\"3 minutos\" \/>\n<script type=\"application\/ld+json\" class=\"yoast-schema-graph\">{\"@context\":\"https:\\\/\\\/schema.org\",\"@graph\":[{\"@type\":\"Article\",\"@id\":\"https:\\\/\\\/www.notibras.com\\\/site\\\/morte-de-joaquim-mostra-que-o-destino-esta-tracado\\\/#article\",\"isPartOf\":{\"@id\":\"https:\\\/\\\/www.notibras.com\\\/site\\\/morte-de-joaquim-mostra-que-o-destino-esta-tracado\\\/\"},\"author\":{\"name\":\"Reda\u00e7\u00e3o\",\"@id\":\"https:\\\/\\\/www.notibras.com\\\/site\\\/#\\\/schema\\\/person\\\/36ab0979449956132d3e5b517ea76ac8\"},\"headline\":\"Morte de Joaquim mostra que o destino est\u00e1 tra\u00e7ado\",\"datePublished\":\"2024-05-21T10:46:36+00:00\",\"mainEntityOfPage\":{\"@id\":\"https:\\\/\\\/www.notibras.com\\\/site\\\/morte-de-joaquim-mostra-que-o-destino-esta-tracado\\\/\"},\"wordCount\":464,\"publisher\":{\"@id\":\"https:\\\/\\\/www.notibras.com\\\/site\\\/#organization\"},\"image\":{\"@id\":\"https:\\\/\\\/www.notibras.com\\\/site\\\/morte-de-joaquim-mostra-que-o-destino-esta-tracado\\\/#primaryimage\"},\"thumbnailUrl\":\"https:\\\/\\\/www.notibras.com\\\/site\\\/wp-content\\\/uploads\\\/2024\\\/05\\\/27fe4300-8cdd-45eb-9a76-a61c6d83755b.jpeg\",\"articleSection\":[\"Nordeste\",\"Sergipe\"],\"inLanguage\":\"pt-BR\"},{\"@type\":\"WebPage\",\"@id\":\"https:\\\/\\\/www.notibras.com\\\/site\\\/morte-de-joaquim-mostra-que-o-destino-esta-tracado\\\/\",\"url\":\"https:\\\/\\\/www.notibras.com\\\/site\\\/morte-de-joaquim-mostra-que-o-destino-esta-tracado\\\/\",\"name\":\"Morte de Joaquim mostra que o destino est\u00e1 tra\u00e7ado - Notibras\",\"isPartOf\":{\"@id\":\"https:\\\/\\\/www.notibras.com\\\/site\\\/#website\"},\"primaryImageOfPage\":{\"@id\":\"https:\\\/\\\/www.notibras.com\\\/site\\\/morte-de-joaquim-mostra-que-o-destino-esta-tracado\\\/#primaryimage\"},\"image\":{\"@id\":\"https:\\\/\\\/www.notibras.com\\\/site\\\/morte-de-joaquim-mostra-que-o-destino-esta-tracado\\\/#primaryimage\"},\"thumbnailUrl\":\"https:\\\/\\\/www.notibras.com\\\/site\\\/wp-content\\\/uploads\\\/2024\\\/05\\\/27fe4300-8cdd-45eb-9a76-a61c6d83755b.jpeg\",\"datePublished\":\"2024-05-21T10:46:36+00:00\",\"breadcrumb\":{\"@id\":\"https:\\\/\\\/www.notibras.com\\\/site\\\/morte-de-joaquim-mostra-que-o-destino-esta-tracado\\\/#breadcrumb\"},\"inLanguage\":\"pt-BR\",\"potentialAction\":[{\"@type\":\"ReadAction\",\"target\":[\"https:\\\/\\\/www.notibras.com\\\/site\\\/morte-de-joaquim-mostra-que-o-destino-esta-tracado\\\/\"]}]},{\"@type\":\"ImageObject\",\"inLanguage\":\"pt-BR\",\"@id\":\"https:\\\/\\\/www.notibras.com\\\/site\\\/morte-de-joaquim-mostra-que-o-destino-esta-tracado\\\/#primaryimage\",\"url\":\"https:\\\/\\\/www.notibras.com\\\/site\\\/wp-content\\\/uploads\\\/2024\\\/05\\\/27fe4300-8cdd-45eb-9a76-a61c6d83755b.jpeg\",\"contentUrl\":\"https:\\\/\\\/www.notibras.com\\\/site\\\/wp-content\\\/uploads\\\/2024\\\/05\\\/27fe4300-8cdd-45eb-9a76-a61c6d83755b.jpeg\",\"width\":1080,\"height\":1080},{\"@type\":\"BreadcrumbList\",\"@id\":\"https:\\\/\\\/www.notibras.com\\\/site\\\/morte-de-joaquim-mostra-que-o-destino-esta-tracado\\\/#breadcrumb\",\"itemListElement\":[{\"@type\":\"ListItem\",\"position\":1,\"name\":\"In\u00edcio\",\"item\":\"https:\\\/\\\/www.notibras.com\\\/site\\\/\"},{\"@type\":\"ListItem\",\"position\":2,\"name\":\"Morte de Joaquim mostra que o destino est\u00e1 tra\u00e7ado\"}]},{\"@type\":\"WebSite\",\"@id\":\"https:\\\/\\\/www.notibras.com\\\/site\\\/#website\",\"url\":\"https:\\\/\\\/www.notibras.com\\\/site\\\/\",\"name\":\"Notibras\",\"description\":\"Not\u00edcias de Bras\u00edlia, do Brasil e do Mundo\",\"publisher\":{\"@id\":\"https:\\\/\\\/www.notibras.com\\\/site\\\/#organization\"},\"potentialAction\":[{\"@type\":\"SearchAction\",\"target\":{\"@type\":\"EntryPoint\",\"urlTemplate\":\"https:\\\/\\\/www.notibras.com\\\/site\\\/?s={search_term_string}\"},\"query-input\":{\"@type\":\"PropertyValueSpecification\",\"valueRequired\":true,\"valueName\":\"search_term_string\"}}],\"inLanguage\":\"pt-BR\"},{\"@type\":\"Organization\",\"@id\":\"https:\\\/\\\/www.notibras.com\\\/site\\\/#organization\",\"name\":\"Grupo Notibras de Comunica\u00e7\u00e3o\",\"url\":\"https:\\\/\\\/www.notibras.com\\\/site\\\/\",\"logo\":{\"@type\":\"ImageObject\",\"inLanguage\":\"pt-BR\",\"@id\":\"https:\\\/\\\/www.notibras.com\\\/site\\\/#\\\/schema\\\/logo\\\/image\\\/\",\"url\":\"https:\\\/\\\/www.notibras.com\\\/site\\\/wp-content\\\/uploads\\\/2023\\\/01\\\/notibras23.png\",\"contentUrl\":\"https:\\\/\\\/www.notibras.com\\\/site\\\/wp-content\\\/uploads\\\/2023\\\/01\\\/notibras23.png\",\"width\":350,\"height\":87,\"caption\":\"Grupo Notibras de Comunica\u00e7\u00e3o\"},\"image\":{\"@id\":\"https:\\\/\\\/www.notibras.com\\\/site\\\/#\\\/schema\\\/logo\\\/image\\\/\"},\"sameAs\":[\"https:\\\/\\\/www.facebook.com\\\/notibras\\\/\",\"https:\\\/\\\/x.com\\\/Notibras\",\"https:\\\/\\\/www.instagram.com\\\/notibras\\\/\"]},{\"@type\":\"Person\",\"@id\":\"https:\\\/\\\/www.notibras.com\\\/site\\\/#\\\/schema\\\/person\\\/36ab0979449956132d3e5b517ea76ac8\",\"name\":\"Reda\u00e7\u00e3o\",\"image\":{\"@type\":\"ImageObject\",\"inLanguage\":\"pt-BR\",\"@id\":\"https:\\\/\\\/secure.gravatar.com\\\/avatar\\\/e0a867bdedb85fd243eadf09663511f96fc81e0720a4a42581f334ad4303aa6b?s=96&d=mm&r=g\",\"url\":\"https:\\\/\\\/secure.gravatar.com\\\/avatar\\\/e0a867bdedb85fd243eadf09663511f96fc81e0720a4a42581f334ad4303aa6b?s=96&d=mm&r=g\",\"contentUrl\":\"https:\\\/\\\/secure.gravatar.com\\\/avatar\\\/e0a867bdedb85fd243eadf09663511f96fc81e0720a4a42581f334ad4303aa6b?s=96&d=mm&r=g\",\"caption\":\"Reda\u00e7\u00e3o\"}}]}<\/script>\n<!-- \/ Yoast SEO plugin. -->","yoast_head_json":{"title":"Morte de Joaquim mostra que o destino est\u00e1 tra\u00e7ado - Notibras","robots":{"index":"index","follow":"follow","max-snippet":"max-snippet:-1","max-image-preview":"max-image-preview:large","max-video-preview":"max-video-preview:-1"},"canonical":"https:\/\/www.notibras.com\/site\/morte-de-joaquim-mostra-que-o-destino-esta-tracado\/","og_locale":"pt_BR","og_type":"article","og_title":"Morte de Joaquim mostra que o destino est\u00e1 tra\u00e7ado - Notibras","og_description":"Uma das vantagens de ser adulta e morar sozinha \u00e9 chegar no s\u00e1bado \u00e0 noite, deixar o aparelho celular no silencioso e se jogar na cama sem tempo para acordar. \u00c9 verdade que, vez ou outra, tenho companhia, mesmo porque ningu\u00e9m \u00e9 de ferro. Mas, naquele dia, n\u00e3o foi o caso. Acordei quando o domingo [&hellip;]","og_url":"https:\/\/www.notibras.com\/site\/morte-de-joaquim-mostra-que-o-destino-esta-tracado\/","og_site_name":"Notibras","article_publisher":"https:\/\/www.facebook.com\/notibras\/","article_published_time":"2024-05-21T10:46:36+00:00","og_image":[{"width":1080,"height":1080,"url":"https:\/\/www.notibras.com\/site\/wp-content\/uploads\/2024\/05\/27fe4300-8cdd-45eb-9a76-a61c6d83755b.jpeg","type":"image\/jpeg"}],"author":"Reda\u00e7\u00e3o","twitter_card":"summary_large_image","twitter_creator":"@Notibras","twitter_site":"@Notibras","twitter_misc":{"Escrito por":"Reda\u00e7\u00e3o","Est. tempo de leitura":"3 minutos"},"schema":{"@context":"https:\/\/schema.org","@graph":[{"@type":"Article","@id":"https:\/\/www.notibras.com\/site\/morte-de-joaquim-mostra-que-o-destino-esta-tracado\/#article","isPartOf":{"@id":"https:\/\/www.notibras.com\/site\/morte-de-joaquim-mostra-que-o-destino-esta-tracado\/"},"author":{"name":"Reda\u00e7\u00e3o","@id":"https:\/\/www.notibras.com\/site\/#\/schema\/person\/36ab0979449956132d3e5b517ea76ac8"},"headline":"Morte de Joaquim mostra que o destino est\u00e1 tra\u00e7ado","datePublished":"2024-05-21T10:46:36+00:00","mainEntityOfPage":{"@id":"https:\/\/www.notibras.com\/site\/morte-de-joaquim-mostra-que-o-destino-esta-tracado\/"},"wordCount":464,"publisher":{"@id":"https:\/\/www.notibras.com\/site\/#organization"},"image":{"@id":"https:\/\/www.notibras.com\/site\/morte-de-joaquim-mostra-que-o-destino-esta-tracado\/#primaryimage"},"thumbnailUrl":"https:\/\/www.notibras.com\/site\/wp-content\/uploads\/2024\/05\/27fe4300-8cdd-45eb-9a76-a61c6d83755b.jpeg","articleSection":["Nordeste","Sergipe"],"inLanguage":"pt-BR"},{"@type":"WebPage","@id":"https:\/\/www.notibras.com\/site\/morte-de-joaquim-mostra-que-o-destino-esta-tracado\/","url":"https:\/\/www.notibras.com\/site\/morte-de-joaquim-mostra-que-o-destino-esta-tracado\/","name":"Morte de Joaquim mostra que o destino est\u00e1 tra\u00e7ado - Notibras","isPartOf":{"@id":"https:\/\/www.notibras.com\/site\/#website"},"primaryImageOfPage":{"@id":"https:\/\/www.notibras.com\/site\/morte-de-joaquim-mostra-que-o-destino-esta-tracado\/#primaryimage"},"image":{"@id":"https:\/\/www.notibras.com\/site\/morte-de-joaquim-mostra-que-o-destino-esta-tracado\/#primaryimage"},"thumbnailUrl":"https:\/\/www.notibras.com\/site\/wp-content\/uploads\/2024\/05\/27fe4300-8cdd-45eb-9a76-a61c6d83755b.jpeg","datePublished":"2024-05-21T10:46:36+00:00","breadcrumb":{"@id":"https:\/\/www.notibras.com\/site\/morte-de-joaquim-mostra-que-o-destino-esta-tracado\/#breadcrumb"},"inLanguage":"pt-BR","potentialAction":[{"@type":"ReadAction","target":["https:\/\/www.notibras.com\/site\/morte-de-joaquim-mostra-que-o-destino-esta-tracado\/"]}]},{"@type":"ImageObject","inLanguage":"pt-BR","@id":"https:\/\/www.notibras.com\/site\/morte-de-joaquim-mostra-que-o-destino-esta-tracado\/#primaryimage","url":"https:\/\/www.notibras.com\/site\/wp-content\/uploads\/2024\/05\/27fe4300-8cdd-45eb-9a76-a61c6d83755b.jpeg","contentUrl":"https:\/\/www.notibras.com\/site\/wp-content\/uploads\/2024\/05\/27fe4300-8cdd-45eb-9a76-a61c6d83755b.jpeg","width":1080,"height":1080},{"@type":"BreadcrumbList","@id":"https:\/\/www.notibras.com\/site\/morte-de-joaquim-mostra-que-o-destino-esta-tracado\/#breadcrumb","itemListElement":[{"@type":"ListItem","position":1,"name":"In\u00edcio","item":"https:\/\/www.notibras.com\/site\/"},{"@type":"ListItem","position":2,"name":"Morte de Joaquim mostra que o destino est\u00e1 tra\u00e7ado"}]},{"@type":"WebSite","@id":"https:\/\/www.notibras.com\/site\/#website","url":"https:\/\/www.notibras.com\/site\/","name":"Notibras","description":"Not\u00edcias de Bras\u00edlia, do Brasil e do Mundo","publisher":{"@id":"https:\/\/www.notibras.com\/site\/#organization"},"potentialAction":[{"@type":"SearchAction","target":{"@type":"EntryPoint","urlTemplate":"https:\/\/www.notibras.com\/site\/?s={search_term_string}"},"query-input":{"@type":"PropertyValueSpecification","valueRequired":true,"valueName":"search_term_string"}}],"inLanguage":"pt-BR"},{"@type":"Organization","@id":"https:\/\/www.notibras.com\/site\/#organization","name":"Grupo Notibras de Comunica\u00e7\u00e3o","url":"https:\/\/www.notibras.com\/site\/","logo":{"@type":"ImageObject","inLanguage":"pt-BR","@id":"https:\/\/www.notibras.com\/site\/#\/schema\/logo\/image\/","url":"https:\/\/www.notibras.com\/site\/wp-content\/uploads\/2023\/01\/notibras23.png","contentUrl":"https:\/\/www.notibras.com\/site\/wp-content\/uploads\/2023\/01\/notibras23.png","width":350,"height":87,"caption":"Grupo Notibras de Comunica\u00e7\u00e3o"},"image":{"@id":"https:\/\/www.notibras.com\/site\/#\/schema\/logo\/image\/"},"sameAs":["https:\/\/www.facebook.com\/notibras\/","https:\/\/x.com\/Notibras","https:\/\/www.instagram.com\/notibras\/"]},{"@type":"Person","@id":"https:\/\/www.notibras.com\/site\/#\/schema\/person\/36ab0979449956132d3e5b517ea76ac8","name":"Reda\u00e7\u00e3o","image":{"@type":"ImageObject","inLanguage":"pt-BR","@id":"https:\/\/secure.gravatar.com\/avatar\/e0a867bdedb85fd243eadf09663511f96fc81e0720a4a42581f334ad4303aa6b?s=96&d=mm&r=g","url":"https:\/\/secure.gravatar.com\/avatar\/e0a867bdedb85fd243eadf09663511f96fc81e0720a4a42581f334ad4303aa6b?s=96&d=mm&r=g","contentUrl":"https:\/\/secure.gravatar.com\/avatar\/e0a867bdedb85fd243eadf09663511f96fc81e0720a4a42581f334ad4303aa6b?s=96&d=mm&r=g","caption":"Reda\u00e7\u00e3o"}}]}},"amp_enabled":true,"_links":{"self":[{"href":"https:\/\/www.notibras.com\/site\/wp-json\/wp\/v2\/posts\/329130","targetHints":{"allow":["GET"]}}],"collection":[{"href":"https:\/\/www.notibras.com\/site\/wp-json\/wp\/v2\/posts"}],"about":[{"href":"https:\/\/www.notibras.com\/site\/wp-json\/wp\/v2\/types\/post"}],"author":[{"embeddable":true,"href":"https:\/\/www.notibras.com\/site\/wp-json\/wp\/v2\/users\/2"}],"replies":[{"embeddable":true,"href":"https:\/\/www.notibras.com\/site\/wp-json\/wp\/v2\/comments?post=329130"}],"version-history":[{"count":1,"href":"https:\/\/www.notibras.com\/site\/wp-json\/wp\/v2\/posts\/329130\/revisions"}],"predecessor-version":[{"id":329132,"href":"https:\/\/www.notibras.com\/site\/wp-json\/wp\/v2\/posts\/329130\/revisions\/329132"}],"wp:featuredmedia":[{"embeddable":true,"href":"https:\/\/www.notibras.com\/site\/wp-json\/wp\/v2\/media\/329131"}],"wp:attachment":[{"href":"https:\/\/www.notibras.com\/site\/wp-json\/wp\/v2\/media?parent=329130"}],"wp:term":[{"taxonomy":"category","embeddable":true,"href":"https:\/\/www.notibras.com\/site\/wp-json\/wp\/v2\/categories?post=329130"},{"taxonomy":"post_tag","embeddable":true,"href":"https:\/\/www.notibras.com\/site\/wp-json\/wp\/v2\/tags?post=329130"}],"curies":[{"name":"wp","href":"https:\/\/api.w.org\/{rel}","templated":true}]}}