{"id":329157,"date":"2024-05-21T00:00:46","date_gmt":"2024-05-21T03:00:46","guid":{"rendered":"https:\/\/www.notibras.com\/site\/?p=329157"},"modified":"2024-05-21T09:12:19","modified_gmt":"2024-05-21T12:12:19","slug":"brasilia-tem-segundo-melhor-indice-de-alfabetizacao-do-pais","status":"publish","type":"post","link":"https:\/\/www.notibras.com\/site\/brasilia-tem-segundo-melhor-indice-de-alfabetizacao-do-pais\/","title":{"rendered":"Bras\u00edlia tem segundo melhor \u00edndice de alfabetiza\u00e7\u00e3o do pa\u00eds"},"content":{"rendered":"<p>O Distrito Federal tem uma das melhores taxas de alfabetiza\u00e7\u00e3o do pa\u00eds. De acordo com o Censo realizado pelo Instituto Brasileiro de Geografia e Estat\u00edstica (IBGE), 97,2% da popula\u00e7\u00e3o da capital \u00e9 alfabetizada, ficando atr\u00e1s apenas de Santa Catarina, que alcan\u00e7ou a marca de 97,3% de alfabetizados. Isso se deve ao esfor\u00e7o do Governo do Distrito Federal (GDF) em garantir ensino p\u00fablico de qualidade desde os primeiros anos escolares at\u00e9 o ensino de jovens e adultos.<\/p>\n<p>Para a subsecret\u00e1ria de Educa\u00e7\u00e3o B\u00e1sica da Secretaria de Educa\u00e7\u00e3o do DF (SEE-DF), I\u00eades Braga, as a\u00e7\u00f5es do GDF t\u00eam sido determinantes para alcan\u00e7ar esse \u00edndice, que corrobora com os dados divulgados este ano Pesquisa Nacional por Amostra de Domic\u00edlios (Pnad) Cont\u00ednua que classificou o DF com a menor taxa de analfabetismo do pa\u00eds, um total de 1,7%. Entre elas, a gestora cita o Alfaletrando, lan\u00e7ado este ano para focar na alfabetiza\u00e7\u00e3o de crian\u00e7as de at\u00e9 7 anos e na continuidade do processo at\u00e9 o 2\u00ba ano do ensino fundamental, antes o desenvolvimento seguia at\u00e9 o 3\u00ba.<\/p>\n<p>\u201cO programa foi constru\u00eddo pelos pr\u00f3prios professores e reflete a realidade do DF. Tamb\u00e9m temos todo um trabalho articulado da rede voltado para uma gest\u00e3o compartilhada, a\u00e7\u00f5es de forma\u00e7\u00e3o e acompanhamento nas unidades escolares\u201d, observa a subsecret\u00e1ria. \u201cQuando eu alfabetizo na idade certa, garanto uma trajet\u00f3ria dentro do fluxo regular\u201d, ressalta.<\/p>\n<p>O programa tem uma abordagem pedag\u00f3gica inovadora, com recursos e pr\u00e1ticas educacionais modernas para estimular o interesse e a participa\u00e7\u00e3o dos estudantes. A SEEDF tamb\u00e9m preparou material de apoio espec\u00edfico para alunos do 1\u00ba e 2\u00ba ano, para al\u00e9m do Programa Nacional do Livro Did\u00e1tico (PNLD). Al\u00e9m disso, o programa tem o objetivo de recompor as aprendizagens das crian\u00e7as dos 3\u00ba, 4\u00ba e 5\u00ba anos, por conta do impacto da pandemia da covid-19. O objetivo \u00e9 ajudar ainda mais a elevar o \u00edndice de alfabetiza\u00e7\u00e3o no DF.<\/p>\n<p>Segundos dados da SEEDF, este ano, est\u00e3o matriculadas no 1\u00ba ano do ensino fundamental 28.219 estudantes e outros 27.816 est\u00e3o no segundo ano.<\/p>\n<p><strong>Nunca \u00e9 tarde para aprender<\/strong><br \/>\nEm outra frente, a Secretaria de Educa\u00e7\u00e3o do DF trabalha para incluir as pessoas que por diversos motivos n\u00e3o puderam estudar na idade certa com a Educa\u00e7\u00e3o de Jovens e Adultos (EJA). Essa modalidade \u00e9 dividida em tr\u00eas segmentos: o primeiro ano \u00e9 voltado \u00e0 alfabetiza\u00e7\u00e3o e os demais aos anos finais do ensino fundamental.<\/p>\n<p>Com o objetivo de tornar o ensino mais atrativo para esse segmento, os professores s\u00e3o capacitados para trabalhar a alfabetiza\u00e7\u00e3o com did\u00e1tica focada nos adultos. \u201cO que vemos em muitos programas que n\u00e3o usam o conceito de andragogia (ensino para adultos) e n\u00e3o consideram essa condi\u00e7\u00e3o humana da fase adulta, \u00e9 o abandono (escolar). A gente busca compreender o adulto nessa condi\u00e7\u00e3o, com metodologia pr\u00f3pria, o que faz eles se sentem acolhidos\u201d, explica.<\/p>\n<p>Para facilitar a vida de quem quer iniciar ou retomar os estudos, a matr\u00edcula no EJA pode ser realizada a qualquer tempo, diferentemente do ensino regular. \u201cA gente d\u00e1 oportunidade para esse cidad\u00e3o que n\u00e3o se matriculou, mas que se viu motivado poder voltar a estudar a qualquer momento\u201d, ressalta I\u00eades. Somado a isso, a SEEDF faz a busca ativa com chamamento p\u00fablico para que as pessoas se matriculem.<\/p>\n<p>Atualmente, s\u00e3o 3.470 estudantes matriculados no 1\u00ba segmento, outros 10.445 no 2\u00ba segmento e 11.816 estudantes no 3\u00ba segmento. O EJA est\u00e1 presente em 99 unidades nas 14 regionais de ensino para que moradores de todo o DF tenham oportunidade de estudar, al\u00e9m das escolas polo que oferecem aulas nos per\u00edodos noturno e diurno.<\/p>\n","protected":false},"excerpt":{"rendered":"<p>O Distrito Federal tem uma das melhores taxas de alfabetiza\u00e7\u00e3o do pa\u00eds. De acordo com o Censo realizado pelo Instituto Brasileiro de Geografia e Estat\u00edstica (IBGE), 97,2% da popula\u00e7\u00e3o da capital \u00e9 alfabetizada, ficando atr\u00e1s apenas de Santa Catarina, que alcan\u00e7ou a marca de 97,3% de alfabetizados. Isso se deve ao esfor\u00e7o do Governo do [&hellip;]<\/p>\n","protected":false},"author":2,"featured_media":329158,"comment_status":"closed","ping_status":"closed","sticky":false,"template":"","format":"standard","meta":{"_acf_changed":false,"footnotes":""},"categories":[161],"tags":[],"class_list":["post-329157","post","type-post","status-publish","format-standard","has-post-thumbnail","hentry","category-quadradinho-em-foco"],"acf":[],"yoast_head":"<!-- This site is optimized with the Yoast SEO plugin v27.5 - https:\/\/yoast.com\/product\/yoast-seo-wordpress\/ -->\n<title>Bras\u00edlia tem segundo melhor \u00edndice de alfabetiza\u00e7\u00e3o do pa\u00eds - Notibras<\/title>\n<meta name=\"robots\" content=\"index, follow, max-snippet:-1, max-image-preview:large, max-video-preview:-1\" \/>\n<link rel=\"canonical\" href=\"https:\/\/www.notibras.com\/site\/brasilia-tem-segundo-melhor-indice-de-alfabetizacao-do-pais\/\" \/>\n<meta property=\"og:locale\" content=\"pt_BR\" \/>\n<meta property=\"og:type\" content=\"article\" \/>\n<meta property=\"og:title\" content=\"Bras\u00edlia tem segundo melhor \u00edndice de alfabetiza\u00e7\u00e3o do pa\u00eds - Notibras\" \/>\n<meta property=\"og:description\" content=\"O Distrito Federal tem uma das melhores taxas de alfabetiza\u00e7\u00e3o do pa\u00eds. De acordo com o Censo realizado pelo Instituto Brasileiro de Geografia e Estat\u00edstica (IBGE), 97,2% da popula\u00e7\u00e3o da capital \u00e9 alfabetizada, ficando atr\u00e1s apenas de Santa Catarina, que alcan\u00e7ou a marca de 97,3% de alfabetizados. Isso se deve ao esfor\u00e7o do Governo do [&hellip;]\" \/>\n<meta property=\"og:url\" content=\"https:\/\/www.notibras.com\/site\/brasilia-tem-segundo-melhor-indice-de-alfabetizacao-do-pais\/\" \/>\n<meta property=\"og:site_name\" content=\"Notibras\" \/>\n<meta property=\"article:publisher\" content=\"https:\/\/www.facebook.com\/notibras\/\" \/>\n<meta property=\"article:published_time\" content=\"2024-05-21T03:00:46+00:00\" \/>\n<meta property=\"article:modified_time\" content=\"2024-05-21T12:12:19+00:00\" \/>\n<meta property=\"og:image\" content=\"https:\/\/www.notibras.com\/site\/wp-content\/uploads\/2024\/05\/WhatsApp-Image-2024-05-20-at-19.34.27-1.jpeg\" \/>\n\t<meta property=\"og:image:width\" content=\"799\" \/>\n\t<meta property=\"og:image:height\" content=\"533\" \/>\n\t<meta property=\"og:image:type\" content=\"image\/jpeg\" \/>\n<meta name=\"author\" content=\"Reda\u00e7\u00e3o\" \/>\n<meta name=\"twitter:card\" content=\"summary_large_image\" \/>\n<meta name=\"twitter:creator\" content=\"@Notibras\" \/>\n<meta name=\"twitter:site\" content=\"@Notibras\" \/>\n<meta name=\"twitter:label1\" content=\"Escrito por\" \/>\n\t<meta name=\"twitter:data1\" content=\"Reda\u00e7\u00e3o\" \/>\n\t<meta name=\"twitter:label2\" content=\"Est. tempo de leitura\" \/>\n\t<meta name=\"twitter:data2\" content=\"4 minutos\" \/>\n<script type=\"application\/ld+json\" class=\"yoast-schema-graph\">{\"@context\":\"https:\\\/\\\/schema.org\",\"@graph\":[{\"@type\":\"Article\",\"@id\":\"https:\\\/\\\/www.notibras.com\\\/site\\\/brasilia-tem-segundo-melhor-indice-de-alfabetizacao-do-pais\\\/#article\",\"isPartOf\":{\"@id\":\"https:\\\/\\\/www.notibras.com\\\/site\\\/brasilia-tem-segundo-melhor-indice-de-alfabetizacao-do-pais\\\/\"},\"author\":{\"name\":\"Reda\u00e7\u00e3o\",\"@id\":\"https:\\\/\\\/www.notibras.com\\\/site\\\/#\\\/schema\\\/person\\\/36ab0979449956132d3e5b517ea76ac8\"},\"headline\":\"Bras\u00edlia tem segundo melhor \u00edndice de alfabetiza\u00e7\u00e3o do pa\u00eds\",\"datePublished\":\"2024-05-21T03:00:46+00:00\",\"dateModified\":\"2024-05-21T12:12:19+00:00\",\"mainEntityOfPage\":{\"@id\":\"https:\\\/\\\/www.notibras.com\\\/site\\\/brasilia-tem-segundo-melhor-indice-de-alfabetizacao-do-pais\\\/\"},\"wordCount\":636,\"publisher\":{\"@id\":\"https:\\\/\\\/www.notibras.com\\\/site\\\/#organization\"},\"image\":{\"@id\":\"https:\\\/\\\/www.notibras.com\\\/site\\\/brasilia-tem-segundo-melhor-indice-de-alfabetizacao-do-pais\\\/#primaryimage\"},\"thumbnailUrl\":\"https:\\\/\\\/www.notibras.com\\\/site\\\/wp-content\\\/uploads\\\/2024\\\/05\\\/WhatsApp-Image-2024-05-20-at-19.34.27-1.jpeg\",\"articleSection\":[\"Quadradinho em Foco\"],\"inLanguage\":\"pt-BR\"},{\"@type\":\"WebPage\",\"@id\":\"https:\\\/\\\/www.notibras.com\\\/site\\\/brasilia-tem-segundo-melhor-indice-de-alfabetizacao-do-pais\\\/\",\"url\":\"https:\\\/\\\/www.notibras.com\\\/site\\\/brasilia-tem-segundo-melhor-indice-de-alfabetizacao-do-pais\\\/\",\"name\":\"Bras\u00edlia tem segundo melhor \u00edndice de alfabetiza\u00e7\u00e3o do pa\u00eds - Notibras\",\"isPartOf\":{\"@id\":\"https:\\\/\\\/www.notibras.com\\\/site\\\/#website\"},\"primaryImageOfPage\":{\"@id\":\"https:\\\/\\\/www.notibras.com\\\/site\\\/brasilia-tem-segundo-melhor-indice-de-alfabetizacao-do-pais\\\/#primaryimage\"},\"image\":{\"@id\":\"https:\\\/\\\/www.notibras.com\\\/site\\\/brasilia-tem-segundo-melhor-indice-de-alfabetizacao-do-pais\\\/#primaryimage\"},\"thumbnailUrl\":\"https:\\\/\\\/www.notibras.com\\\/site\\\/wp-content\\\/uploads\\\/2024\\\/05\\\/WhatsApp-Image-2024-05-20-at-19.34.27-1.jpeg\",\"datePublished\":\"2024-05-21T03:00:46+00:00\",\"dateModified\":\"2024-05-21T12:12:19+00:00\",\"breadcrumb\":{\"@id\":\"https:\\\/\\\/www.notibras.com\\\/site\\\/brasilia-tem-segundo-melhor-indice-de-alfabetizacao-do-pais\\\/#breadcrumb\"},\"inLanguage\":\"pt-BR\",\"potentialAction\":[{\"@type\":\"ReadAction\",\"target\":[\"https:\\\/\\\/www.notibras.com\\\/site\\\/brasilia-tem-segundo-melhor-indice-de-alfabetizacao-do-pais\\\/\"]}]},{\"@type\":\"ImageObject\",\"inLanguage\":\"pt-BR\",\"@id\":\"https:\\\/\\\/www.notibras.com\\\/site\\\/brasilia-tem-segundo-melhor-indice-de-alfabetizacao-do-pais\\\/#primaryimage\",\"url\":\"https:\\\/\\\/www.notibras.com\\\/site\\\/wp-content\\\/uploads\\\/2024\\\/05\\\/WhatsApp-Image-2024-05-20-at-19.34.27-1.jpeg\",\"contentUrl\":\"https:\\\/\\\/www.notibras.com\\\/site\\\/wp-content\\\/uploads\\\/2024\\\/05\\\/WhatsApp-Image-2024-05-20-at-19.34.27-1.jpeg\",\"width\":799,\"height\":533},{\"@type\":\"BreadcrumbList\",\"@id\":\"https:\\\/\\\/www.notibras.com\\\/site\\\/brasilia-tem-segundo-melhor-indice-de-alfabetizacao-do-pais\\\/#breadcrumb\",\"itemListElement\":[{\"@type\":\"ListItem\",\"position\":1,\"name\":\"In\u00edcio\",\"item\":\"https:\\\/\\\/www.notibras.com\\\/site\\\/\"},{\"@type\":\"ListItem\",\"position\":2,\"name\":\"Bras\u00edlia tem segundo melhor \u00edndice de alfabetiza\u00e7\u00e3o do pa\u00eds\"}]},{\"@type\":\"WebSite\",\"@id\":\"https:\\\/\\\/www.notibras.com\\\/site\\\/#website\",\"url\":\"https:\\\/\\\/www.notibras.com\\\/site\\\/\",\"name\":\"Notibras\",\"description\":\"Not\u00edcias de Bras\u00edlia, do Brasil e do Mundo\",\"publisher\":{\"@id\":\"https:\\\/\\\/www.notibras.com\\\/site\\\/#organization\"},\"potentialAction\":[{\"@type\":\"SearchAction\",\"target\":{\"@type\":\"EntryPoint\",\"urlTemplate\":\"https:\\\/\\\/www.notibras.com\\\/site\\\/?s={search_term_string}\"},\"query-input\":{\"@type\":\"PropertyValueSpecification\",\"valueRequired\":true,\"valueName\":\"search_term_string\"}}],\"inLanguage\":\"pt-BR\"},{\"@type\":\"Organization\",\"@id\":\"https:\\\/\\\/www.notibras.com\\\/site\\\/#organization\",\"name\":\"Grupo Notibras de Comunica\u00e7\u00e3o\",\"url\":\"https:\\\/\\\/www.notibras.com\\\/site\\\/\",\"logo\":{\"@type\":\"ImageObject\",\"inLanguage\":\"pt-BR\",\"@id\":\"https:\\\/\\\/www.notibras.com\\\/site\\\/#\\\/schema\\\/logo\\\/image\\\/\",\"url\":\"https:\\\/\\\/www.notibras.com\\\/site\\\/wp-content\\\/uploads\\\/2023\\\/01\\\/notibras23.png\",\"contentUrl\":\"https:\\\/\\\/www.notibras.com\\\/site\\\/wp-content\\\/uploads\\\/2023\\\/01\\\/notibras23.png\",\"width\":350,\"height\":87,\"caption\":\"Grupo Notibras de Comunica\u00e7\u00e3o\"},\"image\":{\"@id\":\"https:\\\/\\\/www.notibras.com\\\/site\\\/#\\\/schema\\\/logo\\\/image\\\/\"},\"sameAs\":[\"https:\\\/\\\/www.facebook.com\\\/notibras\\\/\",\"https:\\\/\\\/x.com\\\/Notibras\",\"https:\\\/\\\/www.instagram.com\\\/notibras\\\/\"]},{\"@type\":\"Person\",\"@id\":\"https:\\\/\\\/www.notibras.com\\\/site\\\/#\\\/schema\\\/person\\\/36ab0979449956132d3e5b517ea76ac8\",\"name\":\"Reda\u00e7\u00e3o\",\"image\":{\"@type\":\"ImageObject\",\"inLanguage\":\"pt-BR\",\"@id\":\"https:\\\/\\\/secure.gravatar.com\\\/avatar\\\/e0a867bdedb85fd243eadf09663511f96fc81e0720a4a42581f334ad4303aa6b?s=96&d=mm&r=g\",\"url\":\"https:\\\/\\\/secure.gravatar.com\\\/avatar\\\/e0a867bdedb85fd243eadf09663511f96fc81e0720a4a42581f334ad4303aa6b?s=96&d=mm&r=g\",\"contentUrl\":\"https:\\\/\\\/secure.gravatar.com\\\/avatar\\\/e0a867bdedb85fd243eadf09663511f96fc81e0720a4a42581f334ad4303aa6b?s=96&d=mm&r=g\",\"caption\":\"Reda\u00e7\u00e3o\"}}]}<\/script>\n<!-- \/ Yoast SEO plugin. -->","yoast_head_json":{"title":"Bras\u00edlia tem segundo melhor \u00edndice de alfabetiza\u00e7\u00e3o do pa\u00eds - Notibras","robots":{"index":"index","follow":"follow","max-snippet":"max-snippet:-1","max-image-preview":"max-image-preview:large","max-video-preview":"max-video-preview:-1"},"canonical":"https:\/\/www.notibras.com\/site\/brasilia-tem-segundo-melhor-indice-de-alfabetizacao-do-pais\/","og_locale":"pt_BR","og_type":"article","og_title":"Bras\u00edlia tem segundo melhor \u00edndice de alfabetiza\u00e7\u00e3o do pa\u00eds - Notibras","og_description":"O Distrito Federal tem uma das melhores taxas de alfabetiza\u00e7\u00e3o do pa\u00eds. De acordo com o Censo realizado pelo Instituto Brasileiro de Geografia e Estat\u00edstica (IBGE), 97,2% da popula\u00e7\u00e3o da capital \u00e9 alfabetizada, ficando atr\u00e1s apenas de Santa Catarina, que alcan\u00e7ou a marca de 97,3% de alfabetizados. Isso se deve ao esfor\u00e7o do Governo do [&hellip;]","og_url":"https:\/\/www.notibras.com\/site\/brasilia-tem-segundo-melhor-indice-de-alfabetizacao-do-pais\/","og_site_name":"Notibras","article_publisher":"https:\/\/www.facebook.com\/notibras\/","article_published_time":"2024-05-21T03:00:46+00:00","article_modified_time":"2024-05-21T12:12:19+00:00","og_image":[{"width":799,"height":533,"url":"https:\/\/www.notibras.com\/site\/wp-content\/uploads\/2024\/05\/WhatsApp-Image-2024-05-20-at-19.34.27-1.jpeg","type":"image\/jpeg"}],"author":"Reda\u00e7\u00e3o","twitter_card":"summary_large_image","twitter_creator":"@Notibras","twitter_site":"@Notibras","twitter_misc":{"Escrito por":"Reda\u00e7\u00e3o","Est. tempo de leitura":"4 minutos"},"schema":{"@context":"https:\/\/schema.org","@graph":[{"@type":"Article","@id":"https:\/\/www.notibras.com\/site\/brasilia-tem-segundo-melhor-indice-de-alfabetizacao-do-pais\/#article","isPartOf":{"@id":"https:\/\/www.notibras.com\/site\/brasilia-tem-segundo-melhor-indice-de-alfabetizacao-do-pais\/"},"author":{"name":"Reda\u00e7\u00e3o","@id":"https:\/\/www.notibras.com\/site\/#\/schema\/person\/36ab0979449956132d3e5b517ea76ac8"},"headline":"Bras\u00edlia tem segundo melhor \u00edndice de alfabetiza\u00e7\u00e3o do pa\u00eds","datePublished":"2024-05-21T03:00:46+00:00","dateModified":"2024-05-21T12:12:19+00:00","mainEntityOfPage":{"@id":"https:\/\/www.notibras.com\/site\/brasilia-tem-segundo-melhor-indice-de-alfabetizacao-do-pais\/"},"wordCount":636,"publisher":{"@id":"https:\/\/www.notibras.com\/site\/#organization"},"image":{"@id":"https:\/\/www.notibras.com\/site\/brasilia-tem-segundo-melhor-indice-de-alfabetizacao-do-pais\/#primaryimage"},"thumbnailUrl":"https:\/\/www.notibras.com\/site\/wp-content\/uploads\/2024\/05\/WhatsApp-Image-2024-05-20-at-19.34.27-1.jpeg","articleSection":["Quadradinho em Foco"],"inLanguage":"pt-BR"},{"@type":"WebPage","@id":"https:\/\/www.notibras.com\/site\/brasilia-tem-segundo-melhor-indice-de-alfabetizacao-do-pais\/","url":"https:\/\/www.notibras.com\/site\/brasilia-tem-segundo-melhor-indice-de-alfabetizacao-do-pais\/","name":"Bras\u00edlia tem segundo melhor \u00edndice de alfabetiza\u00e7\u00e3o do pa\u00eds - Notibras","isPartOf":{"@id":"https:\/\/www.notibras.com\/site\/#website"},"primaryImageOfPage":{"@id":"https:\/\/www.notibras.com\/site\/brasilia-tem-segundo-melhor-indice-de-alfabetizacao-do-pais\/#primaryimage"},"image":{"@id":"https:\/\/www.notibras.com\/site\/brasilia-tem-segundo-melhor-indice-de-alfabetizacao-do-pais\/#primaryimage"},"thumbnailUrl":"https:\/\/www.notibras.com\/site\/wp-content\/uploads\/2024\/05\/WhatsApp-Image-2024-05-20-at-19.34.27-1.jpeg","datePublished":"2024-05-21T03:00:46+00:00","dateModified":"2024-05-21T12:12:19+00:00","breadcrumb":{"@id":"https:\/\/www.notibras.com\/site\/brasilia-tem-segundo-melhor-indice-de-alfabetizacao-do-pais\/#breadcrumb"},"inLanguage":"pt-BR","potentialAction":[{"@type":"ReadAction","target":["https:\/\/www.notibras.com\/site\/brasilia-tem-segundo-melhor-indice-de-alfabetizacao-do-pais\/"]}]},{"@type":"ImageObject","inLanguage":"pt-BR","@id":"https:\/\/www.notibras.com\/site\/brasilia-tem-segundo-melhor-indice-de-alfabetizacao-do-pais\/#primaryimage","url":"https:\/\/www.notibras.com\/site\/wp-content\/uploads\/2024\/05\/WhatsApp-Image-2024-05-20-at-19.34.27-1.jpeg","contentUrl":"https:\/\/www.notibras.com\/site\/wp-content\/uploads\/2024\/05\/WhatsApp-Image-2024-05-20-at-19.34.27-1.jpeg","width":799,"height":533},{"@type":"BreadcrumbList","@id":"https:\/\/www.notibras.com\/site\/brasilia-tem-segundo-melhor-indice-de-alfabetizacao-do-pais\/#breadcrumb","itemListElement":[{"@type":"ListItem","position":1,"name":"In\u00edcio","item":"https:\/\/www.notibras.com\/site\/"},{"@type":"ListItem","position":2,"name":"Bras\u00edlia tem segundo melhor \u00edndice de alfabetiza\u00e7\u00e3o do pa\u00eds"}]},{"@type":"WebSite","@id":"https:\/\/www.notibras.com\/site\/#website","url":"https:\/\/www.notibras.com\/site\/","name":"Notibras","description":"Not\u00edcias de Bras\u00edlia, do Brasil e do Mundo","publisher":{"@id":"https:\/\/www.notibras.com\/site\/#organization"},"potentialAction":[{"@type":"SearchAction","target":{"@type":"EntryPoint","urlTemplate":"https:\/\/www.notibras.com\/site\/?s={search_term_string}"},"query-input":{"@type":"PropertyValueSpecification","valueRequired":true,"valueName":"search_term_string"}}],"inLanguage":"pt-BR"},{"@type":"Organization","@id":"https:\/\/www.notibras.com\/site\/#organization","name":"Grupo Notibras de Comunica\u00e7\u00e3o","url":"https:\/\/www.notibras.com\/site\/","logo":{"@type":"ImageObject","inLanguage":"pt-BR","@id":"https:\/\/www.notibras.com\/site\/#\/schema\/logo\/image\/","url":"https:\/\/www.notibras.com\/site\/wp-content\/uploads\/2023\/01\/notibras23.png","contentUrl":"https:\/\/www.notibras.com\/site\/wp-content\/uploads\/2023\/01\/notibras23.png","width":350,"height":87,"caption":"Grupo Notibras de Comunica\u00e7\u00e3o"},"image":{"@id":"https:\/\/www.notibras.com\/site\/#\/schema\/logo\/image\/"},"sameAs":["https:\/\/www.facebook.com\/notibras\/","https:\/\/x.com\/Notibras","https:\/\/www.instagram.com\/notibras\/"]},{"@type":"Person","@id":"https:\/\/www.notibras.com\/site\/#\/schema\/person\/36ab0979449956132d3e5b517ea76ac8","name":"Reda\u00e7\u00e3o","image":{"@type":"ImageObject","inLanguage":"pt-BR","@id":"https:\/\/secure.gravatar.com\/avatar\/e0a867bdedb85fd243eadf09663511f96fc81e0720a4a42581f334ad4303aa6b?s=96&d=mm&r=g","url":"https:\/\/secure.gravatar.com\/avatar\/e0a867bdedb85fd243eadf09663511f96fc81e0720a4a42581f334ad4303aa6b?s=96&d=mm&r=g","contentUrl":"https:\/\/secure.gravatar.com\/avatar\/e0a867bdedb85fd243eadf09663511f96fc81e0720a4a42581f334ad4303aa6b?s=96&d=mm&r=g","caption":"Reda\u00e7\u00e3o"}}]}},"amp_enabled":true,"_links":{"self":[{"href":"https:\/\/www.notibras.com\/site\/wp-json\/wp\/v2\/posts\/329157","targetHints":{"allow":["GET"]}}],"collection":[{"href":"https:\/\/www.notibras.com\/site\/wp-json\/wp\/v2\/posts"}],"about":[{"href":"https:\/\/www.notibras.com\/site\/wp-json\/wp\/v2\/types\/post"}],"author":[{"embeddable":true,"href":"https:\/\/www.notibras.com\/site\/wp-json\/wp\/v2\/users\/2"}],"replies":[{"embeddable":true,"href":"https:\/\/www.notibras.com\/site\/wp-json\/wp\/v2\/comments?post=329157"}],"version-history":[{"count":1,"href":"https:\/\/www.notibras.com\/site\/wp-json\/wp\/v2\/posts\/329157\/revisions"}],"predecessor-version":[{"id":329159,"href":"https:\/\/www.notibras.com\/site\/wp-json\/wp\/v2\/posts\/329157\/revisions\/329159"}],"wp:featuredmedia":[{"embeddable":true,"href":"https:\/\/www.notibras.com\/site\/wp-json\/wp\/v2\/media\/329158"}],"wp:attachment":[{"href":"https:\/\/www.notibras.com\/site\/wp-json\/wp\/v2\/media?parent=329157"}],"wp:term":[{"taxonomy":"category","embeddable":true,"href":"https:\/\/www.notibras.com\/site\/wp-json\/wp\/v2\/categories?post=329157"},{"taxonomy":"post_tag","embeddable":true,"href":"https:\/\/www.notibras.com\/site\/wp-json\/wp\/v2\/tags?post=329157"}],"curies":[{"name":"wp","href":"https:\/\/api.w.org\/{rel}","templated":true}]}}