{"id":329197,"date":"2024-05-21T15:18:39","date_gmt":"2024-05-21T18:18:39","guid":{"rendered":"https:\/\/www.notibras.com\/site\/?p=329197"},"modified":"2024-05-21T15:19:57","modified_gmt":"2024-05-21T18:19:57","slug":"festival-reune-musica-boa-e-pinga-melhor-ainda","status":"publish","type":"post","link":"https:\/\/www.notibras.com\/site\/festival-reune-musica-boa-e-pinga-melhor-ainda\/","title":{"rendered":"Festival re\u00fane m\u00fasica boa e pinga melhor ainda"},"content":{"rendered":"<p>Desta quarta, 22, at\u00e9 o domingo, 26, a capital da Rep\u00fablica se transformar\u00e1 na capital da cacha\u00e7a. A cidade receber\u00e1 a primeira Edi\u00e7\u00e3o do Festival da Cacha\u00e7a de Bras\u00edlia. O evento reunir\u00e1 expositores dos principais r\u00f3tulos do produto, al\u00e9m de oferecer workshops, gastronomia e muita m\u00fasica. O cantor e compositor Renato Teixeira \u00e9 um dos destaques da programa\u00e7\u00e3o cultural. A entrada \u00e9 gratuita.<\/p>\n<p>A Arena Man\u00e9 Garrincha foi o local escolhido para o evento, que acontecer\u00e1 no complexo do Man\u00e9 Mercado. Os estandes ser\u00e3o montados no estacionamento do espa\u00e7o, que funcionar\u00e1 como polo gastron\u00f4mico da festa. O Festival da Cacha\u00e7a de Bras\u00edlia reunir\u00e1 mais de 200 r\u00f3tulos, de 48 expositores de 12 estados mais o Distrito Federal.<\/p>\n<p>Al\u00e9m de conhecer um pouco mais sobre a hist\u00f3ria e produ\u00e7\u00e3o da bebida mais tradicional do Brasil, o p\u00fablico tamb\u00e9m poder\u00e1 degustar as cacha\u00e7as e participar de workshops com especialistas do setor. \u201cMais que um evento para apreciadores de cacha\u00e7a, \u00e9 uma oportunidade para conhecer um pouco mais da hist\u00f3ria desse produto mundialmente admirado, que reunir\u00e1 m\u00fasica, gastronomia e cultura\u201d, destaca Edilane Oliveira, diretora do Instituto Brasileiro de Integra\u00e7\u00e3o (IBI), respons\u00e1vel pelo evento.<\/p>\n<p>Considerada a bebida mais tradicional do pa\u00eds, o mercado da cacha\u00e7a tem se diversificado e apresentou crescimento consider\u00e1vel na capital do Brasil. De acordo com a Associa\u00e7\u00e3o Cacha\u00e7a de Bras\u00edlia, o faturamento com o produto foi de R$ 3 milh\u00f5es, em 2023.<\/p>\n<p><strong>Programa\u00e7\u00e3o<\/strong><br \/>\nA programa\u00e7\u00e3o musical \u00e9 outro ponto alto do Festival da Cacha\u00e7a de Bras\u00edlia, que reunir\u00e1 cl\u00e1ssicos da m\u00fasica regional, samba, sertanejo e chorinho. Gilberto e Gilmar, Karika, Leandro Kato, Renato Teixeira e Rick e Rangel est\u00e3o entre os artistas que subir\u00e3o ao palco.<\/p>\n<p>O p\u00fablico tamb\u00e9m poder\u00e1 participar de oficinas sobre \u201cDesafios do mercado da cacha\u00e7a\u201d, \u201cComo beber cacha\u00e7a\u201d, \u201cBlend Experience\u201d e \u201cCoquetelaria com cacha\u00e7a\u201d. O evento contar\u00e1 com aulas de coquetelaria e gastronomia e os participantes ajudar\u00e3o a escolher o melhor petisco produzido com a bebida.<\/p>\n<p>Al\u00e9m dos restaurantes do complexo Man\u00e9 Mercado, o Brasis Ateli\u00ea Gastron\u00f4mico, casa comandada pela chef Di Oliveira, completar\u00e1 as op\u00e7\u00f5es de culin\u00e1ria do evento. J\u00e1 o bar de drinks, ser\u00e1 assinado pela chef Raquel Amaral.<\/p>\n<p>O Festival da Cacha\u00e7a de Bras\u00edlia \u00e9 organizado pelo Instituto Brasileiro de Integra\u00e7\u00e3o (IBI), em parceria com a Secretaria de Economia, Desenvolvimento, Inova\u00e7\u00e3o, Ci\u00eancia e Tecnologia.<\/p>\n<p><strong>Oficinas:<\/strong><br \/>\n22\/05 &#8211; Desafios do mercado da cacha\u00e7a<br \/>\n23\/05 &#8211; Como beber cacha\u00e7a<br \/>\n24\/05 &#8211; Blend Experience<br \/>\n25\/05 &#8211; Coquetelaria com cacha\u00e7a<\/p>\n<p><strong>Programa\u00e7\u00e3o art\u00edstica<\/strong><br \/>\n22\/05<br \/>\n18h20 &#8211; Chorinho<br \/>\n21h &#8211; Gilberto e Gilmar<br \/>\n23\/05<br \/>\n18h30 &#8211; Karika<br \/>\n21h &#8211; Rick e Rangel<br \/>\n24\/05<br \/>\n18h30 &#8211; Chorinho<br \/>\n21h &#8211; Leandro Kato<br \/>\n25\/05<br \/>\n17h &#8211; Karika<br \/>\n21h &#8211; Renato Teixeira<br \/>\n26\/05<br \/>\n16h &#8211; Chorinho<br \/>\n19h &#8211; Her\u00f3is de botequim<\/p>\n<p><strong>Servi\u00e7o<\/strong><br \/>\nFestival da Cacha\u00e7a de Bras\u00edlia<br \/>\nData: 22 a 26 de maio<br \/>\nHor\u00e1rio: 12h30 \u00e0s 23h<br \/>\nLocal: Man\u00e9 Mercado<br \/>\nEntrada gratuita<br \/>\nClassifica\u00e7\u00e3o: 18 anos<\/p>\n","protected":false},"excerpt":{"rendered":"<p>Desta quarta, 22, at\u00e9 o domingo, 26, a capital da Rep\u00fablica se transformar\u00e1 na capital da cacha\u00e7a. A cidade receber\u00e1 a primeira Edi\u00e7\u00e3o do Festival da Cacha\u00e7a de Bras\u00edlia. O evento reunir\u00e1 expositores dos principais r\u00f3tulos do produto, al\u00e9m de oferecer workshops, gastronomia e muita m\u00fasica. O cantor e compositor Renato Teixeira \u00e9 um dos [&hellip;]<\/p>\n","protected":false},"author":2,"featured_media":329198,"comment_status":"closed","ping_status":"closed","sticky":false,"template":"","format":"standard","meta":{"_acf_changed":false,"footnotes":""},"categories":[161],"tags":[],"class_list":["post-329197","post","type-post","status-publish","format-standard","has-post-thumbnail","hentry","category-quadradinho-em-foco"],"acf":[],"yoast_head":"<!-- This site is optimized with the Yoast SEO plugin v27.5 - https:\/\/yoast.com\/product\/yoast-seo-wordpress\/ -->\n<title>Festival re\u00fane m\u00fasica boa e pinga melhor ainda - Notibras<\/title>\n<meta name=\"robots\" content=\"index, follow, max-snippet:-1, max-image-preview:large, max-video-preview:-1\" \/>\n<link rel=\"canonical\" href=\"https:\/\/www.notibras.com\/site\/festival-reune-musica-boa-e-pinga-melhor-ainda\/\" \/>\n<meta property=\"og:locale\" content=\"pt_BR\" \/>\n<meta property=\"og:type\" content=\"article\" \/>\n<meta property=\"og:title\" content=\"Festival re\u00fane m\u00fasica boa e pinga melhor ainda - Notibras\" \/>\n<meta property=\"og:description\" content=\"Desta quarta, 22, at\u00e9 o domingo, 26, a capital da Rep\u00fablica se transformar\u00e1 na capital da cacha\u00e7a. A cidade receber\u00e1 a primeira Edi\u00e7\u00e3o do Festival da Cacha\u00e7a de Bras\u00edlia. O evento reunir\u00e1 expositores dos principais r\u00f3tulos do produto, al\u00e9m de oferecer workshops, gastronomia e muita m\u00fasica. O cantor e compositor Renato Teixeira \u00e9 um dos [&hellip;]\" \/>\n<meta property=\"og:url\" content=\"https:\/\/www.notibras.com\/site\/festival-reune-musica-boa-e-pinga-melhor-ainda\/\" \/>\n<meta property=\"og:site_name\" content=\"Notibras\" \/>\n<meta property=\"article:publisher\" content=\"https:\/\/www.facebook.com\/notibras\/\" \/>\n<meta property=\"article:published_time\" content=\"2024-05-21T18:18:39+00:00\" \/>\n<meta property=\"article:modified_time\" content=\"2024-05-21T18:19:57+00:00\" \/>\n<meta property=\"og:image\" content=\"https:\/\/www.notibras.com\/site\/wp-content\/uploads\/2024\/05\/bbc5f8b4-18c7-459a-9f93-09e20aab14d5.jpeg\" \/>\n\t<meta property=\"og:image:width\" content=\"982\" \/>\n\t<meta property=\"og:image:height\" content=\"655\" \/>\n\t<meta property=\"og:image:type\" content=\"image\/jpeg\" \/>\n<meta name=\"author\" content=\"Reda\u00e7\u00e3o\" \/>\n<meta name=\"twitter:card\" content=\"summary_large_image\" \/>\n<meta name=\"twitter:creator\" content=\"@Notibras\" \/>\n<meta name=\"twitter:site\" content=\"@Notibras\" \/>\n<meta name=\"twitter:label1\" content=\"Escrito por\" \/>\n\t<meta name=\"twitter:data1\" content=\"Reda\u00e7\u00e3o\" \/>\n\t<meta name=\"twitter:label2\" content=\"Est. tempo de leitura\" \/>\n\t<meta name=\"twitter:data2\" content=\"3 minutos\" \/>\n<script type=\"application\/ld+json\" class=\"yoast-schema-graph\">{\"@context\":\"https:\\\/\\\/schema.org\",\"@graph\":[{\"@type\":\"Article\",\"@id\":\"https:\\\/\\\/www.notibras.com\\\/site\\\/festival-reune-musica-boa-e-pinga-melhor-ainda\\\/#article\",\"isPartOf\":{\"@id\":\"https:\\\/\\\/www.notibras.com\\\/site\\\/festival-reune-musica-boa-e-pinga-melhor-ainda\\\/\"},\"author\":{\"name\":\"Reda\u00e7\u00e3o\",\"@id\":\"https:\\\/\\\/www.notibras.com\\\/site\\\/#\\\/schema\\\/person\\\/36ab0979449956132d3e5b517ea76ac8\"},\"headline\":\"Festival re\u00fane m\u00fasica boa e pinga melhor ainda\",\"datePublished\":\"2024-05-21T18:18:39+00:00\",\"dateModified\":\"2024-05-21T18:19:57+00:00\",\"mainEntityOfPage\":{\"@id\":\"https:\\\/\\\/www.notibras.com\\\/site\\\/festival-reune-musica-boa-e-pinga-melhor-ainda\\\/\"},\"wordCount\":525,\"publisher\":{\"@id\":\"https:\\\/\\\/www.notibras.com\\\/site\\\/#organization\"},\"image\":{\"@id\":\"https:\\\/\\\/www.notibras.com\\\/site\\\/festival-reune-musica-boa-e-pinga-melhor-ainda\\\/#primaryimage\"},\"thumbnailUrl\":\"https:\\\/\\\/www.notibras.com\\\/site\\\/wp-content\\\/uploads\\\/2024\\\/05\\\/bbc5f8b4-18c7-459a-9f93-09e20aab14d5.jpeg\",\"articleSection\":[\"Quadradinho em Foco\"],\"inLanguage\":\"pt-BR\"},{\"@type\":\"WebPage\",\"@id\":\"https:\\\/\\\/www.notibras.com\\\/site\\\/festival-reune-musica-boa-e-pinga-melhor-ainda\\\/\",\"url\":\"https:\\\/\\\/www.notibras.com\\\/site\\\/festival-reune-musica-boa-e-pinga-melhor-ainda\\\/\",\"name\":\"Festival re\u00fane m\u00fasica boa e pinga melhor ainda - Notibras\",\"isPartOf\":{\"@id\":\"https:\\\/\\\/www.notibras.com\\\/site\\\/#website\"},\"primaryImageOfPage\":{\"@id\":\"https:\\\/\\\/www.notibras.com\\\/site\\\/festival-reune-musica-boa-e-pinga-melhor-ainda\\\/#primaryimage\"},\"image\":{\"@id\":\"https:\\\/\\\/www.notibras.com\\\/site\\\/festival-reune-musica-boa-e-pinga-melhor-ainda\\\/#primaryimage\"},\"thumbnailUrl\":\"https:\\\/\\\/www.notibras.com\\\/site\\\/wp-content\\\/uploads\\\/2024\\\/05\\\/bbc5f8b4-18c7-459a-9f93-09e20aab14d5.jpeg\",\"datePublished\":\"2024-05-21T18:18:39+00:00\",\"dateModified\":\"2024-05-21T18:19:57+00:00\",\"breadcrumb\":{\"@id\":\"https:\\\/\\\/www.notibras.com\\\/site\\\/festival-reune-musica-boa-e-pinga-melhor-ainda\\\/#breadcrumb\"},\"inLanguage\":\"pt-BR\",\"potentialAction\":[{\"@type\":\"ReadAction\",\"target\":[\"https:\\\/\\\/www.notibras.com\\\/site\\\/festival-reune-musica-boa-e-pinga-melhor-ainda\\\/\"]}]},{\"@type\":\"ImageObject\",\"inLanguage\":\"pt-BR\",\"@id\":\"https:\\\/\\\/www.notibras.com\\\/site\\\/festival-reune-musica-boa-e-pinga-melhor-ainda\\\/#primaryimage\",\"url\":\"https:\\\/\\\/www.notibras.com\\\/site\\\/wp-content\\\/uploads\\\/2024\\\/05\\\/bbc5f8b4-18c7-459a-9f93-09e20aab14d5.jpeg\",\"contentUrl\":\"https:\\\/\\\/www.notibras.com\\\/site\\\/wp-content\\\/uploads\\\/2024\\\/05\\\/bbc5f8b4-18c7-459a-9f93-09e20aab14d5.jpeg\",\"width\":982,\"height\":655},{\"@type\":\"BreadcrumbList\",\"@id\":\"https:\\\/\\\/www.notibras.com\\\/site\\\/festival-reune-musica-boa-e-pinga-melhor-ainda\\\/#breadcrumb\",\"itemListElement\":[{\"@type\":\"ListItem\",\"position\":1,\"name\":\"In\u00edcio\",\"item\":\"https:\\\/\\\/www.notibras.com\\\/site\\\/\"},{\"@type\":\"ListItem\",\"position\":2,\"name\":\"Festival re\u00fane m\u00fasica boa e pinga melhor ainda\"}]},{\"@type\":\"WebSite\",\"@id\":\"https:\\\/\\\/www.notibras.com\\\/site\\\/#website\",\"url\":\"https:\\\/\\\/www.notibras.com\\\/site\\\/\",\"name\":\"Notibras\",\"description\":\"Not\u00edcias de Bras\u00edlia, do Brasil e do Mundo\",\"publisher\":{\"@id\":\"https:\\\/\\\/www.notibras.com\\\/site\\\/#organization\"},\"potentialAction\":[{\"@type\":\"SearchAction\",\"target\":{\"@type\":\"EntryPoint\",\"urlTemplate\":\"https:\\\/\\\/www.notibras.com\\\/site\\\/?s={search_term_string}\"},\"query-input\":{\"@type\":\"PropertyValueSpecification\",\"valueRequired\":true,\"valueName\":\"search_term_string\"}}],\"inLanguage\":\"pt-BR\"},{\"@type\":\"Organization\",\"@id\":\"https:\\\/\\\/www.notibras.com\\\/site\\\/#organization\",\"name\":\"Grupo Notibras de Comunica\u00e7\u00e3o\",\"url\":\"https:\\\/\\\/www.notibras.com\\\/site\\\/\",\"logo\":{\"@type\":\"ImageObject\",\"inLanguage\":\"pt-BR\",\"@id\":\"https:\\\/\\\/www.notibras.com\\\/site\\\/#\\\/schema\\\/logo\\\/image\\\/\",\"url\":\"https:\\\/\\\/www.notibras.com\\\/site\\\/wp-content\\\/uploads\\\/2023\\\/01\\\/notibras23.png\",\"contentUrl\":\"https:\\\/\\\/www.notibras.com\\\/site\\\/wp-content\\\/uploads\\\/2023\\\/01\\\/notibras23.png\",\"width\":350,\"height\":87,\"caption\":\"Grupo Notibras de Comunica\u00e7\u00e3o\"},\"image\":{\"@id\":\"https:\\\/\\\/www.notibras.com\\\/site\\\/#\\\/schema\\\/logo\\\/image\\\/\"},\"sameAs\":[\"https:\\\/\\\/www.facebook.com\\\/notibras\\\/\",\"https:\\\/\\\/x.com\\\/Notibras\",\"https:\\\/\\\/www.instagram.com\\\/notibras\\\/\"]},{\"@type\":\"Person\",\"@id\":\"https:\\\/\\\/www.notibras.com\\\/site\\\/#\\\/schema\\\/person\\\/36ab0979449956132d3e5b517ea76ac8\",\"name\":\"Reda\u00e7\u00e3o\",\"image\":{\"@type\":\"ImageObject\",\"inLanguage\":\"pt-BR\",\"@id\":\"https:\\\/\\\/secure.gravatar.com\\\/avatar\\\/e0a867bdedb85fd243eadf09663511f96fc81e0720a4a42581f334ad4303aa6b?s=96&d=mm&r=g\",\"url\":\"https:\\\/\\\/secure.gravatar.com\\\/avatar\\\/e0a867bdedb85fd243eadf09663511f96fc81e0720a4a42581f334ad4303aa6b?s=96&d=mm&r=g\",\"contentUrl\":\"https:\\\/\\\/secure.gravatar.com\\\/avatar\\\/e0a867bdedb85fd243eadf09663511f96fc81e0720a4a42581f334ad4303aa6b?s=96&d=mm&r=g\",\"caption\":\"Reda\u00e7\u00e3o\"}}]}<\/script>\n<!-- \/ Yoast SEO plugin. -->","yoast_head_json":{"title":"Festival re\u00fane m\u00fasica boa e pinga melhor ainda - Notibras","robots":{"index":"index","follow":"follow","max-snippet":"max-snippet:-1","max-image-preview":"max-image-preview:large","max-video-preview":"max-video-preview:-1"},"canonical":"https:\/\/www.notibras.com\/site\/festival-reune-musica-boa-e-pinga-melhor-ainda\/","og_locale":"pt_BR","og_type":"article","og_title":"Festival re\u00fane m\u00fasica boa e pinga melhor ainda - Notibras","og_description":"Desta quarta, 22, at\u00e9 o domingo, 26, a capital da Rep\u00fablica se transformar\u00e1 na capital da cacha\u00e7a. A cidade receber\u00e1 a primeira Edi\u00e7\u00e3o do Festival da Cacha\u00e7a de Bras\u00edlia. O evento reunir\u00e1 expositores dos principais r\u00f3tulos do produto, al\u00e9m de oferecer workshops, gastronomia e muita m\u00fasica. O cantor e compositor Renato Teixeira \u00e9 um dos [&hellip;]","og_url":"https:\/\/www.notibras.com\/site\/festival-reune-musica-boa-e-pinga-melhor-ainda\/","og_site_name":"Notibras","article_publisher":"https:\/\/www.facebook.com\/notibras\/","article_published_time":"2024-05-21T18:18:39+00:00","article_modified_time":"2024-05-21T18:19:57+00:00","og_image":[{"width":982,"height":655,"url":"https:\/\/www.notibras.com\/site\/wp-content\/uploads\/2024\/05\/bbc5f8b4-18c7-459a-9f93-09e20aab14d5.jpeg","type":"image\/jpeg"}],"author":"Reda\u00e7\u00e3o","twitter_card":"summary_large_image","twitter_creator":"@Notibras","twitter_site":"@Notibras","twitter_misc":{"Escrito por":"Reda\u00e7\u00e3o","Est. tempo de leitura":"3 minutos"},"schema":{"@context":"https:\/\/schema.org","@graph":[{"@type":"Article","@id":"https:\/\/www.notibras.com\/site\/festival-reune-musica-boa-e-pinga-melhor-ainda\/#article","isPartOf":{"@id":"https:\/\/www.notibras.com\/site\/festival-reune-musica-boa-e-pinga-melhor-ainda\/"},"author":{"name":"Reda\u00e7\u00e3o","@id":"https:\/\/www.notibras.com\/site\/#\/schema\/person\/36ab0979449956132d3e5b517ea76ac8"},"headline":"Festival re\u00fane m\u00fasica boa e pinga melhor ainda","datePublished":"2024-05-21T18:18:39+00:00","dateModified":"2024-05-21T18:19:57+00:00","mainEntityOfPage":{"@id":"https:\/\/www.notibras.com\/site\/festival-reune-musica-boa-e-pinga-melhor-ainda\/"},"wordCount":525,"publisher":{"@id":"https:\/\/www.notibras.com\/site\/#organization"},"image":{"@id":"https:\/\/www.notibras.com\/site\/festival-reune-musica-boa-e-pinga-melhor-ainda\/#primaryimage"},"thumbnailUrl":"https:\/\/www.notibras.com\/site\/wp-content\/uploads\/2024\/05\/bbc5f8b4-18c7-459a-9f93-09e20aab14d5.jpeg","articleSection":["Quadradinho em Foco"],"inLanguage":"pt-BR"},{"@type":"WebPage","@id":"https:\/\/www.notibras.com\/site\/festival-reune-musica-boa-e-pinga-melhor-ainda\/","url":"https:\/\/www.notibras.com\/site\/festival-reune-musica-boa-e-pinga-melhor-ainda\/","name":"Festival re\u00fane m\u00fasica boa e pinga melhor ainda - Notibras","isPartOf":{"@id":"https:\/\/www.notibras.com\/site\/#website"},"primaryImageOfPage":{"@id":"https:\/\/www.notibras.com\/site\/festival-reune-musica-boa-e-pinga-melhor-ainda\/#primaryimage"},"image":{"@id":"https:\/\/www.notibras.com\/site\/festival-reune-musica-boa-e-pinga-melhor-ainda\/#primaryimage"},"thumbnailUrl":"https:\/\/www.notibras.com\/site\/wp-content\/uploads\/2024\/05\/bbc5f8b4-18c7-459a-9f93-09e20aab14d5.jpeg","datePublished":"2024-05-21T18:18:39+00:00","dateModified":"2024-05-21T18:19:57+00:00","breadcrumb":{"@id":"https:\/\/www.notibras.com\/site\/festival-reune-musica-boa-e-pinga-melhor-ainda\/#breadcrumb"},"inLanguage":"pt-BR","potentialAction":[{"@type":"ReadAction","target":["https:\/\/www.notibras.com\/site\/festival-reune-musica-boa-e-pinga-melhor-ainda\/"]}]},{"@type":"ImageObject","inLanguage":"pt-BR","@id":"https:\/\/www.notibras.com\/site\/festival-reune-musica-boa-e-pinga-melhor-ainda\/#primaryimage","url":"https:\/\/www.notibras.com\/site\/wp-content\/uploads\/2024\/05\/bbc5f8b4-18c7-459a-9f93-09e20aab14d5.jpeg","contentUrl":"https:\/\/www.notibras.com\/site\/wp-content\/uploads\/2024\/05\/bbc5f8b4-18c7-459a-9f93-09e20aab14d5.jpeg","width":982,"height":655},{"@type":"BreadcrumbList","@id":"https:\/\/www.notibras.com\/site\/festival-reune-musica-boa-e-pinga-melhor-ainda\/#breadcrumb","itemListElement":[{"@type":"ListItem","position":1,"name":"In\u00edcio","item":"https:\/\/www.notibras.com\/site\/"},{"@type":"ListItem","position":2,"name":"Festival re\u00fane m\u00fasica boa e pinga melhor ainda"}]},{"@type":"WebSite","@id":"https:\/\/www.notibras.com\/site\/#website","url":"https:\/\/www.notibras.com\/site\/","name":"Notibras","description":"Not\u00edcias de Bras\u00edlia, do Brasil e do Mundo","publisher":{"@id":"https:\/\/www.notibras.com\/site\/#organization"},"potentialAction":[{"@type":"SearchAction","target":{"@type":"EntryPoint","urlTemplate":"https:\/\/www.notibras.com\/site\/?s={search_term_string}"},"query-input":{"@type":"PropertyValueSpecification","valueRequired":true,"valueName":"search_term_string"}}],"inLanguage":"pt-BR"},{"@type":"Organization","@id":"https:\/\/www.notibras.com\/site\/#organization","name":"Grupo Notibras de Comunica\u00e7\u00e3o","url":"https:\/\/www.notibras.com\/site\/","logo":{"@type":"ImageObject","inLanguage":"pt-BR","@id":"https:\/\/www.notibras.com\/site\/#\/schema\/logo\/image\/","url":"https:\/\/www.notibras.com\/site\/wp-content\/uploads\/2023\/01\/notibras23.png","contentUrl":"https:\/\/www.notibras.com\/site\/wp-content\/uploads\/2023\/01\/notibras23.png","width":350,"height":87,"caption":"Grupo Notibras de Comunica\u00e7\u00e3o"},"image":{"@id":"https:\/\/www.notibras.com\/site\/#\/schema\/logo\/image\/"},"sameAs":["https:\/\/www.facebook.com\/notibras\/","https:\/\/x.com\/Notibras","https:\/\/www.instagram.com\/notibras\/"]},{"@type":"Person","@id":"https:\/\/www.notibras.com\/site\/#\/schema\/person\/36ab0979449956132d3e5b517ea76ac8","name":"Reda\u00e7\u00e3o","image":{"@type":"ImageObject","inLanguage":"pt-BR","@id":"https:\/\/secure.gravatar.com\/avatar\/e0a867bdedb85fd243eadf09663511f96fc81e0720a4a42581f334ad4303aa6b?s=96&d=mm&r=g","url":"https:\/\/secure.gravatar.com\/avatar\/e0a867bdedb85fd243eadf09663511f96fc81e0720a4a42581f334ad4303aa6b?s=96&d=mm&r=g","contentUrl":"https:\/\/secure.gravatar.com\/avatar\/e0a867bdedb85fd243eadf09663511f96fc81e0720a4a42581f334ad4303aa6b?s=96&d=mm&r=g","caption":"Reda\u00e7\u00e3o"}}]}},"amp_enabled":true,"_links":{"self":[{"href":"https:\/\/www.notibras.com\/site\/wp-json\/wp\/v2\/posts\/329197","targetHints":{"allow":["GET"]}}],"collection":[{"href":"https:\/\/www.notibras.com\/site\/wp-json\/wp\/v2\/posts"}],"about":[{"href":"https:\/\/www.notibras.com\/site\/wp-json\/wp\/v2\/types\/post"}],"author":[{"embeddable":true,"href":"https:\/\/www.notibras.com\/site\/wp-json\/wp\/v2\/users\/2"}],"replies":[{"embeddable":true,"href":"https:\/\/www.notibras.com\/site\/wp-json\/wp\/v2\/comments?post=329197"}],"version-history":[{"count":2,"href":"https:\/\/www.notibras.com\/site\/wp-json\/wp\/v2\/posts\/329197\/revisions"}],"predecessor-version":[{"id":329200,"href":"https:\/\/www.notibras.com\/site\/wp-json\/wp\/v2\/posts\/329197\/revisions\/329200"}],"wp:featuredmedia":[{"embeddable":true,"href":"https:\/\/www.notibras.com\/site\/wp-json\/wp\/v2\/media\/329198"}],"wp:attachment":[{"href":"https:\/\/www.notibras.com\/site\/wp-json\/wp\/v2\/media?parent=329197"}],"wp:term":[{"taxonomy":"category","embeddable":true,"href":"https:\/\/www.notibras.com\/site\/wp-json\/wp\/v2\/categories?post=329197"},{"taxonomy":"post_tag","embeddable":true,"href":"https:\/\/www.notibras.com\/site\/wp-json\/wp\/v2\/tags?post=329197"}],"curies":[{"name":"wp","href":"https:\/\/api.w.org\/{rel}","templated":true}]}}