{"id":329240,"date":"2024-05-22T00:00:59","date_gmt":"2024-05-22T03:00:59","guid":{"rendered":"https:\/\/www.notibras.com\/site\/?p=329240"},"modified":"2024-05-22T07:27:14","modified_gmt":"2024-05-22T10:27:14","slug":"senado-cria-para-alagoas-12-cargos-efetivos-de-analista-judiciario","status":"publish","type":"post","link":"https:\/\/www.notibras.com\/site\/senado-cria-para-alagoas-12-cargos-efetivos-de-analista-judiciario\/","title":{"rendered":"Senado cria para Alagoas 12 cargos efetivos de Analista Judici\u00e1rio"},"content":{"rendered":"<p>O Plen\u00e1rio do Senado aprovou nesta ter\u00e7a-feira (21) o projeto de lei da C\u00e2mara que cria 12 cargos efetivos de Analista Judici\u00e1rio \u2013 \u00c1rea de Apoio Especializado, Especialidade Tecnologia da Informa\u00e7\u00e3o (TI) no quadro de pessoal da secretaria do Tribunal Regional do Trabalho (TRT) da 19\u00aa Regi\u00e3o (Alagoas).<\/p>\n<p>O projeto tamb\u00e9m cria um cargo em comiss\u00e3o CJ-3, al\u00e9m de outro cargo em comiss\u00e3o CJ-2. Relatado pelo senador Renan Calheiros (MDB-AL) o projeto (PLC 194\/2015) segue agora para a san\u00e7\u00e3o da Presid\u00eancia da Rep\u00fablica.<\/p>\n<p>O relator refor\u00e7a que, apesar da crise fiscal, \u00e9 crescente a necessidade de servidores especializados em TI para satisfazer tanto as demandas internas de magistrados e servidores quanto as dos advogados, membros do Minist\u00e9rio P\u00fablico e cidad\u00e3os que fazem uso dos servi\u00e7os da Justi\u00e7a.<\/p>\n<p>Renan refor\u00e7a ainda que a medida cumpre os crit\u00e9rios de defini\u00e7\u00e3o de for\u00e7a de trabalho m\u00ednima em TI nos tribunais estabelecidos pelo Conselhos Nacional de Justi\u00e7a (CNJ), bem como as orienta\u00e7\u00f5es do Tribunal de Contas da Uni\u00e3o (TCU).<\/p>\n","protected":false},"excerpt":{"rendered":"<p>O Plen\u00e1rio do Senado aprovou nesta ter\u00e7a-feira (21) o projeto de lei da C\u00e2mara que cria 12 cargos efetivos de Analista Judici\u00e1rio \u2013 \u00c1rea de Apoio Especializado, Especialidade Tecnologia da Informa\u00e7\u00e3o (TI) no quadro de pessoal da secretaria do Tribunal Regional do Trabalho (TRT) da 19\u00aa Regi\u00e3o (Alagoas). O projeto tamb\u00e9m cria um cargo em [&hellip;]<\/p>\n","protected":false},"author":2,"featured_media":329241,"comment_status":"closed","ping_status":"closed","sticky":false,"template":"","format":"standard","meta":{"_acf_changed":false,"footnotes":""},"categories":[166,165],"tags":[],"class_list":["post-329240","post","type-post","status-publish","format-standard","has-post-thumbnail","hentry","category-alagoas","category-nordeste"],"acf":[],"_links":{"self":[{"href":"https:\/\/www.notibras.com\/site\/wp-json\/wp\/v2\/posts\/329240","targetHints":{"allow":["GET"]}}],"collection":[{"href":"https:\/\/www.notibras.com\/site\/wp-json\/wp\/v2\/posts"}],"about":[{"href":"https:\/\/www.notibras.com\/site\/wp-json\/wp\/v2\/types\/post"}],"author":[{"embeddable":true,"href":"https:\/\/www.notibras.com\/site\/wp-json\/wp\/v2\/users\/2"}],"replies":[{"embeddable":true,"href":"https:\/\/www.notibras.com\/site\/wp-json\/wp\/v2\/comments?post=329240"}],"version-history":[{"count":1,"href":"https:\/\/www.notibras.com\/site\/wp-json\/wp\/v2\/posts\/329240\/revisions"}],"predecessor-version":[{"id":329242,"href":"https:\/\/www.notibras.com\/site\/wp-json\/wp\/v2\/posts\/329240\/revisions\/329242"}],"wp:featuredmedia":[{"embeddable":true,"href":"https:\/\/www.notibras.com\/site\/wp-json\/wp\/v2\/media\/329241"}],"wp:attachment":[{"href":"https:\/\/www.notibras.com\/site\/wp-json\/wp\/v2\/media?parent=329240"}],"wp:term":[{"taxonomy":"category","embeddable":true,"href":"https:\/\/www.notibras.com\/site\/wp-json\/wp\/v2\/categories?post=329240"},{"taxonomy":"post_tag","embeddable":true,"href":"https:\/\/www.notibras.com\/site\/wp-json\/wp\/v2\/tags?post=329240"}],"curies":[{"name":"wp","href":"https:\/\/api.w.org\/{rel}","templated":true}]}}