{"id":329243,"date":"2024-05-22T07:32:39","date_gmt":"2024-05-22T10:32:39","guid":{"rendered":"https:\/\/www.notibras.com\/site\/?p=329243"},"modified":"2024-05-22T07:32:39","modified_gmt":"2024-05-22T10:32:39","slug":"urias-protetor-da-quadra-so-nao-pega-ladrao","status":"publish","type":"post","link":"https:\/\/www.notibras.com\/site\/urias-protetor-da-quadra-so-nao-pega-ladrao\/","title":{"rendered":"Urias, protetor da quadra, s\u00f3 n\u00e3o pega ladr\u00e3o"},"content":{"rendered":"<p>Peito estufado, Urias fazia cara de mau por onde passava. Quem n\u00e3o o conhecia tratava logo de imaginar que fosse algu\u00e9m destemido, desses que \u00e9 melhor n\u00e3o mexer. Prudente mesmo era olhar pro ch\u00e3o e passar direto para n\u00e3o causar contenda desnecess\u00e1ria.<\/p>\n<p>Mas eis que, l\u00e1 pelos idos de 2023, o homem apareceu fardado. Pois \u00e9, virou policial militar. E o peito, desde ent\u00e3o, estufou ainda mais, que nem de pombo que corteja a amada. Tanta altivez n\u00e3o passava despercebida, ainda mais aos olhos de quem n\u00e3o conhecia o gajo.<\/p>\n<p>Mal pisava na rua, Urias fazia quest\u00e3o de passar na padaria do Joaquim para comprar um sonho, que seria seu lanche no final do expediente. Apesar de poder comprar tal iguaria em qualquer padaria pr\u00f3xima ao trabalho, queria porque queria que todos os vizinhos soubessem que ele, a partir de ent\u00e3o, era o guardi\u00e3o da regi\u00e3o. E que os gatunos ficassem cientes de que teriam que buscar outros cantos para cometerem il\u00edcitos.<\/p>\n<p>Pois eis que, na \u00faltima sexta-feira, um lar\u00e1pio resolveu agir justamente no estabelecimento do Joaquim. O ladr\u00e3o, quando j\u00e1 estava se evadindo do local, deu de cara com o Urias, fardado at\u00e9 os dentes.<\/p>\n<p>\u2014 Pega ladr\u00e3o! Pega ladr\u00e3o! &#8211; Joaquim gritou.<\/p>\n<p>Urias, pego de surpresa por tamanha ousadia, tentou segurar o patife. Tentou apenas, pois tomou uma rasteira e caiu de fu\u00e7a no azulejo encardido da padaria. Mulambo, o vira-lata desdentado que dormia sossegado ao lado, foi mais eficiente. Mordeu o calcanhar do ladr\u00e3o, que, mesmo assim, conseguiu escapar.<\/p>\n<p>Enquanto os populares se aglomeram em frente \u00e0 padaria, Mulambo foi lamber o rosto do Urias, que recobrou os sentidos. O homem se levantou atordoado e, talvez, n\u00e3o tenha percebido o que as pessoas por ali conversavam.<\/p>\n<p>\u2014 Que ladr\u00e3o audacioso.<\/p>\n<p>\u2014 \u00c9 verdade!<\/p>\n<p>\u2014 Assaltou a padaria na frente do Urias.<\/p>\n<p>\u2014 Ih, esse a\u00ed n\u00e3o prende nem piolho entre as unhas &#8211; disse a velha Gertrudes, que conhecia o policial desde menino.<\/p>\n","protected":false},"excerpt":{"rendered":"<p>Peito estufado, Urias fazia cara de mau por onde passava. Quem n\u00e3o o conhecia tratava logo de imaginar que fosse algu\u00e9m destemido, desses que \u00e9 melhor n\u00e3o mexer. Prudente mesmo era olhar pro ch\u00e3o e passar direto para n\u00e3o causar contenda desnecess\u00e1ria. Mas eis que, l\u00e1 pelos idos de 2023, o homem apareceu fardado. Pois [&hellip;]<\/p>\n","protected":false},"author":2,"featured_media":329244,"comment_status":"closed","ping_status":"closed","sticky":false,"template":"","format":"standard","meta":{"_acf_changed":false,"footnotes":""},"categories":[161],"tags":[],"class_list":["post-329243","post","type-post","status-publish","format-standard","has-post-thumbnail","hentry","category-quadradinho-em-foco"],"acf":[],"yoast_head":"<!-- This site is optimized with the Yoast SEO plugin v27.5 - https:\/\/yoast.com\/product\/yoast-seo-wordpress\/ -->\n<title>Urias, protetor da quadra, s\u00f3 n\u00e3o pega ladr\u00e3o - Notibras<\/title>\n<meta name=\"robots\" content=\"index, follow, max-snippet:-1, max-image-preview:large, max-video-preview:-1\" \/>\n<link rel=\"canonical\" href=\"https:\/\/www.notibras.com\/site\/urias-protetor-da-quadra-so-nao-pega-ladrao\/\" \/>\n<meta property=\"og:locale\" content=\"pt_BR\" \/>\n<meta property=\"og:type\" content=\"article\" \/>\n<meta property=\"og:title\" content=\"Urias, protetor da quadra, s\u00f3 n\u00e3o pega ladr\u00e3o - Notibras\" \/>\n<meta property=\"og:description\" content=\"Peito estufado, Urias fazia cara de mau por onde passava. Quem n\u00e3o o conhecia tratava logo de imaginar que fosse algu\u00e9m destemido, desses que \u00e9 melhor n\u00e3o mexer. Prudente mesmo era olhar pro ch\u00e3o e passar direto para n\u00e3o causar contenda desnecess\u00e1ria. Mas eis que, l\u00e1 pelos idos de 2023, o homem apareceu fardado. Pois [&hellip;]\" \/>\n<meta property=\"og:url\" content=\"https:\/\/www.notibras.com\/site\/urias-protetor-da-quadra-so-nao-pega-ladrao\/\" \/>\n<meta property=\"og:site_name\" content=\"Notibras\" \/>\n<meta property=\"article:publisher\" content=\"https:\/\/www.facebook.com\/notibras\/\" \/>\n<meta property=\"article:published_time\" content=\"2024-05-22T10:32:39+00:00\" \/>\n<meta property=\"og:image\" content=\"https:\/\/www.notibras.com\/site\/wp-content\/uploads\/2024\/05\/e0362f8e-94d9-482f-ae40-d509ebc2e55e.jpeg\" \/>\n\t<meta property=\"og:image:width\" content=\"1024\" \/>\n\t<meta property=\"og:image:height\" content=\"1024\" \/>\n\t<meta property=\"og:image:type\" content=\"image\/jpeg\" \/>\n<meta name=\"author\" content=\"Reda\u00e7\u00e3o\" \/>\n<meta name=\"twitter:card\" content=\"summary_large_image\" \/>\n<meta name=\"twitter:creator\" content=\"@Notibras\" \/>\n<meta name=\"twitter:site\" content=\"@Notibras\" \/>\n<meta name=\"twitter:label1\" content=\"Escrito por\" \/>\n\t<meta name=\"twitter:data1\" content=\"Reda\u00e7\u00e3o\" \/>\n\t<meta name=\"twitter:label2\" content=\"Est. tempo de leitura\" \/>\n\t<meta name=\"twitter:data2\" content=\"3 minutos\" \/>\n<script type=\"application\/ld+json\" class=\"yoast-schema-graph\">{\"@context\":\"https:\\\/\\\/schema.org\",\"@graph\":[{\"@type\":\"Article\",\"@id\":\"https:\\\/\\\/www.notibras.com\\\/site\\\/urias-protetor-da-quadra-so-nao-pega-ladrao\\\/#article\",\"isPartOf\":{\"@id\":\"https:\\\/\\\/www.notibras.com\\\/site\\\/urias-protetor-da-quadra-so-nao-pega-ladrao\\\/\"},\"author\":{\"name\":\"Reda\u00e7\u00e3o\",\"@id\":\"https:\\\/\\\/www.notibras.com\\\/site\\\/#\\\/schema\\\/person\\\/36ab0979449956132d3e5b517ea76ac8\"},\"headline\":\"Urias, protetor da quadra, s\u00f3 n\u00e3o pega ladr\u00e3o\",\"datePublished\":\"2024-05-22T10:32:39+00:00\",\"mainEntityOfPage\":{\"@id\":\"https:\\\/\\\/www.notibras.com\\\/site\\\/urias-protetor-da-quadra-so-nao-pega-ladrao\\\/\"},\"wordCount\":350,\"publisher\":{\"@id\":\"https:\\\/\\\/www.notibras.com\\\/site\\\/#organization\"},\"image\":{\"@id\":\"https:\\\/\\\/www.notibras.com\\\/site\\\/urias-protetor-da-quadra-so-nao-pega-ladrao\\\/#primaryimage\"},\"thumbnailUrl\":\"https:\\\/\\\/www.notibras.com\\\/site\\\/wp-content\\\/uploads\\\/2024\\\/05\\\/e0362f8e-94d9-482f-ae40-d509ebc2e55e.jpeg\",\"articleSection\":[\"Quadradinho em Foco\"],\"inLanguage\":\"pt-BR\"},{\"@type\":\"WebPage\",\"@id\":\"https:\\\/\\\/www.notibras.com\\\/site\\\/urias-protetor-da-quadra-so-nao-pega-ladrao\\\/\",\"url\":\"https:\\\/\\\/www.notibras.com\\\/site\\\/urias-protetor-da-quadra-so-nao-pega-ladrao\\\/\",\"name\":\"Urias, protetor da quadra, s\u00f3 n\u00e3o pega ladr\u00e3o - Notibras\",\"isPartOf\":{\"@id\":\"https:\\\/\\\/www.notibras.com\\\/site\\\/#website\"},\"primaryImageOfPage\":{\"@id\":\"https:\\\/\\\/www.notibras.com\\\/site\\\/urias-protetor-da-quadra-so-nao-pega-ladrao\\\/#primaryimage\"},\"image\":{\"@id\":\"https:\\\/\\\/www.notibras.com\\\/site\\\/urias-protetor-da-quadra-so-nao-pega-ladrao\\\/#primaryimage\"},\"thumbnailUrl\":\"https:\\\/\\\/www.notibras.com\\\/site\\\/wp-content\\\/uploads\\\/2024\\\/05\\\/e0362f8e-94d9-482f-ae40-d509ebc2e55e.jpeg\",\"datePublished\":\"2024-05-22T10:32:39+00:00\",\"breadcrumb\":{\"@id\":\"https:\\\/\\\/www.notibras.com\\\/site\\\/urias-protetor-da-quadra-so-nao-pega-ladrao\\\/#breadcrumb\"},\"inLanguage\":\"pt-BR\",\"potentialAction\":[{\"@type\":\"ReadAction\",\"target\":[\"https:\\\/\\\/www.notibras.com\\\/site\\\/urias-protetor-da-quadra-so-nao-pega-ladrao\\\/\"]}]},{\"@type\":\"ImageObject\",\"inLanguage\":\"pt-BR\",\"@id\":\"https:\\\/\\\/www.notibras.com\\\/site\\\/urias-protetor-da-quadra-so-nao-pega-ladrao\\\/#primaryimage\",\"url\":\"https:\\\/\\\/www.notibras.com\\\/site\\\/wp-content\\\/uploads\\\/2024\\\/05\\\/e0362f8e-94d9-482f-ae40-d509ebc2e55e.jpeg\",\"contentUrl\":\"https:\\\/\\\/www.notibras.com\\\/site\\\/wp-content\\\/uploads\\\/2024\\\/05\\\/e0362f8e-94d9-482f-ae40-d509ebc2e55e.jpeg\",\"width\":1024,\"height\":1024},{\"@type\":\"BreadcrumbList\",\"@id\":\"https:\\\/\\\/www.notibras.com\\\/site\\\/urias-protetor-da-quadra-so-nao-pega-ladrao\\\/#breadcrumb\",\"itemListElement\":[{\"@type\":\"ListItem\",\"position\":1,\"name\":\"In\u00edcio\",\"item\":\"https:\\\/\\\/www.notibras.com\\\/site\\\/\"},{\"@type\":\"ListItem\",\"position\":2,\"name\":\"Urias, protetor da quadra, s\u00f3 n\u00e3o pega ladr\u00e3o\"}]},{\"@type\":\"WebSite\",\"@id\":\"https:\\\/\\\/www.notibras.com\\\/site\\\/#website\",\"url\":\"https:\\\/\\\/www.notibras.com\\\/site\\\/\",\"name\":\"Notibras\",\"description\":\"Not\u00edcias de Bras\u00edlia, do Brasil e do Mundo\",\"publisher\":{\"@id\":\"https:\\\/\\\/www.notibras.com\\\/site\\\/#organization\"},\"potentialAction\":[{\"@type\":\"SearchAction\",\"target\":{\"@type\":\"EntryPoint\",\"urlTemplate\":\"https:\\\/\\\/www.notibras.com\\\/site\\\/?s={search_term_string}\"},\"query-input\":{\"@type\":\"PropertyValueSpecification\",\"valueRequired\":true,\"valueName\":\"search_term_string\"}}],\"inLanguage\":\"pt-BR\"},{\"@type\":\"Organization\",\"@id\":\"https:\\\/\\\/www.notibras.com\\\/site\\\/#organization\",\"name\":\"Grupo Notibras de Comunica\u00e7\u00e3o\",\"url\":\"https:\\\/\\\/www.notibras.com\\\/site\\\/\",\"logo\":{\"@type\":\"ImageObject\",\"inLanguage\":\"pt-BR\",\"@id\":\"https:\\\/\\\/www.notibras.com\\\/site\\\/#\\\/schema\\\/logo\\\/image\\\/\",\"url\":\"https:\\\/\\\/www.notibras.com\\\/site\\\/wp-content\\\/uploads\\\/2023\\\/01\\\/notibras23.png\",\"contentUrl\":\"https:\\\/\\\/www.notibras.com\\\/site\\\/wp-content\\\/uploads\\\/2023\\\/01\\\/notibras23.png\",\"width\":350,\"height\":87,\"caption\":\"Grupo Notibras de Comunica\u00e7\u00e3o\"},\"image\":{\"@id\":\"https:\\\/\\\/www.notibras.com\\\/site\\\/#\\\/schema\\\/logo\\\/image\\\/\"},\"sameAs\":[\"https:\\\/\\\/www.facebook.com\\\/notibras\\\/\",\"https:\\\/\\\/x.com\\\/Notibras\",\"https:\\\/\\\/www.instagram.com\\\/notibras\\\/\"]},{\"@type\":\"Person\",\"@id\":\"https:\\\/\\\/www.notibras.com\\\/site\\\/#\\\/schema\\\/person\\\/36ab0979449956132d3e5b517ea76ac8\",\"name\":\"Reda\u00e7\u00e3o\",\"image\":{\"@type\":\"ImageObject\",\"inLanguage\":\"pt-BR\",\"@id\":\"https:\\\/\\\/secure.gravatar.com\\\/avatar\\\/e0a867bdedb85fd243eadf09663511f96fc81e0720a4a42581f334ad4303aa6b?s=96&d=mm&r=g\",\"url\":\"https:\\\/\\\/secure.gravatar.com\\\/avatar\\\/e0a867bdedb85fd243eadf09663511f96fc81e0720a4a42581f334ad4303aa6b?s=96&d=mm&r=g\",\"contentUrl\":\"https:\\\/\\\/secure.gravatar.com\\\/avatar\\\/e0a867bdedb85fd243eadf09663511f96fc81e0720a4a42581f334ad4303aa6b?s=96&d=mm&r=g\",\"caption\":\"Reda\u00e7\u00e3o\"}}]}<\/script>\n<!-- \/ Yoast SEO plugin. -->","yoast_head_json":{"title":"Urias, protetor da quadra, s\u00f3 n\u00e3o pega ladr\u00e3o - Notibras","robots":{"index":"index","follow":"follow","max-snippet":"max-snippet:-1","max-image-preview":"max-image-preview:large","max-video-preview":"max-video-preview:-1"},"canonical":"https:\/\/www.notibras.com\/site\/urias-protetor-da-quadra-so-nao-pega-ladrao\/","og_locale":"pt_BR","og_type":"article","og_title":"Urias, protetor da quadra, s\u00f3 n\u00e3o pega ladr\u00e3o - Notibras","og_description":"Peito estufado, Urias fazia cara de mau por onde passava. Quem n\u00e3o o conhecia tratava logo de imaginar que fosse algu\u00e9m destemido, desses que \u00e9 melhor n\u00e3o mexer. Prudente mesmo era olhar pro ch\u00e3o e passar direto para n\u00e3o causar contenda desnecess\u00e1ria. Mas eis que, l\u00e1 pelos idos de 2023, o homem apareceu fardado. Pois [&hellip;]","og_url":"https:\/\/www.notibras.com\/site\/urias-protetor-da-quadra-so-nao-pega-ladrao\/","og_site_name":"Notibras","article_publisher":"https:\/\/www.facebook.com\/notibras\/","article_published_time":"2024-05-22T10:32:39+00:00","og_image":[{"width":1024,"height":1024,"url":"https:\/\/www.notibras.com\/site\/wp-content\/uploads\/2024\/05\/e0362f8e-94d9-482f-ae40-d509ebc2e55e.jpeg","type":"image\/jpeg"}],"author":"Reda\u00e7\u00e3o","twitter_card":"summary_large_image","twitter_creator":"@Notibras","twitter_site":"@Notibras","twitter_misc":{"Escrito por":"Reda\u00e7\u00e3o","Est. tempo de leitura":"3 minutos"},"schema":{"@context":"https:\/\/schema.org","@graph":[{"@type":"Article","@id":"https:\/\/www.notibras.com\/site\/urias-protetor-da-quadra-so-nao-pega-ladrao\/#article","isPartOf":{"@id":"https:\/\/www.notibras.com\/site\/urias-protetor-da-quadra-so-nao-pega-ladrao\/"},"author":{"name":"Reda\u00e7\u00e3o","@id":"https:\/\/www.notibras.com\/site\/#\/schema\/person\/36ab0979449956132d3e5b517ea76ac8"},"headline":"Urias, protetor da quadra, s\u00f3 n\u00e3o pega ladr\u00e3o","datePublished":"2024-05-22T10:32:39+00:00","mainEntityOfPage":{"@id":"https:\/\/www.notibras.com\/site\/urias-protetor-da-quadra-so-nao-pega-ladrao\/"},"wordCount":350,"publisher":{"@id":"https:\/\/www.notibras.com\/site\/#organization"},"image":{"@id":"https:\/\/www.notibras.com\/site\/urias-protetor-da-quadra-so-nao-pega-ladrao\/#primaryimage"},"thumbnailUrl":"https:\/\/www.notibras.com\/site\/wp-content\/uploads\/2024\/05\/e0362f8e-94d9-482f-ae40-d509ebc2e55e.jpeg","articleSection":["Quadradinho em Foco"],"inLanguage":"pt-BR"},{"@type":"WebPage","@id":"https:\/\/www.notibras.com\/site\/urias-protetor-da-quadra-so-nao-pega-ladrao\/","url":"https:\/\/www.notibras.com\/site\/urias-protetor-da-quadra-so-nao-pega-ladrao\/","name":"Urias, protetor da quadra, s\u00f3 n\u00e3o pega ladr\u00e3o - Notibras","isPartOf":{"@id":"https:\/\/www.notibras.com\/site\/#website"},"primaryImageOfPage":{"@id":"https:\/\/www.notibras.com\/site\/urias-protetor-da-quadra-so-nao-pega-ladrao\/#primaryimage"},"image":{"@id":"https:\/\/www.notibras.com\/site\/urias-protetor-da-quadra-so-nao-pega-ladrao\/#primaryimage"},"thumbnailUrl":"https:\/\/www.notibras.com\/site\/wp-content\/uploads\/2024\/05\/e0362f8e-94d9-482f-ae40-d509ebc2e55e.jpeg","datePublished":"2024-05-22T10:32:39+00:00","breadcrumb":{"@id":"https:\/\/www.notibras.com\/site\/urias-protetor-da-quadra-so-nao-pega-ladrao\/#breadcrumb"},"inLanguage":"pt-BR","potentialAction":[{"@type":"ReadAction","target":["https:\/\/www.notibras.com\/site\/urias-protetor-da-quadra-so-nao-pega-ladrao\/"]}]},{"@type":"ImageObject","inLanguage":"pt-BR","@id":"https:\/\/www.notibras.com\/site\/urias-protetor-da-quadra-so-nao-pega-ladrao\/#primaryimage","url":"https:\/\/www.notibras.com\/site\/wp-content\/uploads\/2024\/05\/e0362f8e-94d9-482f-ae40-d509ebc2e55e.jpeg","contentUrl":"https:\/\/www.notibras.com\/site\/wp-content\/uploads\/2024\/05\/e0362f8e-94d9-482f-ae40-d509ebc2e55e.jpeg","width":1024,"height":1024},{"@type":"BreadcrumbList","@id":"https:\/\/www.notibras.com\/site\/urias-protetor-da-quadra-so-nao-pega-ladrao\/#breadcrumb","itemListElement":[{"@type":"ListItem","position":1,"name":"In\u00edcio","item":"https:\/\/www.notibras.com\/site\/"},{"@type":"ListItem","position":2,"name":"Urias, protetor da quadra, s\u00f3 n\u00e3o pega ladr\u00e3o"}]},{"@type":"WebSite","@id":"https:\/\/www.notibras.com\/site\/#website","url":"https:\/\/www.notibras.com\/site\/","name":"Notibras","description":"Not\u00edcias de Bras\u00edlia, do Brasil e do Mundo","publisher":{"@id":"https:\/\/www.notibras.com\/site\/#organization"},"potentialAction":[{"@type":"SearchAction","target":{"@type":"EntryPoint","urlTemplate":"https:\/\/www.notibras.com\/site\/?s={search_term_string}"},"query-input":{"@type":"PropertyValueSpecification","valueRequired":true,"valueName":"search_term_string"}}],"inLanguage":"pt-BR"},{"@type":"Organization","@id":"https:\/\/www.notibras.com\/site\/#organization","name":"Grupo Notibras de Comunica\u00e7\u00e3o","url":"https:\/\/www.notibras.com\/site\/","logo":{"@type":"ImageObject","inLanguage":"pt-BR","@id":"https:\/\/www.notibras.com\/site\/#\/schema\/logo\/image\/","url":"https:\/\/www.notibras.com\/site\/wp-content\/uploads\/2023\/01\/notibras23.png","contentUrl":"https:\/\/www.notibras.com\/site\/wp-content\/uploads\/2023\/01\/notibras23.png","width":350,"height":87,"caption":"Grupo Notibras de Comunica\u00e7\u00e3o"},"image":{"@id":"https:\/\/www.notibras.com\/site\/#\/schema\/logo\/image\/"},"sameAs":["https:\/\/www.facebook.com\/notibras\/","https:\/\/x.com\/Notibras","https:\/\/www.instagram.com\/notibras\/"]},{"@type":"Person","@id":"https:\/\/www.notibras.com\/site\/#\/schema\/person\/36ab0979449956132d3e5b517ea76ac8","name":"Reda\u00e7\u00e3o","image":{"@type":"ImageObject","inLanguage":"pt-BR","@id":"https:\/\/secure.gravatar.com\/avatar\/e0a867bdedb85fd243eadf09663511f96fc81e0720a4a42581f334ad4303aa6b?s=96&d=mm&r=g","url":"https:\/\/secure.gravatar.com\/avatar\/e0a867bdedb85fd243eadf09663511f96fc81e0720a4a42581f334ad4303aa6b?s=96&d=mm&r=g","contentUrl":"https:\/\/secure.gravatar.com\/avatar\/e0a867bdedb85fd243eadf09663511f96fc81e0720a4a42581f334ad4303aa6b?s=96&d=mm&r=g","caption":"Reda\u00e7\u00e3o"}}]}},"amp_enabled":true,"_links":{"self":[{"href":"https:\/\/www.notibras.com\/site\/wp-json\/wp\/v2\/posts\/329243","targetHints":{"allow":["GET"]}}],"collection":[{"href":"https:\/\/www.notibras.com\/site\/wp-json\/wp\/v2\/posts"}],"about":[{"href":"https:\/\/www.notibras.com\/site\/wp-json\/wp\/v2\/types\/post"}],"author":[{"embeddable":true,"href":"https:\/\/www.notibras.com\/site\/wp-json\/wp\/v2\/users\/2"}],"replies":[{"embeddable":true,"href":"https:\/\/www.notibras.com\/site\/wp-json\/wp\/v2\/comments?post=329243"}],"version-history":[{"count":1,"href":"https:\/\/www.notibras.com\/site\/wp-json\/wp\/v2\/posts\/329243\/revisions"}],"predecessor-version":[{"id":329245,"href":"https:\/\/www.notibras.com\/site\/wp-json\/wp\/v2\/posts\/329243\/revisions\/329245"}],"wp:featuredmedia":[{"embeddable":true,"href":"https:\/\/www.notibras.com\/site\/wp-json\/wp\/v2\/media\/329244"}],"wp:attachment":[{"href":"https:\/\/www.notibras.com\/site\/wp-json\/wp\/v2\/media?parent=329243"}],"wp:term":[{"taxonomy":"category","embeddable":true,"href":"https:\/\/www.notibras.com\/site\/wp-json\/wp\/v2\/categories?post=329243"},{"taxonomy":"post_tag","embeddable":true,"href":"https:\/\/www.notibras.com\/site\/wp-json\/wp\/v2\/tags?post=329243"}],"curies":[{"name":"wp","href":"https:\/\/api.w.org\/{rel}","templated":true}]}}