{"id":329251,"date":"2024-05-22T00:00:55","date_gmt":"2024-05-22T03:00:55","guid":{"rendered":"https:\/\/www.notibras.com\/site\/?p=329251"},"modified":"2024-05-22T07:51:02","modified_gmt":"2024-05-22T10:51:02","slug":"bombeiros-voltam-apos-socorrer-os-gauchos-nas-enchentes","status":"publish","type":"post","link":"https:\/\/www.notibras.com\/site\/bombeiros-voltam-apos-socorrer-os-gauchos-nas-enchentes\/","title":{"rendered":"Bombeiros voltam ap\u00f3s socorrer os ga\u00fachos nas enchentes"},"content":{"rendered":"<p>Ap\u00f3s 15 dias de trabalho intenso, a equipe do Corpo de Bombeiros Militar do Distrito Federal (CBMDF) empenhada na miss\u00e3o humanit\u00e1ria no Rio Grande do Sul retornou a Bras\u00edlia nesta ter\u00e7a-feira (21). Os militares foram recepcionados com emo\u00e7\u00e3o e orgulho pelos familiares, que os aguardavam no Grupamento de Busca e Salvamento do CBMDF, na Vila Planalto.<\/p>\n<p>A equipe atuou em diversas frentes em preven\u00e7\u00e3o, busca, salvamento e resgate de v\u00edtimas em decorr\u00eancia das cat\u00e1strofes clim\u00e1ticas que assolaram o estado do Rio Grande do Sul, tanto nos locais que estavam alagados em S\u00e3o Leopoldo, quanto os que sofreram deslizamento em Bento Gon\u00e7alves. Ao longo da primeira fase da opera\u00e7\u00e3o com os bombeiros e aos agentes da Defesa Civil do DF, 156 pessoas foram resgatadas \u2013 entre elas, 20 crian\u00e7as \u2013, al\u00e9m de 82 animais.<\/p>\n<p>\u201cFoi um sentimento de muita honra, desde o momento em que est\u00e1vamos nos deslocando para o Rio Grande do Sul. Pass\u00e1vamos por algum carro e o pessoal j\u00e1 se emocionava perguntando se est\u00e1vamos indo para ajudar. Nesses dias de opera\u00e7\u00e3o, nos deparamos com cen\u00e1rios de destrui\u00e7\u00e3o, pessoas que perderam tudo \u2013 e mesmo assim essas pessoas estavam l\u00e1 apoiando a nossa equipe, dando marmita, caf\u00e9. Por mais que tenha tido muita perda, levamos esse sentimento de estima ao pr\u00f3ximo\u201d, destacou a comandante da opera\u00e7\u00e3o, tenente Paula Thyeme.<\/p>\n<p>A militar refor\u00e7a que a sociedade civil ainda pode ajudar com doa\u00e7\u00f5es \u00e0 regi\u00e3o. Segundo o Comit\u00ea de Emerg\u00eancia Bras\u00edlia pelo Sul, institu\u00eddo pelo governador Ibaneis Rocha no dia 7 deste m\u00eas, os itens mais necess\u00e1rios no momento s\u00e3o \u00e1gua pot\u00e1vel, alimentos n\u00e3o perec\u00edveis, materiais de limpeza e higiene, roupas e artigos de inverno. \u201cFicamos muito felizes vendo a campanha feita aqui pelo GDF de arrecada\u00e7\u00e3o que est\u00e1 chegando l\u00e1\u201d, completou a bombeira.<\/p>\n<p><strong>Emo\u00e7\u00e3o no reencontro<\/strong><br \/>\nEnquanto esperava o retorno do neto, o capit\u00e3o Eduardo Martins, que integrou a miss\u00e3o, o sentimento da aposentada Arminda Martins, 80 anos, se igualava ao dos demais familiares dos bombeiros: o cora\u00e7\u00e3o estava \u201cna boca\u201d. \u201cMeu cora\u00e7\u00e3o est\u00e1 que n\u00e3o se aguenta e eu sou chorona. Meu neto ajudou a salvar vidas humanas e de animais tamb\u00e9m. Estou doida para abra\u00e7ar meu neto, sou muito orgulhosa dele.\u201d<\/p>\n<p>A aposentada T\u00e1cita Simone Martins, 57, acrescentou \u00e0 fala da m\u00e3e sobre os dias de apreens\u00e3o da fam\u00edlia Martins: \u201cEstou esperando muito ansiosa e com saudade. Foi um momento de preocupa\u00e7\u00e3o tamb\u00e9m, dele estar l\u00e1 no meio da \u00e1gua e se colocando \u00e0 disposi\u00e7\u00e3o das pessoas, mas essa \u00e9 a miss\u00e3o deles mesmo. O mais importante \u00e9 que ele voltou bem, com sa\u00fade e p\u00f4de ajudar fazendo a parte dele. Estou muito orgulhosa disso.\u201d<\/p>\n<p>Depois de duas semanas longe da fam\u00edlia, o capit\u00e3o Eduardo Martins reencontrou a m\u00e3e e a av\u00f3 emocionadas. Ele descreveu o sentimento como de mais uma miss\u00e3o cumprida: \u201c\u00c9 muito bom retornar para casa. Para mim foi muito importante porque, desde que entrei na corpora\u00e7\u00e3o, sempre me preparei para um dia estar pronto para atender. Faz parte da minha meta de carreira. Acho que todas as pessoas que estavam l\u00e1 eram as pessoas certas, no momento certo, para podermos fazer a diferen\u00e7a na sociedade e ajudar ao povo do Rio Grande do Sul.\u201d<\/p>\n<p>Entre os bombeiros que desembarcaram estava tamb\u00e9m o sargento Franklin Amorim, que pontuou o diferencial da miss\u00e3o da equipe do DF por ter ido at\u00e9 a localidade no auge da ocorr\u00eancia, com os lugares ainda sem acesso para atuar com outras corpora\u00e7\u00f5es. \u201cCada vez que voc\u00ea vai a uma miss\u00e3o como essa, voc\u00ea traz um grande legado, inclusive, para passar aos novos bombeiros. Al\u00e9m de ajudarmos outro estado e salvar vidas, trazemos a experi\u00eancia que \u00e9 muito importante para a nossa sociedade e para a nossa corpora\u00e7\u00e3o como um todo.\u201d<\/p>\n<p>A filha do sargento, Natalyn Amorim, 27, n\u00e3o conseguiu conter as l\u00e1grimas, com a chegada do pai. \u201cA fam\u00edlia toda ficou muito orgulhosa dele. Ficamos a todo tempo mantendo contato, tentando saber not\u00edcias. N\u00e3o sei nem explicar qual \u00e9 o meu sentimento de agora, mas \u00e9 de muito orgulho mesmo. Fico feliz que ele foi fazer o que ama, porque \u00e9 um bombeiro muito apaixonado pelo que faz.\u201d<\/p>\n<p><strong>Equipe renovada<\/strong><br \/>\nOs militares j\u00e1 foram substitu\u00eddos por uma nova equipe enviada na \u00faltima sexta-feira (17) e j\u00e1 presente na regi\u00e3o assolada. Foram 14 bombeiros e um c\u00e3o de busca, o pastor-alem\u00e3o Sheik, do Batalh\u00e3o de Opera\u00e7\u00f5es com C\u00e3es, disponibilizados para a ajudar a popula\u00e7\u00e3o sulista, al\u00e9m de um m\u00e9dico e uma enfermeira para auxiliar na autonomia dos resgates feitos pelos guarda-vidas.<\/p>\n<p>De acordo com o comandante-geral do CBMDF, coronel Sandro Gomes Santos da Silva, a equipe rec\u00e9m-chegada em Bras\u00edlia passar\u00e1 por exames f\u00edsicos e ter\u00e1 apoio psicol\u00f3gico, sendo liberada, em seguida, para dez dias de descanso.<\/p>\n<p>\u201cTodos que foram ao Rio Grande do Sul foram volunt\u00e1rios para atuar. Eles acordavam todos os dias \u00e0s 5h ou dormiam no meio da madrugada, na \u00e1gua fria, naquela situa\u00e7\u00e3o que todo mundo est\u00e1 vendo. E n\u00f3s estamos sempre prontos para poder ajudar naquilo que for necess\u00e1rio. Ningu\u00e9m ganhou a mais para ir para l\u00e1, foi por comprometimento com a sociedade e com a vida humana. Eu s\u00f3 posso agradecer\u201d, observou o comandante-geral.<\/p>\n","protected":false},"excerpt":{"rendered":"<p>Ap\u00f3s 15 dias de trabalho intenso, a equipe do Corpo de Bombeiros Militar do Distrito Federal (CBMDF) empenhada na miss\u00e3o humanit\u00e1ria no Rio Grande do Sul retornou a Bras\u00edlia nesta ter\u00e7a-feira (21). Os militares foram recepcionados com emo\u00e7\u00e3o e orgulho pelos familiares, que os aguardavam no Grupamento de Busca e Salvamento do CBMDF, na Vila [&hellip;]<\/p>\n","protected":false},"author":2,"featured_media":329252,"comment_status":"closed","ping_status":"closed","sticky":false,"template":"","format":"standard","meta":{"_acf_changed":false,"footnotes":""},"categories":[161],"tags":[],"class_list":["post-329251","post","type-post","status-publish","format-standard","has-post-thumbnail","hentry","category-quadradinho-em-foco"],"acf":[],"yoast_head":"<!-- This site is optimized with the Yoast SEO plugin v27.5 - https:\/\/yoast.com\/product\/yoast-seo-wordpress\/ -->\n<title>Bombeiros voltam ap\u00f3s socorrer os ga\u00fachos nas enchentes - Notibras<\/title>\n<meta name=\"robots\" content=\"index, follow, max-snippet:-1, max-image-preview:large, max-video-preview:-1\" \/>\n<link rel=\"canonical\" href=\"https:\/\/www.notibras.com\/site\/bombeiros-voltam-apos-socorrer-os-gauchos-nas-enchentes\/\" \/>\n<meta property=\"og:locale\" content=\"pt_BR\" \/>\n<meta property=\"og:type\" content=\"article\" \/>\n<meta property=\"og:title\" content=\"Bombeiros voltam ap\u00f3s socorrer os ga\u00fachos nas enchentes - Notibras\" \/>\n<meta property=\"og:description\" content=\"Ap\u00f3s 15 dias de trabalho intenso, a equipe do Corpo de Bombeiros Militar do Distrito Federal (CBMDF) empenhada na miss\u00e3o humanit\u00e1ria no Rio Grande do Sul retornou a Bras\u00edlia nesta ter\u00e7a-feira (21). Os militares foram recepcionados com emo\u00e7\u00e3o e orgulho pelos familiares, que os aguardavam no Grupamento de Busca e Salvamento do CBMDF, na Vila [&hellip;]\" \/>\n<meta property=\"og:url\" content=\"https:\/\/www.notibras.com\/site\/bombeiros-voltam-apos-socorrer-os-gauchos-nas-enchentes\/\" \/>\n<meta property=\"og:site_name\" content=\"Notibras\" \/>\n<meta property=\"article:publisher\" content=\"https:\/\/www.facebook.com\/notibras\/\" \/>\n<meta property=\"article:published_time\" content=\"2024-05-22T03:00:55+00:00\" \/>\n<meta property=\"article:modified_time\" content=\"2024-05-22T10:51:02+00:00\" \/>\n<meta property=\"og:image\" content=\"https:\/\/www.notibras.com\/site\/wp-content\/uploads\/2024\/05\/53737860448_329495bc1b_c.jpg\" \/>\n\t<meta property=\"og:image:width\" content=\"799\" \/>\n\t<meta property=\"og:image:height\" content=\"533\" \/>\n\t<meta property=\"og:image:type\" content=\"image\/jpeg\" \/>\n<meta name=\"author\" content=\"Reda\u00e7\u00e3o\" \/>\n<meta name=\"twitter:card\" content=\"summary_large_image\" \/>\n<meta name=\"twitter:creator\" content=\"@Notibras\" \/>\n<meta name=\"twitter:site\" content=\"@Notibras\" \/>\n<meta name=\"twitter:label1\" content=\"Escrito por\" \/>\n\t<meta name=\"twitter:data1\" content=\"Reda\u00e7\u00e3o\" \/>\n\t<meta name=\"twitter:label2\" content=\"Est. tempo de leitura\" \/>\n\t<meta name=\"twitter:data2\" content=\"5 minutos\" \/>\n<script type=\"application\/ld+json\" class=\"yoast-schema-graph\">{\"@context\":\"https:\\\/\\\/schema.org\",\"@graph\":[{\"@type\":\"Article\",\"@id\":\"https:\\\/\\\/www.notibras.com\\\/site\\\/bombeiros-voltam-apos-socorrer-os-gauchos-nas-enchentes\\\/#article\",\"isPartOf\":{\"@id\":\"https:\\\/\\\/www.notibras.com\\\/site\\\/bombeiros-voltam-apos-socorrer-os-gauchos-nas-enchentes\\\/\"},\"author\":{\"name\":\"Reda\u00e7\u00e3o\",\"@id\":\"https:\\\/\\\/www.notibras.com\\\/site\\\/#\\\/schema\\\/person\\\/36ab0979449956132d3e5b517ea76ac8\"},\"headline\":\"Bombeiros voltam ap\u00f3s socorrer os ga\u00fachos nas enchentes\",\"datePublished\":\"2024-05-22T03:00:55+00:00\",\"dateModified\":\"2024-05-22T10:51:02+00:00\",\"mainEntityOfPage\":{\"@id\":\"https:\\\/\\\/www.notibras.com\\\/site\\\/bombeiros-voltam-apos-socorrer-os-gauchos-nas-enchentes\\\/\"},\"wordCount\":937,\"publisher\":{\"@id\":\"https:\\\/\\\/www.notibras.com\\\/site\\\/#organization\"},\"image\":{\"@id\":\"https:\\\/\\\/www.notibras.com\\\/site\\\/bombeiros-voltam-apos-socorrer-os-gauchos-nas-enchentes\\\/#primaryimage\"},\"thumbnailUrl\":\"https:\\\/\\\/www.notibras.com\\\/site\\\/wp-content\\\/uploads\\\/2024\\\/05\\\/53737860448_329495bc1b_c.jpg\",\"articleSection\":[\"Quadradinho em Foco\"],\"inLanguage\":\"pt-BR\"},{\"@type\":\"WebPage\",\"@id\":\"https:\\\/\\\/www.notibras.com\\\/site\\\/bombeiros-voltam-apos-socorrer-os-gauchos-nas-enchentes\\\/\",\"url\":\"https:\\\/\\\/www.notibras.com\\\/site\\\/bombeiros-voltam-apos-socorrer-os-gauchos-nas-enchentes\\\/\",\"name\":\"Bombeiros voltam ap\u00f3s socorrer os ga\u00fachos nas enchentes - Notibras\",\"isPartOf\":{\"@id\":\"https:\\\/\\\/www.notibras.com\\\/site\\\/#website\"},\"primaryImageOfPage\":{\"@id\":\"https:\\\/\\\/www.notibras.com\\\/site\\\/bombeiros-voltam-apos-socorrer-os-gauchos-nas-enchentes\\\/#primaryimage\"},\"image\":{\"@id\":\"https:\\\/\\\/www.notibras.com\\\/site\\\/bombeiros-voltam-apos-socorrer-os-gauchos-nas-enchentes\\\/#primaryimage\"},\"thumbnailUrl\":\"https:\\\/\\\/www.notibras.com\\\/site\\\/wp-content\\\/uploads\\\/2024\\\/05\\\/53737860448_329495bc1b_c.jpg\",\"datePublished\":\"2024-05-22T03:00:55+00:00\",\"dateModified\":\"2024-05-22T10:51:02+00:00\",\"breadcrumb\":{\"@id\":\"https:\\\/\\\/www.notibras.com\\\/site\\\/bombeiros-voltam-apos-socorrer-os-gauchos-nas-enchentes\\\/#breadcrumb\"},\"inLanguage\":\"pt-BR\",\"potentialAction\":[{\"@type\":\"ReadAction\",\"target\":[\"https:\\\/\\\/www.notibras.com\\\/site\\\/bombeiros-voltam-apos-socorrer-os-gauchos-nas-enchentes\\\/\"]}]},{\"@type\":\"ImageObject\",\"inLanguage\":\"pt-BR\",\"@id\":\"https:\\\/\\\/www.notibras.com\\\/site\\\/bombeiros-voltam-apos-socorrer-os-gauchos-nas-enchentes\\\/#primaryimage\",\"url\":\"https:\\\/\\\/www.notibras.com\\\/site\\\/wp-content\\\/uploads\\\/2024\\\/05\\\/53737860448_329495bc1b_c.jpg\",\"contentUrl\":\"https:\\\/\\\/www.notibras.com\\\/site\\\/wp-content\\\/uploads\\\/2024\\\/05\\\/53737860448_329495bc1b_c.jpg\",\"width\":799,\"height\":533},{\"@type\":\"BreadcrumbList\",\"@id\":\"https:\\\/\\\/www.notibras.com\\\/site\\\/bombeiros-voltam-apos-socorrer-os-gauchos-nas-enchentes\\\/#breadcrumb\",\"itemListElement\":[{\"@type\":\"ListItem\",\"position\":1,\"name\":\"In\u00edcio\",\"item\":\"https:\\\/\\\/www.notibras.com\\\/site\\\/\"},{\"@type\":\"ListItem\",\"position\":2,\"name\":\"Bombeiros voltam ap\u00f3s socorrer os ga\u00fachos nas enchentes\"}]},{\"@type\":\"WebSite\",\"@id\":\"https:\\\/\\\/www.notibras.com\\\/site\\\/#website\",\"url\":\"https:\\\/\\\/www.notibras.com\\\/site\\\/\",\"name\":\"Notibras\",\"description\":\"Not\u00edcias de Bras\u00edlia, do Brasil e do Mundo\",\"publisher\":{\"@id\":\"https:\\\/\\\/www.notibras.com\\\/site\\\/#organization\"},\"potentialAction\":[{\"@type\":\"SearchAction\",\"target\":{\"@type\":\"EntryPoint\",\"urlTemplate\":\"https:\\\/\\\/www.notibras.com\\\/site\\\/?s={search_term_string}\"},\"query-input\":{\"@type\":\"PropertyValueSpecification\",\"valueRequired\":true,\"valueName\":\"search_term_string\"}}],\"inLanguage\":\"pt-BR\"},{\"@type\":\"Organization\",\"@id\":\"https:\\\/\\\/www.notibras.com\\\/site\\\/#organization\",\"name\":\"Grupo Notibras de Comunica\u00e7\u00e3o\",\"url\":\"https:\\\/\\\/www.notibras.com\\\/site\\\/\",\"logo\":{\"@type\":\"ImageObject\",\"inLanguage\":\"pt-BR\",\"@id\":\"https:\\\/\\\/www.notibras.com\\\/site\\\/#\\\/schema\\\/logo\\\/image\\\/\",\"url\":\"https:\\\/\\\/www.notibras.com\\\/site\\\/wp-content\\\/uploads\\\/2023\\\/01\\\/notibras23.png\",\"contentUrl\":\"https:\\\/\\\/www.notibras.com\\\/site\\\/wp-content\\\/uploads\\\/2023\\\/01\\\/notibras23.png\",\"width\":350,\"height\":87,\"caption\":\"Grupo Notibras de Comunica\u00e7\u00e3o\"},\"image\":{\"@id\":\"https:\\\/\\\/www.notibras.com\\\/site\\\/#\\\/schema\\\/logo\\\/image\\\/\"},\"sameAs\":[\"https:\\\/\\\/www.facebook.com\\\/notibras\\\/\",\"https:\\\/\\\/x.com\\\/Notibras\",\"https:\\\/\\\/www.instagram.com\\\/notibras\\\/\"]},{\"@type\":\"Person\",\"@id\":\"https:\\\/\\\/www.notibras.com\\\/site\\\/#\\\/schema\\\/person\\\/36ab0979449956132d3e5b517ea76ac8\",\"name\":\"Reda\u00e7\u00e3o\",\"image\":{\"@type\":\"ImageObject\",\"inLanguage\":\"pt-BR\",\"@id\":\"https:\\\/\\\/secure.gravatar.com\\\/avatar\\\/e0a867bdedb85fd243eadf09663511f96fc81e0720a4a42581f334ad4303aa6b?s=96&d=mm&r=g\",\"url\":\"https:\\\/\\\/secure.gravatar.com\\\/avatar\\\/e0a867bdedb85fd243eadf09663511f96fc81e0720a4a42581f334ad4303aa6b?s=96&d=mm&r=g\",\"contentUrl\":\"https:\\\/\\\/secure.gravatar.com\\\/avatar\\\/e0a867bdedb85fd243eadf09663511f96fc81e0720a4a42581f334ad4303aa6b?s=96&d=mm&r=g\",\"caption\":\"Reda\u00e7\u00e3o\"}}]}<\/script>\n<!-- \/ Yoast SEO plugin. -->","yoast_head_json":{"title":"Bombeiros voltam ap\u00f3s socorrer os ga\u00fachos nas enchentes - Notibras","robots":{"index":"index","follow":"follow","max-snippet":"max-snippet:-1","max-image-preview":"max-image-preview:large","max-video-preview":"max-video-preview:-1"},"canonical":"https:\/\/www.notibras.com\/site\/bombeiros-voltam-apos-socorrer-os-gauchos-nas-enchentes\/","og_locale":"pt_BR","og_type":"article","og_title":"Bombeiros voltam ap\u00f3s socorrer os ga\u00fachos nas enchentes - Notibras","og_description":"Ap\u00f3s 15 dias de trabalho intenso, a equipe do Corpo de Bombeiros Militar do Distrito Federal (CBMDF) empenhada na miss\u00e3o humanit\u00e1ria no Rio Grande do Sul retornou a Bras\u00edlia nesta ter\u00e7a-feira (21). Os militares foram recepcionados com emo\u00e7\u00e3o e orgulho pelos familiares, que os aguardavam no Grupamento de Busca e Salvamento do CBMDF, na Vila [&hellip;]","og_url":"https:\/\/www.notibras.com\/site\/bombeiros-voltam-apos-socorrer-os-gauchos-nas-enchentes\/","og_site_name":"Notibras","article_publisher":"https:\/\/www.facebook.com\/notibras\/","article_published_time":"2024-05-22T03:00:55+00:00","article_modified_time":"2024-05-22T10:51:02+00:00","og_image":[{"width":799,"height":533,"url":"https:\/\/www.notibras.com\/site\/wp-content\/uploads\/2024\/05\/53737860448_329495bc1b_c.jpg","type":"image\/jpeg"}],"author":"Reda\u00e7\u00e3o","twitter_card":"summary_large_image","twitter_creator":"@Notibras","twitter_site":"@Notibras","twitter_misc":{"Escrito por":"Reda\u00e7\u00e3o","Est. tempo de leitura":"5 minutos"},"schema":{"@context":"https:\/\/schema.org","@graph":[{"@type":"Article","@id":"https:\/\/www.notibras.com\/site\/bombeiros-voltam-apos-socorrer-os-gauchos-nas-enchentes\/#article","isPartOf":{"@id":"https:\/\/www.notibras.com\/site\/bombeiros-voltam-apos-socorrer-os-gauchos-nas-enchentes\/"},"author":{"name":"Reda\u00e7\u00e3o","@id":"https:\/\/www.notibras.com\/site\/#\/schema\/person\/36ab0979449956132d3e5b517ea76ac8"},"headline":"Bombeiros voltam ap\u00f3s socorrer os ga\u00fachos nas enchentes","datePublished":"2024-05-22T03:00:55+00:00","dateModified":"2024-05-22T10:51:02+00:00","mainEntityOfPage":{"@id":"https:\/\/www.notibras.com\/site\/bombeiros-voltam-apos-socorrer-os-gauchos-nas-enchentes\/"},"wordCount":937,"publisher":{"@id":"https:\/\/www.notibras.com\/site\/#organization"},"image":{"@id":"https:\/\/www.notibras.com\/site\/bombeiros-voltam-apos-socorrer-os-gauchos-nas-enchentes\/#primaryimage"},"thumbnailUrl":"https:\/\/www.notibras.com\/site\/wp-content\/uploads\/2024\/05\/53737860448_329495bc1b_c.jpg","articleSection":["Quadradinho em Foco"],"inLanguage":"pt-BR"},{"@type":"WebPage","@id":"https:\/\/www.notibras.com\/site\/bombeiros-voltam-apos-socorrer-os-gauchos-nas-enchentes\/","url":"https:\/\/www.notibras.com\/site\/bombeiros-voltam-apos-socorrer-os-gauchos-nas-enchentes\/","name":"Bombeiros voltam ap\u00f3s socorrer os ga\u00fachos nas enchentes - Notibras","isPartOf":{"@id":"https:\/\/www.notibras.com\/site\/#website"},"primaryImageOfPage":{"@id":"https:\/\/www.notibras.com\/site\/bombeiros-voltam-apos-socorrer-os-gauchos-nas-enchentes\/#primaryimage"},"image":{"@id":"https:\/\/www.notibras.com\/site\/bombeiros-voltam-apos-socorrer-os-gauchos-nas-enchentes\/#primaryimage"},"thumbnailUrl":"https:\/\/www.notibras.com\/site\/wp-content\/uploads\/2024\/05\/53737860448_329495bc1b_c.jpg","datePublished":"2024-05-22T03:00:55+00:00","dateModified":"2024-05-22T10:51:02+00:00","breadcrumb":{"@id":"https:\/\/www.notibras.com\/site\/bombeiros-voltam-apos-socorrer-os-gauchos-nas-enchentes\/#breadcrumb"},"inLanguage":"pt-BR","potentialAction":[{"@type":"ReadAction","target":["https:\/\/www.notibras.com\/site\/bombeiros-voltam-apos-socorrer-os-gauchos-nas-enchentes\/"]}]},{"@type":"ImageObject","inLanguage":"pt-BR","@id":"https:\/\/www.notibras.com\/site\/bombeiros-voltam-apos-socorrer-os-gauchos-nas-enchentes\/#primaryimage","url":"https:\/\/www.notibras.com\/site\/wp-content\/uploads\/2024\/05\/53737860448_329495bc1b_c.jpg","contentUrl":"https:\/\/www.notibras.com\/site\/wp-content\/uploads\/2024\/05\/53737860448_329495bc1b_c.jpg","width":799,"height":533},{"@type":"BreadcrumbList","@id":"https:\/\/www.notibras.com\/site\/bombeiros-voltam-apos-socorrer-os-gauchos-nas-enchentes\/#breadcrumb","itemListElement":[{"@type":"ListItem","position":1,"name":"In\u00edcio","item":"https:\/\/www.notibras.com\/site\/"},{"@type":"ListItem","position":2,"name":"Bombeiros voltam ap\u00f3s socorrer os ga\u00fachos nas enchentes"}]},{"@type":"WebSite","@id":"https:\/\/www.notibras.com\/site\/#website","url":"https:\/\/www.notibras.com\/site\/","name":"Notibras","description":"Not\u00edcias de Bras\u00edlia, do Brasil e do Mundo","publisher":{"@id":"https:\/\/www.notibras.com\/site\/#organization"},"potentialAction":[{"@type":"SearchAction","target":{"@type":"EntryPoint","urlTemplate":"https:\/\/www.notibras.com\/site\/?s={search_term_string}"},"query-input":{"@type":"PropertyValueSpecification","valueRequired":true,"valueName":"search_term_string"}}],"inLanguage":"pt-BR"},{"@type":"Organization","@id":"https:\/\/www.notibras.com\/site\/#organization","name":"Grupo Notibras de Comunica\u00e7\u00e3o","url":"https:\/\/www.notibras.com\/site\/","logo":{"@type":"ImageObject","inLanguage":"pt-BR","@id":"https:\/\/www.notibras.com\/site\/#\/schema\/logo\/image\/","url":"https:\/\/www.notibras.com\/site\/wp-content\/uploads\/2023\/01\/notibras23.png","contentUrl":"https:\/\/www.notibras.com\/site\/wp-content\/uploads\/2023\/01\/notibras23.png","width":350,"height":87,"caption":"Grupo Notibras de Comunica\u00e7\u00e3o"},"image":{"@id":"https:\/\/www.notibras.com\/site\/#\/schema\/logo\/image\/"},"sameAs":["https:\/\/www.facebook.com\/notibras\/","https:\/\/x.com\/Notibras","https:\/\/www.instagram.com\/notibras\/"]},{"@type":"Person","@id":"https:\/\/www.notibras.com\/site\/#\/schema\/person\/36ab0979449956132d3e5b517ea76ac8","name":"Reda\u00e7\u00e3o","image":{"@type":"ImageObject","inLanguage":"pt-BR","@id":"https:\/\/secure.gravatar.com\/avatar\/e0a867bdedb85fd243eadf09663511f96fc81e0720a4a42581f334ad4303aa6b?s=96&d=mm&r=g","url":"https:\/\/secure.gravatar.com\/avatar\/e0a867bdedb85fd243eadf09663511f96fc81e0720a4a42581f334ad4303aa6b?s=96&d=mm&r=g","contentUrl":"https:\/\/secure.gravatar.com\/avatar\/e0a867bdedb85fd243eadf09663511f96fc81e0720a4a42581f334ad4303aa6b?s=96&d=mm&r=g","caption":"Reda\u00e7\u00e3o"}}]}},"amp_enabled":true,"_links":{"self":[{"href":"https:\/\/www.notibras.com\/site\/wp-json\/wp\/v2\/posts\/329251","targetHints":{"allow":["GET"]}}],"collection":[{"href":"https:\/\/www.notibras.com\/site\/wp-json\/wp\/v2\/posts"}],"about":[{"href":"https:\/\/www.notibras.com\/site\/wp-json\/wp\/v2\/types\/post"}],"author":[{"embeddable":true,"href":"https:\/\/www.notibras.com\/site\/wp-json\/wp\/v2\/users\/2"}],"replies":[{"embeddable":true,"href":"https:\/\/www.notibras.com\/site\/wp-json\/wp\/v2\/comments?post=329251"}],"version-history":[{"count":1,"href":"https:\/\/www.notibras.com\/site\/wp-json\/wp\/v2\/posts\/329251\/revisions"}],"predecessor-version":[{"id":329253,"href":"https:\/\/www.notibras.com\/site\/wp-json\/wp\/v2\/posts\/329251\/revisions\/329253"}],"wp:featuredmedia":[{"embeddable":true,"href":"https:\/\/www.notibras.com\/site\/wp-json\/wp\/v2\/media\/329252"}],"wp:attachment":[{"href":"https:\/\/www.notibras.com\/site\/wp-json\/wp\/v2\/media?parent=329251"}],"wp:term":[{"taxonomy":"category","embeddable":true,"href":"https:\/\/www.notibras.com\/site\/wp-json\/wp\/v2\/categories?post=329251"},{"taxonomy":"post_tag","embeddable":true,"href":"https:\/\/www.notibras.com\/site\/wp-json\/wp\/v2\/tags?post=329251"}],"curies":[{"name":"wp","href":"https:\/\/api.w.org\/{rel}","templated":true}]}}