{"id":329254,"date":"2024-05-22T00:00:49","date_gmt":"2024-05-22T03:00:49","guid":{"rendered":"https:\/\/www.notibras.com\/site\/?p=329254"},"modified":"2024-05-22T07:56:31","modified_gmt":"2024-05-22T10:56:31","slug":"concurso-vai-premiar-vencedores-com-cinco-notebooks","status":"publish","type":"post","link":"https:\/\/www.notibras.com\/site\/concurso-vai-premiar-vencedores-com-cinco-notebooks\/","title":{"rendered":"Concurso vai premiar vencedores com cinco notebooks"},"content":{"rendered":"<p>Para comemorar os 50 anos das rela\u00e7\u00f5es diplom\u00e1ticas entre o Brasil e a China, a embaixada do pa\u00eds oriental lan\u00e7ou o concurso cultural de desenho para todas as idades com o tema China e Brasil por um futuro melhor e compartilhado. Em parceria com as secretarias de Rela\u00e7\u00f5es Internacionais e de Educa\u00e7\u00e3o, os melhores desenhos ser\u00e3o premiados com um laptop. Os interessados podem se inscrever at\u00e9 31 de maio neste link e o resultado ser\u00e1 divulgado em agosto.<\/p>\n<p>A iniciativa foi idealizada para celebrar os \u00eaxitos de coopera\u00e7\u00e3o entre os dois pa\u00edses nas \u00e1reas da pol\u00edtica, economia, inova\u00e7\u00e3o, sustentabilidade e cultura. O desenho a ser contemplado dever\u00e1 expressar quais s\u00e3o os desejos e expectativas para um futuro melhor entre o Brasil e a China, levando em considera\u00e7\u00e3o temas como sustentabilidade, equidade, inclus\u00e3o e cooperativismo.<\/p>\n<p>Os desenhos poder\u00e3o ser realizados em qualquer material: telas, pap\u00e9is, tintas, l\u00e1pis de cor, giz de cera, programas em tablet ou computador, entre outros. As obras dever\u00e3o ter um car\u00e1ter positivo e amig\u00e1vel, sob pena de desclassifica\u00e7\u00e3o no concurso.<\/p>\n<p>\u201cBrasil e China mant\u00eam la\u00e7os de amizade e coopera\u00e7\u00e3o h\u00e1 d\u00e9cadas, bem como com a Embaixada da China. Um concurso cultural como este, que busca deixar expl\u00edcita essa rela\u00e7\u00e3o, \u00e9 uma mostra de que, quando trabalhamos juntos, a popula\u00e7\u00e3o \u00e9 quem se beneficia, podendo demonstrar seu talento e ainda ter a chance de ser premiada com isso\u201d, afirmou o secret\u00e1rio de Rela\u00e7\u00f5es Internacionais, Paco Britto.<\/p>\n","protected":false},"excerpt":{"rendered":"<p>Para comemorar os 50 anos das rela\u00e7\u00f5es diplom\u00e1ticas entre o Brasil e a China, a embaixada do pa\u00eds oriental lan\u00e7ou o concurso cultural de desenho para todas as idades com o tema China e Brasil por um futuro melhor e compartilhado. Em parceria com as secretarias de Rela\u00e7\u00f5es Internacionais e de Educa\u00e7\u00e3o, os melhores desenhos [&hellip;]<\/p>\n","protected":false},"author":2,"featured_media":329255,"comment_status":"closed","ping_status":"closed","sticky":false,"template":"","format":"standard","meta":{"_acf_changed":false,"footnotes":""},"categories":[161],"tags":[],"class_list":["post-329254","post","type-post","status-publish","format-standard","has-post-thumbnail","hentry","category-quadradinho-em-foco"],"acf":[],"yoast_head":"<!-- This site is optimized with the Yoast SEO plugin v27.5 - https:\/\/yoast.com\/product\/yoast-seo-wordpress\/ -->\n<title>Concurso vai premiar vencedores com cinco notebooks - Notibras<\/title>\n<meta name=\"robots\" content=\"index, follow, max-snippet:-1, max-image-preview:large, max-video-preview:-1\" \/>\n<link rel=\"canonical\" href=\"https:\/\/www.notibras.com\/site\/concurso-vai-premiar-vencedores-com-cinco-notebooks\/\" \/>\n<meta property=\"og:locale\" content=\"pt_BR\" \/>\n<meta property=\"og:type\" content=\"article\" \/>\n<meta property=\"og:title\" content=\"Concurso vai premiar vencedores com cinco notebooks - Notibras\" \/>\n<meta property=\"og:description\" content=\"Para comemorar os 50 anos das rela\u00e7\u00f5es diplom\u00e1ticas entre o Brasil e a China, a embaixada do pa\u00eds oriental lan\u00e7ou o concurso cultural de desenho para todas as idades com o tema China e Brasil por um futuro melhor e compartilhado. Em parceria com as secretarias de Rela\u00e7\u00f5es Internacionais e de Educa\u00e7\u00e3o, os melhores desenhos [&hellip;]\" \/>\n<meta property=\"og:url\" content=\"https:\/\/www.notibras.com\/site\/concurso-vai-premiar-vencedores-com-cinco-notebooks\/\" \/>\n<meta property=\"og:site_name\" content=\"Notibras\" \/>\n<meta property=\"article:publisher\" content=\"https:\/\/www.facebook.com\/notibras\/\" \/>\n<meta property=\"article:published_time\" content=\"2024-05-22T03:00:49+00:00\" \/>\n<meta property=\"article:modified_time\" content=\"2024-05-22T10:56:31+00:00\" \/>\n<meta property=\"og:image\" content=\"https:\/\/www.notibras.com\/site\/wp-content\/uploads\/2024\/05\/WhatsApp-Image-2024-05-21-at-19.01.57-2-1536x1021-1.jpeg\" \/>\n\t<meta property=\"og:image:width\" content=\"1536\" \/>\n\t<meta property=\"og:image:height\" content=\"1021\" \/>\n\t<meta property=\"og:image:type\" content=\"image\/jpeg\" \/>\n<meta name=\"author\" content=\"Reda\u00e7\u00e3o\" \/>\n<meta name=\"twitter:card\" content=\"summary_large_image\" \/>\n<meta name=\"twitter:creator\" content=\"@Notibras\" \/>\n<meta name=\"twitter:site\" content=\"@Notibras\" \/>\n<meta name=\"twitter:label1\" content=\"Escrito por\" \/>\n\t<meta name=\"twitter:data1\" content=\"Reda\u00e7\u00e3o\" \/>\n\t<meta name=\"twitter:label2\" content=\"Est. tempo de leitura\" \/>\n\t<meta name=\"twitter:data2\" content=\"2 minutos\" \/>\n<script type=\"application\/ld+json\" class=\"yoast-schema-graph\">{\"@context\":\"https:\\\/\\\/schema.org\",\"@graph\":[{\"@type\":\"Article\",\"@id\":\"https:\\\/\\\/www.notibras.com\\\/site\\\/concurso-vai-premiar-vencedores-com-cinco-notebooks\\\/#article\",\"isPartOf\":{\"@id\":\"https:\\\/\\\/www.notibras.com\\\/site\\\/concurso-vai-premiar-vencedores-com-cinco-notebooks\\\/\"},\"author\":{\"name\":\"Reda\u00e7\u00e3o\",\"@id\":\"https:\\\/\\\/www.notibras.com\\\/site\\\/#\\\/schema\\\/person\\\/36ab0979449956132d3e5b517ea76ac8\"},\"headline\":\"Concurso vai premiar vencedores com cinco notebooks\",\"datePublished\":\"2024-05-22T03:00:49+00:00\",\"dateModified\":\"2024-05-22T10:56:31+00:00\",\"mainEntityOfPage\":{\"@id\":\"https:\\\/\\\/www.notibras.com\\\/site\\\/concurso-vai-premiar-vencedores-com-cinco-notebooks\\\/\"},\"wordCount\":271,\"publisher\":{\"@id\":\"https:\\\/\\\/www.notibras.com\\\/site\\\/#organization\"},\"image\":{\"@id\":\"https:\\\/\\\/www.notibras.com\\\/site\\\/concurso-vai-premiar-vencedores-com-cinco-notebooks\\\/#primaryimage\"},\"thumbnailUrl\":\"https:\\\/\\\/www.notibras.com\\\/site\\\/wp-content\\\/uploads\\\/2024\\\/05\\\/WhatsApp-Image-2024-05-21-at-19.01.57-2-1536x1021-1.jpeg\",\"articleSection\":[\"Quadradinho em Foco\"],\"inLanguage\":\"pt-BR\"},{\"@type\":\"WebPage\",\"@id\":\"https:\\\/\\\/www.notibras.com\\\/site\\\/concurso-vai-premiar-vencedores-com-cinco-notebooks\\\/\",\"url\":\"https:\\\/\\\/www.notibras.com\\\/site\\\/concurso-vai-premiar-vencedores-com-cinco-notebooks\\\/\",\"name\":\"Concurso vai premiar vencedores com cinco notebooks - Notibras\",\"isPartOf\":{\"@id\":\"https:\\\/\\\/www.notibras.com\\\/site\\\/#website\"},\"primaryImageOfPage\":{\"@id\":\"https:\\\/\\\/www.notibras.com\\\/site\\\/concurso-vai-premiar-vencedores-com-cinco-notebooks\\\/#primaryimage\"},\"image\":{\"@id\":\"https:\\\/\\\/www.notibras.com\\\/site\\\/concurso-vai-premiar-vencedores-com-cinco-notebooks\\\/#primaryimage\"},\"thumbnailUrl\":\"https:\\\/\\\/www.notibras.com\\\/site\\\/wp-content\\\/uploads\\\/2024\\\/05\\\/WhatsApp-Image-2024-05-21-at-19.01.57-2-1536x1021-1.jpeg\",\"datePublished\":\"2024-05-22T03:00:49+00:00\",\"dateModified\":\"2024-05-22T10:56:31+00:00\",\"breadcrumb\":{\"@id\":\"https:\\\/\\\/www.notibras.com\\\/site\\\/concurso-vai-premiar-vencedores-com-cinco-notebooks\\\/#breadcrumb\"},\"inLanguage\":\"pt-BR\",\"potentialAction\":[{\"@type\":\"ReadAction\",\"target\":[\"https:\\\/\\\/www.notibras.com\\\/site\\\/concurso-vai-premiar-vencedores-com-cinco-notebooks\\\/\"]}]},{\"@type\":\"ImageObject\",\"inLanguage\":\"pt-BR\",\"@id\":\"https:\\\/\\\/www.notibras.com\\\/site\\\/concurso-vai-premiar-vencedores-com-cinco-notebooks\\\/#primaryimage\",\"url\":\"https:\\\/\\\/www.notibras.com\\\/site\\\/wp-content\\\/uploads\\\/2024\\\/05\\\/WhatsApp-Image-2024-05-21-at-19.01.57-2-1536x1021-1.jpeg\",\"contentUrl\":\"https:\\\/\\\/www.notibras.com\\\/site\\\/wp-content\\\/uploads\\\/2024\\\/05\\\/WhatsApp-Image-2024-05-21-at-19.01.57-2-1536x1021-1.jpeg\",\"width\":1536,\"height\":1021},{\"@type\":\"BreadcrumbList\",\"@id\":\"https:\\\/\\\/www.notibras.com\\\/site\\\/concurso-vai-premiar-vencedores-com-cinco-notebooks\\\/#breadcrumb\",\"itemListElement\":[{\"@type\":\"ListItem\",\"position\":1,\"name\":\"In\u00edcio\",\"item\":\"https:\\\/\\\/www.notibras.com\\\/site\\\/\"},{\"@type\":\"ListItem\",\"position\":2,\"name\":\"Concurso vai premiar vencedores com cinco notebooks\"}]},{\"@type\":\"WebSite\",\"@id\":\"https:\\\/\\\/www.notibras.com\\\/site\\\/#website\",\"url\":\"https:\\\/\\\/www.notibras.com\\\/site\\\/\",\"name\":\"Notibras\",\"description\":\"Not\u00edcias de Bras\u00edlia, do Brasil e do Mundo\",\"publisher\":{\"@id\":\"https:\\\/\\\/www.notibras.com\\\/site\\\/#organization\"},\"potentialAction\":[{\"@type\":\"SearchAction\",\"target\":{\"@type\":\"EntryPoint\",\"urlTemplate\":\"https:\\\/\\\/www.notibras.com\\\/site\\\/?s={search_term_string}\"},\"query-input\":{\"@type\":\"PropertyValueSpecification\",\"valueRequired\":true,\"valueName\":\"search_term_string\"}}],\"inLanguage\":\"pt-BR\"},{\"@type\":\"Organization\",\"@id\":\"https:\\\/\\\/www.notibras.com\\\/site\\\/#organization\",\"name\":\"Grupo Notibras de Comunica\u00e7\u00e3o\",\"url\":\"https:\\\/\\\/www.notibras.com\\\/site\\\/\",\"logo\":{\"@type\":\"ImageObject\",\"inLanguage\":\"pt-BR\",\"@id\":\"https:\\\/\\\/www.notibras.com\\\/site\\\/#\\\/schema\\\/logo\\\/image\\\/\",\"url\":\"https:\\\/\\\/www.notibras.com\\\/site\\\/wp-content\\\/uploads\\\/2023\\\/01\\\/notibras23.png\",\"contentUrl\":\"https:\\\/\\\/www.notibras.com\\\/site\\\/wp-content\\\/uploads\\\/2023\\\/01\\\/notibras23.png\",\"width\":350,\"height\":87,\"caption\":\"Grupo Notibras de Comunica\u00e7\u00e3o\"},\"image\":{\"@id\":\"https:\\\/\\\/www.notibras.com\\\/site\\\/#\\\/schema\\\/logo\\\/image\\\/\"},\"sameAs\":[\"https:\\\/\\\/www.facebook.com\\\/notibras\\\/\",\"https:\\\/\\\/x.com\\\/Notibras\",\"https:\\\/\\\/www.instagram.com\\\/notibras\\\/\"]},{\"@type\":\"Person\",\"@id\":\"https:\\\/\\\/www.notibras.com\\\/site\\\/#\\\/schema\\\/person\\\/36ab0979449956132d3e5b517ea76ac8\",\"name\":\"Reda\u00e7\u00e3o\",\"image\":{\"@type\":\"ImageObject\",\"inLanguage\":\"pt-BR\",\"@id\":\"https:\\\/\\\/secure.gravatar.com\\\/avatar\\\/e0a867bdedb85fd243eadf09663511f96fc81e0720a4a42581f334ad4303aa6b?s=96&d=mm&r=g\",\"url\":\"https:\\\/\\\/secure.gravatar.com\\\/avatar\\\/e0a867bdedb85fd243eadf09663511f96fc81e0720a4a42581f334ad4303aa6b?s=96&d=mm&r=g\",\"contentUrl\":\"https:\\\/\\\/secure.gravatar.com\\\/avatar\\\/e0a867bdedb85fd243eadf09663511f96fc81e0720a4a42581f334ad4303aa6b?s=96&d=mm&r=g\",\"caption\":\"Reda\u00e7\u00e3o\"}}]}<\/script>\n<!-- \/ Yoast SEO plugin. -->","yoast_head_json":{"title":"Concurso vai premiar vencedores com cinco notebooks - Notibras","robots":{"index":"index","follow":"follow","max-snippet":"max-snippet:-1","max-image-preview":"max-image-preview:large","max-video-preview":"max-video-preview:-1"},"canonical":"https:\/\/www.notibras.com\/site\/concurso-vai-premiar-vencedores-com-cinco-notebooks\/","og_locale":"pt_BR","og_type":"article","og_title":"Concurso vai premiar vencedores com cinco notebooks - Notibras","og_description":"Para comemorar os 50 anos das rela\u00e7\u00f5es diplom\u00e1ticas entre o Brasil e a China, a embaixada do pa\u00eds oriental lan\u00e7ou o concurso cultural de desenho para todas as idades com o tema China e Brasil por um futuro melhor e compartilhado. Em parceria com as secretarias de Rela\u00e7\u00f5es Internacionais e de Educa\u00e7\u00e3o, os melhores desenhos [&hellip;]","og_url":"https:\/\/www.notibras.com\/site\/concurso-vai-premiar-vencedores-com-cinco-notebooks\/","og_site_name":"Notibras","article_publisher":"https:\/\/www.facebook.com\/notibras\/","article_published_time":"2024-05-22T03:00:49+00:00","article_modified_time":"2024-05-22T10:56:31+00:00","og_image":[{"width":1536,"height":1021,"url":"https:\/\/www.notibras.com\/site\/wp-content\/uploads\/2024\/05\/WhatsApp-Image-2024-05-21-at-19.01.57-2-1536x1021-1.jpeg","type":"image\/jpeg"}],"author":"Reda\u00e7\u00e3o","twitter_card":"summary_large_image","twitter_creator":"@Notibras","twitter_site":"@Notibras","twitter_misc":{"Escrito por":"Reda\u00e7\u00e3o","Est. tempo de leitura":"2 minutos"},"schema":{"@context":"https:\/\/schema.org","@graph":[{"@type":"Article","@id":"https:\/\/www.notibras.com\/site\/concurso-vai-premiar-vencedores-com-cinco-notebooks\/#article","isPartOf":{"@id":"https:\/\/www.notibras.com\/site\/concurso-vai-premiar-vencedores-com-cinco-notebooks\/"},"author":{"name":"Reda\u00e7\u00e3o","@id":"https:\/\/www.notibras.com\/site\/#\/schema\/person\/36ab0979449956132d3e5b517ea76ac8"},"headline":"Concurso vai premiar vencedores com cinco notebooks","datePublished":"2024-05-22T03:00:49+00:00","dateModified":"2024-05-22T10:56:31+00:00","mainEntityOfPage":{"@id":"https:\/\/www.notibras.com\/site\/concurso-vai-premiar-vencedores-com-cinco-notebooks\/"},"wordCount":271,"publisher":{"@id":"https:\/\/www.notibras.com\/site\/#organization"},"image":{"@id":"https:\/\/www.notibras.com\/site\/concurso-vai-premiar-vencedores-com-cinco-notebooks\/#primaryimage"},"thumbnailUrl":"https:\/\/www.notibras.com\/site\/wp-content\/uploads\/2024\/05\/WhatsApp-Image-2024-05-21-at-19.01.57-2-1536x1021-1.jpeg","articleSection":["Quadradinho em Foco"],"inLanguage":"pt-BR"},{"@type":"WebPage","@id":"https:\/\/www.notibras.com\/site\/concurso-vai-premiar-vencedores-com-cinco-notebooks\/","url":"https:\/\/www.notibras.com\/site\/concurso-vai-premiar-vencedores-com-cinco-notebooks\/","name":"Concurso vai premiar vencedores com cinco notebooks - Notibras","isPartOf":{"@id":"https:\/\/www.notibras.com\/site\/#website"},"primaryImageOfPage":{"@id":"https:\/\/www.notibras.com\/site\/concurso-vai-premiar-vencedores-com-cinco-notebooks\/#primaryimage"},"image":{"@id":"https:\/\/www.notibras.com\/site\/concurso-vai-premiar-vencedores-com-cinco-notebooks\/#primaryimage"},"thumbnailUrl":"https:\/\/www.notibras.com\/site\/wp-content\/uploads\/2024\/05\/WhatsApp-Image-2024-05-21-at-19.01.57-2-1536x1021-1.jpeg","datePublished":"2024-05-22T03:00:49+00:00","dateModified":"2024-05-22T10:56:31+00:00","breadcrumb":{"@id":"https:\/\/www.notibras.com\/site\/concurso-vai-premiar-vencedores-com-cinco-notebooks\/#breadcrumb"},"inLanguage":"pt-BR","potentialAction":[{"@type":"ReadAction","target":["https:\/\/www.notibras.com\/site\/concurso-vai-premiar-vencedores-com-cinco-notebooks\/"]}]},{"@type":"ImageObject","inLanguage":"pt-BR","@id":"https:\/\/www.notibras.com\/site\/concurso-vai-premiar-vencedores-com-cinco-notebooks\/#primaryimage","url":"https:\/\/www.notibras.com\/site\/wp-content\/uploads\/2024\/05\/WhatsApp-Image-2024-05-21-at-19.01.57-2-1536x1021-1.jpeg","contentUrl":"https:\/\/www.notibras.com\/site\/wp-content\/uploads\/2024\/05\/WhatsApp-Image-2024-05-21-at-19.01.57-2-1536x1021-1.jpeg","width":1536,"height":1021},{"@type":"BreadcrumbList","@id":"https:\/\/www.notibras.com\/site\/concurso-vai-premiar-vencedores-com-cinco-notebooks\/#breadcrumb","itemListElement":[{"@type":"ListItem","position":1,"name":"In\u00edcio","item":"https:\/\/www.notibras.com\/site\/"},{"@type":"ListItem","position":2,"name":"Concurso vai premiar vencedores com cinco notebooks"}]},{"@type":"WebSite","@id":"https:\/\/www.notibras.com\/site\/#website","url":"https:\/\/www.notibras.com\/site\/","name":"Notibras","description":"Not\u00edcias de Bras\u00edlia, do Brasil e do Mundo","publisher":{"@id":"https:\/\/www.notibras.com\/site\/#organization"},"potentialAction":[{"@type":"SearchAction","target":{"@type":"EntryPoint","urlTemplate":"https:\/\/www.notibras.com\/site\/?s={search_term_string}"},"query-input":{"@type":"PropertyValueSpecification","valueRequired":true,"valueName":"search_term_string"}}],"inLanguage":"pt-BR"},{"@type":"Organization","@id":"https:\/\/www.notibras.com\/site\/#organization","name":"Grupo Notibras de Comunica\u00e7\u00e3o","url":"https:\/\/www.notibras.com\/site\/","logo":{"@type":"ImageObject","inLanguage":"pt-BR","@id":"https:\/\/www.notibras.com\/site\/#\/schema\/logo\/image\/","url":"https:\/\/www.notibras.com\/site\/wp-content\/uploads\/2023\/01\/notibras23.png","contentUrl":"https:\/\/www.notibras.com\/site\/wp-content\/uploads\/2023\/01\/notibras23.png","width":350,"height":87,"caption":"Grupo Notibras de Comunica\u00e7\u00e3o"},"image":{"@id":"https:\/\/www.notibras.com\/site\/#\/schema\/logo\/image\/"},"sameAs":["https:\/\/www.facebook.com\/notibras\/","https:\/\/x.com\/Notibras","https:\/\/www.instagram.com\/notibras\/"]},{"@type":"Person","@id":"https:\/\/www.notibras.com\/site\/#\/schema\/person\/36ab0979449956132d3e5b517ea76ac8","name":"Reda\u00e7\u00e3o","image":{"@type":"ImageObject","inLanguage":"pt-BR","@id":"https:\/\/secure.gravatar.com\/avatar\/e0a867bdedb85fd243eadf09663511f96fc81e0720a4a42581f334ad4303aa6b?s=96&d=mm&r=g","url":"https:\/\/secure.gravatar.com\/avatar\/e0a867bdedb85fd243eadf09663511f96fc81e0720a4a42581f334ad4303aa6b?s=96&d=mm&r=g","contentUrl":"https:\/\/secure.gravatar.com\/avatar\/e0a867bdedb85fd243eadf09663511f96fc81e0720a4a42581f334ad4303aa6b?s=96&d=mm&r=g","caption":"Reda\u00e7\u00e3o"}}]}},"amp_enabled":true,"_links":{"self":[{"href":"https:\/\/www.notibras.com\/site\/wp-json\/wp\/v2\/posts\/329254","targetHints":{"allow":["GET"]}}],"collection":[{"href":"https:\/\/www.notibras.com\/site\/wp-json\/wp\/v2\/posts"}],"about":[{"href":"https:\/\/www.notibras.com\/site\/wp-json\/wp\/v2\/types\/post"}],"author":[{"embeddable":true,"href":"https:\/\/www.notibras.com\/site\/wp-json\/wp\/v2\/users\/2"}],"replies":[{"embeddable":true,"href":"https:\/\/www.notibras.com\/site\/wp-json\/wp\/v2\/comments?post=329254"}],"version-history":[{"count":1,"href":"https:\/\/www.notibras.com\/site\/wp-json\/wp\/v2\/posts\/329254\/revisions"}],"predecessor-version":[{"id":329256,"href":"https:\/\/www.notibras.com\/site\/wp-json\/wp\/v2\/posts\/329254\/revisions\/329256"}],"wp:featuredmedia":[{"embeddable":true,"href":"https:\/\/www.notibras.com\/site\/wp-json\/wp\/v2\/media\/329255"}],"wp:attachment":[{"href":"https:\/\/www.notibras.com\/site\/wp-json\/wp\/v2\/media?parent=329254"}],"wp:term":[{"taxonomy":"category","embeddable":true,"href":"https:\/\/www.notibras.com\/site\/wp-json\/wp\/v2\/categories?post=329254"},{"taxonomy":"post_tag","embeddable":true,"href":"https:\/\/www.notibras.com\/site\/wp-json\/wp\/v2\/tags?post=329254"}],"curies":[{"name":"wp","href":"https:\/\/api.w.org\/{rel}","templated":true}]}}