{"id":329328,"date":"2024-05-23T05:53:35","date_gmt":"2024-05-23T08:53:35","guid":{"rendered":"https:\/\/www.notibras.com\/site\/?p=329328"},"modified":"2024-05-23T05:53:35","modified_gmt":"2024-05-23T08:53:35","slug":"gorete-viaja-em-vida-para-acabar-como-grauna","status":"publish","type":"post","link":"https:\/\/www.notibras.com\/site\/gorete-viaja-em-vida-para-acabar-como-grauna\/","title":{"rendered":"Gorete viaja em vida para acabar como gra\u00fana"},"content":{"rendered":"<p>Gorete, ainda adolescente, come\u00e7ou a desejar ser Marilyn Monroe assim que ouviu que os homens preferem as loiras. Coisas de Hollywood, que parecem querer atentar contra a natureza morena dos cabelos brasileiros. A mulher, ariana do dia primeiro de abril, acreditou na pr\u00f3pria mentira quando tacou \u00e1gua oxigenada nos fios.<\/p>\n<p>Ficou loira, \u00e9 verdade, at\u00e9 que passou uma manh\u00e3 inteira no clube. E, entre um mergulho e outro na piscina, viu suas mechas se tornarem verde. Verde que nem polpa de abacate maduro. Que horror! Foi aquela zoa\u00e7\u00e3o dos amigos.<\/p>\n<p>A mulher, assim que recebeu o primeiro sal\u00e1rio no emprego de balconista, comprou uma tintura na farm\u00e1cia. Loiro platinado, que faria qualquer estrela de cinema reconhec\u00ea-la como igual. Chamou a aten\u00e7\u00e3o dos rapazes, que passaram a cham\u00e1-la de Loira, Loirinha, at\u00e9 que, por economia de vogal, ficou L\u00f4ra.<\/p>\n<p>Aos 30 anos, L\u00f4ra nem mais se lembrava de que seus cabelos naturais eram negros que nem gra\u00fana. Tanto \u00e9 que chegava a sonhar com seus tempos de menina loirinha correndo pelas ruas do bairro, rodeada de crian\u00e7as de cabelos escuros. Ela, naturalmente, se destacava.<\/p>\n<p>Certo ver\u00e3o, l\u00e1 estava a mulher deitada em frente \u00e0 praia de Tamba\u00fa, na linda Jo\u00e3o Pessoa, quando um homem passou e lhe pediu uma informa\u00e7\u00e3o. L\u00f4ra logo percebeu que o gajo n\u00e3o era daquelas bandas, n\u00e3o apenas pela l\u00edngua desconhecida. Ingl\u00eas? \u00c9 que o dito cujo era t\u00e3o loiro como as madeixas da mulher.<\/p>\n<p>Nada de ingl\u00eas. O sujeito era sueco. E, apesar da discrep\u00e2ncia dos idiomas, aqueles dois acabaram se entendendo em suas loirices. Da praia para o quiosque logo ali foi um pulo. A conversa ficou mais comprida do que o esperado e, cinco meses ap\u00f3s, j\u00e1 estavam casados.<\/p>\n<p>A princ\u00edpio, o casal foi morar na Su\u00e9cia, mas o frio de Estocolmo era t\u00e3o intenso, que L\u00f4ra n\u00e3o aguentou. Voltaram e foram morar em Salvador, onde o marido poderia trabalhar. Por sorte, ele era funcion\u00e1rio de uma empresa com filial na capital baiana.<\/p>\n<p>Quase cinco anos de casados, aqueles dois tiveram uma grata surpresa em abril de 1982. L\u00f4ra estava gr\u00e1vida. Que felicidade para aquele casal t\u00e3o loiro. E, para completar tamanha felicidade, eis que, quando chegou a hora, nasceu uma linda menina. A cor dos cabelos? Bem, certamente por conta desses estranhos acordos gen\u00e9ticos, a garota nasceu naturalmente loira.<\/p>\n<p>O tempo daquela gente de cabelos amarelos continuou reluzindo que nem ouro. Perto de completar 70 anos, L\u00f4ra e o marido foram visitar a filha, que estava planejando se casar. Pois \u00e9, aquela garotinha loira, agora aos 30, andava de namoro s\u00e9rio com um belo rapaz. Se era loiro ou n\u00e3o, os futuros sogros n\u00e3o sabiam, pois estavam a caminho de Recife, para onde a filha havia se mudado h\u00e1 quase dois anos.<\/p>\n<p>Ansiosa para conhecer o futuro marido da filha, L\u00f4ra n\u00e3o parava de pensar como seria o rapaz. Assim que o ve\u00edculo estacionou, foi a primeira a descer. Foi em dire\u00e7\u00e3o \u00e0 entrada do edif\u00edcio, enquanto o esposo corria esbaforido logo atr\u00e1s. O casal entrou no elevador. L\u00f4ra n\u00e3o parava de apertar o bot\u00e3o do oitavo andar, como se aquilo fosse acelerar a subida.<\/p>\n<p>Assim que a porta do elevador se abriu, l\u00e1 estavam a filha e o futuro genro abra\u00e7ados. L\u00f4ra, ao ver aqueles cabelos enegrecidos, teve um treco. Caiu dura que nem jaca madura. Precisaram chamar uma ambul\u00e2ncia para socorrer a velha.<\/p>\n<p>O m\u00e9dico, depois de atender L\u00f4ra, foi ter com os parentes da paciente. A mulher havia tido um AVC e estava em coma. A situa\u00e7\u00e3o era grave, as expectativas n\u00e3o eram das melhores. Precisariam esperar alguns dias para saber se L\u00f4ra iria reagir com o tratamento.<\/p>\n<p>Os dias viraram semanas, que viraram meses, que completaram anos. Desacreditada pelos m\u00e9dicos, o destino de L\u00f4ra parecia estar tra\u00e7ado. A filha era favor\u00e1vel a desligar os aparelhos para deixar a mulher ir em paz. Mas o esposo, ainda esperan\u00e7oso de que L\u00f4ra iria sair daquela, era contra. Mesmo assim, acabou concordando que no dia primeiro de abril, anivers\u00e1rio de 73 anos da esposa, os aparelhos que mantinham L\u00f4ra viva seriam desconectados da tomada.<\/p>\n<p>E l\u00e1 estavam os familiares se despedindo da parenta, quando algo aconteceu. Os olhos de L\u00f4ra se abriram e ela viu seu reflexo no espelho na parede em frente. Seus cabelos estavam totalmente brancos. Uma l\u00e1grima escorreu pela sua face. Gorete sentiu saudade das madeixas de gra\u00fana.<\/p>\n","protected":false},"excerpt":{"rendered":"<p>Gorete, ainda adolescente, come\u00e7ou a desejar ser Marilyn Monroe assim que ouviu que os homens preferem as loiras. Coisas de Hollywood, que parecem querer atentar contra a natureza morena dos cabelos brasileiros. A mulher, ariana do dia primeiro de abril, acreditou na pr\u00f3pria mentira quando tacou \u00e1gua oxigenada nos fios. Ficou loira, \u00e9 verdade, at\u00e9 [&hellip;]<\/p>\n","protected":false},"author":2,"featured_media":329330,"comment_status":"closed","ping_status":"closed","sticky":false,"template":"","format":"standard","meta":{"_acf_changed":false,"footnotes":""},"categories":[167,165,170,171],"tags":[],"class_list":["post-329328","post","type-post","status-publish","format-standard","has-post-thumbnail","hentry","category-bahia","category-nordeste","category-paraiba-nordeste","category-pernambuco-nordeste"],"acf":[],"_links":{"self":[{"href":"https:\/\/www.notibras.com\/site\/wp-json\/wp\/v2\/posts\/329328","targetHints":{"allow":["GET"]}}],"collection":[{"href":"https:\/\/www.notibras.com\/site\/wp-json\/wp\/v2\/posts"}],"about":[{"href":"https:\/\/www.notibras.com\/site\/wp-json\/wp\/v2\/types\/post"}],"author":[{"embeddable":true,"href":"https:\/\/www.notibras.com\/site\/wp-json\/wp\/v2\/users\/2"}],"replies":[{"embeddable":true,"href":"https:\/\/www.notibras.com\/site\/wp-json\/wp\/v2\/comments?post=329328"}],"version-history":[{"count":1,"href":"https:\/\/www.notibras.com\/site\/wp-json\/wp\/v2\/posts\/329328\/revisions"}],"predecessor-version":[{"id":329331,"href":"https:\/\/www.notibras.com\/site\/wp-json\/wp\/v2\/posts\/329328\/revisions\/329331"}],"wp:featuredmedia":[{"embeddable":true,"href":"https:\/\/www.notibras.com\/site\/wp-json\/wp\/v2\/media\/329330"}],"wp:attachment":[{"href":"https:\/\/www.notibras.com\/site\/wp-json\/wp\/v2\/media?parent=329328"}],"wp:term":[{"taxonomy":"category","embeddable":true,"href":"https:\/\/www.notibras.com\/site\/wp-json\/wp\/v2\/categories?post=329328"},{"taxonomy":"post_tag","embeddable":true,"href":"https:\/\/www.notibras.com\/site\/wp-json\/wp\/v2\/tags?post=329328"}],"curies":[{"name":"wp","href":"https:\/\/api.w.org\/{rel}","templated":true}]}}