{"id":329332,"date":"2024-05-23T05:59:48","date_gmt":"2024-05-23T08:59:48","guid":{"rendered":"https:\/\/www.notibras.com\/site\/?p=329332"},"modified":"2024-05-23T05:59:48","modified_gmt":"2024-05-23T08:59:48","slug":"vaidade-mata-banda-e-padaria-vira-ganha-pao","status":"publish","type":"post","link":"https:\/\/www.notibras.com\/site\/vaidade-mata-banda-e-padaria-vira-ganha-pao\/","title":{"rendered":"Vaidade mata banda e padaria vira ganha p\u00e3o"},"content":{"rendered":"<p>N\u00e3o sei se acontece com voc\u00ea, mas, do nada, algum momento do passado bem long\u00ednquo vem \u00e0 tona. Comigo aconteceu h\u00e1 pouco, enquanto estava sentado na cadeira do barbeiro, que tesourava avidamente o pouco dos cabelos que ainda me restam. Se tivesse bom senso, me cobraria a metade do pre\u00e7o.<\/p>\n<p>Mas deixemos a minha avan\u00e7ada calv\u00edcie de lado, mesmo porque o que a mem\u00f3ria me trouxe foram tempos de vastas cabeleira ao som do bom e velho rock and roll. Nessa \u00e9poca, eu tentava aprender os primeiros acordes na guitarra. Os dedos do\u00edam apertando as cordas, mas era quest\u00e3o de honra resistir, mesmo porque o sonho era ser um astro do rock ou, ao menos, viver de m\u00fasica.<\/p>\n<p>Mam\u00e3e, apesar de n\u00e3o ser contra a ideia, preferia se manter calada. J\u00e1 o meu pai, do alto da sua autoridade, parecia interpretar algum papel em novela mexicana: &#8220;Joaquim, na minha opini\u00e3o, que certamente n\u00e3o \u00e9 relevante para quem quer que seja, voc\u00ea deveria largar essa coisa de querer ser artista.&#8221;<\/p>\n<p>Apesar do balde de \u00e1gua fria, insisti na busca pela fama. N\u00e3o vou aqui dizer que n\u00e3o cheguei perto. Cheguei quase l\u00e1. Banda formada, gravei dois discos com meus companheiros. Tocamos na r\u00e1dio, aparecemos em programas de televis\u00e3o. Est\u00e1vamos no caminho certo, at\u00e9 que, por uma dessas raridades que acontecem sempre, eis que o grupo degringolou por pura vaidade.<\/p>\n<p>Alberico, o cantor, come\u00e7ou a se achar o \u00faltimo biscoito do pacote. Queria aparecer mais do que o resto da banda e, iludido pelo sucesso repentino, n\u00e3o suportou o fracasso do nosso segundo disco. Ainda t\u00ednhamos g\u00e1s para um terceiro \u00e1lbum, mas o nosso crooner resolveu pular do 14\u00aa andar do hotel onde est\u00e1vamos hospedados. Tirando o susto da queda, parece que n\u00e3o sofreu. Morreu na hora com a parada repentina na cal\u00e7ada.<\/p>\n<p>Todos n\u00f3s, abalados pela trag\u00e9dia, resolvemos dar um tempo. As semanas se transformaram em meses, que completaram mais de ano. At\u00e9 que, quando propus retomarmos a carreira, o baixista havia passado em um concurso p\u00fablico. Quanto ao baterista, acabou entrando para uma nova banda e seguiu seu caminho. Fez muito sucesso e suas m\u00fasicas ainda s\u00e3o conhecidas pela nova gera\u00e7\u00e3o.<\/p>\n<p>Hoje sou dono de uma padaria. De vez em quando, algu\u00e9m para na minha frente e fica me olhando como se me conhecesse de algum lugar. Meus amigos dizem que isso acontece porque sou um ex-quase famoso.<\/p>\n","protected":false},"excerpt":{"rendered":"<p>N\u00e3o sei se acontece com voc\u00ea, mas, do nada, algum momento do passado bem long\u00ednquo vem \u00e0 tona. Comigo aconteceu h\u00e1 pouco, enquanto estava sentado na cadeira do barbeiro, que tesourava avidamente o pouco dos cabelos que ainda me restam. Se tivesse bom senso, me cobraria a metade do pre\u00e7o. Mas deixemos a minha avan\u00e7ada [&hellip;]<\/p>\n","protected":false},"author":2,"featured_media":329333,"comment_status":"closed","ping_status":"closed","sticky":false,"template":"","format":"standard","meta":{"_acf_changed":false,"footnotes":""},"categories":[161],"tags":[],"class_list":["post-329332","post","type-post","status-publish","format-standard","has-post-thumbnail","hentry","category-quadradinho-em-foco"],"acf":[],"yoast_head":"<!-- This site is optimized with the Yoast SEO plugin v27.5 - https:\/\/yoast.com\/product\/yoast-seo-wordpress\/ -->\n<title>Vaidade mata banda e padaria vira ganha p\u00e3o - Notibras<\/title>\n<meta name=\"robots\" content=\"index, follow, max-snippet:-1, max-image-preview:large, max-video-preview:-1\" \/>\n<link rel=\"canonical\" href=\"https:\/\/www.notibras.com\/site\/vaidade-mata-banda-e-padaria-vira-ganha-pao\/\" \/>\n<meta property=\"og:locale\" content=\"pt_BR\" \/>\n<meta property=\"og:type\" content=\"article\" \/>\n<meta property=\"og:title\" content=\"Vaidade mata banda e padaria vira ganha p\u00e3o - Notibras\" \/>\n<meta property=\"og:description\" content=\"N\u00e3o sei se acontece com voc\u00ea, mas, do nada, algum momento do passado bem long\u00ednquo vem \u00e0 tona. Comigo aconteceu h\u00e1 pouco, enquanto estava sentado na cadeira do barbeiro, que tesourava avidamente o pouco dos cabelos que ainda me restam. Se tivesse bom senso, me cobraria a metade do pre\u00e7o. Mas deixemos a minha avan\u00e7ada [&hellip;]\" \/>\n<meta property=\"og:url\" content=\"https:\/\/www.notibras.com\/site\/vaidade-mata-banda-e-padaria-vira-ganha-pao\/\" \/>\n<meta property=\"og:site_name\" content=\"Notibras\" \/>\n<meta property=\"article:publisher\" content=\"https:\/\/www.facebook.com\/notibras\/\" \/>\n<meta property=\"article:published_time\" content=\"2024-05-23T08:59:48+00:00\" \/>\n<meta property=\"og:image\" content=\"https:\/\/www.notibras.com\/site\/wp-content\/uploads\/2024\/05\/c0dddaf1-6d97-4cfb-88e5-839c2390d87e.jpeg\" \/>\n\t<meta property=\"og:image:width\" content=\"1080\" \/>\n\t<meta property=\"og:image:height\" content=\"1080\" \/>\n\t<meta property=\"og:image:type\" content=\"image\/jpeg\" \/>\n<meta name=\"author\" content=\"Reda\u00e7\u00e3o\" \/>\n<meta name=\"twitter:card\" content=\"summary_large_image\" \/>\n<meta name=\"twitter:creator\" content=\"@Notibras\" \/>\n<meta name=\"twitter:site\" content=\"@Notibras\" \/>\n<meta name=\"twitter:label1\" content=\"Escrito por\" \/>\n\t<meta name=\"twitter:data1\" content=\"Reda\u00e7\u00e3o\" \/>\n\t<meta name=\"twitter:label2\" content=\"Est. tempo de leitura\" \/>\n\t<meta name=\"twitter:data2\" content=\"3 minutos\" \/>\n<script type=\"application\/ld+json\" class=\"yoast-schema-graph\">{\"@context\":\"https:\\\/\\\/schema.org\",\"@graph\":[{\"@type\":\"Article\",\"@id\":\"https:\\\/\\\/www.notibras.com\\\/site\\\/vaidade-mata-banda-e-padaria-vira-ganha-pao\\\/#article\",\"isPartOf\":{\"@id\":\"https:\\\/\\\/www.notibras.com\\\/site\\\/vaidade-mata-banda-e-padaria-vira-ganha-pao\\\/\"},\"author\":{\"name\":\"Reda\u00e7\u00e3o\",\"@id\":\"https:\\\/\\\/www.notibras.com\\\/site\\\/#\\\/schema\\\/person\\\/36ab0979449956132d3e5b517ea76ac8\"},\"headline\":\"Vaidade mata banda e padaria vira ganha p\u00e3o\",\"datePublished\":\"2024-05-23T08:59:48+00:00\",\"mainEntityOfPage\":{\"@id\":\"https:\\\/\\\/www.notibras.com\\\/site\\\/vaidade-mata-banda-e-padaria-vira-ganha-pao\\\/\"},\"wordCount\":436,\"publisher\":{\"@id\":\"https:\\\/\\\/www.notibras.com\\\/site\\\/#organization\"},\"image\":{\"@id\":\"https:\\\/\\\/www.notibras.com\\\/site\\\/vaidade-mata-banda-e-padaria-vira-ganha-pao\\\/#primaryimage\"},\"thumbnailUrl\":\"https:\\\/\\\/www.notibras.com\\\/site\\\/wp-content\\\/uploads\\\/2024\\\/05\\\/c0dddaf1-6d97-4cfb-88e5-839c2390d87e.jpeg\",\"articleSection\":[\"Quadradinho em Foco\"],\"inLanguage\":\"pt-BR\"},{\"@type\":\"WebPage\",\"@id\":\"https:\\\/\\\/www.notibras.com\\\/site\\\/vaidade-mata-banda-e-padaria-vira-ganha-pao\\\/\",\"url\":\"https:\\\/\\\/www.notibras.com\\\/site\\\/vaidade-mata-banda-e-padaria-vira-ganha-pao\\\/\",\"name\":\"Vaidade mata banda e padaria vira ganha p\u00e3o - Notibras\",\"isPartOf\":{\"@id\":\"https:\\\/\\\/www.notibras.com\\\/site\\\/#website\"},\"primaryImageOfPage\":{\"@id\":\"https:\\\/\\\/www.notibras.com\\\/site\\\/vaidade-mata-banda-e-padaria-vira-ganha-pao\\\/#primaryimage\"},\"image\":{\"@id\":\"https:\\\/\\\/www.notibras.com\\\/site\\\/vaidade-mata-banda-e-padaria-vira-ganha-pao\\\/#primaryimage\"},\"thumbnailUrl\":\"https:\\\/\\\/www.notibras.com\\\/site\\\/wp-content\\\/uploads\\\/2024\\\/05\\\/c0dddaf1-6d97-4cfb-88e5-839c2390d87e.jpeg\",\"datePublished\":\"2024-05-23T08:59:48+00:00\",\"breadcrumb\":{\"@id\":\"https:\\\/\\\/www.notibras.com\\\/site\\\/vaidade-mata-banda-e-padaria-vira-ganha-pao\\\/#breadcrumb\"},\"inLanguage\":\"pt-BR\",\"potentialAction\":[{\"@type\":\"ReadAction\",\"target\":[\"https:\\\/\\\/www.notibras.com\\\/site\\\/vaidade-mata-banda-e-padaria-vira-ganha-pao\\\/\"]}]},{\"@type\":\"ImageObject\",\"inLanguage\":\"pt-BR\",\"@id\":\"https:\\\/\\\/www.notibras.com\\\/site\\\/vaidade-mata-banda-e-padaria-vira-ganha-pao\\\/#primaryimage\",\"url\":\"https:\\\/\\\/www.notibras.com\\\/site\\\/wp-content\\\/uploads\\\/2024\\\/05\\\/c0dddaf1-6d97-4cfb-88e5-839c2390d87e.jpeg\",\"contentUrl\":\"https:\\\/\\\/www.notibras.com\\\/site\\\/wp-content\\\/uploads\\\/2024\\\/05\\\/c0dddaf1-6d97-4cfb-88e5-839c2390d87e.jpeg\",\"width\":1080,\"height\":1080},{\"@type\":\"BreadcrumbList\",\"@id\":\"https:\\\/\\\/www.notibras.com\\\/site\\\/vaidade-mata-banda-e-padaria-vira-ganha-pao\\\/#breadcrumb\",\"itemListElement\":[{\"@type\":\"ListItem\",\"position\":1,\"name\":\"In\u00edcio\",\"item\":\"https:\\\/\\\/www.notibras.com\\\/site\\\/\"},{\"@type\":\"ListItem\",\"position\":2,\"name\":\"Vaidade mata banda e padaria vira ganha p\u00e3o\"}]},{\"@type\":\"WebSite\",\"@id\":\"https:\\\/\\\/www.notibras.com\\\/site\\\/#website\",\"url\":\"https:\\\/\\\/www.notibras.com\\\/site\\\/\",\"name\":\"Notibras\",\"description\":\"Not\u00edcias de Bras\u00edlia, do Brasil e do Mundo\",\"publisher\":{\"@id\":\"https:\\\/\\\/www.notibras.com\\\/site\\\/#organization\"},\"potentialAction\":[{\"@type\":\"SearchAction\",\"target\":{\"@type\":\"EntryPoint\",\"urlTemplate\":\"https:\\\/\\\/www.notibras.com\\\/site\\\/?s={search_term_string}\"},\"query-input\":{\"@type\":\"PropertyValueSpecification\",\"valueRequired\":true,\"valueName\":\"search_term_string\"}}],\"inLanguage\":\"pt-BR\"},{\"@type\":\"Organization\",\"@id\":\"https:\\\/\\\/www.notibras.com\\\/site\\\/#organization\",\"name\":\"Grupo Notibras de Comunica\u00e7\u00e3o\",\"url\":\"https:\\\/\\\/www.notibras.com\\\/site\\\/\",\"logo\":{\"@type\":\"ImageObject\",\"inLanguage\":\"pt-BR\",\"@id\":\"https:\\\/\\\/www.notibras.com\\\/site\\\/#\\\/schema\\\/logo\\\/image\\\/\",\"url\":\"https:\\\/\\\/www.notibras.com\\\/site\\\/wp-content\\\/uploads\\\/2023\\\/01\\\/notibras23.png\",\"contentUrl\":\"https:\\\/\\\/www.notibras.com\\\/site\\\/wp-content\\\/uploads\\\/2023\\\/01\\\/notibras23.png\",\"width\":350,\"height\":87,\"caption\":\"Grupo Notibras de Comunica\u00e7\u00e3o\"},\"image\":{\"@id\":\"https:\\\/\\\/www.notibras.com\\\/site\\\/#\\\/schema\\\/logo\\\/image\\\/\"},\"sameAs\":[\"https:\\\/\\\/www.facebook.com\\\/notibras\\\/\",\"https:\\\/\\\/x.com\\\/Notibras\",\"https:\\\/\\\/www.instagram.com\\\/notibras\\\/\"]},{\"@type\":\"Person\",\"@id\":\"https:\\\/\\\/www.notibras.com\\\/site\\\/#\\\/schema\\\/person\\\/36ab0979449956132d3e5b517ea76ac8\",\"name\":\"Reda\u00e7\u00e3o\",\"image\":{\"@type\":\"ImageObject\",\"inLanguage\":\"pt-BR\",\"@id\":\"https:\\\/\\\/secure.gravatar.com\\\/avatar\\\/e0a867bdedb85fd243eadf09663511f96fc81e0720a4a42581f334ad4303aa6b?s=96&d=mm&r=g\",\"url\":\"https:\\\/\\\/secure.gravatar.com\\\/avatar\\\/e0a867bdedb85fd243eadf09663511f96fc81e0720a4a42581f334ad4303aa6b?s=96&d=mm&r=g\",\"contentUrl\":\"https:\\\/\\\/secure.gravatar.com\\\/avatar\\\/e0a867bdedb85fd243eadf09663511f96fc81e0720a4a42581f334ad4303aa6b?s=96&d=mm&r=g\",\"caption\":\"Reda\u00e7\u00e3o\"}}]}<\/script>\n<!-- \/ Yoast SEO plugin. -->","yoast_head_json":{"title":"Vaidade mata banda e padaria vira ganha p\u00e3o - Notibras","robots":{"index":"index","follow":"follow","max-snippet":"max-snippet:-1","max-image-preview":"max-image-preview:large","max-video-preview":"max-video-preview:-1"},"canonical":"https:\/\/www.notibras.com\/site\/vaidade-mata-banda-e-padaria-vira-ganha-pao\/","og_locale":"pt_BR","og_type":"article","og_title":"Vaidade mata banda e padaria vira ganha p\u00e3o - Notibras","og_description":"N\u00e3o sei se acontece com voc\u00ea, mas, do nada, algum momento do passado bem long\u00ednquo vem \u00e0 tona. Comigo aconteceu h\u00e1 pouco, enquanto estava sentado na cadeira do barbeiro, que tesourava avidamente o pouco dos cabelos que ainda me restam. Se tivesse bom senso, me cobraria a metade do pre\u00e7o. Mas deixemos a minha avan\u00e7ada [&hellip;]","og_url":"https:\/\/www.notibras.com\/site\/vaidade-mata-banda-e-padaria-vira-ganha-pao\/","og_site_name":"Notibras","article_publisher":"https:\/\/www.facebook.com\/notibras\/","article_published_time":"2024-05-23T08:59:48+00:00","og_image":[{"width":1080,"height":1080,"url":"https:\/\/www.notibras.com\/site\/wp-content\/uploads\/2024\/05\/c0dddaf1-6d97-4cfb-88e5-839c2390d87e.jpeg","type":"image\/jpeg"}],"author":"Reda\u00e7\u00e3o","twitter_card":"summary_large_image","twitter_creator":"@Notibras","twitter_site":"@Notibras","twitter_misc":{"Escrito por":"Reda\u00e7\u00e3o","Est. tempo de leitura":"3 minutos"},"schema":{"@context":"https:\/\/schema.org","@graph":[{"@type":"Article","@id":"https:\/\/www.notibras.com\/site\/vaidade-mata-banda-e-padaria-vira-ganha-pao\/#article","isPartOf":{"@id":"https:\/\/www.notibras.com\/site\/vaidade-mata-banda-e-padaria-vira-ganha-pao\/"},"author":{"name":"Reda\u00e7\u00e3o","@id":"https:\/\/www.notibras.com\/site\/#\/schema\/person\/36ab0979449956132d3e5b517ea76ac8"},"headline":"Vaidade mata banda e padaria vira ganha p\u00e3o","datePublished":"2024-05-23T08:59:48+00:00","mainEntityOfPage":{"@id":"https:\/\/www.notibras.com\/site\/vaidade-mata-banda-e-padaria-vira-ganha-pao\/"},"wordCount":436,"publisher":{"@id":"https:\/\/www.notibras.com\/site\/#organization"},"image":{"@id":"https:\/\/www.notibras.com\/site\/vaidade-mata-banda-e-padaria-vira-ganha-pao\/#primaryimage"},"thumbnailUrl":"https:\/\/www.notibras.com\/site\/wp-content\/uploads\/2024\/05\/c0dddaf1-6d97-4cfb-88e5-839c2390d87e.jpeg","articleSection":["Quadradinho em Foco"],"inLanguage":"pt-BR"},{"@type":"WebPage","@id":"https:\/\/www.notibras.com\/site\/vaidade-mata-banda-e-padaria-vira-ganha-pao\/","url":"https:\/\/www.notibras.com\/site\/vaidade-mata-banda-e-padaria-vira-ganha-pao\/","name":"Vaidade mata banda e padaria vira ganha p\u00e3o - Notibras","isPartOf":{"@id":"https:\/\/www.notibras.com\/site\/#website"},"primaryImageOfPage":{"@id":"https:\/\/www.notibras.com\/site\/vaidade-mata-banda-e-padaria-vira-ganha-pao\/#primaryimage"},"image":{"@id":"https:\/\/www.notibras.com\/site\/vaidade-mata-banda-e-padaria-vira-ganha-pao\/#primaryimage"},"thumbnailUrl":"https:\/\/www.notibras.com\/site\/wp-content\/uploads\/2024\/05\/c0dddaf1-6d97-4cfb-88e5-839c2390d87e.jpeg","datePublished":"2024-05-23T08:59:48+00:00","breadcrumb":{"@id":"https:\/\/www.notibras.com\/site\/vaidade-mata-banda-e-padaria-vira-ganha-pao\/#breadcrumb"},"inLanguage":"pt-BR","potentialAction":[{"@type":"ReadAction","target":["https:\/\/www.notibras.com\/site\/vaidade-mata-banda-e-padaria-vira-ganha-pao\/"]}]},{"@type":"ImageObject","inLanguage":"pt-BR","@id":"https:\/\/www.notibras.com\/site\/vaidade-mata-banda-e-padaria-vira-ganha-pao\/#primaryimage","url":"https:\/\/www.notibras.com\/site\/wp-content\/uploads\/2024\/05\/c0dddaf1-6d97-4cfb-88e5-839c2390d87e.jpeg","contentUrl":"https:\/\/www.notibras.com\/site\/wp-content\/uploads\/2024\/05\/c0dddaf1-6d97-4cfb-88e5-839c2390d87e.jpeg","width":1080,"height":1080},{"@type":"BreadcrumbList","@id":"https:\/\/www.notibras.com\/site\/vaidade-mata-banda-e-padaria-vira-ganha-pao\/#breadcrumb","itemListElement":[{"@type":"ListItem","position":1,"name":"In\u00edcio","item":"https:\/\/www.notibras.com\/site\/"},{"@type":"ListItem","position":2,"name":"Vaidade mata banda e padaria vira ganha p\u00e3o"}]},{"@type":"WebSite","@id":"https:\/\/www.notibras.com\/site\/#website","url":"https:\/\/www.notibras.com\/site\/","name":"Notibras","description":"Not\u00edcias de Bras\u00edlia, do Brasil e do Mundo","publisher":{"@id":"https:\/\/www.notibras.com\/site\/#organization"},"potentialAction":[{"@type":"SearchAction","target":{"@type":"EntryPoint","urlTemplate":"https:\/\/www.notibras.com\/site\/?s={search_term_string}"},"query-input":{"@type":"PropertyValueSpecification","valueRequired":true,"valueName":"search_term_string"}}],"inLanguage":"pt-BR"},{"@type":"Organization","@id":"https:\/\/www.notibras.com\/site\/#organization","name":"Grupo Notibras de Comunica\u00e7\u00e3o","url":"https:\/\/www.notibras.com\/site\/","logo":{"@type":"ImageObject","inLanguage":"pt-BR","@id":"https:\/\/www.notibras.com\/site\/#\/schema\/logo\/image\/","url":"https:\/\/www.notibras.com\/site\/wp-content\/uploads\/2023\/01\/notibras23.png","contentUrl":"https:\/\/www.notibras.com\/site\/wp-content\/uploads\/2023\/01\/notibras23.png","width":350,"height":87,"caption":"Grupo Notibras de Comunica\u00e7\u00e3o"},"image":{"@id":"https:\/\/www.notibras.com\/site\/#\/schema\/logo\/image\/"},"sameAs":["https:\/\/www.facebook.com\/notibras\/","https:\/\/x.com\/Notibras","https:\/\/www.instagram.com\/notibras\/"]},{"@type":"Person","@id":"https:\/\/www.notibras.com\/site\/#\/schema\/person\/36ab0979449956132d3e5b517ea76ac8","name":"Reda\u00e7\u00e3o","image":{"@type":"ImageObject","inLanguage":"pt-BR","@id":"https:\/\/secure.gravatar.com\/avatar\/e0a867bdedb85fd243eadf09663511f96fc81e0720a4a42581f334ad4303aa6b?s=96&d=mm&r=g","url":"https:\/\/secure.gravatar.com\/avatar\/e0a867bdedb85fd243eadf09663511f96fc81e0720a4a42581f334ad4303aa6b?s=96&d=mm&r=g","contentUrl":"https:\/\/secure.gravatar.com\/avatar\/e0a867bdedb85fd243eadf09663511f96fc81e0720a4a42581f334ad4303aa6b?s=96&d=mm&r=g","caption":"Reda\u00e7\u00e3o"}}]}},"amp_enabled":true,"_links":{"self":[{"href":"https:\/\/www.notibras.com\/site\/wp-json\/wp\/v2\/posts\/329332","targetHints":{"allow":["GET"]}}],"collection":[{"href":"https:\/\/www.notibras.com\/site\/wp-json\/wp\/v2\/posts"}],"about":[{"href":"https:\/\/www.notibras.com\/site\/wp-json\/wp\/v2\/types\/post"}],"author":[{"embeddable":true,"href":"https:\/\/www.notibras.com\/site\/wp-json\/wp\/v2\/users\/2"}],"replies":[{"embeddable":true,"href":"https:\/\/www.notibras.com\/site\/wp-json\/wp\/v2\/comments?post=329332"}],"version-history":[{"count":1,"href":"https:\/\/www.notibras.com\/site\/wp-json\/wp\/v2\/posts\/329332\/revisions"}],"predecessor-version":[{"id":329334,"href":"https:\/\/www.notibras.com\/site\/wp-json\/wp\/v2\/posts\/329332\/revisions\/329334"}],"wp:featuredmedia":[{"embeddable":true,"href":"https:\/\/www.notibras.com\/site\/wp-json\/wp\/v2\/media\/329333"}],"wp:attachment":[{"href":"https:\/\/www.notibras.com\/site\/wp-json\/wp\/v2\/media?parent=329332"}],"wp:term":[{"taxonomy":"category","embeddable":true,"href":"https:\/\/www.notibras.com\/site\/wp-json\/wp\/v2\/categories?post=329332"},{"taxonomy":"post_tag","embeddable":true,"href":"https:\/\/www.notibras.com\/site\/wp-json\/wp\/v2\/tags?post=329332"}],"curies":[{"name":"wp","href":"https:\/\/api.w.org\/{rel}","templated":true}]}}