{"id":329354,"date":"2024-05-23T00:00:28","date_gmt":"2024-05-23T03:00:28","guid":{"rendered":"https:\/\/www.notibras.com\/site\/?p=329354"},"modified":"2024-05-23T06:52:02","modified_gmt":"2024-05-23T09:52:02","slug":"marcha-da-cut-defende-servidores-publicos-e-autonomos","status":"publish","type":"post","link":"https:\/\/www.notibras.com\/site\/marcha-da-cut-defende-servidores-publicos-e-autonomos\/","title":{"rendered":"Marcha da CUT defende servidores p\u00fablicos e aut\u00f4nomos"},"content":{"rendered":"<p>Cerca de 20 mil trabalhadores, segundo a Central \u00danica dos Trabalhadores (CUT), participaram nesta quarta-feira (22) da Marcha da Classe Trabalhadora, evento no qual s\u00e3o apresentadas reivindica\u00e7\u00f5es voltadas tanto para servidores p\u00fablicos quanto para trabalhadores aut\u00f4nomos e da iniciativa privada.<\/p>\n<p>Entre as reivindica\u00e7\u00f5es, destacam-se a revoga\u00e7\u00e3o das reformas trabalhista, previdenci\u00e1ria e da Lei das Terceiriza\u00e7\u00f5es, o pedido de arquivamento definitivo da Proposta de Emenda \u00e0 Constitui\u00e7\u00e3o (PEC) 32, que altera regras para futuros servidores e para a administra\u00e7\u00e3o p\u00fablica, e a revis\u00e3o da atual pol\u00edtica salarial do governo.<\/p>\n<p>\u201cH\u00e1 projetos tramitando no Congresso Nacional que s\u00e3o muito caros ao movimento sindical. Isso \u00e9 algo a que estamos muito atentos\u201d, disse o presidente da CUT, S\u00e9rgio Nobre. Ele destaca tamb\u00e9m, entre as demandas defendidas pela entidade, uma nova legisla\u00e7\u00e3o que estenda aos servidores p\u00fablicos o direito de negocia\u00e7\u00e3o coletiva.<\/p>\n<p>\u201cAt\u00e9 hoje n\u00e3o temos isso [no \u00e2mbito federal]. \u00c9 algo inexistente tamb\u00e9m em praticamente em todos os estados e munic\u00edpios. Por isso, precisamos estimular esse tipo de negocia\u00e7\u00e3o entre servidores municipais e prefeitos, bem como entre servidores estaduais e governadores\u201d, acrescentou.<\/p>\n<p><strong>Modelo sindical<\/strong><br \/>\nA CUT defende tamb\u00e9m a atualiza\u00e7\u00e3o do modelo sindical brasileiro. \u201cEstamos falando de um modelo institu\u00eddo na d\u00e9cada de 1940, criado para representar aqueles trabalhadores e basicamente formado por dois grupos: os de carteira assinada e os de concursados\u201d, disse.<\/p>\n<p>\u201cHoje, mais da metade dos trabalhadores n\u00e3o est\u00e3o nessa condi\u00e7\u00e3o. S\u00e3o pessoas jur\u00eddicas, aut\u00f4nomos, pescadores, agricultores familiares. \u00c9 uma gama enorme de trabalhadores que est\u00e3o fora do sistema de prote\u00e7\u00e3o. Queremos que eles, a exemplo dos motoristas de aplicativo, sejam reconhecidos como categoria e que possam fazer parte desse sistema, inclusive para reivindicar direitos que s\u00e3o fundamentais aos trabalhadores\u201d, complementou.<\/p>\n<p><strong>\u201cN\u00e3o h\u00e1 democracia sem sindicatos\u201d<\/strong><br \/>\nOutro ponto defendido pela CUT \u00e9 a recupera\u00e7\u00e3o do financiamento da atividade sindical. \u201cN\u00e3o h\u00e1 democracia sem sindicatos. No entanto, desde o golpe de 2016, com a reforma trabalhista feita por Michel Temer, perdemos 95% de nossas fontes de financiamento, e n\u00e3o colocaram nada no lugar. Precisamos recuperar financiamento at\u00e9 para defender a democracia\u201d, argumentou S\u00e9rgio Nobre.<\/p>\n<p>A pauta apresentada pela CUT defende tamb\u00e9m a revoga\u00e7\u00e3o do novo ensino m\u00e9dio; a valoriza\u00e7\u00e3o do servi\u00e7o p\u00fablico; a redu\u00e7\u00e3o da jornada de trabalho; igualdade salarial entre homens e mulheres; menos impostos para trabalhadores; corre\u00e7\u00e3o da tabela do Imposto de Renda; queda nos juros; valoriza\u00e7\u00e3o do sal\u00e1rio m\u00ednimo e das aposentadorias, entre outros pontos.<\/p>\n","protected":false},"excerpt":{"rendered":"<p>Cerca de 20 mil trabalhadores, segundo a Central \u00danica dos Trabalhadores (CUT), participaram nesta quarta-feira (22) da Marcha da Classe Trabalhadora, evento no qual s\u00e3o apresentadas reivindica\u00e7\u00f5es voltadas tanto para servidores p\u00fablicos quanto para trabalhadores aut\u00f4nomos e da iniciativa privada. Entre as reivindica\u00e7\u00f5es, destacam-se a revoga\u00e7\u00e3o das reformas trabalhista, previdenci\u00e1ria e da Lei das Terceiriza\u00e7\u00f5es, [&hellip;]<\/p>\n","protected":false},"author":2,"featured_media":329355,"comment_status":"closed","ping_status":"closed","sticky":false,"template":"","format":"standard","meta":{"_acf_changed":false,"footnotes":""},"categories":[161],"tags":[],"class_list":["post-329354","post","type-post","status-publish","format-standard","has-post-thumbnail","hentry","category-quadradinho-em-foco"],"acf":[],"yoast_head":"<!-- This site is optimized with the Yoast SEO plugin v27.5 - https:\/\/yoast.com\/product\/yoast-seo-wordpress\/ -->\n<title>Marcha da CUT defende servidores p\u00fablicos e aut\u00f4nomos - Notibras<\/title>\n<meta name=\"robots\" content=\"index, follow, max-snippet:-1, max-image-preview:large, max-video-preview:-1\" \/>\n<link rel=\"canonical\" href=\"https:\/\/www.notibras.com\/site\/marcha-da-cut-defende-servidores-publicos-e-autonomos\/\" \/>\n<meta property=\"og:locale\" content=\"pt_BR\" \/>\n<meta property=\"og:type\" content=\"article\" \/>\n<meta property=\"og:title\" content=\"Marcha da CUT defende servidores p\u00fablicos e aut\u00f4nomos - Notibras\" \/>\n<meta property=\"og:description\" content=\"Cerca de 20 mil trabalhadores, segundo a Central \u00danica dos Trabalhadores (CUT), participaram nesta quarta-feira (22) da Marcha da Classe Trabalhadora, evento no qual s\u00e3o apresentadas reivindica\u00e7\u00f5es voltadas tanto para servidores p\u00fablicos quanto para trabalhadores aut\u00f4nomos e da iniciativa privada. Entre as reivindica\u00e7\u00f5es, destacam-se a revoga\u00e7\u00e3o das reformas trabalhista, previdenci\u00e1ria e da Lei das Terceiriza\u00e7\u00f5es, [&hellip;]\" \/>\n<meta property=\"og:url\" content=\"https:\/\/www.notibras.com\/site\/marcha-da-cut-defende-servidores-publicos-e-autonomos\/\" \/>\n<meta property=\"og:site_name\" content=\"Notibras\" \/>\n<meta property=\"article:publisher\" content=\"https:\/\/www.facebook.com\/notibras\/\" \/>\n<meta property=\"article:published_time\" content=\"2024-05-23T03:00:28+00:00\" \/>\n<meta property=\"article:modified_time\" content=\"2024-05-23T09:52:02+00:00\" \/>\n<meta property=\"og:image\" content=\"https:\/\/www.notibras.com\/site\/wp-content\/uploads\/2024\/05\/cut.marchadf.webp\" \/>\n\t<meta property=\"og:image:width\" content=\"1170\" \/>\n\t<meta property=\"og:image:height\" content=\"700\" \/>\n\t<meta property=\"og:image:type\" content=\"image\/webp\" \/>\n<meta name=\"author\" content=\"Reda\u00e7\u00e3o\" \/>\n<meta name=\"twitter:card\" content=\"summary_large_image\" \/>\n<meta name=\"twitter:creator\" content=\"@Notibras\" \/>\n<meta name=\"twitter:site\" content=\"@Notibras\" \/>\n<meta name=\"twitter:label1\" content=\"Escrito por\" \/>\n\t<meta name=\"twitter:data1\" content=\"Reda\u00e7\u00e3o\" \/>\n\t<meta name=\"twitter:label2\" content=\"Est. tempo de leitura\" \/>\n\t<meta name=\"twitter:data2\" content=\"3 minutos\" \/>\n<script type=\"application\/ld+json\" class=\"yoast-schema-graph\">{\"@context\":\"https:\\\/\\\/schema.org\",\"@graph\":[{\"@type\":\"Article\",\"@id\":\"https:\\\/\\\/www.notibras.com\\\/site\\\/marcha-da-cut-defende-servidores-publicos-e-autonomos\\\/#article\",\"isPartOf\":{\"@id\":\"https:\\\/\\\/www.notibras.com\\\/site\\\/marcha-da-cut-defende-servidores-publicos-e-autonomos\\\/\"},\"author\":{\"name\":\"Reda\u00e7\u00e3o\",\"@id\":\"https:\\\/\\\/www.notibras.com\\\/site\\\/#\\\/schema\\\/person\\\/36ab0979449956132d3e5b517ea76ac8\"},\"headline\":\"Marcha da CUT defende servidores p\u00fablicos e aut\u00f4nomos\",\"datePublished\":\"2024-05-23T03:00:28+00:00\",\"dateModified\":\"2024-05-23T09:52:02+00:00\",\"mainEntityOfPage\":{\"@id\":\"https:\\\/\\\/www.notibras.com\\\/site\\\/marcha-da-cut-defende-servidores-publicos-e-autonomos\\\/\"},\"wordCount\":448,\"publisher\":{\"@id\":\"https:\\\/\\\/www.notibras.com\\\/site\\\/#organization\"},\"image\":{\"@id\":\"https:\\\/\\\/www.notibras.com\\\/site\\\/marcha-da-cut-defende-servidores-publicos-e-autonomos\\\/#primaryimage\"},\"thumbnailUrl\":\"https:\\\/\\\/www.notibras.com\\\/site\\\/wp-content\\\/uploads\\\/2024\\\/05\\\/cut.marchadf.webp\",\"articleSection\":[\"Quadradinho em Foco\"],\"inLanguage\":\"pt-BR\"},{\"@type\":\"WebPage\",\"@id\":\"https:\\\/\\\/www.notibras.com\\\/site\\\/marcha-da-cut-defende-servidores-publicos-e-autonomos\\\/\",\"url\":\"https:\\\/\\\/www.notibras.com\\\/site\\\/marcha-da-cut-defende-servidores-publicos-e-autonomos\\\/\",\"name\":\"Marcha da CUT defende servidores p\u00fablicos e aut\u00f4nomos - Notibras\",\"isPartOf\":{\"@id\":\"https:\\\/\\\/www.notibras.com\\\/site\\\/#website\"},\"primaryImageOfPage\":{\"@id\":\"https:\\\/\\\/www.notibras.com\\\/site\\\/marcha-da-cut-defende-servidores-publicos-e-autonomos\\\/#primaryimage\"},\"image\":{\"@id\":\"https:\\\/\\\/www.notibras.com\\\/site\\\/marcha-da-cut-defende-servidores-publicos-e-autonomos\\\/#primaryimage\"},\"thumbnailUrl\":\"https:\\\/\\\/www.notibras.com\\\/site\\\/wp-content\\\/uploads\\\/2024\\\/05\\\/cut.marchadf.webp\",\"datePublished\":\"2024-05-23T03:00:28+00:00\",\"dateModified\":\"2024-05-23T09:52:02+00:00\",\"breadcrumb\":{\"@id\":\"https:\\\/\\\/www.notibras.com\\\/site\\\/marcha-da-cut-defende-servidores-publicos-e-autonomos\\\/#breadcrumb\"},\"inLanguage\":\"pt-BR\",\"potentialAction\":[{\"@type\":\"ReadAction\",\"target\":[\"https:\\\/\\\/www.notibras.com\\\/site\\\/marcha-da-cut-defende-servidores-publicos-e-autonomos\\\/\"]}]},{\"@type\":\"ImageObject\",\"inLanguage\":\"pt-BR\",\"@id\":\"https:\\\/\\\/www.notibras.com\\\/site\\\/marcha-da-cut-defende-servidores-publicos-e-autonomos\\\/#primaryimage\",\"url\":\"https:\\\/\\\/www.notibras.com\\\/site\\\/wp-content\\\/uploads\\\/2024\\\/05\\\/cut.marchadf.webp\",\"contentUrl\":\"https:\\\/\\\/www.notibras.com\\\/site\\\/wp-content\\\/uploads\\\/2024\\\/05\\\/cut.marchadf.webp\",\"width\":1170,\"height\":700},{\"@type\":\"BreadcrumbList\",\"@id\":\"https:\\\/\\\/www.notibras.com\\\/site\\\/marcha-da-cut-defende-servidores-publicos-e-autonomos\\\/#breadcrumb\",\"itemListElement\":[{\"@type\":\"ListItem\",\"position\":1,\"name\":\"In\u00edcio\",\"item\":\"https:\\\/\\\/www.notibras.com\\\/site\\\/\"},{\"@type\":\"ListItem\",\"position\":2,\"name\":\"Marcha da CUT defende servidores p\u00fablicos e aut\u00f4nomos\"}]},{\"@type\":\"WebSite\",\"@id\":\"https:\\\/\\\/www.notibras.com\\\/site\\\/#website\",\"url\":\"https:\\\/\\\/www.notibras.com\\\/site\\\/\",\"name\":\"Notibras\",\"description\":\"Not\u00edcias de Bras\u00edlia, do Brasil e do Mundo\",\"publisher\":{\"@id\":\"https:\\\/\\\/www.notibras.com\\\/site\\\/#organization\"},\"potentialAction\":[{\"@type\":\"SearchAction\",\"target\":{\"@type\":\"EntryPoint\",\"urlTemplate\":\"https:\\\/\\\/www.notibras.com\\\/site\\\/?s={search_term_string}\"},\"query-input\":{\"@type\":\"PropertyValueSpecification\",\"valueRequired\":true,\"valueName\":\"search_term_string\"}}],\"inLanguage\":\"pt-BR\"},{\"@type\":\"Organization\",\"@id\":\"https:\\\/\\\/www.notibras.com\\\/site\\\/#organization\",\"name\":\"Grupo Notibras de Comunica\u00e7\u00e3o\",\"url\":\"https:\\\/\\\/www.notibras.com\\\/site\\\/\",\"logo\":{\"@type\":\"ImageObject\",\"inLanguage\":\"pt-BR\",\"@id\":\"https:\\\/\\\/www.notibras.com\\\/site\\\/#\\\/schema\\\/logo\\\/image\\\/\",\"url\":\"https:\\\/\\\/www.notibras.com\\\/site\\\/wp-content\\\/uploads\\\/2023\\\/01\\\/notibras23.png\",\"contentUrl\":\"https:\\\/\\\/www.notibras.com\\\/site\\\/wp-content\\\/uploads\\\/2023\\\/01\\\/notibras23.png\",\"width\":350,\"height\":87,\"caption\":\"Grupo Notibras de Comunica\u00e7\u00e3o\"},\"image\":{\"@id\":\"https:\\\/\\\/www.notibras.com\\\/site\\\/#\\\/schema\\\/logo\\\/image\\\/\"},\"sameAs\":[\"https:\\\/\\\/www.facebook.com\\\/notibras\\\/\",\"https:\\\/\\\/x.com\\\/Notibras\",\"https:\\\/\\\/www.instagram.com\\\/notibras\\\/\"]},{\"@type\":\"Person\",\"@id\":\"https:\\\/\\\/www.notibras.com\\\/site\\\/#\\\/schema\\\/person\\\/36ab0979449956132d3e5b517ea76ac8\",\"name\":\"Reda\u00e7\u00e3o\",\"image\":{\"@type\":\"ImageObject\",\"inLanguage\":\"pt-BR\",\"@id\":\"https:\\\/\\\/secure.gravatar.com\\\/avatar\\\/e0a867bdedb85fd243eadf09663511f96fc81e0720a4a42581f334ad4303aa6b?s=96&d=mm&r=g\",\"url\":\"https:\\\/\\\/secure.gravatar.com\\\/avatar\\\/e0a867bdedb85fd243eadf09663511f96fc81e0720a4a42581f334ad4303aa6b?s=96&d=mm&r=g\",\"contentUrl\":\"https:\\\/\\\/secure.gravatar.com\\\/avatar\\\/e0a867bdedb85fd243eadf09663511f96fc81e0720a4a42581f334ad4303aa6b?s=96&d=mm&r=g\",\"caption\":\"Reda\u00e7\u00e3o\"}}]}<\/script>\n<!-- \/ Yoast SEO plugin. -->","yoast_head_json":{"title":"Marcha da CUT defende servidores p\u00fablicos e aut\u00f4nomos - Notibras","robots":{"index":"index","follow":"follow","max-snippet":"max-snippet:-1","max-image-preview":"max-image-preview:large","max-video-preview":"max-video-preview:-1"},"canonical":"https:\/\/www.notibras.com\/site\/marcha-da-cut-defende-servidores-publicos-e-autonomos\/","og_locale":"pt_BR","og_type":"article","og_title":"Marcha da CUT defende servidores p\u00fablicos e aut\u00f4nomos - Notibras","og_description":"Cerca de 20 mil trabalhadores, segundo a Central \u00danica dos Trabalhadores (CUT), participaram nesta quarta-feira (22) da Marcha da Classe Trabalhadora, evento no qual s\u00e3o apresentadas reivindica\u00e7\u00f5es voltadas tanto para servidores p\u00fablicos quanto para trabalhadores aut\u00f4nomos e da iniciativa privada. Entre as reivindica\u00e7\u00f5es, destacam-se a revoga\u00e7\u00e3o das reformas trabalhista, previdenci\u00e1ria e da Lei das Terceiriza\u00e7\u00f5es, [&hellip;]","og_url":"https:\/\/www.notibras.com\/site\/marcha-da-cut-defende-servidores-publicos-e-autonomos\/","og_site_name":"Notibras","article_publisher":"https:\/\/www.facebook.com\/notibras\/","article_published_time":"2024-05-23T03:00:28+00:00","article_modified_time":"2024-05-23T09:52:02+00:00","og_image":[{"width":1170,"height":700,"url":"https:\/\/www.notibras.com\/site\/wp-content\/uploads\/2024\/05\/cut.marchadf.webp","type":"image\/webp"}],"author":"Reda\u00e7\u00e3o","twitter_card":"summary_large_image","twitter_creator":"@Notibras","twitter_site":"@Notibras","twitter_misc":{"Escrito por":"Reda\u00e7\u00e3o","Est. tempo de leitura":"3 minutos"},"schema":{"@context":"https:\/\/schema.org","@graph":[{"@type":"Article","@id":"https:\/\/www.notibras.com\/site\/marcha-da-cut-defende-servidores-publicos-e-autonomos\/#article","isPartOf":{"@id":"https:\/\/www.notibras.com\/site\/marcha-da-cut-defende-servidores-publicos-e-autonomos\/"},"author":{"name":"Reda\u00e7\u00e3o","@id":"https:\/\/www.notibras.com\/site\/#\/schema\/person\/36ab0979449956132d3e5b517ea76ac8"},"headline":"Marcha da CUT defende servidores p\u00fablicos e aut\u00f4nomos","datePublished":"2024-05-23T03:00:28+00:00","dateModified":"2024-05-23T09:52:02+00:00","mainEntityOfPage":{"@id":"https:\/\/www.notibras.com\/site\/marcha-da-cut-defende-servidores-publicos-e-autonomos\/"},"wordCount":448,"publisher":{"@id":"https:\/\/www.notibras.com\/site\/#organization"},"image":{"@id":"https:\/\/www.notibras.com\/site\/marcha-da-cut-defende-servidores-publicos-e-autonomos\/#primaryimage"},"thumbnailUrl":"https:\/\/www.notibras.com\/site\/wp-content\/uploads\/2024\/05\/cut.marchadf.webp","articleSection":["Quadradinho em Foco"],"inLanguage":"pt-BR"},{"@type":"WebPage","@id":"https:\/\/www.notibras.com\/site\/marcha-da-cut-defende-servidores-publicos-e-autonomos\/","url":"https:\/\/www.notibras.com\/site\/marcha-da-cut-defende-servidores-publicos-e-autonomos\/","name":"Marcha da CUT defende servidores p\u00fablicos e aut\u00f4nomos - Notibras","isPartOf":{"@id":"https:\/\/www.notibras.com\/site\/#website"},"primaryImageOfPage":{"@id":"https:\/\/www.notibras.com\/site\/marcha-da-cut-defende-servidores-publicos-e-autonomos\/#primaryimage"},"image":{"@id":"https:\/\/www.notibras.com\/site\/marcha-da-cut-defende-servidores-publicos-e-autonomos\/#primaryimage"},"thumbnailUrl":"https:\/\/www.notibras.com\/site\/wp-content\/uploads\/2024\/05\/cut.marchadf.webp","datePublished":"2024-05-23T03:00:28+00:00","dateModified":"2024-05-23T09:52:02+00:00","breadcrumb":{"@id":"https:\/\/www.notibras.com\/site\/marcha-da-cut-defende-servidores-publicos-e-autonomos\/#breadcrumb"},"inLanguage":"pt-BR","potentialAction":[{"@type":"ReadAction","target":["https:\/\/www.notibras.com\/site\/marcha-da-cut-defende-servidores-publicos-e-autonomos\/"]}]},{"@type":"ImageObject","inLanguage":"pt-BR","@id":"https:\/\/www.notibras.com\/site\/marcha-da-cut-defende-servidores-publicos-e-autonomos\/#primaryimage","url":"https:\/\/www.notibras.com\/site\/wp-content\/uploads\/2024\/05\/cut.marchadf.webp","contentUrl":"https:\/\/www.notibras.com\/site\/wp-content\/uploads\/2024\/05\/cut.marchadf.webp","width":1170,"height":700},{"@type":"BreadcrumbList","@id":"https:\/\/www.notibras.com\/site\/marcha-da-cut-defende-servidores-publicos-e-autonomos\/#breadcrumb","itemListElement":[{"@type":"ListItem","position":1,"name":"In\u00edcio","item":"https:\/\/www.notibras.com\/site\/"},{"@type":"ListItem","position":2,"name":"Marcha da CUT defende servidores p\u00fablicos e aut\u00f4nomos"}]},{"@type":"WebSite","@id":"https:\/\/www.notibras.com\/site\/#website","url":"https:\/\/www.notibras.com\/site\/","name":"Notibras","description":"Not\u00edcias de Bras\u00edlia, do Brasil e do Mundo","publisher":{"@id":"https:\/\/www.notibras.com\/site\/#organization"},"potentialAction":[{"@type":"SearchAction","target":{"@type":"EntryPoint","urlTemplate":"https:\/\/www.notibras.com\/site\/?s={search_term_string}"},"query-input":{"@type":"PropertyValueSpecification","valueRequired":true,"valueName":"search_term_string"}}],"inLanguage":"pt-BR"},{"@type":"Organization","@id":"https:\/\/www.notibras.com\/site\/#organization","name":"Grupo Notibras de Comunica\u00e7\u00e3o","url":"https:\/\/www.notibras.com\/site\/","logo":{"@type":"ImageObject","inLanguage":"pt-BR","@id":"https:\/\/www.notibras.com\/site\/#\/schema\/logo\/image\/","url":"https:\/\/www.notibras.com\/site\/wp-content\/uploads\/2023\/01\/notibras23.png","contentUrl":"https:\/\/www.notibras.com\/site\/wp-content\/uploads\/2023\/01\/notibras23.png","width":350,"height":87,"caption":"Grupo Notibras de Comunica\u00e7\u00e3o"},"image":{"@id":"https:\/\/www.notibras.com\/site\/#\/schema\/logo\/image\/"},"sameAs":["https:\/\/www.facebook.com\/notibras\/","https:\/\/x.com\/Notibras","https:\/\/www.instagram.com\/notibras\/"]},{"@type":"Person","@id":"https:\/\/www.notibras.com\/site\/#\/schema\/person\/36ab0979449956132d3e5b517ea76ac8","name":"Reda\u00e7\u00e3o","image":{"@type":"ImageObject","inLanguage":"pt-BR","@id":"https:\/\/secure.gravatar.com\/avatar\/e0a867bdedb85fd243eadf09663511f96fc81e0720a4a42581f334ad4303aa6b?s=96&d=mm&r=g","url":"https:\/\/secure.gravatar.com\/avatar\/e0a867bdedb85fd243eadf09663511f96fc81e0720a4a42581f334ad4303aa6b?s=96&d=mm&r=g","contentUrl":"https:\/\/secure.gravatar.com\/avatar\/e0a867bdedb85fd243eadf09663511f96fc81e0720a4a42581f334ad4303aa6b?s=96&d=mm&r=g","caption":"Reda\u00e7\u00e3o"}}]}},"amp_enabled":true,"_links":{"self":[{"href":"https:\/\/www.notibras.com\/site\/wp-json\/wp\/v2\/posts\/329354","targetHints":{"allow":["GET"]}}],"collection":[{"href":"https:\/\/www.notibras.com\/site\/wp-json\/wp\/v2\/posts"}],"about":[{"href":"https:\/\/www.notibras.com\/site\/wp-json\/wp\/v2\/types\/post"}],"author":[{"embeddable":true,"href":"https:\/\/www.notibras.com\/site\/wp-json\/wp\/v2\/users\/2"}],"replies":[{"embeddable":true,"href":"https:\/\/www.notibras.com\/site\/wp-json\/wp\/v2\/comments?post=329354"}],"version-history":[{"count":1,"href":"https:\/\/www.notibras.com\/site\/wp-json\/wp\/v2\/posts\/329354\/revisions"}],"predecessor-version":[{"id":329356,"href":"https:\/\/www.notibras.com\/site\/wp-json\/wp\/v2\/posts\/329354\/revisions\/329356"}],"wp:featuredmedia":[{"embeddable":true,"href":"https:\/\/www.notibras.com\/site\/wp-json\/wp\/v2\/media\/329355"}],"wp:attachment":[{"href":"https:\/\/www.notibras.com\/site\/wp-json\/wp\/v2\/media?parent=329354"}],"wp:term":[{"taxonomy":"category","embeddable":true,"href":"https:\/\/www.notibras.com\/site\/wp-json\/wp\/v2\/categories?post=329354"},{"taxonomy":"post_tag","embeddable":true,"href":"https:\/\/www.notibras.com\/site\/wp-json\/wp\/v2\/tags?post=329354"}],"curies":[{"name":"wp","href":"https:\/\/api.w.org\/{rel}","templated":true}]}}