{"id":329360,"date":"2024-05-23T00:06:27","date_gmt":"2024-05-23T03:06:27","guid":{"rendered":"https:\/\/www.notibras.com\/site\/?p=329360"},"modified":"2024-05-23T07:08:01","modified_gmt":"2024-05-23T10:08:01","slug":"buriti-decide-construir-escolas-publicas-em-aguas-claras","status":"publish","type":"post","link":"https:\/\/www.notibras.com\/site\/buriti-decide-construir-escolas-publicas-em-aguas-claras\/","title":{"rendered":"Buriti decide construir escolas p\u00fablicas em \u00c1guas Claras"},"content":{"rendered":"<p>A secret\u00e1ria de Educa\u00e7\u00e3o do Distrito Federal, H\u00e9lvia Paranagu\u00e1, visitou, na manh\u00e3 desta quarta-feira (22), o local das futuras instala\u00e7\u00f5es de novas escolas em \u00c1guas Claras que est\u00e3o com projetos em execu\u00e7\u00e3o. A iniciativa, parte do plano de expans\u00e3o educacional do governo Ibaneis Rocha, visa atender \u00e0 crescente demanda da regi\u00e3o. As pe\u00e7as t\u00e9cnicas para instru\u00e7\u00e3o do processo licitat\u00f3rio est\u00e3o sendo elaboradas, com a licita\u00e7\u00e3o prevista para ser lan\u00e7ada ainda este ano.<\/p>\n<p>Os projetos em execu\u00e7\u00e3o incluem a constru\u00e7\u00e3o de uma Escola Classe e de um Centro de Ensino Fundamental (CEF) situados, respectivamente, na Quadra 101 e na Quadra 102.<\/p>\n<p>\u201cAt\u00e9 a gest\u00e3o do governador Ibaneis Rocha n\u00e3o existia no plano de obras da Secretaria de Educa\u00e7\u00e3o nenhuma escola prevista para \u00c1guas Claras. Foi ent\u00e3o que o administrador e o deputado distrital Pastor Daniel de Castro nos procuraram, levando a demanda ao secret\u00e1rio Z\u00e9 Humberto, que, por sua vez, a encaminhou ao governador. Encontramos terrenos para construir duas escolas para os moradores dessa regi\u00e3o, que cresceu tanto\u201d, explicou a secret\u00e1ria H\u00e9lvia Paranagu\u00e1.<\/p>\n<p>A Escola Classe atender\u00e1 tanto o ensino fundamental (anos iniciais) quanto a educa\u00e7\u00e3o infantil, com um total de 20 salas de aula. A edifica\u00e7\u00e3o, de tr\u00eas pavimentos e com uma \u00e1rea total constru\u00edda de 5.098,44 m\u00b2, contar\u00e1 com refeit\u00f3rio, sala de leitura, quadra coberta com vesti\u00e1rios, \u00e1rea com parquinho, duchas externas, guarita e estacionamento.<\/p>\n<p>O Centro de Ensino Fundamental ter\u00e1 18 salas de aula, laborat\u00f3rios, biblioteca, audit\u00f3rio e refeit\u00f3rio. A edifica\u00e7\u00e3o, de dois pavimentos e com uma \u00e1rea total constru\u00edda de 3.914,09 m\u00b2, tamb\u00e9m incluir\u00e1 quadra coberta com vesti\u00e1rios, \u00e1rea com parquinho, guarita e estacionamento. Para ambos os projetos, est\u00e3o previstas escadas e rampas, garantindo a acessibilidade dos locais.<\/p>\n<p><strong>Crescimento<\/strong><br \/>\nA constru\u00e7\u00e3o das novas escolas \u00e9 uma resposta direta ao r\u00e1pido crescimento populacional de \u00c1guas Claras. Al\u00e9m disso, o objetivo \u00e9 desafogar as escolas do Guar\u00e1 e Taguatinga, beneficiando toda a popula\u00e7\u00e3o. Com a finaliza\u00e7\u00e3o das obras, a expectativa \u00e9 que as escolas estejam prontas para receber os alunos no pr\u00f3ximo ano letivo.<\/p>\n<p>\u201cEstamos criando novos espa\u00e7os educacionais. \u00c9 motivo de alegria e comemora\u00e7\u00e3o\u201d, destacou H\u00e9lvia. Para o administrador regional de \u00c1guas Claras, M\u00e1rio Furtado, este \u201c\u00e9 um dia hist\u00f3rico para a cidade de \u00c1guas Claras.\u201d<\/p>\n<p>\u201cAgrade\u00e7o ao governador Ibaneis Rocha, ao secret\u00e1rio de Governo, Jos\u00e9 Humberto, \u00e0 secret\u00e1ria de Educa\u00e7\u00e3o, H\u00e9lvia Paranagu\u00e1, e ao deputado distrital Pastor Daniel de Castro, representando a C\u00e2mara Legislativa do DF, por tornar realidade essa antiga demanda dos moradores\u201d, agradeceu M\u00e1rio Furtado.<\/p>\n<p>O coordenador regional de Taguatinga, Murilo Marconi, acredita que este \u00e9 um passo mais importante para atender a comunidade de \u00c1guas Claras dentro da pr\u00f3pria regi\u00e3o. \u201cTrabalhamos em regime colaborativo com v\u00e1rios \u00f3rg\u00e3os do governo e quem ganha com isso \u00e9 toda a comunidade daqui da cidade\u201d, conclui.<\/p>\n","protected":false},"excerpt":{"rendered":"<p>A secret\u00e1ria de Educa\u00e7\u00e3o do Distrito Federal, H\u00e9lvia Paranagu\u00e1, visitou, na manh\u00e3 desta quarta-feira (22), o local das futuras instala\u00e7\u00f5es de novas escolas em \u00c1guas Claras que est\u00e3o com projetos em execu\u00e7\u00e3o. A iniciativa, parte do plano de expans\u00e3o educacional do governo Ibaneis Rocha, visa atender \u00e0 crescente demanda da regi\u00e3o. As pe\u00e7as t\u00e9cnicas para [&hellip;]<\/p>\n","protected":false},"author":2,"featured_media":329361,"comment_status":"closed","ping_status":"closed","sticky":false,"template":"","format":"standard","meta":{"_acf_changed":false,"footnotes":""},"categories":[161],"tags":[],"class_list":["post-329360","post","type-post","status-publish","format-standard","has-post-thumbnail","hentry","category-quadradinho-em-foco"],"acf":[],"yoast_head":"<!-- This site is optimized with the Yoast SEO plugin v27.5 - https:\/\/yoast.com\/product\/yoast-seo-wordpress\/ -->\n<title>Buriti decide construir escolas p\u00fablicas em \u00c1guas Claras - Notibras<\/title>\n<meta name=\"robots\" content=\"index, follow, max-snippet:-1, max-image-preview:large, max-video-preview:-1\" \/>\n<link rel=\"canonical\" href=\"https:\/\/www.notibras.com\/site\/buriti-decide-construir-escolas-publicas-em-aguas-claras\/\" \/>\n<meta property=\"og:locale\" content=\"pt_BR\" \/>\n<meta property=\"og:type\" content=\"article\" \/>\n<meta property=\"og:title\" content=\"Buriti decide construir escolas p\u00fablicas em \u00c1guas Claras - Notibras\" \/>\n<meta property=\"og:description\" content=\"A secret\u00e1ria de Educa\u00e7\u00e3o do Distrito Federal, H\u00e9lvia Paranagu\u00e1, visitou, na manh\u00e3 desta quarta-feira (22), o local das futuras instala\u00e7\u00f5es de novas escolas em \u00c1guas Claras que est\u00e3o com projetos em execu\u00e7\u00e3o. A iniciativa, parte do plano de expans\u00e3o educacional do governo Ibaneis Rocha, visa atender \u00e0 crescente demanda da regi\u00e3o. As pe\u00e7as t\u00e9cnicas para [&hellip;]\" \/>\n<meta property=\"og:url\" content=\"https:\/\/www.notibras.com\/site\/buriti-decide-construir-escolas-publicas-em-aguas-claras\/\" \/>\n<meta property=\"og:site_name\" content=\"Notibras\" \/>\n<meta property=\"article:publisher\" content=\"https:\/\/www.facebook.com\/notibras\/\" \/>\n<meta property=\"article:published_time\" content=\"2024-05-23T03:06:27+00:00\" \/>\n<meta property=\"article:modified_time\" content=\"2024-05-23T10:08:01+00:00\" \/>\n<meta property=\"og:image\" content=\"https:\/\/www.notibras.com\/site\/wp-content\/uploads\/2024\/05\/Secretaria-de-Educacao-visita-obras-de-novas-escolas-em-Aguas-Claras-768x536-1.jpeg\" \/>\n\t<meta property=\"og:image:width\" content=\"768\" \/>\n\t<meta property=\"og:image:height\" content=\"536\" \/>\n\t<meta property=\"og:image:type\" content=\"image\/jpeg\" \/>\n<meta name=\"author\" content=\"Reda\u00e7\u00e3o\" \/>\n<meta name=\"twitter:card\" content=\"summary_large_image\" \/>\n<meta name=\"twitter:creator\" content=\"@Notibras\" \/>\n<meta name=\"twitter:site\" content=\"@Notibras\" \/>\n<meta name=\"twitter:label1\" content=\"Escrito por\" \/>\n\t<meta name=\"twitter:data1\" content=\"Reda\u00e7\u00e3o\" \/>\n\t<meta name=\"twitter:label2\" content=\"Est. tempo de leitura\" \/>\n\t<meta name=\"twitter:data2\" content=\"3 minutos\" \/>\n<script type=\"application\/ld+json\" class=\"yoast-schema-graph\">{\"@context\":\"https:\\\/\\\/schema.org\",\"@graph\":[{\"@type\":\"Article\",\"@id\":\"https:\\\/\\\/www.notibras.com\\\/site\\\/buriti-decide-construir-escolas-publicas-em-aguas-claras\\\/#article\",\"isPartOf\":{\"@id\":\"https:\\\/\\\/www.notibras.com\\\/site\\\/buriti-decide-construir-escolas-publicas-em-aguas-claras\\\/\"},\"author\":{\"name\":\"Reda\u00e7\u00e3o\",\"@id\":\"https:\\\/\\\/www.notibras.com\\\/site\\\/#\\\/schema\\\/person\\\/36ab0979449956132d3e5b517ea76ac8\"},\"headline\":\"Buriti decide construir escolas p\u00fablicas em \u00c1guas Claras\",\"datePublished\":\"2024-05-23T03:06:27+00:00\",\"dateModified\":\"2024-05-23T10:08:01+00:00\",\"mainEntityOfPage\":{\"@id\":\"https:\\\/\\\/www.notibras.com\\\/site\\\/buriti-decide-construir-escolas-publicas-em-aguas-claras\\\/\"},\"wordCount\":512,\"publisher\":{\"@id\":\"https:\\\/\\\/www.notibras.com\\\/site\\\/#organization\"},\"image\":{\"@id\":\"https:\\\/\\\/www.notibras.com\\\/site\\\/buriti-decide-construir-escolas-publicas-em-aguas-claras\\\/#primaryimage\"},\"thumbnailUrl\":\"https:\\\/\\\/www.notibras.com\\\/site\\\/wp-content\\\/uploads\\\/2024\\\/05\\\/Secretaria-de-Educacao-visita-obras-de-novas-escolas-em-Aguas-Claras-768x536-1.jpeg\",\"articleSection\":[\"Quadradinho em Foco\"],\"inLanguage\":\"pt-BR\"},{\"@type\":\"WebPage\",\"@id\":\"https:\\\/\\\/www.notibras.com\\\/site\\\/buriti-decide-construir-escolas-publicas-em-aguas-claras\\\/\",\"url\":\"https:\\\/\\\/www.notibras.com\\\/site\\\/buriti-decide-construir-escolas-publicas-em-aguas-claras\\\/\",\"name\":\"Buriti decide construir escolas p\u00fablicas em \u00c1guas Claras - Notibras\",\"isPartOf\":{\"@id\":\"https:\\\/\\\/www.notibras.com\\\/site\\\/#website\"},\"primaryImageOfPage\":{\"@id\":\"https:\\\/\\\/www.notibras.com\\\/site\\\/buriti-decide-construir-escolas-publicas-em-aguas-claras\\\/#primaryimage\"},\"image\":{\"@id\":\"https:\\\/\\\/www.notibras.com\\\/site\\\/buriti-decide-construir-escolas-publicas-em-aguas-claras\\\/#primaryimage\"},\"thumbnailUrl\":\"https:\\\/\\\/www.notibras.com\\\/site\\\/wp-content\\\/uploads\\\/2024\\\/05\\\/Secretaria-de-Educacao-visita-obras-de-novas-escolas-em-Aguas-Claras-768x536-1.jpeg\",\"datePublished\":\"2024-05-23T03:06:27+00:00\",\"dateModified\":\"2024-05-23T10:08:01+00:00\",\"breadcrumb\":{\"@id\":\"https:\\\/\\\/www.notibras.com\\\/site\\\/buriti-decide-construir-escolas-publicas-em-aguas-claras\\\/#breadcrumb\"},\"inLanguage\":\"pt-BR\",\"potentialAction\":[{\"@type\":\"ReadAction\",\"target\":[\"https:\\\/\\\/www.notibras.com\\\/site\\\/buriti-decide-construir-escolas-publicas-em-aguas-claras\\\/\"]}]},{\"@type\":\"ImageObject\",\"inLanguage\":\"pt-BR\",\"@id\":\"https:\\\/\\\/www.notibras.com\\\/site\\\/buriti-decide-construir-escolas-publicas-em-aguas-claras\\\/#primaryimage\",\"url\":\"https:\\\/\\\/www.notibras.com\\\/site\\\/wp-content\\\/uploads\\\/2024\\\/05\\\/Secretaria-de-Educacao-visita-obras-de-novas-escolas-em-Aguas-Claras-768x536-1.jpeg\",\"contentUrl\":\"https:\\\/\\\/www.notibras.com\\\/site\\\/wp-content\\\/uploads\\\/2024\\\/05\\\/Secretaria-de-Educacao-visita-obras-de-novas-escolas-em-Aguas-Claras-768x536-1.jpeg\",\"width\":768,\"height\":536},{\"@type\":\"BreadcrumbList\",\"@id\":\"https:\\\/\\\/www.notibras.com\\\/site\\\/buriti-decide-construir-escolas-publicas-em-aguas-claras\\\/#breadcrumb\",\"itemListElement\":[{\"@type\":\"ListItem\",\"position\":1,\"name\":\"In\u00edcio\",\"item\":\"https:\\\/\\\/www.notibras.com\\\/site\\\/\"},{\"@type\":\"ListItem\",\"position\":2,\"name\":\"Buriti decide construir escolas p\u00fablicas em \u00c1guas Claras\"}]},{\"@type\":\"WebSite\",\"@id\":\"https:\\\/\\\/www.notibras.com\\\/site\\\/#website\",\"url\":\"https:\\\/\\\/www.notibras.com\\\/site\\\/\",\"name\":\"Notibras\",\"description\":\"Not\u00edcias de Bras\u00edlia, do Brasil e do Mundo\",\"publisher\":{\"@id\":\"https:\\\/\\\/www.notibras.com\\\/site\\\/#organization\"},\"potentialAction\":[{\"@type\":\"SearchAction\",\"target\":{\"@type\":\"EntryPoint\",\"urlTemplate\":\"https:\\\/\\\/www.notibras.com\\\/site\\\/?s={search_term_string}\"},\"query-input\":{\"@type\":\"PropertyValueSpecification\",\"valueRequired\":true,\"valueName\":\"search_term_string\"}}],\"inLanguage\":\"pt-BR\"},{\"@type\":\"Organization\",\"@id\":\"https:\\\/\\\/www.notibras.com\\\/site\\\/#organization\",\"name\":\"Grupo Notibras de Comunica\u00e7\u00e3o\",\"url\":\"https:\\\/\\\/www.notibras.com\\\/site\\\/\",\"logo\":{\"@type\":\"ImageObject\",\"inLanguage\":\"pt-BR\",\"@id\":\"https:\\\/\\\/www.notibras.com\\\/site\\\/#\\\/schema\\\/logo\\\/image\\\/\",\"url\":\"https:\\\/\\\/www.notibras.com\\\/site\\\/wp-content\\\/uploads\\\/2023\\\/01\\\/notibras23.png\",\"contentUrl\":\"https:\\\/\\\/www.notibras.com\\\/site\\\/wp-content\\\/uploads\\\/2023\\\/01\\\/notibras23.png\",\"width\":350,\"height\":87,\"caption\":\"Grupo Notibras de Comunica\u00e7\u00e3o\"},\"image\":{\"@id\":\"https:\\\/\\\/www.notibras.com\\\/site\\\/#\\\/schema\\\/logo\\\/image\\\/\"},\"sameAs\":[\"https:\\\/\\\/www.facebook.com\\\/notibras\\\/\",\"https:\\\/\\\/x.com\\\/Notibras\",\"https:\\\/\\\/www.instagram.com\\\/notibras\\\/\"]},{\"@type\":\"Person\",\"@id\":\"https:\\\/\\\/www.notibras.com\\\/site\\\/#\\\/schema\\\/person\\\/36ab0979449956132d3e5b517ea76ac8\",\"name\":\"Reda\u00e7\u00e3o\",\"image\":{\"@type\":\"ImageObject\",\"inLanguage\":\"pt-BR\",\"@id\":\"https:\\\/\\\/secure.gravatar.com\\\/avatar\\\/e0a867bdedb85fd243eadf09663511f96fc81e0720a4a42581f334ad4303aa6b?s=96&d=mm&r=g\",\"url\":\"https:\\\/\\\/secure.gravatar.com\\\/avatar\\\/e0a867bdedb85fd243eadf09663511f96fc81e0720a4a42581f334ad4303aa6b?s=96&d=mm&r=g\",\"contentUrl\":\"https:\\\/\\\/secure.gravatar.com\\\/avatar\\\/e0a867bdedb85fd243eadf09663511f96fc81e0720a4a42581f334ad4303aa6b?s=96&d=mm&r=g\",\"caption\":\"Reda\u00e7\u00e3o\"}}]}<\/script>\n<!-- \/ Yoast SEO plugin. -->","yoast_head_json":{"title":"Buriti decide construir escolas p\u00fablicas em \u00c1guas Claras - Notibras","robots":{"index":"index","follow":"follow","max-snippet":"max-snippet:-1","max-image-preview":"max-image-preview:large","max-video-preview":"max-video-preview:-1"},"canonical":"https:\/\/www.notibras.com\/site\/buriti-decide-construir-escolas-publicas-em-aguas-claras\/","og_locale":"pt_BR","og_type":"article","og_title":"Buriti decide construir escolas p\u00fablicas em \u00c1guas Claras - Notibras","og_description":"A secret\u00e1ria de Educa\u00e7\u00e3o do Distrito Federal, H\u00e9lvia Paranagu\u00e1, visitou, na manh\u00e3 desta quarta-feira (22), o local das futuras instala\u00e7\u00f5es de novas escolas em \u00c1guas Claras que est\u00e3o com projetos em execu\u00e7\u00e3o. A iniciativa, parte do plano de expans\u00e3o educacional do governo Ibaneis Rocha, visa atender \u00e0 crescente demanda da regi\u00e3o. As pe\u00e7as t\u00e9cnicas para [&hellip;]","og_url":"https:\/\/www.notibras.com\/site\/buriti-decide-construir-escolas-publicas-em-aguas-claras\/","og_site_name":"Notibras","article_publisher":"https:\/\/www.facebook.com\/notibras\/","article_published_time":"2024-05-23T03:06:27+00:00","article_modified_time":"2024-05-23T10:08:01+00:00","og_image":[{"width":768,"height":536,"url":"https:\/\/www.notibras.com\/site\/wp-content\/uploads\/2024\/05\/Secretaria-de-Educacao-visita-obras-de-novas-escolas-em-Aguas-Claras-768x536-1.jpeg","type":"image\/jpeg"}],"author":"Reda\u00e7\u00e3o","twitter_card":"summary_large_image","twitter_creator":"@Notibras","twitter_site":"@Notibras","twitter_misc":{"Escrito por":"Reda\u00e7\u00e3o","Est. tempo de leitura":"3 minutos"},"schema":{"@context":"https:\/\/schema.org","@graph":[{"@type":"Article","@id":"https:\/\/www.notibras.com\/site\/buriti-decide-construir-escolas-publicas-em-aguas-claras\/#article","isPartOf":{"@id":"https:\/\/www.notibras.com\/site\/buriti-decide-construir-escolas-publicas-em-aguas-claras\/"},"author":{"name":"Reda\u00e7\u00e3o","@id":"https:\/\/www.notibras.com\/site\/#\/schema\/person\/36ab0979449956132d3e5b517ea76ac8"},"headline":"Buriti decide construir escolas p\u00fablicas em \u00c1guas Claras","datePublished":"2024-05-23T03:06:27+00:00","dateModified":"2024-05-23T10:08:01+00:00","mainEntityOfPage":{"@id":"https:\/\/www.notibras.com\/site\/buriti-decide-construir-escolas-publicas-em-aguas-claras\/"},"wordCount":512,"publisher":{"@id":"https:\/\/www.notibras.com\/site\/#organization"},"image":{"@id":"https:\/\/www.notibras.com\/site\/buriti-decide-construir-escolas-publicas-em-aguas-claras\/#primaryimage"},"thumbnailUrl":"https:\/\/www.notibras.com\/site\/wp-content\/uploads\/2024\/05\/Secretaria-de-Educacao-visita-obras-de-novas-escolas-em-Aguas-Claras-768x536-1.jpeg","articleSection":["Quadradinho em Foco"],"inLanguage":"pt-BR"},{"@type":"WebPage","@id":"https:\/\/www.notibras.com\/site\/buriti-decide-construir-escolas-publicas-em-aguas-claras\/","url":"https:\/\/www.notibras.com\/site\/buriti-decide-construir-escolas-publicas-em-aguas-claras\/","name":"Buriti decide construir escolas p\u00fablicas em \u00c1guas Claras - Notibras","isPartOf":{"@id":"https:\/\/www.notibras.com\/site\/#website"},"primaryImageOfPage":{"@id":"https:\/\/www.notibras.com\/site\/buriti-decide-construir-escolas-publicas-em-aguas-claras\/#primaryimage"},"image":{"@id":"https:\/\/www.notibras.com\/site\/buriti-decide-construir-escolas-publicas-em-aguas-claras\/#primaryimage"},"thumbnailUrl":"https:\/\/www.notibras.com\/site\/wp-content\/uploads\/2024\/05\/Secretaria-de-Educacao-visita-obras-de-novas-escolas-em-Aguas-Claras-768x536-1.jpeg","datePublished":"2024-05-23T03:06:27+00:00","dateModified":"2024-05-23T10:08:01+00:00","breadcrumb":{"@id":"https:\/\/www.notibras.com\/site\/buriti-decide-construir-escolas-publicas-em-aguas-claras\/#breadcrumb"},"inLanguage":"pt-BR","potentialAction":[{"@type":"ReadAction","target":["https:\/\/www.notibras.com\/site\/buriti-decide-construir-escolas-publicas-em-aguas-claras\/"]}]},{"@type":"ImageObject","inLanguage":"pt-BR","@id":"https:\/\/www.notibras.com\/site\/buriti-decide-construir-escolas-publicas-em-aguas-claras\/#primaryimage","url":"https:\/\/www.notibras.com\/site\/wp-content\/uploads\/2024\/05\/Secretaria-de-Educacao-visita-obras-de-novas-escolas-em-Aguas-Claras-768x536-1.jpeg","contentUrl":"https:\/\/www.notibras.com\/site\/wp-content\/uploads\/2024\/05\/Secretaria-de-Educacao-visita-obras-de-novas-escolas-em-Aguas-Claras-768x536-1.jpeg","width":768,"height":536},{"@type":"BreadcrumbList","@id":"https:\/\/www.notibras.com\/site\/buriti-decide-construir-escolas-publicas-em-aguas-claras\/#breadcrumb","itemListElement":[{"@type":"ListItem","position":1,"name":"In\u00edcio","item":"https:\/\/www.notibras.com\/site\/"},{"@type":"ListItem","position":2,"name":"Buriti decide construir escolas p\u00fablicas em \u00c1guas Claras"}]},{"@type":"WebSite","@id":"https:\/\/www.notibras.com\/site\/#website","url":"https:\/\/www.notibras.com\/site\/","name":"Notibras","description":"Not\u00edcias de Bras\u00edlia, do Brasil e do Mundo","publisher":{"@id":"https:\/\/www.notibras.com\/site\/#organization"},"potentialAction":[{"@type":"SearchAction","target":{"@type":"EntryPoint","urlTemplate":"https:\/\/www.notibras.com\/site\/?s={search_term_string}"},"query-input":{"@type":"PropertyValueSpecification","valueRequired":true,"valueName":"search_term_string"}}],"inLanguage":"pt-BR"},{"@type":"Organization","@id":"https:\/\/www.notibras.com\/site\/#organization","name":"Grupo Notibras de Comunica\u00e7\u00e3o","url":"https:\/\/www.notibras.com\/site\/","logo":{"@type":"ImageObject","inLanguage":"pt-BR","@id":"https:\/\/www.notibras.com\/site\/#\/schema\/logo\/image\/","url":"https:\/\/www.notibras.com\/site\/wp-content\/uploads\/2023\/01\/notibras23.png","contentUrl":"https:\/\/www.notibras.com\/site\/wp-content\/uploads\/2023\/01\/notibras23.png","width":350,"height":87,"caption":"Grupo Notibras de Comunica\u00e7\u00e3o"},"image":{"@id":"https:\/\/www.notibras.com\/site\/#\/schema\/logo\/image\/"},"sameAs":["https:\/\/www.facebook.com\/notibras\/","https:\/\/x.com\/Notibras","https:\/\/www.instagram.com\/notibras\/"]},{"@type":"Person","@id":"https:\/\/www.notibras.com\/site\/#\/schema\/person\/36ab0979449956132d3e5b517ea76ac8","name":"Reda\u00e7\u00e3o","image":{"@type":"ImageObject","inLanguage":"pt-BR","@id":"https:\/\/secure.gravatar.com\/avatar\/e0a867bdedb85fd243eadf09663511f96fc81e0720a4a42581f334ad4303aa6b?s=96&d=mm&r=g","url":"https:\/\/secure.gravatar.com\/avatar\/e0a867bdedb85fd243eadf09663511f96fc81e0720a4a42581f334ad4303aa6b?s=96&d=mm&r=g","contentUrl":"https:\/\/secure.gravatar.com\/avatar\/e0a867bdedb85fd243eadf09663511f96fc81e0720a4a42581f334ad4303aa6b?s=96&d=mm&r=g","caption":"Reda\u00e7\u00e3o"}}]}},"amp_enabled":true,"_links":{"self":[{"href":"https:\/\/www.notibras.com\/site\/wp-json\/wp\/v2\/posts\/329360","targetHints":{"allow":["GET"]}}],"collection":[{"href":"https:\/\/www.notibras.com\/site\/wp-json\/wp\/v2\/posts"}],"about":[{"href":"https:\/\/www.notibras.com\/site\/wp-json\/wp\/v2\/types\/post"}],"author":[{"embeddable":true,"href":"https:\/\/www.notibras.com\/site\/wp-json\/wp\/v2\/users\/2"}],"replies":[{"embeddable":true,"href":"https:\/\/www.notibras.com\/site\/wp-json\/wp\/v2\/comments?post=329360"}],"version-history":[{"count":1,"href":"https:\/\/www.notibras.com\/site\/wp-json\/wp\/v2\/posts\/329360\/revisions"}],"predecessor-version":[{"id":329362,"href":"https:\/\/www.notibras.com\/site\/wp-json\/wp\/v2\/posts\/329360\/revisions\/329362"}],"wp:featuredmedia":[{"embeddable":true,"href":"https:\/\/www.notibras.com\/site\/wp-json\/wp\/v2\/media\/329361"}],"wp:attachment":[{"href":"https:\/\/www.notibras.com\/site\/wp-json\/wp\/v2\/media?parent=329360"}],"wp:term":[{"taxonomy":"category","embeddable":true,"href":"https:\/\/www.notibras.com\/site\/wp-json\/wp\/v2\/categories?post=329360"},{"taxonomy":"post_tag","embeddable":true,"href":"https:\/\/www.notibras.com\/site\/wp-json\/wp\/v2\/tags?post=329360"}],"curies":[{"name":"wp","href":"https:\/\/api.w.org\/{rel}","templated":true}]}}