{"id":329447,"date":"2024-05-24T00:00:54","date_gmt":"2024-05-24T03:00:54","guid":{"rendered":"https:\/\/www.notibras.com\/site\/?p=329447"},"modified":"2024-05-24T09:02:32","modified_gmt":"2024-05-24T12:02:32","slug":"novos-leitos-ampliam-os-atendimentos-de-emergencia","status":"publish","type":"post","link":"https:\/\/www.notibras.com\/site\/novos-leitos-ampliam-os-atendimentos-de-emergencia\/","title":{"rendered":"Novos leitos ampliam os atendimentos de emerg\u00eancia"},"content":{"rendered":"<p>Nos \u00faltimos 12 meses, a Central de Regula\u00e7\u00e3o da Secretaria de Sa\u00fade do Distrito Federal passou a contar com 18 leitos adicionais no Hospital da Crian\u00e7a de Bras\u00edlia Jos\u00e9 Alencar (HCB). A medida permite a unidade de Sa\u00fade atender a demanda elevada de s\u00edndrome respirat\u00f3ria grave decorrente do per\u00edodo de sazonalidade. Mais de 60 profissionais v\u00eam atuando 24 horas nas duas novas unidades de terapia intensiva do hospital abertas desde mar\u00e7o de 2023.<\/p>\n<p>A amplia\u00e7\u00e3o desses leitos em duas etapas no HCB fez parte de um planejamento antecipado da Secretaria de Sa\u00fade do Distrito Federal (SES-DF) realizado por grupo de trabalho da secretaria e do HCB, que promoveu estudos de viabilidade e previsibilidade para disponibilizar o atendimento no per\u00edodo de em que se intensificam os casos de s\u00edndromes respirat\u00f3rias graves, como bronquiolite e pneumonias. As novas UTIs atendem, predominantemente, casos de doen\u00e7as respirat\u00f3rias. A UTI Peixe teve, desde a inaugura\u00e7\u00e3o, 72% das interna\u00e7\u00f5es com preval\u00eancia de casos de bronquiolites e pneumonias. J\u00e1 a UTI Estrela do Mar, tem em seu perfil de atendimento, 95% de doen\u00e7as respirat\u00f3rias, sendo 60,6% de casos de bronquiolites, 24% de pneumonias e 6,5% de infec\u00e7\u00f5es respirat\u00f3rias agudas. Os casos de dengue foram cerca de 2,8%.<\/p>\n<p>Em 2023, foram abertos 8 leitos na UTI Peixe e, em mar\u00e7o de 2024, outros 10 leitos na UTI Estrela do Mar. Essas duas unidades de terapia intensiva permitiram que, aproximadamente, 500 crian\u00e7as em estado muito grave pudessem receber cuidados cr\u00edticos por equipe multiprofissional especializada.<\/p>\n<p>O m\u00e9dico pediatra intensivista Frederico Ribeiro diz que a gest\u00e3o de leitos tem agilizado as admiss\u00f5es e permitido um n\u00famero maior de atendimentos. A taxa de ocupa\u00e7\u00e3o tem se apresentado superior a 95%, tendo como preval\u00eancia pacientes menores de 2 anos.<\/p>\n<p>\u201cNossas crian\u00e7as voltam para as enfermarias quando deixam o momento cr\u00edtico, principalmente ap\u00f3s a extuba\u00e7\u00e3o. Fazemos isso para girar leitos e receber o m\u00e1ximo de crian\u00e7as, otimizando o aproveitamento dos leitos de UTI. Aqui temos especialistas nas \u00e1reas de fisioterapia, nefrologia, cardiologia, psicologia, entre outros. Se for preciso uma di\u00e1lise ou, plasmaf\u00e9rese (transfus\u00e3o de plasma), todos os tratamentos mais complexos e medicamentos n\u00f3s oferecemos aqui\u201d, diz o m\u00e9dico.<\/p>\n<p>Pai do menino Gustavo Henrique, de 1 ano e nove meses, o caseiro Gabriel Ribeiro, de 23 anos, teve o filho internado na UTI do HCB. A crian\u00e7a foi encaminhada para um procedimento no centro cir\u00fargico e chegou com um quadro de pneumonia grave, sendo necess\u00e1rio realizar uma drenagem no pulm\u00e3o.<\/p>\n<p>As novas alas de atendimento intensivo, permitem o maior controle de doen\u00e7as infectocontagiosas, com o isolamento dos pacientes. Contam com equipamentos modernos e adequados \u00e0 aten\u00e7\u00e3o pedi\u00e1trica, essenciais para a qualidade da assist\u00eancia<\/p>\n<p>O direcionamento de pacientes para as UTIs do HCB \u00e9 feito pela Central de Regula\u00e7\u00e3o de Vagas da SES\/DF e segue o perfil de crian\u00e7as na faixa et\u00e1ria de at\u00e9 18 anos que apresentam quadros graves e complexos de sa\u00fade.<\/p>\n","protected":false},"excerpt":{"rendered":"<p>Nos \u00faltimos 12 meses, a Central de Regula\u00e7\u00e3o da Secretaria de Sa\u00fade do Distrito Federal passou a contar com 18 leitos adicionais no Hospital da Crian\u00e7a de Bras\u00edlia Jos\u00e9 Alencar (HCB). A medida permite a unidade de Sa\u00fade atender a demanda elevada de s\u00edndrome respirat\u00f3ria grave decorrente do per\u00edodo de sazonalidade. Mais de 60 profissionais [&hellip;]<\/p>\n","protected":false},"author":2,"featured_media":329448,"comment_status":"closed","ping_status":"closed","sticky":false,"template":"","format":"standard","meta":{"_acf_changed":false,"footnotes":""},"categories":[161],"tags":[],"class_list":["post-329447","post","type-post","status-publish","format-standard","has-post-thumbnail","hentry","category-quadradinho-em-foco"],"acf":[],"yoast_head":"<!-- This site is optimized with the Yoast SEO plugin v27.5 - https:\/\/yoast.com\/product\/yoast-seo-wordpress\/ -->\n<title>Novos leitos ampliam os atendimentos de emerg\u00eancia - Notibras<\/title>\n<meta name=\"robots\" content=\"index, follow, max-snippet:-1, max-image-preview:large, max-video-preview:-1\" \/>\n<link rel=\"canonical\" href=\"https:\/\/www.notibras.com\/site\/novos-leitos-ampliam-os-atendimentos-de-emergencia\/\" \/>\n<meta property=\"og:locale\" content=\"pt_BR\" \/>\n<meta property=\"og:type\" content=\"article\" \/>\n<meta property=\"og:title\" content=\"Novos leitos ampliam os atendimentos de emerg\u00eancia - Notibras\" \/>\n<meta property=\"og:description\" content=\"Nos \u00faltimos 12 meses, a Central de Regula\u00e7\u00e3o da Secretaria de Sa\u00fade do Distrito Federal passou a contar com 18 leitos adicionais no Hospital da Crian\u00e7a de Bras\u00edlia Jos\u00e9 Alencar (HCB). A medida permite a unidade de Sa\u00fade atender a demanda elevada de s\u00edndrome respirat\u00f3ria grave decorrente do per\u00edodo de sazonalidade. Mais de 60 profissionais [&hellip;]\" \/>\n<meta property=\"og:url\" content=\"https:\/\/www.notibras.com\/site\/novos-leitos-ampliam-os-atendimentos-de-emergencia\/\" \/>\n<meta property=\"og:site_name\" content=\"Notibras\" \/>\n<meta property=\"article:publisher\" content=\"https:\/\/www.facebook.com\/notibras\/\" \/>\n<meta property=\"article:published_time\" content=\"2024-05-24T03:00:54+00:00\" \/>\n<meta property=\"article:modified_time\" content=\"2024-05-24T12:02:32+00:00\" \/>\n<meta property=\"og:image\" content=\"https:\/\/www.notibras.com\/site\/wp-content\/uploads\/2024\/05\/UTI-HCB-2.jpeg\" \/>\n\t<meta property=\"og:image:width\" content=\"1280\" \/>\n\t<meta property=\"og:image:height\" content=\"960\" \/>\n\t<meta property=\"og:image:type\" content=\"image\/jpeg\" \/>\n<meta name=\"author\" content=\"Reda\u00e7\u00e3o\" \/>\n<meta name=\"twitter:card\" content=\"summary_large_image\" \/>\n<meta name=\"twitter:creator\" content=\"@Notibras\" \/>\n<meta name=\"twitter:site\" content=\"@Notibras\" \/>\n<meta name=\"twitter:label1\" content=\"Escrito por\" \/>\n\t<meta name=\"twitter:data1\" content=\"Reda\u00e7\u00e3o\" \/>\n\t<meta name=\"twitter:label2\" content=\"Est. tempo de leitura\" \/>\n\t<meta name=\"twitter:data2\" content=\"3 minutos\" \/>\n<script type=\"application\/ld+json\" class=\"yoast-schema-graph\">{\"@context\":\"https:\\\/\\\/schema.org\",\"@graph\":[{\"@type\":\"Article\",\"@id\":\"https:\\\/\\\/www.notibras.com\\\/site\\\/novos-leitos-ampliam-os-atendimentos-de-emergencia\\\/#article\",\"isPartOf\":{\"@id\":\"https:\\\/\\\/www.notibras.com\\\/site\\\/novos-leitos-ampliam-os-atendimentos-de-emergencia\\\/\"},\"author\":{\"name\":\"Reda\u00e7\u00e3o\",\"@id\":\"https:\\\/\\\/www.notibras.com\\\/site\\\/#\\\/schema\\\/person\\\/36ab0979449956132d3e5b517ea76ac8\"},\"headline\":\"Novos leitos ampliam os atendimentos de emerg\u00eancia\",\"datePublished\":\"2024-05-24T03:00:54+00:00\",\"dateModified\":\"2024-05-24T12:02:32+00:00\",\"mainEntityOfPage\":{\"@id\":\"https:\\\/\\\/www.notibras.com\\\/site\\\/novos-leitos-ampliam-os-atendimentos-de-emergencia\\\/\"},\"wordCount\":520,\"publisher\":{\"@id\":\"https:\\\/\\\/www.notibras.com\\\/site\\\/#organization\"},\"image\":{\"@id\":\"https:\\\/\\\/www.notibras.com\\\/site\\\/novos-leitos-ampliam-os-atendimentos-de-emergencia\\\/#primaryimage\"},\"thumbnailUrl\":\"https:\\\/\\\/www.notibras.com\\\/site\\\/wp-content\\\/uploads\\\/2024\\\/05\\\/UTI-HCB-2.jpeg\",\"articleSection\":[\"Quadradinho em Foco\"],\"inLanguage\":\"pt-BR\"},{\"@type\":\"WebPage\",\"@id\":\"https:\\\/\\\/www.notibras.com\\\/site\\\/novos-leitos-ampliam-os-atendimentos-de-emergencia\\\/\",\"url\":\"https:\\\/\\\/www.notibras.com\\\/site\\\/novos-leitos-ampliam-os-atendimentos-de-emergencia\\\/\",\"name\":\"Novos leitos ampliam os atendimentos de emerg\u00eancia - Notibras\",\"isPartOf\":{\"@id\":\"https:\\\/\\\/www.notibras.com\\\/site\\\/#website\"},\"primaryImageOfPage\":{\"@id\":\"https:\\\/\\\/www.notibras.com\\\/site\\\/novos-leitos-ampliam-os-atendimentos-de-emergencia\\\/#primaryimage\"},\"image\":{\"@id\":\"https:\\\/\\\/www.notibras.com\\\/site\\\/novos-leitos-ampliam-os-atendimentos-de-emergencia\\\/#primaryimage\"},\"thumbnailUrl\":\"https:\\\/\\\/www.notibras.com\\\/site\\\/wp-content\\\/uploads\\\/2024\\\/05\\\/UTI-HCB-2.jpeg\",\"datePublished\":\"2024-05-24T03:00:54+00:00\",\"dateModified\":\"2024-05-24T12:02:32+00:00\",\"breadcrumb\":{\"@id\":\"https:\\\/\\\/www.notibras.com\\\/site\\\/novos-leitos-ampliam-os-atendimentos-de-emergencia\\\/#breadcrumb\"},\"inLanguage\":\"pt-BR\",\"potentialAction\":[{\"@type\":\"ReadAction\",\"target\":[\"https:\\\/\\\/www.notibras.com\\\/site\\\/novos-leitos-ampliam-os-atendimentos-de-emergencia\\\/\"]}]},{\"@type\":\"ImageObject\",\"inLanguage\":\"pt-BR\",\"@id\":\"https:\\\/\\\/www.notibras.com\\\/site\\\/novos-leitos-ampliam-os-atendimentos-de-emergencia\\\/#primaryimage\",\"url\":\"https:\\\/\\\/www.notibras.com\\\/site\\\/wp-content\\\/uploads\\\/2024\\\/05\\\/UTI-HCB-2.jpeg\",\"contentUrl\":\"https:\\\/\\\/www.notibras.com\\\/site\\\/wp-content\\\/uploads\\\/2024\\\/05\\\/UTI-HCB-2.jpeg\",\"width\":1280,\"height\":960},{\"@type\":\"BreadcrumbList\",\"@id\":\"https:\\\/\\\/www.notibras.com\\\/site\\\/novos-leitos-ampliam-os-atendimentos-de-emergencia\\\/#breadcrumb\",\"itemListElement\":[{\"@type\":\"ListItem\",\"position\":1,\"name\":\"In\u00edcio\",\"item\":\"https:\\\/\\\/www.notibras.com\\\/site\\\/\"},{\"@type\":\"ListItem\",\"position\":2,\"name\":\"Novos leitos ampliam os atendimentos de emerg\u00eancia\"}]},{\"@type\":\"WebSite\",\"@id\":\"https:\\\/\\\/www.notibras.com\\\/site\\\/#website\",\"url\":\"https:\\\/\\\/www.notibras.com\\\/site\\\/\",\"name\":\"Notibras\",\"description\":\"Not\u00edcias de Bras\u00edlia, do Brasil e do Mundo\",\"publisher\":{\"@id\":\"https:\\\/\\\/www.notibras.com\\\/site\\\/#organization\"},\"potentialAction\":[{\"@type\":\"SearchAction\",\"target\":{\"@type\":\"EntryPoint\",\"urlTemplate\":\"https:\\\/\\\/www.notibras.com\\\/site\\\/?s={search_term_string}\"},\"query-input\":{\"@type\":\"PropertyValueSpecification\",\"valueRequired\":true,\"valueName\":\"search_term_string\"}}],\"inLanguage\":\"pt-BR\"},{\"@type\":\"Organization\",\"@id\":\"https:\\\/\\\/www.notibras.com\\\/site\\\/#organization\",\"name\":\"Grupo Notibras de Comunica\u00e7\u00e3o\",\"url\":\"https:\\\/\\\/www.notibras.com\\\/site\\\/\",\"logo\":{\"@type\":\"ImageObject\",\"inLanguage\":\"pt-BR\",\"@id\":\"https:\\\/\\\/www.notibras.com\\\/site\\\/#\\\/schema\\\/logo\\\/image\\\/\",\"url\":\"https:\\\/\\\/www.notibras.com\\\/site\\\/wp-content\\\/uploads\\\/2023\\\/01\\\/notibras23.png\",\"contentUrl\":\"https:\\\/\\\/www.notibras.com\\\/site\\\/wp-content\\\/uploads\\\/2023\\\/01\\\/notibras23.png\",\"width\":350,\"height\":87,\"caption\":\"Grupo Notibras de Comunica\u00e7\u00e3o\"},\"image\":{\"@id\":\"https:\\\/\\\/www.notibras.com\\\/site\\\/#\\\/schema\\\/logo\\\/image\\\/\"},\"sameAs\":[\"https:\\\/\\\/www.facebook.com\\\/notibras\\\/\",\"https:\\\/\\\/x.com\\\/Notibras\",\"https:\\\/\\\/www.instagram.com\\\/notibras\\\/\"]},{\"@type\":\"Person\",\"@id\":\"https:\\\/\\\/www.notibras.com\\\/site\\\/#\\\/schema\\\/person\\\/36ab0979449956132d3e5b517ea76ac8\",\"name\":\"Reda\u00e7\u00e3o\",\"image\":{\"@type\":\"ImageObject\",\"inLanguage\":\"pt-BR\",\"@id\":\"https:\\\/\\\/secure.gravatar.com\\\/avatar\\\/e0a867bdedb85fd243eadf09663511f96fc81e0720a4a42581f334ad4303aa6b?s=96&d=mm&r=g\",\"url\":\"https:\\\/\\\/secure.gravatar.com\\\/avatar\\\/e0a867bdedb85fd243eadf09663511f96fc81e0720a4a42581f334ad4303aa6b?s=96&d=mm&r=g\",\"contentUrl\":\"https:\\\/\\\/secure.gravatar.com\\\/avatar\\\/e0a867bdedb85fd243eadf09663511f96fc81e0720a4a42581f334ad4303aa6b?s=96&d=mm&r=g\",\"caption\":\"Reda\u00e7\u00e3o\"}}]}<\/script>\n<!-- \/ Yoast SEO plugin. -->","yoast_head_json":{"title":"Novos leitos ampliam os atendimentos de emerg\u00eancia - Notibras","robots":{"index":"index","follow":"follow","max-snippet":"max-snippet:-1","max-image-preview":"max-image-preview:large","max-video-preview":"max-video-preview:-1"},"canonical":"https:\/\/www.notibras.com\/site\/novos-leitos-ampliam-os-atendimentos-de-emergencia\/","og_locale":"pt_BR","og_type":"article","og_title":"Novos leitos ampliam os atendimentos de emerg\u00eancia - Notibras","og_description":"Nos \u00faltimos 12 meses, a Central de Regula\u00e7\u00e3o da Secretaria de Sa\u00fade do Distrito Federal passou a contar com 18 leitos adicionais no Hospital da Crian\u00e7a de Bras\u00edlia Jos\u00e9 Alencar (HCB). A medida permite a unidade de Sa\u00fade atender a demanda elevada de s\u00edndrome respirat\u00f3ria grave decorrente do per\u00edodo de sazonalidade. Mais de 60 profissionais [&hellip;]","og_url":"https:\/\/www.notibras.com\/site\/novos-leitos-ampliam-os-atendimentos-de-emergencia\/","og_site_name":"Notibras","article_publisher":"https:\/\/www.facebook.com\/notibras\/","article_published_time":"2024-05-24T03:00:54+00:00","article_modified_time":"2024-05-24T12:02:32+00:00","og_image":[{"width":1280,"height":960,"url":"https:\/\/www.notibras.com\/site\/wp-content\/uploads\/2024\/05\/UTI-HCB-2.jpeg","type":"image\/jpeg"}],"author":"Reda\u00e7\u00e3o","twitter_card":"summary_large_image","twitter_creator":"@Notibras","twitter_site":"@Notibras","twitter_misc":{"Escrito por":"Reda\u00e7\u00e3o","Est. tempo de leitura":"3 minutos"},"schema":{"@context":"https:\/\/schema.org","@graph":[{"@type":"Article","@id":"https:\/\/www.notibras.com\/site\/novos-leitos-ampliam-os-atendimentos-de-emergencia\/#article","isPartOf":{"@id":"https:\/\/www.notibras.com\/site\/novos-leitos-ampliam-os-atendimentos-de-emergencia\/"},"author":{"name":"Reda\u00e7\u00e3o","@id":"https:\/\/www.notibras.com\/site\/#\/schema\/person\/36ab0979449956132d3e5b517ea76ac8"},"headline":"Novos leitos ampliam os atendimentos de emerg\u00eancia","datePublished":"2024-05-24T03:00:54+00:00","dateModified":"2024-05-24T12:02:32+00:00","mainEntityOfPage":{"@id":"https:\/\/www.notibras.com\/site\/novos-leitos-ampliam-os-atendimentos-de-emergencia\/"},"wordCount":520,"publisher":{"@id":"https:\/\/www.notibras.com\/site\/#organization"},"image":{"@id":"https:\/\/www.notibras.com\/site\/novos-leitos-ampliam-os-atendimentos-de-emergencia\/#primaryimage"},"thumbnailUrl":"https:\/\/www.notibras.com\/site\/wp-content\/uploads\/2024\/05\/UTI-HCB-2.jpeg","articleSection":["Quadradinho em Foco"],"inLanguage":"pt-BR"},{"@type":"WebPage","@id":"https:\/\/www.notibras.com\/site\/novos-leitos-ampliam-os-atendimentos-de-emergencia\/","url":"https:\/\/www.notibras.com\/site\/novos-leitos-ampliam-os-atendimentos-de-emergencia\/","name":"Novos leitos ampliam os atendimentos de emerg\u00eancia - Notibras","isPartOf":{"@id":"https:\/\/www.notibras.com\/site\/#website"},"primaryImageOfPage":{"@id":"https:\/\/www.notibras.com\/site\/novos-leitos-ampliam-os-atendimentos-de-emergencia\/#primaryimage"},"image":{"@id":"https:\/\/www.notibras.com\/site\/novos-leitos-ampliam-os-atendimentos-de-emergencia\/#primaryimage"},"thumbnailUrl":"https:\/\/www.notibras.com\/site\/wp-content\/uploads\/2024\/05\/UTI-HCB-2.jpeg","datePublished":"2024-05-24T03:00:54+00:00","dateModified":"2024-05-24T12:02:32+00:00","breadcrumb":{"@id":"https:\/\/www.notibras.com\/site\/novos-leitos-ampliam-os-atendimentos-de-emergencia\/#breadcrumb"},"inLanguage":"pt-BR","potentialAction":[{"@type":"ReadAction","target":["https:\/\/www.notibras.com\/site\/novos-leitos-ampliam-os-atendimentos-de-emergencia\/"]}]},{"@type":"ImageObject","inLanguage":"pt-BR","@id":"https:\/\/www.notibras.com\/site\/novos-leitos-ampliam-os-atendimentos-de-emergencia\/#primaryimage","url":"https:\/\/www.notibras.com\/site\/wp-content\/uploads\/2024\/05\/UTI-HCB-2.jpeg","contentUrl":"https:\/\/www.notibras.com\/site\/wp-content\/uploads\/2024\/05\/UTI-HCB-2.jpeg","width":1280,"height":960},{"@type":"BreadcrumbList","@id":"https:\/\/www.notibras.com\/site\/novos-leitos-ampliam-os-atendimentos-de-emergencia\/#breadcrumb","itemListElement":[{"@type":"ListItem","position":1,"name":"In\u00edcio","item":"https:\/\/www.notibras.com\/site\/"},{"@type":"ListItem","position":2,"name":"Novos leitos ampliam os atendimentos de emerg\u00eancia"}]},{"@type":"WebSite","@id":"https:\/\/www.notibras.com\/site\/#website","url":"https:\/\/www.notibras.com\/site\/","name":"Notibras","description":"Not\u00edcias de Bras\u00edlia, do Brasil e do Mundo","publisher":{"@id":"https:\/\/www.notibras.com\/site\/#organization"},"potentialAction":[{"@type":"SearchAction","target":{"@type":"EntryPoint","urlTemplate":"https:\/\/www.notibras.com\/site\/?s={search_term_string}"},"query-input":{"@type":"PropertyValueSpecification","valueRequired":true,"valueName":"search_term_string"}}],"inLanguage":"pt-BR"},{"@type":"Organization","@id":"https:\/\/www.notibras.com\/site\/#organization","name":"Grupo Notibras de Comunica\u00e7\u00e3o","url":"https:\/\/www.notibras.com\/site\/","logo":{"@type":"ImageObject","inLanguage":"pt-BR","@id":"https:\/\/www.notibras.com\/site\/#\/schema\/logo\/image\/","url":"https:\/\/www.notibras.com\/site\/wp-content\/uploads\/2023\/01\/notibras23.png","contentUrl":"https:\/\/www.notibras.com\/site\/wp-content\/uploads\/2023\/01\/notibras23.png","width":350,"height":87,"caption":"Grupo Notibras de Comunica\u00e7\u00e3o"},"image":{"@id":"https:\/\/www.notibras.com\/site\/#\/schema\/logo\/image\/"},"sameAs":["https:\/\/www.facebook.com\/notibras\/","https:\/\/x.com\/Notibras","https:\/\/www.instagram.com\/notibras\/"]},{"@type":"Person","@id":"https:\/\/www.notibras.com\/site\/#\/schema\/person\/36ab0979449956132d3e5b517ea76ac8","name":"Reda\u00e7\u00e3o","image":{"@type":"ImageObject","inLanguage":"pt-BR","@id":"https:\/\/secure.gravatar.com\/avatar\/e0a867bdedb85fd243eadf09663511f96fc81e0720a4a42581f334ad4303aa6b?s=96&d=mm&r=g","url":"https:\/\/secure.gravatar.com\/avatar\/e0a867bdedb85fd243eadf09663511f96fc81e0720a4a42581f334ad4303aa6b?s=96&d=mm&r=g","contentUrl":"https:\/\/secure.gravatar.com\/avatar\/e0a867bdedb85fd243eadf09663511f96fc81e0720a4a42581f334ad4303aa6b?s=96&d=mm&r=g","caption":"Reda\u00e7\u00e3o"}}]}},"amp_enabled":true,"_links":{"self":[{"href":"https:\/\/www.notibras.com\/site\/wp-json\/wp\/v2\/posts\/329447","targetHints":{"allow":["GET"]}}],"collection":[{"href":"https:\/\/www.notibras.com\/site\/wp-json\/wp\/v2\/posts"}],"about":[{"href":"https:\/\/www.notibras.com\/site\/wp-json\/wp\/v2\/types\/post"}],"author":[{"embeddable":true,"href":"https:\/\/www.notibras.com\/site\/wp-json\/wp\/v2\/users\/2"}],"replies":[{"embeddable":true,"href":"https:\/\/www.notibras.com\/site\/wp-json\/wp\/v2\/comments?post=329447"}],"version-history":[{"count":1,"href":"https:\/\/www.notibras.com\/site\/wp-json\/wp\/v2\/posts\/329447\/revisions"}],"predecessor-version":[{"id":329449,"href":"https:\/\/www.notibras.com\/site\/wp-json\/wp\/v2\/posts\/329447\/revisions\/329449"}],"wp:featuredmedia":[{"embeddable":true,"href":"https:\/\/www.notibras.com\/site\/wp-json\/wp\/v2\/media\/329448"}],"wp:attachment":[{"href":"https:\/\/www.notibras.com\/site\/wp-json\/wp\/v2\/media?parent=329447"}],"wp:term":[{"taxonomy":"category","embeddable":true,"href":"https:\/\/www.notibras.com\/site\/wp-json\/wp\/v2\/categories?post=329447"},{"taxonomy":"post_tag","embeddable":true,"href":"https:\/\/www.notibras.com\/site\/wp-json\/wp\/v2\/tags?post=329447"}],"curies":[{"name":"wp","href":"https:\/\/api.w.org\/{rel}","templated":true}]}}