{"id":329450,"date":"2024-05-24T00:07:33","date_gmt":"2024-05-24T03:07:33","guid":{"rendered":"https:\/\/www.notibras.com\/site\/?p=329450"},"modified":"2024-05-24T09:09:06","modified_gmt":"2024-05-24T12:09:06","slug":"programa-social-vai-alem-da-seguranca-alimentar-e-nutricional","status":"publish","type":"post","link":"https:\/\/www.notibras.com\/site\/programa-social-vai-alem-da-seguranca-alimentar-e-nutricional\/","title":{"rendered":"Programa social vai al\u00e9m da seguran\u00e7a alimentar e nutricional"},"content":{"rendered":"<p>O Programa Cart\u00e3o Prato Cheio fez anivers\u00e1rio de quatro anos no \u00faltimo dia 18. Desde a sua implementa\u00e7\u00e3o durante a pandemia do coronav\u00edrus, em 2020, o aux\u00edlio j\u00e1 atendeu mais de 500 mil pessoas no Distrito Federal, garantindo cada vez mais seguran\u00e7a alimentar e nutricional das fam\u00edlias.<\/p>\n<p>Entenda como o programa social gerido pela Secretaria de Desenvolvimento Social (Sedes) vai al\u00e9m de um cr\u00e9dito alimentar:<\/p>\n<p>O aux\u00edlio \u00e9 pago em um ciclo de nove parcelas mensais de R$ 250 \u00e0s fam\u00edlias em situa\u00e7\u00e3o de inseguran\u00e7a alimentar. Os benefici\u00e1rios recebem um cart\u00e3o em seu nome para utilizar em estabelecimentos que comercializam g\u00eaneros aliment\u00edcios.<\/p>\n<p>\u201cO benef\u00edcio vai muito al\u00e9m da concess\u00e3o do cr\u00e9dito das parcelas. Na verdade, \u00e9 um programa que abrange v\u00e1rios eixos \u2014 desde a verdura colhida no p\u00e9, para a entrega da cesta verde, at\u00e9 orienta\u00e7\u00f5es de como os benefici\u00e1rios podem consumir melhor os alimentos\u201d, destaca a secret\u00e1ria de Desenvolvimento Social, Ana Paula Marra.<\/p>\n<p>O Prato Cheio contempla eixos como incentivo a h\u00e1bitos alimentares saud\u00e1veis, valoriza\u00e7\u00e3o da agricultura familiar, fomento \u00e0 economia local e autonomia de compra. Tudo isso voltado para a ess\u00eancia do programa: a garantia da seguran\u00e7a alimentar e nutricional ao p\u00fablico em situa\u00e7\u00e3o de vulnerabilidade social.<\/p>\n<p>No caso do est\u00edmulo a h\u00e1bitos saud\u00e1veis, a Secretaria de Desenvolvimento Social promove, mensalmente, a\u00e7\u00f5es de educa\u00e7\u00e3o alimentar nos 16 restaurantes comunit\u00e1rios do DF, onde nutricionistas esclarecem d\u00favidas e orientam a popula\u00e7\u00e3o.<\/p>\n<p>Al\u00e9m disso, os benefici\u00e1rios recebem mensalmente informativos via WhatsApp com alertas e dicas de como aproveitar melhor o aux\u00edlio alimentar. Neste m\u00eas, foram lan\u00e7ados dois guias pr\u00e1ticos em comemora\u00e7\u00e3o aos quatro anos do programa: \u201cDicas para aproveitar melhor o Cart\u00e3o Prato Cheio\u201d e \u201cReceitas pr\u00e1ticas e saud\u00e1veis\u201d.<\/p>\n<p>A Sedes tamb\u00e9m oferta uma cesta verde contendo 13 kg de frutas, verduras e legumes. Esse benef\u00edcio complementa o Cart\u00e3o Prato Cheio, sendo entregue por empresas transportadoras parceiras. Nos \u00faltimos quatro anos, foram doadas 391.784 cestas verdes.<\/p>\n<p>Os itens da cesta s\u00e3o produzidos por cooperativas de agricultura familiar do Distrito Federal, que, em parceria com a secretaria, realizam o plantio, colheita e armazenamento dos alimentos vegetais que chegar\u00e3o \u00e0 mesa dos benefici\u00e1rios. Essa iniciativa visa promover a sustentabilidade ambiental e apoiar os pequenos produtores rurais.<\/p>\n<p><strong>Fomento \u00e0 economia local<\/strong><br \/>\nO programa Cart\u00e3o Prato Cheio desempenhou um papel crucial no fomento \u00e0 economia local, sobretudo durante a pandemia da covid-19, quando muitos comerciantes fecharam as portas no in\u00edcio da pandemia. Diante desse cen\u00e1rio, a oferta do cart\u00e3o com cr\u00e9dito mensal de R$ 250 \u2014 antes eram entregues cestas de alimentos \u2014 deu mais autonomia \u00e0s fam\u00edlias.<\/p>\n<p>\u201cAlgumas pessoas t\u00eam restri\u00e7\u00f5es alimentares graves, ou alta seletividade alimentar. Esse foi um ponto crucial pensado durante a implementa\u00e7\u00e3o do aux\u00edlio, no sentido de as m\u00e3es chefes de fam\u00edlia, a maioria entre os benefici\u00e1rios, terem poder de escolha durante as compras de casa\u201d, explica Ana Paula Marra.<\/p>\n<p>Ao todo, 564.284 fam\u00edlias j\u00e1 foram beneficiadas pelo Cart\u00e3o Prato Cheio, algumas delas em mais de um ciclo.<\/p>\n<p>Para ter acesso ao programa, o titular dever\u00e1 buscar atendimento socioassistencial na sua unidade de refer\u00eancia. No caso dos centros de refer\u00eancia de assist\u00eancia social (Cras), \u00e9 necess\u00e1rio realizar agendamento pelo site ou ligar no telefone 156. Durante o atendimento, \u00e9 realizada uma avalia\u00e7\u00e3o da situa\u00e7\u00e3o de inseguran\u00e7a alimentar e nutricional da fam\u00edlia, bem como a verifica\u00e7\u00e3o dos crit\u00e9rios de elegibilidade do programa.<\/p>\n","protected":false},"excerpt":{"rendered":"<p>O Programa Cart\u00e3o Prato Cheio fez anivers\u00e1rio de quatro anos no \u00faltimo dia 18. Desde a sua implementa\u00e7\u00e3o durante a pandemia do coronav\u00edrus, em 2020, o aux\u00edlio j\u00e1 atendeu mais de 500 mil pessoas no Distrito Federal, garantindo cada vez mais seguran\u00e7a alimentar e nutricional das fam\u00edlias. Entenda como o programa social gerido pela Secretaria [&hellip;]<\/p>\n","protected":false},"author":2,"featured_media":329451,"comment_status":"closed","ping_status":"closed","sticky":false,"template":"","format":"standard","meta":{"_acf_changed":false,"footnotes":""},"categories":[161],"tags":[],"class_list":["post-329450","post","type-post","status-publish","format-standard","has-post-thumbnail","hentry","category-quadradinho-em-foco"],"acf":[],"yoast_head":"<!-- This site is optimized with the Yoast SEO plugin v27.5 - https:\/\/yoast.com\/product\/yoast-seo-wordpress\/ -->\n<title>Programa social vai al\u00e9m da seguran\u00e7a alimentar e nutricional - Notibras<\/title>\n<meta name=\"robots\" content=\"index, follow, max-snippet:-1, max-image-preview:large, max-video-preview:-1\" \/>\n<link rel=\"canonical\" href=\"https:\/\/www.notibras.com\/site\/programa-social-vai-alem-da-seguranca-alimentar-e-nutricional\/\" \/>\n<meta property=\"og:locale\" content=\"pt_BR\" \/>\n<meta property=\"og:type\" content=\"article\" \/>\n<meta property=\"og:title\" content=\"Programa social vai al\u00e9m da seguran\u00e7a alimentar e nutricional - Notibras\" \/>\n<meta property=\"og:description\" content=\"O Programa Cart\u00e3o Prato Cheio fez anivers\u00e1rio de quatro anos no \u00faltimo dia 18. Desde a sua implementa\u00e7\u00e3o durante a pandemia do coronav\u00edrus, em 2020, o aux\u00edlio j\u00e1 atendeu mais de 500 mil pessoas no Distrito Federal, garantindo cada vez mais seguran\u00e7a alimentar e nutricional das fam\u00edlias. Entenda como o programa social gerido pela Secretaria [&hellip;]\" \/>\n<meta property=\"og:url\" content=\"https:\/\/www.notibras.com\/site\/programa-social-vai-alem-da-seguranca-alimentar-e-nutricional\/\" \/>\n<meta property=\"og:site_name\" content=\"Notibras\" \/>\n<meta property=\"article:publisher\" content=\"https:\/\/www.facebook.com\/notibras\/\" \/>\n<meta property=\"article:published_time\" content=\"2024-05-24T03:07:33+00:00\" \/>\n<meta property=\"article:modified_time\" content=\"2024-05-24T12:09:06+00:00\" \/>\n<meta property=\"og:image\" content=\"https:\/\/www.notibras.com\/site\/wp-content\/uploads\/2024\/05\/PRATO-CHEIO.jpeg\" \/>\n\t<meta property=\"og:image:width\" content=\"720\" \/>\n\t<meta property=\"og:image:height\" content=\"480\" \/>\n\t<meta property=\"og:image:type\" content=\"image\/jpeg\" \/>\n<meta name=\"author\" content=\"Reda\u00e7\u00e3o\" \/>\n<meta name=\"twitter:card\" content=\"summary_large_image\" \/>\n<meta name=\"twitter:creator\" content=\"@Notibras\" \/>\n<meta name=\"twitter:site\" content=\"@Notibras\" \/>\n<meta name=\"twitter:label1\" content=\"Escrito por\" \/>\n\t<meta name=\"twitter:data1\" content=\"Reda\u00e7\u00e3o\" \/>\n\t<meta name=\"twitter:label2\" content=\"Est. tempo de leitura\" \/>\n\t<meta name=\"twitter:data2\" content=\"4 minutos\" \/>\n<script type=\"application\/ld+json\" class=\"yoast-schema-graph\">{\"@context\":\"https:\\\/\\\/schema.org\",\"@graph\":[{\"@type\":\"Article\",\"@id\":\"https:\\\/\\\/www.notibras.com\\\/site\\\/programa-social-vai-alem-da-seguranca-alimentar-e-nutricional\\\/#article\",\"isPartOf\":{\"@id\":\"https:\\\/\\\/www.notibras.com\\\/site\\\/programa-social-vai-alem-da-seguranca-alimentar-e-nutricional\\\/\"},\"author\":{\"name\":\"Reda\u00e7\u00e3o\",\"@id\":\"https:\\\/\\\/www.notibras.com\\\/site\\\/#\\\/schema\\\/person\\\/36ab0979449956132d3e5b517ea76ac8\"},\"headline\":\"Programa social vai al\u00e9m da seguran\u00e7a alimentar e nutricional\",\"datePublished\":\"2024-05-24T03:07:33+00:00\",\"dateModified\":\"2024-05-24T12:09:06+00:00\",\"mainEntityOfPage\":{\"@id\":\"https:\\\/\\\/www.notibras.com\\\/site\\\/programa-social-vai-alem-da-seguranca-alimentar-e-nutricional\\\/\"},\"wordCount\":623,\"publisher\":{\"@id\":\"https:\\\/\\\/www.notibras.com\\\/site\\\/#organization\"},\"image\":{\"@id\":\"https:\\\/\\\/www.notibras.com\\\/site\\\/programa-social-vai-alem-da-seguranca-alimentar-e-nutricional\\\/#primaryimage\"},\"thumbnailUrl\":\"https:\\\/\\\/www.notibras.com\\\/site\\\/wp-content\\\/uploads\\\/2024\\\/05\\\/PRATO-CHEIO.jpeg\",\"articleSection\":[\"Quadradinho em Foco\"],\"inLanguage\":\"pt-BR\"},{\"@type\":\"WebPage\",\"@id\":\"https:\\\/\\\/www.notibras.com\\\/site\\\/programa-social-vai-alem-da-seguranca-alimentar-e-nutricional\\\/\",\"url\":\"https:\\\/\\\/www.notibras.com\\\/site\\\/programa-social-vai-alem-da-seguranca-alimentar-e-nutricional\\\/\",\"name\":\"Programa social vai al\u00e9m da seguran\u00e7a alimentar e nutricional - Notibras\",\"isPartOf\":{\"@id\":\"https:\\\/\\\/www.notibras.com\\\/site\\\/#website\"},\"primaryImageOfPage\":{\"@id\":\"https:\\\/\\\/www.notibras.com\\\/site\\\/programa-social-vai-alem-da-seguranca-alimentar-e-nutricional\\\/#primaryimage\"},\"image\":{\"@id\":\"https:\\\/\\\/www.notibras.com\\\/site\\\/programa-social-vai-alem-da-seguranca-alimentar-e-nutricional\\\/#primaryimage\"},\"thumbnailUrl\":\"https:\\\/\\\/www.notibras.com\\\/site\\\/wp-content\\\/uploads\\\/2024\\\/05\\\/PRATO-CHEIO.jpeg\",\"datePublished\":\"2024-05-24T03:07:33+00:00\",\"dateModified\":\"2024-05-24T12:09:06+00:00\",\"breadcrumb\":{\"@id\":\"https:\\\/\\\/www.notibras.com\\\/site\\\/programa-social-vai-alem-da-seguranca-alimentar-e-nutricional\\\/#breadcrumb\"},\"inLanguage\":\"pt-BR\",\"potentialAction\":[{\"@type\":\"ReadAction\",\"target\":[\"https:\\\/\\\/www.notibras.com\\\/site\\\/programa-social-vai-alem-da-seguranca-alimentar-e-nutricional\\\/\"]}]},{\"@type\":\"ImageObject\",\"inLanguage\":\"pt-BR\",\"@id\":\"https:\\\/\\\/www.notibras.com\\\/site\\\/programa-social-vai-alem-da-seguranca-alimentar-e-nutricional\\\/#primaryimage\",\"url\":\"https:\\\/\\\/www.notibras.com\\\/site\\\/wp-content\\\/uploads\\\/2024\\\/05\\\/PRATO-CHEIO.jpeg\",\"contentUrl\":\"https:\\\/\\\/www.notibras.com\\\/site\\\/wp-content\\\/uploads\\\/2024\\\/05\\\/PRATO-CHEIO.jpeg\",\"width\":720,\"height\":480},{\"@type\":\"BreadcrumbList\",\"@id\":\"https:\\\/\\\/www.notibras.com\\\/site\\\/programa-social-vai-alem-da-seguranca-alimentar-e-nutricional\\\/#breadcrumb\",\"itemListElement\":[{\"@type\":\"ListItem\",\"position\":1,\"name\":\"In\u00edcio\",\"item\":\"https:\\\/\\\/www.notibras.com\\\/site\\\/\"},{\"@type\":\"ListItem\",\"position\":2,\"name\":\"Programa social vai al\u00e9m da seguran\u00e7a alimentar e nutricional\"}]},{\"@type\":\"WebSite\",\"@id\":\"https:\\\/\\\/www.notibras.com\\\/site\\\/#website\",\"url\":\"https:\\\/\\\/www.notibras.com\\\/site\\\/\",\"name\":\"Notibras\",\"description\":\"Not\u00edcias de Bras\u00edlia, do Brasil e do Mundo\",\"publisher\":{\"@id\":\"https:\\\/\\\/www.notibras.com\\\/site\\\/#organization\"},\"potentialAction\":[{\"@type\":\"SearchAction\",\"target\":{\"@type\":\"EntryPoint\",\"urlTemplate\":\"https:\\\/\\\/www.notibras.com\\\/site\\\/?s={search_term_string}\"},\"query-input\":{\"@type\":\"PropertyValueSpecification\",\"valueRequired\":true,\"valueName\":\"search_term_string\"}}],\"inLanguage\":\"pt-BR\"},{\"@type\":\"Organization\",\"@id\":\"https:\\\/\\\/www.notibras.com\\\/site\\\/#organization\",\"name\":\"Grupo Notibras de Comunica\u00e7\u00e3o\",\"url\":\"https:\\\/\\\/www.notibras.com\\\/site\\\/\",\"logo\":{\"@type\":\"ImageObject\",\"inLanguage\":\"pt-BR\",\"@id\":\"https:\\\/\\\/www.notibras.com\\\/site\\\/#\\\/schema\\\/logo\\\/image\\\/\",\"url\":\"https:\\\/\\\/www.notibras.com\\\/site\\\/wp-content\\\/uploads\\\/2023\\\/01\\\/notibras23.png\",\"contentUrl\":\"https:\\\/\\\/www.notibras.com\\\/site\\\/wp-content\\\/uploads\\\/2023\\\/01\\\/notibras23.png\",\"width\":350,\"height\":87,\"caption\":\"Grupo Notibras de Comunica\u00e7\u00e3o\"},\"image\":{\"@id\":\"https:\\\/\\\/www.notibras.com\\\/site\\\/#\\\/schema\\\/logo\\\/image\\\/\"},\"sameAs\":[\"https:\\\/\\\/www.facebook.com\\\/notibras\\\/\",\"https:\\\/\\\/x.com\\\/Notibras\",\"https:\\\/\\\/www.instagram.com\\\/notibras\\\/\"]},{\"@type\":\"Person\",\"@id\":\"https:\\\/\\\/www.notibras.com\\\/site\\\/#\\\/schema\\\/person\\\/36ab0979449956132d3e5b517ea76ac8\",\"name\":\"Reda\u00e7\u00e3o\",\"image\":{\"@type\":\"ImageObject\",\"inLanguage\":\"pt-BR\",\"@id\":\"https:\\\/\\\/secure.gravatar.com\\\/avatar\\\/e0a867bdedb85fd243eadf09663511f96fc81e0720a4a42581f334ad4303aa6b?s=96&d=mm&r=g\",\"url\":\"https:\\\/\\\/secure.gravatar.com\\\/avatar\\\/e0a867bdedb85fd243eadf09663511f96fc81e0720a4a42581f334ad4303aa6b?s=96&d=mm&r=g\",\"contentUrl\":\"https:\\\/\\\/secure.gravatar.com\\\/avatar\\\/e0a867bdedb85fd243eadf09663511f96fc81e0720a4a42581f334ad4303aa6b?s=96&d=mm&r=g\",\"caption\":\"Reda\u00e7\u00e3o\"}}]}<\/script>\n<!-- \/ Yoast SEO plugin. -->","yoast_head_json":{"title":"Programa social vai al\u00e9m da seguran\u00e7a alimentar e nutricional - Notibras","robots":{"index":"index","follow":"follow","max-snippet":"max-snippet:-1","max-image-preview":"max-image-preview:large","max-video-preview":"max-video-preview:-1"},"canonical":"https:\/\/www.notibras.com\/site\/programa-social-vai-alem-da-seguranca-alimentar-e-nutricional\/","og_locale":"pt_BR","og_type":"article","og_title":"Programa social vai al\u00e9m da seguran\u00e7a alimentar e nutricional - Notibras","og_description":"O Programa Cart\u00e3o Prato Cheio fez anivers\u00e1rio de quatro anos no \u00faltimo dia 18. Desde a sua implementa\u00e7\u00e3o durante a pandemia do coronav\u00edrus, em 2020, o aux\u00edlio j\u00e1 atendeu mais de 500 mil pessoas no Distrito Federal, garantindo cada vez mais seguran\u00e7a alimentar e nutricional das fam\u00edlias. Entenda como o programa social gerido pela Secretaria [&hellip;]","og_url":"https:\/\/www.notibras.com\/site\/programa-social-vai-alem-da-seguranca-alimentar-e-nutricional\/","og_site_name":"Notibras","article_publisher":"https:\/\/www.facebook.com\/notibras\/","article_published_time":"2024-05-24T03:07:33+00:00","article_modified_time":"2024-05-24T12:09:06+00:00","og_image":[{"width":720,"height":480,"url":"https:\/\/www.notibras.com\/site\/wp-content\/uploads\/2024\/05\/PRATO-CHEIO.jpeg","type":"image\/jpeg"}],"author":"Reda\u00e7\u00e3o","twitter_card":"summary_large_image","twitter_creator":"@Notibras","twitter_site":"@Notibras","twitter_misc":{"Escrito por":"Reda\u00e7\u00e3o","Est. tempo de leitura":"4 minutos"},"schema":{"@context":"https:\/\/schema.org","@graph":[{"@type":"Article","@id":"https:\/\/www.notibras.com\/site\/programa-social-vai-alem-da-seguranca-alimentar-e-nutricional\/#article","isPartOf":{"@id":"https:\/\/www.notibras.com\/site\/programa-social-vai-alem-da-seguranca-alimentar-e-nutricional\/"},"author":{"name":"Reda\u00e7\u00e3o","@id":"https:\/\/www.notibras.com\/site\/#\/schema\/person\/36ab0979449956132d3e5b517ea76ac8"},"headline":"Programa social vai al\u00e9m da seguran\u00e7a alimentar e nutricional","datePublished":"2024-05-24T03:07:33+00:00","dateModified":"2024-05-24T12:09:06+00:00","mainEntityOfPage":{"@id":"https:\/\/www.notibras.com\/site\/programa-social-vai-alem-da-seguranca-alimentar-e-nutricional\/"},"wordCount":623,"publisher":{"@id":"https:\/\/www.notibras.com\/site\/#organization"},"image":{"@id":"https:\/\/www.notibras.com\/site\/programa-social-vai-alem-da-seguranca-alimentar-e-nutricional\/#primaryimage"},"thumbnailUrl":"https:\/\/www.notibras.com\/site\/wp-content\/uploads\/2024\/05\/PRATO-CHEIO.jpeg","articleSection":["Quadradinho em Foco"],"inLanguage":"pt-BR"},{"@type":"WebPage","@id":"https:\/\/www.notibras.com\/site\/programa-social-vai-alem-da-seguranca-alimentar-e-nutricional\/","url":"https:\/\/www.notibras.com\/site\/programa-social-vai-alem-da-seguranca-alimentar-e-nutricional\/","name":"Programa social vai al\u00e9m da seguran\u00e7a alimentar e nutricional - Notibras","isPartOf":{"@id":"https:\/\/www.notibras.com\/site\/#website"},"primaryImageOfPage":{"@id":"https:\/\/www.notibras.com\/site\/programa-social-vai-alem-da-seguranca-alimentar-e-nutricional\/#primaryimage"},"image":{"@id":"https:\/\/www.notibras.com\/site\/programa-social-vai-alem-da-seguranca-alimentar-e-nutricional\/#primaryimage"},"thumbnailUrl":"https:\/\/www.notibras.com\/site\/wp-content\/uploads\/2024\/05\/PRATO-CHEIO.jpeg","datePublished":"2024-05-24T03:07:33+00:00","dateModified":"2024-05-24T12:09:06+00:00","breadcrumb":{"@id":"https:\/\/www.notibras.com\/site\/programa-social-vai-alem-da-seguranca-alimentar-e-nutricional\/#breadcrumb"},"inLanguage":"pt-BR","potentialAction":[{"@type":"ReadAction","target":["https:\/\/www.notibras.com\/site\/programa-social-vai-alem-da-seguranca-alimentar-e-nutricional\/"]}]},{"@type":"ImageObject","inLanguage":"pt-BR","@id":"https:\/\/www.notibras.com\/site\/programa-social-vai-alem-da-seguranca-alimentar-e-nutricional\/#primaryimage","url":"https:\/\/www.notibras.com\/site\/wp-content\/uploads\/2024\/05\/PRATO-CHEIO.jpeg","contentUrl":"https:\/\/www.notibras.com\/site\/wp-content\/uploads\/2024\/05\/PRATO-CHEIO.jpeg","width":720,"height":480},{"@type":"BreadcrumbList","@id":"https:\/\/www.notibras.com\/site\/programa-social-vai-alem-da-seguranca-alimentar-e-nutricional\/#breadcrumb","itemListElement":[{"@type":"ListItem","position":1,"name":"In\u00edcio","item":"https:\/\/www.notibras.com\/site\/"},{"@type":"ListItem","position":2,"name":"Programa social vai al\u00e9m da seguran\u00e7a alimentar e nutricional"}]},{"@type":"WebSite","@id":"https:\/\/www.notibras.com\/site\/#website","url":"https:\/\/www.notibras.com\/site\/","name":"Notibras","description":"Not\u00edcias de Bras\u00edlia, do Brasil e do Mundo","publisher":{"@id":"https:\/\/www.notibras.com\/site\/#organization"},"potentialAction":[{"@type":"SearchAction","target":{"@type":"EntryPoint","urlTemplate":"https:\/\/www.notibras.com\/site\/?s={search_term_string}"},"query-input":{"@type":"PropertyValueSpecification","valueRequired":true,"valueName":"search_term_string"}}],"inLanguage":"pt-BR"},{"@type":"Organization","@id":"https:\/\/www.notibras.com\/site\/#organization","name":"Grupo Notibras de Comunica\u00e7\u00e3o","url":"https:\/\/www.notibras.com\/site\/","logo":{"@type":"ImageObject","inLanguage":"pt-BR","@id":"https:\/\/www.notibras.com\/site\/#\/schema\/logo\/image\/","url":"https:\/\/www.notibras.com\/site\/wp-content\/uploads\/2023\/01\/notibras23.png","contentUrl":"https:\/\/www.notibras.com\/site\/wp-content\/uploads\/2023\/01\/notibras23.png","width":350,"height":87,"caption":"Grupo Notibras de Comunica\u00e7\u00e3o"},"image":{"@id":"https:\/\/www.notibras.com\/site\/#\/schema\/logo\/image\/"},"sameAs":["https:\/\/www.facebook.com\/notibras\/","https:\/\/x.com\/Notibras","https:\/\/www.instagram.com\/notibras\/"]},{"@type":"Person","@id":"https:\/\/www.notibras.com\/site\/#\/schema\/person\/36ab0979449956132d3e5b517ea76ac8","name":"Reda\u00e7\u00e3o","image":{"@type":"ImageObject","inLanguage":"pt-BR","@id":"https:\/\/secure.gravatar.com\/avatar\/e0a867bdedb85fd243eadf09663511f96fc81e0720a4a42581f334ad4303aa6b?s=96&d=mm&r=g","url":"https:\/\/secure.gravatar.com\/avatar\/e0a867bdedb85fd243eadf09663511f96fc81e0720a4a42581f334ad4303aa6b?s=96&d=mm&r=g","contentUrl":"https:\/\/secure.gravatar.com\/avatar\/e0a867bdedb85fd243eadf09663511f96fc81e0720a4a42581f334ad4303aa6b?s=96&d=mm&r=g","caption":"Reda\u00e7\u00e3o"}}]}},"amp_enabled":true,"_links":{"self":[{"href":"https:\/\/www.notibras.com\/site\/wp-json\/wp\/v2\/posts\/329450","targetHints":{"allow":["GET"]}}],"collection":[{"href":"https:\/\/www.notibras.com\/site\/wp-json\/wp\/v2\/posts"}],"about":[{"href":"https:\/\/www.notibras.com\/site\/wp-json\/wp\/v2\/types\/post"}],"author":[{"embeddable":true,"href":"https:\/\/www.notibras.com\/site\/wp-json\/wp\/v2\/users\/2"}],"replies":[{"embeddable":true,"href":"https:\/\/www.notibras.com\/site\/wp-json\/wp\/v2\/comments?post=329450"}],"version-history":[{"count":1,"href":"https:\/\/www.notibras.com\/site\/wp-json\/wp\/v2\/posts\/329450\/revisions"}],"predecessor-version":[{"id":329452,"href":"https:\/\/www.notibras.com\/site\/wp-json\/wp\/v2\/posts\/329450\/revisions\/329452"}],"wp:featuredmedia":[{"embeddable":true,"href":"https:\/\/www.notibras.com\/site\/wp-json\/wp\/v2\/media\/329451"}],"wp:attachment":[{"href":"https:\/\/www.notibras.com\/site\/wp-json\/wp\/v2\/media?parent=329450"}],"wp:term":[{"taxonomy":"category","embeddable":true,"href":"https:\/\/www.notibras.com\/site\/wp-json\/wp\/v2\/categories?post=329450"},{"taxonomy":"post_tag","embeddable":true,"href":"https:\/\/www.notibras.com\/site\/wp-json\/wp\/v2\/tags?post=329450"}],"curies":[{"name":"wp","href":"https:\/\/api.w.org\/{rel}","templated":true}]}}